{"id":50056,"date":"2014-09-15T00:00:00","date_gmt":"2014-09-15T00:00:00","guid":{"rendered":"http:\/\/www.fondazionepirelli.org\/fondazione-pirelli\/responsabilita-sociale-e-bilanci-dove-lequilibrio\/"},"modified":"2019-05-24T16:14:29","modified_gmt":"2019-05-24T16:14:29","slug":"responsabilita-sociale-e-bilanci-dove-lequilibrio","status":"publish","type":"post","link":"https:\/\/www.fondazionepirelli.org\/it\/cultura-dimpresa\/responsabilita-sociale-e-bilanci-dove-lequilibrio\/","title":{"rendered":"Responsabilit\u00e0 sociale e bilanci. Dov\u2019\u00e8 l\u2019equilibrio?"},"content":{"rendered":"<p>La responsabilit\u00e0 sociale d\u2019impresa \u00e8 importante. Ma lo sono anche l\u2019assetto di bilancio e le prospettive di mercato aziendali. Soprattutto, poi, l\u2019attenzione \u201cal sociale\u201d da parte degli imprenditori e delle loro creature, non \u00e8 cosa di oggi. Capirne l\u2019evoluzione \u00e8 quindi utile per comprenderne l\u2019assetto attuale e le prospettive e la stessa evoluzione della cultura d\u2019impresa dietro al tutto.<\/p>\n<p>Leggere la nota di Panda Snigdharani &#8211; che insegna al Kalinga Institute of Social Sciences (KISS) della KIIT University di Bhubaneswar-Odisha in India -, apparsa qualche settimana fa sull\u2019International Journal of Management, IT and Engineering \u00e8 utile per capire meglio i legami fra responsabilit\u00e0 sociale d\u2019impresa, sostenibilit\u00e0 della produzione e prospettive di mercato.<\/p>\n<p>L\u2019articolo parte da una constatazione semplice. Le attivit\u00e0 di responsabilit\u00e0 sociale d\u2019impresa \u2013 dice Panda Snigdharani \u00a0-, non sono una novit\u00e0: \u201cHanno gi\u00e0 pi\u00f9 di 100 anni di storia\u201d. Oggi per\u00f2, \u201cle aziende di tutto il mondo sono alle prese con un nuovo ruolo, che \u00e8 quello di soddisfare i bisogni dell&#8217;attuale generazione senza compromettere la capacit\u00e0 delle generazioni future di soddisfare i propri bisogni\u201d, spiega la ricerca. E\u2019 per questo che \u201cle organizzazioni sono chiamate ad assumersi la responsabilit\u00e0 delle loro operazioni sull&#8217;ambiente naturale\u201d.<\/p>\n<p>Equilibrio difficile, quello di far quadrare i bilanci con le prospettive di sostenibilit\u00e0 ambientale della propria attivit\u00e0, che implica capacit\u00e0 di visione futura e di calcolo del presente.<\/p>\n<p>Per Panda Snigdharani il perno attorno al quale ruota il ragionamento \u00e8 proprio quello della \u201csostenibilit\u00e0\u201d. La ricerca intende quindi per \u201csostenibilit\u00e0\u201d le attivit\u00e0 che dimostrano la comprensione \u201cdelle preoccupazioni sociali ed ecologiche nelle operazioni aziendali e nelle interazioni con gli stakeholder\u201d.<\/p>\n<p>Tutto questo, per\u00f2, non \u00a0deve essere inteso come un freno alla crescita dell\u2019impresa. Attraverso una chiara indagine sulla storia e sulla situazione attuale della responsabilit\u00e0 sociale d\u2019impresa, l\u2019articolo infatti spiega che le attivit\u00e0 di responsabilit\u00e0 sociale d\u2019impresa possono aiutare efficacemente la \u201csostenibilit\u00e0 del business\u201d.<\/p>\n<p>Insomma, l\u2019attenzione agli altri aiuta a crescere. Anche le imprese.<\/p><p><strong>Corporate social responsibility: the mantra for business sustainability<\/strong><\/p>\n<p>Panda Snigdharani (Lecturer, Commerce, KISS, KIIT)<\/p>\n<p>International Journal of Management, IT and Engineering<\/p>\n<p>2014, Volume 4, Issue 7<\/p>\n","protected":false},"excerpt":{"rendered":"<p>La responsabilit\u00e0 sociale d\u2019impresa \u00e8 importante. Ma lo sono anche l\u2019assetto di bilancio e le prospettive di mercato aziendali. Soprattutto, poi, l\u2019attenzione \u201cal sociale\u201d da parte degli imprenditori e delle loro creature, non \u00e8 cosa di oggi. Capirne l\u2019evoluzione \u00e8 quindi utile per comprenderne l\u2019assetto attuale e le prospettive e la stessa evoluzione della cultura [&hellip;]<\/p>\n","protected":false},"author":1,"featured_media":0,"comment_status":"open","ping_status":"open","sticky":false,"template":"","format":"standard","meta":{"footnotes":""},"categories":[54,52],"tags":[],"class_list":["post-50056","post","type-post","status-publish","format-standard","hentry","category-approfondimenti","category-cultura-dimpresa"],"acf":[],"yoast_head":"<!-- This site is optimized with the Yoast SEO plugin v25.0 - https:\/\/yoast.com\/wordpress\/plugins\/seo\/ -->\n<title>Responsabilit\u00e0 sociale e bilanci. Dov\u2019\u00e8 l\u2019equilibrio? - Fondazione Pirelli<\/title>\n<meta name=\"robots\" content=\"index, follow, max-snippet:-1, max-image-preview:large, max-video-preview:-1\" \/>\n<link rel=\"canonical\" href=\"https:\/\/www.fondazionepirelli.org\/it\/cultura-dimpresa\/responsabilita-sociale-e-bilanci-dove-lequilibrio\/\" \/>\n<meta property=\"og:locale\" content=\"it_IT\" \/>\n<meta property=\"og:type\" content=\"article\" \/>\n<meta property=\"og:title\" content=\"Responsabilit\u00e0 sociale e bilanci. Dov\u2019\u00e8 l\u2019equilibrio? - Fondazione Pirelli\" \/>\n<meta property=\"og:description\" content=\"La responsabilit\u00e0 sociale d\u2019impresa \u00e8 importante. Ma lo sono anche l\u2019assetto di bilancio e le prospettive di mercato aziendali. Soprattutto, poi, l\u2019attenzione \u201cal sociale\u201d da parte degli imprenditori e delle loro creature, non \u00e8 cosa di oggi. Capirne l\u2019evoluzione \u00e8 quindi utile per comprenderne l\u2019assetto attuale e le prospettive e la stessa evoluzione della cultura [&hellip;]\" \/>\n<meta property=\"og:url\" content=\"https:\/\/127.0.0.1\/it\/cultura-dimpresa\/responsabilita-sociale-e-bilanci-dove-lequilibrio\/\" \/>\n<meta property=\"og:site_name\" content=\"Fondazione Pirelli\" \/>\n<meta property=\"article:published_time\" content=\"2014-09-15T00:00:00+00:00\" \/>\n<meta property=\"article:modified_time\" content=\"2019-05-24T16:14:29+00:00\" \/>\n<meta name=\"author\" content=\"fondadmin\" \/>\n<meta name=\"twitter:card\" content=\"summary_large_image\" \/>\n<meta name=\"twitter:label1\" content=\"Scritto da\" \/>\n\t<meta name=\"twitter:data1\" content=\"fondadmin\" \/>\n\t<meta name=\"twitter:label2\" content=\"Tempo di lettura stimato\" \/>\n\t<meta name=\"twitter:data2\" content=\"2 minuti\" \/>\n<script type=\"application\/ld+json\" class=\"yoast-schema-graph\">{\"@context\":\"https:\/\/schema.org\",\"@graph\":[{\"@type\":\"WebPage\",\"@id\":\"https:\/\/127.0.0.1\/it\/cultura-dimpresa\/responsabilita-sociale-e-bilanci-dove-lequilibrio\/\",\"url\":\"https:\/\/127.0.0.1\/it\/cultura-dimpresa\/responsabilita-sociale-e-bilanci-dove-lequilibrio\/\",\"name\":\"Responsabilit\u00e0 sociale e bilanci. Dov\u2019\u00e8 l\u2019equilibrio? - Fondazione Pirelli\",\"isPartOf\":{\"@id\":\"https:\/\/www.fondazionepirelli.org\/it\/#website\"},\"datePublished\":\"2014-09-15T00:00:00+00:00\",\"dateModified\":\"2019-05-24T16:14:29+00:00\",\"author\":{\"@id\":\"https:\/\/www.fondazionepirelli.org\/it\/#\/schema\/person\/f47d097000832c4a6e54538c791fdf25\"},\"breadcrumb\":{\"@id\":\"https:\/\/127.0.0.1\/it\/cultura-dimpresa\/responsabilita-sociale-e-bilanci-dove-lequilibrio\/#breadcrumb\"},\"inLanguage\":\"it-IT\",\"potentialAction\":[{\"@type\":\"ReadAction\",\"target\":[\"https:\/\/127.0.0.1\/it\/cultura-dimpresa\/responsabilita-sociale-e-bilanci-dove-lequilibrio\/\"]}]},{\"@type\":\"BreadcrumbList\",\"@id\":\"https:\/\/127.0.0.1\/it\/cultura-dimpresa\/responsabilita-sociale-e-bilanci-dove-lequilibrio\/#breadcrumb\",\"itemListElement\":[{\"@type\":\"ListItem\",\"position\":1,\"name\":\"Home\",\"item\":\"https:\/\/www.fondazionepirelli.org\/it\/\"},{\"@type\":\"ListItem\",\"position\":2,\"name\":\"Responsabilit\u00e0 sociale e bilanci. Dov\u2019\u00e8 l\u2019equilibrio?\"}]},{\"@type\":\"WebSite\",\"@id\":\"https:\/\/www.fondazionepirelli.org\/it\/#website\",\"url\":\"https:\/\/www.fondazionepirelli.org\/it\/\",\"name\":\"Fondazione Pirelli\",\"description\":\"\",\"potentialAction\":[{\"@type\":\"SearchAction\",\"target\":{\"@type\":\"EntryPoint\",\"urlTemplate\":\"https:\/\/www.fondazionepirelli.org\/it\/?s={search_term_string}\"},\"query-input\":{\"@type\":\"PropertyValueSpecification\",\"valueRequired\":true,\"valueName\":\"search_term_string\"}}],\"inLanguage\":\"it-IT\"},{\"@type\":\"Person\",\"@id\":\"https:\/\/www.fondazionepirelli.org\/it\/#\/schema\/person\/f47d097000832c4a6e54538c791fdf25\",\"name\":\"fondadmin\",\"image\":{\"@type\":\"ImageObject\",\"inLanguage\":\"it-IT\",\"@id\":\"https:\/\/www.fondazionepirelli.org\/it\/#\/schema\/person\/image\/\",\"url\":\"https:\/\/secure.gravatar.com\/avatar\/e69498a9175ca244966e51e53c88712c024fcebe41f9a05f75657f1bb25e489b?s=96&d=mm&r=g\",\"contentUrl\":\"https:\/\/secure.gravatar.com\/avatar\/e69498a9175ca244966e51e53c88712c024fcebe41f9a05f75657f1bb25e489b?s=96&d=mm&r=g\",\"caption\":\"fondadmin\"},\"url\":\"https:\/\/www.fondazionepirelli.org\/it\/author\/fondadmin\/\"}]}<\/script>\n<!-- \/ Yoast SEO plugin. -->","yoast_head_json":{"title":"Responsabilit\u00e0 sociale e bilanci. Dov\u2019\u00e8 l\u2019equilibrio? - Fondazione Pirelli","robots":{"index":"index","follow":"follow","max-snippet":"max-snippet:-1","max-image-preview":"max-image-preview:large","max-video-preview":"max-video-preview:-1"},"canonical":"https:\/\/www.fondazionepirelli.org\/it\/cultura-dimpresa\/responsabilita-sociale-e-bilanci-dove-lequilibrio\/","og_locale":"it_IT","og_type":"article","og_title":"Responsabilit\u00e0 sociale e bilanci. Dov\u2019\u00e8 l\u2019equilibrio? - Fondazione Pirelli","og_description":"La responsabilit\u00e0 sociale d\u2019impresa \u00e8 importante. Ma lo sono anche l\u2019assetto di bilancio e le prospettive di mercato aziendali. Soprattutto, poi, l\u2019attenzione \u201cal sociale\u201d da parte degli imprenditori e delle loro creature, non \u00e8 cosa di oggi. Capirne l\u2019evoluzione \u00e8 quindi utile per comprenderne l\u2019assetto attuale e le prospettive e la stessa evoluzione della cultura [&hellip;]","og_url":"https:\/\/127.0.0.1\/it\/cultura-dimpresa\/responsabilita-sociale-e-bilanci-dove-lequilibrio\/","og_site_name":"Fondazione Pirelli","article_published_time":"2014-09-15T00:00:00+00:00","article_modified_time":"2019-05-24T16:14:29+00:00","author":"fondadmin","twitter_card":"summary_large_image","twitter_misc":{"Scritto da":"fondadmin","Tempo di lettura stimato":"2 minuti"},"schema":{"@context":"https:\/\/schema.org","@graph":[{"@type":"WebPage","@id":"https:\/\/127.0.0.1\/it\/cultura-dimpresa\/responsabilita-sociale-e-bilanci-dove-lequilibrio\/","url":"https:\/\/127.0.0.1\/it\/cultura-dimpresa\/responsabilita-sociale-e-bilanci-dove-lequilibrio\/","name":"Responsabilit\u00e0 sociale e bilanci. Dov\u2019\u00e8 l\u2019equilibrio? - Fondazione Pirelli","isPartOf":{"@id":"https:\/\/www.fondazionepirelli.org\/it\/#website"},"datePublished":"2014-09-15T00:00:00+00:00","dateModified":"2019-05-24T16:14:29+00:00","author":{"@id":"https:\/\/www.fondazionepirelli.org\/it\/#\/schema\/person\/f47d097000832c4a6e54538c791fdf25"},"breadcrumb":{"@id":"https:\/\/127.0.0.1\/it\/cultura-dimpresa\/responsabilita-sociale-e-bilanci-dove-lequilibrio\/#breadcrumb"},"inLanguage":"it-IT","potentialAction":[{"@type":"ReadAction","target":["https:\/\/127.0.0.1\/it\/cultura-dimpresa\/responsabilita-sociale-e-bilanci-dove-lequilibrio\/"]}]},{"@type":"BreadcrumbList","@id":"https:\/\/127.0.0.1\/it\/cultura-dimpresa\/responsabilita-sociale-e-bilanci-dove-lequilibrio\/#breadcrumb","itemListElement":[{"@type":"ListItem","position":1,"name":"Home","item":"https:\/\/www.fondazionepirelli.org\/it\/"},{"@type":"ListItem","position":2,"name":"Responsabilit\u00e0 sociale e bilanci. Dov\u2019\u00e8 l\u2019equilibrio?"}]},{"@type":"WebSite","@id":"https:\/\/www.fondazionepirelli.org\/it\/#website","url":"https:\/\/www.fondazionepirelli.org\/it\/","name":"Fondazione Pirelli","description":"","potentialAction":[{"@type":"SearchAction","target":{"@type":"EntryPoint","urlTemplate":"https:\/\/www.fondazionepirelli.org\/it\/?s={search_term_string}"},"query-input":{"@type":"PropertyValueSpecification","valueRequired":true,"valueName":"search_term_string"}}],"inLanguage":"it-IT"},{"@type":"Person","@id":"https:\/\/www.fondazionepirelli.org\/it\/#\/schema\/person\/f47d097000832c4a6e54538c791fdf25","name":"fondadmin","image":{"@type":"ImageObject","inLanguage":"it-IT","@id":"https:\/\/www.fondazionepirelli.org\/it\/#\/schema\/person\/image\/","url":"https:\/\/secure.gravatar.com\/avatar\/e69498a9175ca244966e51e53c88712c024fcebe41f9a05f75657f1bb25e489b?s=96&d=mm&r=g","contentUrl":"https:\/\/secure.gravatar.com\/avatar\/e69498a9175ca244966e51e53c88712c024fcebe41f9a05f75657f1bb25e489b?s=96&d=mm&r=g","caption":"fondadmin"},"url":"https:\/\/www.fondazionepirelli.org\/it\/author\/fondadmin\/"}]}},"_links":{"self":[{"href":"https:\/\/www.fondazionepirelli.org\/it\/wp-json\/wp\/v2\/posts\/50056\/"}],"collection":[{"href":"https:\/\/www.fondazionepirelli.org\/it\/wp-json\/wp\/v2\/posts\/"}],"about":[{"href":"https:\/\/www.fondazionepirelli.org\/it\/wp-json\/wp\/v2\/types\/post\/"}],"author":[{"embeddable":true,"href":"https:\/\/www.fondazionepirelli.org\/it\/wp-json\/wp\/v2\/users\/1\/"}],"replies":[{"embeddable":true,"href":"https:\/\/www.fondazionepirelli.org\/it\/wp-json\/wp\/v2\/comments\/?post=50056"}],"version-history":[{"count":1,"href":"https:\/\/www.fondazionepirelli.org\/it\/wp-json\/wp\/v2\/posts\/50056\/revisions\/"}],"predecessor-version":[{"id":56067,"href":"https:\/\/www.fondazionepirelli.org\/it\/wp-json\/wp\/v2\/posts\/50056\/revisions\/56067\/"}],"wp:attachment":[{"href":"https:\/\/www.fondazionepirelli.org\/it\/wp-json\/wp\/v2\/media\/?parent=50056"}],"wp:term":[{"taxonomy":"category","embeddable":true,"href":"https:\/\/www.fondazionepirelli.org\/it\/wp-json\/wp\/v2\/categories\/?post=50056"},{"taxonomy":"post_tag","embeddable":true,"href":"https:\/\/www.fondazionepirelli.org\/it\/wp-json\/wp\/v2\/tags\/?post=50056"}],"curies":[{"name":"wp","href":"https:\/\/api.w.org\/{rel}","templated":true}]}}