{"id":50057,"date":"2014-09-15T00:00:00","date_gmt":"2014-09-15T00:00:00","guid":{"rendered":"http:\/\/www.fondazionepirelli.org\/fondazione-pirelli\/imprese-e-prosumers\/"},"modified":"2019-10-31T17:59:28","modified_gmt":"2019-10-31T15:59:28","slug":"imprese-e-prosumers","status":"publish","type":"post","link":"https:\/\/www.fondazionepirelli.org\/it\/cultura-dimpresa\/imprese-e-prosumers\/","title":{"rendered":"Imprese e prosumers"},"content":{"rendered":"<p>Si cambia, e tutto. E\u2019 di fronte ad una constatazione di questo genere che si trova oggi un numero crescente di imprese. Almeno quelle che vogliono sopravvivere e svilupparsi per davvero di fronte all\u2019evoluzione dei mercati, delle modalit\u00e0 di produzione e di approccio all\u2019esterno. E tutto, fra l\u2019altro, deve mutare in fretta, velocemente, spesso quasi istantaneamente. Tanto che capita di vincere con la velocit\u00e0 e non con la qualit\u00e0 di ci\u00f2 che si fa. Cambia \u2013 deve cambiare, anzi -, prima di tutto la cultura d\u2019impresa, il nocciolo vivo del produrre.<\/p>\n<p>In questo ambito, fa bene leggere \u201cLa societ\u00e0 a costo marginale zero\u201d di Jeremy Rifkin appena pubblicato (ovviamente anche in formato e-book oltre che cartaceo).<\/p>\n<p>La tesi di Rifkin \u00e8 tutto sommato semplice e sostiene che si sta affermando sulla scena mondiale un nuovo sistema economico che prende il nome di \u201cCommons collaborativo\u201d e che deve tutto all\u2019\u201cInternet delle cose\u201d. Un assetto delle cose che potrebbe spazzare via \u2013 per Rifkin di fatto sta gi\u00e0 accadendo \u2013 il capitalismo e il socialismo.<\/p>\n<p>Ma non si tratta di una rivoluzione che ci porter\u00e0 verso la distruzione. Niente affatto. Rifkin spiega che il \u201cCommons collaborativo\u201d sta trasformando il nostro modo di organizzare la vita economica, facendo intravvedere la possibilit\u00e0 di una drastica riduzione delle disparit\u00e0 di reddito, democratizzando l&#8217;economia globale e dando vita a una societ\u00e0 ecologicamente pi\u00f9 sostenibile. Motore di questa rivoluzione \u00e8 l&#8217;\u201dInternet delle cose\u201d, un&#8217;infrastruttura intelligente formata dal virtuoso intreccio di Internet delle comunicazioni, Internet dell&#8217;energia e Internet della logistica, e che avr\u00e0 l&#8217;effetto di spingere la produttivit\u00e0 fino al punto in cui il costo marginale di numerosi beni e servizi sar\u00e0 quasi azzerato, rendendo gli uni e gli altri praticamente gratuiti, abbondanti e non pi\u00f9 soggetti alle forze del mercato. Un\u2019altra economia, tutta da scrivere.<\/p>\n<p>Gi\u00e0 oggi, comunque, qualcosa sta cambiando. Per Rifkin, il diffondersi \u00a0del costo marginale zero sta generando un&#8217;economia ibrida, in parte orientata al mercato capitalistico e in parte, appunto, al \u201cCommons collaborativo\u201d. Emergono quelli che Rifkin indica come prosumers cio\u00e8 consumatori diventati produttori in proprio che generano e condividono informazioni, intrattenimento, energia verde e prodotti realizzati con la stampa 3D a costi marginali quasi nulli. Ma non solo. Sempre loro condividono anche automobili, case, vestiti e altri oggetti attraverso i social media a costi marginali bassi o quasi nulli. L\u2019autore fa gli esempi degli studenti che si iscrivono a corsi gratuiti online che funzionano a costi marginali quasi nulli; e dei giovani imprenditori sociali che evitano l&#8217;establishment bancario attraverso il crowdfunding per finanziare attivit\u00e0 ecologicamente sensibili in una nuova economia che utilizza monete alternative.<\/p>\n<p>Si genera \u2013 spiega il volume \u2013 una equivalenza fra capitale sociale e capitale finanziario, mentre la libert\u00e0 di accesso prevale sulla propriet\u00e0, la sostenibilit\u00e0 soppianta il consumismo, la cooperazione spodesta la concorrenza, e il \u201cvalore di scambio\u201d nel mercato capitalistico viene gradualmente sostituito dal \u201cvalore della condivisione\u201d.<\/p>\n<p>Certo, il capitalismo \u2013 conclude Rifkin \u2013 sopravviver\u00e0 a lungo ma entro la fine di questo secolo non sar\u00e0 pi\u00f9 l&#8217;arbitro esclusivo della vita economica. Tutto senza contare i mille sfridi che si creano nelle epoche di trasformazione, i ritardi e le accelerazioni che convivono insieme, i progressi che vanno di pari passo con i rallentamenti e i blocchi.<\/p>\n<p>Utopia? Allucinazioni positive di un visionario? Difficile dare giudizi definitivi. La \u00a0tesi di Rifkin, tuttavia, \u00e8 da esaminare con attenzione. E tocca nel profondo l\u2019assetto delle imprese dell\u2019oggi, la loro cultura, il loro approccio verso la produzione e il mercato. Leggere Rifkin come al solito significare leggere qualcosa di provocante: sale sulle ferite delle imprese e del lavoro, ma anche sale utile per stimolare l\u2019appetito del voler capire di pi\u00f9, ragionare meglio sul presente, guardare con maggiore attenzione al futuro.<\/p><p><strong>La nuova societ\u00e0 a costo marginale zero. L&#8217;Internet delle cose, l&#8217;ascesa dei commons collaborativi e l&#8217;eclissi del capitalismo<\/strong><\/p>\n<p>Jeremy Rifkin<\/p>\n<p>Mondadori, settembre 2014<\/p>\n","protected":false},"excerpt":{"rendered":"<p>Si cambia, e tutto. E\u2019 di fronte ad una constatazione di questo genere che si trova oggi un numero crescente di imprese. Almeno quelle che vogliono sopravvivere e svilupparsi per davvero di fronte all\u2019evoluzione dei mercati, delle modalit\u00e0 di produzione e di approccio all\u2019esterno. E tutto, fra l\u2019altro, deve mutare in fretta, velocemente, spesso quasi [&hellip;]<\/p>\n","protected":false},"author":1,"featured_media":50058,"comment_status":"open","ping_status":"open","sticky":false,"template":"","format":"standard","meta":{"footnotes":""},"categories":[52,58],"tags":[],"class_list":["post-50057","post","type-post","status-publish","format-standard","has-post-thumbnail","hentry","category-cultura-dimpresa","category-recensioni-libri"],"acf":[],"yoast_head":"<!-- This site is optimized with the Yoast SEO plugin v25.0 - https:\/\/yoast.com\/wordpress\/plugins\/seo\/ -->\n<title>Imprese e prosumers - Fondazione Pirelli<\/title>\n<meta name=\"robots\" content=\"index, follow, max-snippet:-1, max-image-preview:large, max-video-preview:-1\" \/>\n<link rel=\"canonical\" href=\"https:\/\/www.fondazionepirelli.org\/it\/cultura-dimpresa\/imprese-e-prosumers\/\" \/>\n<meta property=\"og:locale\" content=\"it_IT\" \/>\n<meta property=\"og:type\" content=\"article\" \/>\n<meta property=\"og:title\" content=\"Imprese e prosumers - Fondazione Pirelli\" \/>\n<meta property=\"og:description\" content=\"Si cambia, e tutto. E\u2019 di fronte ad una constatazione di questo genere che si trova oggi un numero crescente di imprese. Almeno quelle che vogliono sopravvivere e svilupparsi per davvero di fronte all\u2019evoluzione dei mercati, delle modalit\u00e0 di produzione e di approccio all\u2019esterno. E tutto, fra l\u2019altro, deve mutare in fretta, velocemente, spesso quasi [&hellip;]\" \/>\n<meta property=\"og:url\" content=\"https:\/\/www.fondazionepirelli.org\/it\/cultura-dimpresa\/imprese-e-prosumers\/\" \/>\n<meta property=\"og:site_name\" content=\"Fondazione Pirelli\" \/>\n<meta property=\"article:published_time\" content=\"2014-09-15T00:00:00+00:00\" \/>\n<meta property=\"article:modified_time\" content=\"2019-10-31T15:59:28+00:00\" \/>\n<meta property=\"og:image\" content=\"https:\/\/wpsite-assets.fondazionepirelli.org\/wp-content\/uploads\/2019\/05\/20101838\/1410850901297415023.jpg\" \/>\n\t<meta property=\"og:image:width\" content=\"200\" \/>\n\t<meta property=\"og:image:height\" content=\"311\" \/>\n\t<meta property=\"og:image:type\" content=\"image\/jpeg\" \/>\n<meta name=\"author\" content=\"fondadmin\" \/>\n<meta name=\"twitter:card\" content=\"summary_large_image\" \/>\n<meta name=\"twitter:label1\" content=\"Scritto da\" \/>\n\t<meta name=\"twitter:data1\" content=\"fondadmin\" \/>\n\t<meta name=\"twitter:label2\" content=\"Tempo di lettura stimato\" \/>\n\t<meta name=\"twitter:data2\" content=\"3 minuti\" \/>\n<script type=\"application\/ld+json\" class=\"yoast-schema-graph\">{\"@context\":\"https:\/\/schema.org\",\"@graph\":[{\"@type\":\"WebPage\",\"@id\":\"https:\/\/www.fondazionepirelli.org\/it\/cultura-dimpresa\/imprese-e-prosumers\/\",\"url\":\"https:\/\/www.fondazionepirelli.org\/it\/cultura-dimpresa\/imprese-e-prosumers\/\",\"name\":\"Imprese e prosumers - Fondazione Pirelli\",\"isPartOf\":{\"@id\":\"https:\/\/www.fondazionepirelli.org\/it\/#website\"},\"primaryImageOfPage\":{\"@id\":\"https:\/\/www.fondazionepirelli.org\/it\/cultura-dimpresa\/imprese-e-prosumers\/#primaryimage\"},\"image\":{\"@id\":\"https:\/\/www.fondazionepirelli.org\/it\/cultura-dimpresa\/imprese-e-prosumers\/#primaryimage\"},\"thumbnailUrl\":\"https:\/\/wpsite-assets.fondazionepirelli.org\/wp-content\/uploads\/2019\/05\/20101838\/1410850901297415023.jpg\",\"datePublished\":\"2014-09-15T00:00:00+00:00\",\"dateModified\":\"2019-10-31T15:59:28+00:00\",\"author\":{\"@id\":\"https:\/\/www.fondazionepirelli.org\/it\/#\/schema\/person\/f47d097000832c4a6e54538c791fdf25\"},\"breadcrumb\":{\"@id\":\"https:\/\/www.fondazionepirelli.org\/it\/cultura-dimpresa\/imprese-e-prosumers\/#breadcrumb\"},\"inLanguage\":\"it-IT\",\"potentialAction\":[{\"@type\":\"ReadAction\",\"target\":[\"https:\/\/www.fondazionepirelli.org\/it\/cultura-dimpresa\/imprese-e-prosumers\/\"]}]},{\"@type\":\"ImageObject\",\"inLanguage\":\"it-IT\",\"@id\":\"https:\/\/www.fondazionepirelli.org\/it\/cultura-dimpresa\/imprese-e-prosumers\/#primaryimage\",\"url\":\"https:\/\/wpsite-assets.fondazionepirelli.org\/wp-content\/uploads\/2019\/05\/20101838\/1410850901297415023.jpg\",\"contentUrl\":\"https:\/\/wpsite-assets.fondazionepirelli.org\/wp-content\/uploads\/2019\/05\/20101838\/1410850901297415023.jpg\",\"width\":200,\"height\":311},{\"@type\":\"BreadcrumbList\",\"@id\":\"https:\/\/www.fondazionepirelli.org\/it\/cultura-dimpresa\/imprese-e-prosumers\/#breadcrumb\",\"itemListElement\":[{\"@type\":\"ListItem\",\"position\":1,\"name\":\"Home\",\"item\":\"https:\/\/www.fondazionepirelli.org\/it\/\"},{\"@type\":\"ListItem\",\"position\":2,\"name\":\"Imprese e prosumers\"}]},{\"@type\":\"WebSite\",\"@id\":\"https:\/\/www.fondazionepirelli.org\/it\/#website\",\"url\":\"https:\/\/www.fondazionepirelli.org\/it\/\",\"name\":\"Fondazione Pirelli\",\"description\":\"\",\"potentialAction\":[{\"@type\":\"SearchAction\",\"target\":{\"@type\":\"EntryPoint\",\"urlTemplate\":\"https:\/\/www.fondazionepirelli.org\/it\/?s={search_term_string}\"},\"query-input\":{\"@type\":\"PropertyValueSpecification\",\"valueRequired\":true,\"valueName\":\"search_term_string\"}}],\"inLanguage\":\"it-IT\"},{\"@type\":\"Person\",\"@id\":\"https:\/\/www.fondazionepirelli.org\/it\/#\/schema\/person\/f47d097000832c4a6e54538c791fdf25\",\"name\":\"fondadmin\",\"image\":{\"@type\":\"ImageObject\",\"inLanguage\":\"it-IT\",\"@id\":\"https:\/\/www.fondazionepirelli.org\/it\/#\/schema\/person\/image\/\",\"url\":\"https:\/\/secure.gravatar.com\/avatar\/e69498a9175ca244966e51e53c88712c024fcebe41f9a05f75657f1bb25e489b?s=96&d=mm&r=g\",\"contentUrl\":\"https:\/\/secure.gravatar.com\/avatar\/e69498a9175ca244966e51e53c88712c024fcebe41f9a05f75657f1bb25e489b?s=96&d=mm&r=g\",\"caption\":\"fondadmin\"},\"url\":\"https:\/\/www.fondazionepirelli.org\/it\/author\/fondadmin\/\"}]}<\/script>\n<!-- \/ Yoast SEO plugin. -->","yoast_head_json":{"title":"Imprese e prosumers - Fondazione Pirelli","robots":{"index":"index","follow":"follow","max-snippet":"max-snippet:-1","max-image-preview":"max-image-preview:large","max-video-preview":"max-video-preview:-1"},"canonical":"https:\/\/www.fondazionepirelli.org\/it\/cultura-dimpresa\/imprese-e-prosumers\/","og_locale":"it_IT","og_type":"article","og_title":"Imprese e prosumers - Fondazione Pirelli","og_description":"Si cambia, e tutto. E\u2019 di fronte ad una constatazione di questo genere che si trova oggi un numero crescente di imprese. Almeno quelle che vogliono sopravvivere e svilupparsi per davvero di fronte all\u2019evoluzione dei mercati, delle modalit\u00e0 di produzione e di approccio all\u2019esterno. E tutto, fra l\u2019altro, deve mutare in fretta, velocemente, spesso quasi [&hellip;]","og_url":"https:\/\/www.fondazionepirelli.org\/it\/cultura-dimpresa\/imprese-e-prosumers\/","og_site_name":"Fondazione Pirelli","article_published_time":"2014-09-15T00:00:00+00:00","article_modified_time":"2019-10-31T15:59:28+00:00","og_image":[{"width":200,"height":311,"url":"https:\/\/wpsite-assets.fondazionepirelli.org\/wp-content\/uploads\/2019\/05\/20101838\/1410850901297415023.jpg","type":"image\/jpeg"}],"author":"fondadmin","twitter_card":"summary_large_image","twitter_misc":{"Scritto da":"fondadmin","Tempo di lettura stimato":"3 minuti"},"schema":{"@context":"https:\/\/schema.org","@graph":[{"@type":"WebPage","@id":"https:\/\/www.fondazionepirelli.org\/it\/cultura-dimpresa\/imprese-e-prosumers\/","url":"https:\/\/www.fondazionepirelli.org\/it\/cultura-dimpresa\/imprese-e-prosumers\/","name":"Imprese e prosumers - Fondazione Pirelli","isPartOf":{"@id":"https:\/\/www.fondazionepirelli.org\/it\/#website"},"primaryImageOfPage":{"@id":"https:\/\/www.fondazionepirelli.org\/it\/cultura-dimpresa\/imprese-e-prosumers\/#primaryimage"},"image":{"@id":"https:\/\/www.fondazionepirelli.org\/it\/cultura-dimpresa\/imprese-e-prosumers\/#primaryimage"},"thumbnailUrl":"https:\/\/wpsite-assets.fondazionepirelli.org\/wp-content\/uploads\/2019\/05\/20101838\/1410850901297415023.jpg","datePublished":"2014-09-15T00:00:00+00:00","dateModified":"2019-10-31T15:59:28+00:00","author":{"@id":"https:\/\/www.fondazionepirelli.org\/it\/#\/schema\/person\/f47d097000832c4a6e54538c791fdf25"},"breadcrumb":{"@id":"https:\/\/www.fondazionepirelli.org\/it\/cultura-dimpresa\/imprese-e-prosumers\/#breadcrumb"},"inLanguage":"it-IT","potentialAction":[{"@type":"ReadAction","target":["https:\/\/www.fondazionepirelli.org\/it\/cultura-dimpresa\/imprese-e-prosumers\/"]}]},{"@type":"ImageObject","inLanguage":"it-IT","@id":"https:\/\/www.fondazionepirelli.org\/it\/cultura-dimpresa\/imprese-e-prosumers\/#primaryimage","url":"https:\/\/wpsite-assets.fondazionepirelli.org\/wp-content\/uploads\/2019\/05\/20101838\/1410850901297415023.jpg","contentUrl":"https:\/\/wpsite-assets.fondazionepirelli.org\/wp-content\/uploads\/2019\/05\/20101838\/1410850901297415023.jpg","width":200,"height":311},{"@type":"BreadcrumbList","@id":"https:\/\/www.fondazionepirelli.org\/it\/cultura-dimpresa\/imprese-e-prosumers\/#breadcrumb","itemListElement":[{"@type":"ListItem","position":1,"name":"Home","item":"https:\/\/www.fondazionepirelli.org\/it\/"},{"@type":"ListItem","position":2,"name":"Imprese e prosumers"}]},{"@type":"WebSite","@id":"https:\/\/www.fondazionepirelli.org\/it\/#website","url":"https:\/\/www.fondazionepirelli.org\/it\/","name":"Fondazione Pirelli","description":"","potentialAction":[{"@type":"SearchAction","target":{"@type":"EntryPoint","urlTemplate":"https:\/\/www.fondazionepirelli.org\/it\/?s={search_term_string}"},"query-input":{"@type":"PropertyValueSpecification","valueRequired":true,"valueName":"search_term_string"}}],"inLanguage":"it-IT"},{"@type":"Person","@id":"https:\/\/www.fondazionepirelli.org\/it\/#\/schema\/person\/f47d097000832c4a6e54538c791fdf25","name":"fondadmin","image":{"@type":"ImageObject","inLanguage":"it-IT","@id":"https:\/\/www.fondazionepirelli.org\/it\/#\/schema\/person\/image\/","url":"https:\/\/secure.gravatar.com\/avatar\/e69498a9175ca244966e51e53c88712c024fcebe41f9a05f75657f1bb25e489b?s=96&d=mm&r=g","contentUrl":"https:\/\/secure.gravatar.com\/avatar\/e69498a9175ca244966e51e53c88712c024fcebe41f9a05f75657f1bb25e489b?s=96&d=mm&r=g","caption":"fondadmin"},"url":"https:\/\/www.fondazionepirelli.org\/it\/author\/fondadmin\/"}]}},"_links":{"self":[{"href":"https:\/\/www.fondazionepirelli.org\/it\/wp-json\/wp\/v2\/posts\/50057\/"}],"collection":[{"href":"https:\/\/www.fondazionepirelli.org\/it\/wp-json\/wp\/v2\/posts\/"}],"about":[{"href":"https:\/\/www.fondazionepirelli.org\/it\/wp-json\/wp\/v2\/types\/post\/"}],"author":[{"embeddable":true,"href":"https:\/\/www.fondazionepirelli.org\/it\/wp-json\/wp\/v2\/users\/1\/"}],"replies":[{"embeddable":true,"href":"https:\/\/www.fondazionepirelli.org\/it\/wp-json\/wp\/v2\/comments\/?post=50057"}],"version-history":[{"count":2,"href":"https:\/\/www.fondazionepirelli.org\/it\/wp-json\/wp\/v2\/posts\/50057\/revisions\/"}],"predecessor-version":[{"id":71319,"href":"https:\/\/www.fondazionepirelli.org\/it\/wp-json\/wp\/v2\/posts\/50057\/revisions\/71319\/"}],"wp:featuredmedia":[{"embeddable":true,"href":"https:\/\/www.fondazionepirelli.org\/it\/wp-json\/wp\/v2\/media\/50058\/"}],"wp:attachment":[{"href":"https:\/\/www.fondazionepirelli.org\/it\/wp-json\/wp\/v2\/media\/?parent=50057"}],"wp:term":[{"taxonomy":"category","embeddable":true,"href":"https:\/\/www.fondazionepirelli.org\/it\/wp-json\/wp\/v2\/categories\/?post=50057"},{"taxonomy":"post_tag","embeddable":true,"href":"https:\/\/www.fondazionepirelli.org\/it\/wp-json\/wp\/v2\/tags\/?post=50057"}],"curies":[{"name":"wp","href":"https:\/\/api.w.org\/{rel}","templated":true}]}}