{"id":50064,"date":"2014-09-08T00:00:00","date_gmt":"2014-09-08T00:00:00","guid":{"rendered":"http:\/\/www.fondazionepirelli.org\/fondazione-pirelli\/immagini-dimpresa\/"},"modified":"2019-10-31T18:01:29","modified_gmt":"2019-10-31T16:01:29","slug":"immagini-dimpresa","status":"publish","type":"post","link":"https:\/\/www.fondazionepirelli.org\/it\/cultura-dimpresa\/immagini-dimpresa\/","title":{"rendered":"Immagini d\u2019impresa"},"content":{"rendered":"<p>Un\u2019impresa \u00e8 anche l\u2019immagine che riesce a dare di se\u2019. \u00a0Certo, \u00a0l\u2019immagine non \u00e8 il tutto. Occorre il prodotto. Ma l\u2019immagine racconta il tutto, con tratti, parole, scatti, disegni, istantanee di un processo produttivo che dal nulla arriva a qualcosa di definito. Lo sanno \u2013 e molto bene -, i bravi comunicatori d\u2019impresa e tutti quelli che si occupano, con avvedutezza, di mercati e di vendite. \u00a0Ma l\u2019immagine \u00e8 ci\u00f2 che l\u2019impresa dice fuori di essa, e anche dentro. Capire come l\u2019impresa parla di se\u2019 e che immagine d\u00e0 di se\u2019, \u00e8 importante per comprendere la cultura che l&#8217;ha fatta nascere e la fa vivere.<\/p>\n<p>Paradigma \u2013 uno ma non il solo \u2013 di tutto questo \u00e8 certamente la Olivetti di Ivrea, cos\u00ec come lo \u00e8 anche la Pirelli e lo sono altre \u201cfabbriche di prodotti e di cultura\u201d che hanno caratterizzato l\u2019economia italiana. \u201cMillesimo di millimetro\u201d di Caterina Cristina Fiorentino (architetto e ricercatrice in Disegno industriale presso il Dipartimento di Architettura \u00a0della SUN), appena pubblicato, rappresenta un\u2019occasione importante per viaggiare nella storia della creazione e dello sviluppo dell\u2019immagine della Olivetti.<\/p>\n<p>E\u2019 un testo denso \u2013 non sempre facile -, che racconta bene \u00a0la nascita e l\u2019evoluzione del \u00a0codice visivo della Olivetti, cio\u00e8 dell\u2019apparato di idee e quindi \u00a0di segni posti dietro a tutti gli elaborati grafici che hanno accompagnato l\u2019attivit\u00e0 della fabbrica dal 1908 al 1978. \u00a0Settant\u2019anni di fantasia e ingegno produttivi raccontati con linee, disegni, colori, poesie, testi in prosa, filmati e fotografie che hanno costituito lo \u201cstile Olivetti\u201d. La fatica di Fiorentino (che ha un buon apparato iconografico), racconta della nascita delle campagne pubblicitarie pi\u00f9 importanti, di icone come le \u201cOlivetti Girls\u201d, ma anche dei \u201cLibri Rossi\u201d (veri strumenti di lavoro per anni per tutti i progettisti dell\u2019azienda), e poi di strumenti per scrivere come la Lexikon, la Lettera 22, la Valentina e di quelli per far di calcolo come la Divisumma e la Multisumma. Ma il volume \u00e8 anche un viaggio in compagnia di personaggi \u2013 che per la Olivetti hanno lavorato e molto -, come Elio Vittorini, Libero Bigiaretti, Giovanni Giudici, Franco Fortini ma anche Albe Steiner e Marcello Doduvich.<\/p>\n<p>\u201cL\u2019immagine di un\u2019azienda \u2013 scrive Renzo Zorzi, uno dei pi\u00f9 assidui della Olivetti, citato nel libro -, \u00e8 data dalla capacit\u00e0 di concentrare l\u2019attenzione sul suo reale modo di essere, di rivelare la sua natura pi\u00f9 sostanziale, quel che produce, come risolve i problemi dei suoi rapporti col proprio pubblico, col territorio e la comunit\u00e0 in cui opera, di rendere esplicita la cultura che essa esprime, i valori che assume e di cui si fa portatrice, il contributo che essa d\u00e0 allo sviluppo umano. Fuori di questo \u00e8 pura finzione, una costruzione propagandistica, una metafora rimasta a met\u00e0, che ha perduto il proprio termine di riferimento e il proprio fine\u201d.<\/p>\n<p>Dalle pagine di Fiorentino, dunque, si delineano i tratti di una Olivetti caratterizzata da quell\u2019umanesimo industriale (formula coniata proprio da Vittorini nel \u201939 per la comunicazione aziendale), che \u00e8 stato e che rappresenta un\u2019impresa che non \u00e8 possibile ripetere cos\u00ec, ma che continua a improntare di se\u2019 il meglio della cultura industriale del Paese.<\/p>\n<p>Da leggere, infine, la postfazione di Eugenio Pacchioli \u201cCon la cultura i bilanci scodinzolano\u201d.<\/p><p><strong>Millesimo di millimetro. I segni del codice visivo Olivetti 1908-1978<\/strong><\/p>\n<p>Caterina Cristina Fiorentino<\/p>\n<p>Il Mulino, 2014<\/p>\n","protected":false},"excerpt":{"rendered":"<p>Un\u2019impresa \u00e8 anche l\u2019immagine che riesce a dare di se\u2019. \u00a0Certo, \u00a0l\u2019immagine non \u00e8 il tutto. Occorre il prodotto. Ma l\u2019immagine racconta il tutto, con tratti, parole, scatti, disegni, istantanee di un processo produttivo che dal nulla arriva a qualcosa di definito. Lo sanno \u2013 e molto bene -, i bravi comunicatori d\u2019impresa e tutti [&hellip;]<\/p>\n","protected":false},"author":1,"featured_media":50065,"comment_status":"open","ping_status":"open","sticky":false,"template":"","format":"standard","meta":{"footnotes":""},"categories":[52,58],"tags":[],"class_list":["post-50064","post","type-post","status-publish","format-standard","has-post-thumbnail","hentry","category-cultura-dimpresa","category-recensioni-libri"],"acf":[],"yoast_head":"<!-- This site is optimized with the Yoast SEO plugin v25.0 - https:\/\/yoast.com\/wordpress\/plugins\/seo\/ -->\n<title>Immagini d\u2019impresa - Fondazione Pirelli<\/title>\n<meta name=\"robots\" content=\"index, follow, max-snippet:-1, max-image-preview:large, max-video-preview:-1\" \/>\n<link rel=\"canonical\" href=\"https:\/\/www.fondazionepirelli.org\/it\/cultura-dimpresa\/immagini-dimpresa\/\" \/>\n<meta property=\"og:locale\" content=\"it_IT\" \/>\n<meta property=\"og:type\" content=\"article\" \/>\n<meta property=\"og:title\" content=\"Immagini d\u2019impresa - Fondazione Pirelli\" \/>\n<meta property=\"og:description\" content=\"Un\u2019impresa \u00e8 anche l\u2019immagine che riesce a dare di se\u2019. \u00a0Certo, \u00a0l\u2019immagine non \u00e8 il tutto. Occorre il prodotto. Ma l\u2019immagine racconta il tutto, con tratti, parole, scatti, disegni, istantanee di un processo produttivo che dal nulla arriva a qualcosa di definito. Lo sanno \u2013 e molto bene -, i bravi comunicatori d\u2019impresa e tutti [&hellip;]\" \/>\n<meta property=\"og:url\" content=\"https:\/\/www.fondazionepirelli.org\/it\/cultura-dimpresa\/immagini-dimpresa\/\" \/>\n<meta property=\"og:site_name\" content=\"Fondazione Pirelli\" \/>\n<meta property=\"article:published_time\" content=\"2014-09-08T00:00:00+00:00\" \/>\n<meta property=\"article:modified_time\" content=\"2019-10-31T16:01:29+00:00\" \/>\n<meta property=\"og:image\" content=\"https:\/\/wpsite-assets.fondazionepirelli.org\/wp-content\/uploads\/2019\/05\/20101835\/14102488911189346852.jpg\" \/>\n\t<meta property=\"og:image:width\" content=\"202\" \/>\n\t<meta property=\"og:image:height\" content=\"379\" \/>\n\t<meta property=\"og:image:type\" content=\"image\/jpeg\" \/>\n<meta name=\"author\" content=\"fondadmin\" \/>\n<meta name=\"twitter:card\" content=\"summary_large_image\" \/>\n<meta name=\"twitter:label1\" content=\"Scritto da\" \/>\n\t<meta name=\"twitter:data1\" content=\"fondadmin\" \/>\n\t<meta name=\"twitter:label2\" content=\"Tempo di lettura stimato\" \/>\n\t<meta name=\"twitter:data2\" content=\"3 minuti\" \/>\n<script type=\"application\/ld+json\" class=\"yoast-schema-graph\">{\"@context\":\"https:\/\/schema.org\",\"@graph\":[{\"@type\":\"WebPage\",\"@id\":\"https:\/\/www.fondazionepirelli.org\/it\/cultura-dimpresa\/immagini-dimpresa\/\",\"url\":\"https:\/\/www.fondazionepirelli.org\/it\/cultura-dimpresa\/immagini-dimpresa\/\",\"name\":\"Immagini d\u2019impresa - Fondazione Pirelli\",\"isPartOf\":{\"@id\":\"https:\/\/www.fondazionepirelli.org\/it\/#website\"},\"primaryImageOfPage\":{\"@id\":\"https:\/\/www.fondazionepirelli.org\/it\/cultura-dimpresa\/immagini-dimpresa\/#primaryimage\"},\"image\":{\"@id\":\"https:\/\/www.fondazionepirelli.org\/it\/cultura-dimpresa\/immagini-dimpresa\/#primaryimage\"},\"thumbnailUrl\":\"https:\/\/wpsite-assets.fondazionepirelli.org\/wp-content\/uploads\/2019\/05\/20101835\/14102488911189346852.jpg\",\"datePublished\":\"2014-09-08T00:00:00+00:00\",\"dateModified\":\"2019-10-31T16:01:29+00:00\",\"author\":{\"@id\":\"https:\/\/www.fondazionepirelli.org\/it\/#\/schema\/person\/f47d097000832c4a6e54538c791fdf25\"},\"breadcrumb\":{\"@id\":\"https:\/\/www.fondazionepirelli.org\/it\/cultura-dimpresa\/immagini-dimpresa\/#breadcrumb\"},\"inLanguage\":\"it-IT\",\"potentialAction\":[{\"@type\":\"ReadAction\",\"target\":[\"https:\/\/www.fondazionepirelli.org\/it\/cultura-dimpresa\/immagini-dimpresa\/\"]}]},{\"@type\":\"ImageObject\",\"inLanguage\":\"it-IT\",\"@id\":\"https:\/\/www.fondazionepirelli.org\/it\/cultura-dimpresa\/immagini-dimpresa\/#primaryimage\",\"url\":\"https:\/\/wpsite-assets.fondazionepirelli.org\/wp-content\/uploads\/2019\/05\/20101835\/14102488911189346852.jpg\",\"contentUrl\":\"https:\/\/wpsite-assets.fondazionepirelli.org\/wp-content\/uploads\/2019\/05\/20101835\/14102488911189346852.jpg\",\"width\":202,\"height\":379},{\"@type\":\"BreadcrumbList\",\"@id\":\"https:\/\/www.fondazionepirelli.org\/it\/cultura-dimpresa\/immagini-dimpresa\/#breadcrumb\",\"itemListElement\":[{\"@type\":\"ListItem\",\"position\":1,\"name\":\"Home\",\"item\":\"https:\/\/www.fondazionepirelli.org\/it\/\"},{\"@type\":\"ListItem\",\"position\":2,\"name\":\"Immagini d\u2019impresa\"}]},{\"@type\":\"WebSite\",\"@id\":\"https:\/\/www.fondazionepirelli.org\/it\/#website\",\"url\":\"https:\/\/www.fondazionepirelli.org\/it\/\",\"name\":\"Fondazione Pirelli\",\"description\":\"\",\"potentialAction\":[{\"@type\":\"SearchAction\",\"target\":{\"@type\":\"EntryPoint\",\"urlTemplate\":\"https:\/\/www.fondazionepirelli.org\/it\/?s={search_term_string}\"},\"query-input\":{\"@type\":\"PropertyValueSpecification\",\"valueRequired\":true,\"valueName\":\"search_term_string\"}}],\"inLanguage\":\"it-IT\"},{\"@type\":\"Person\",\"@id\":\"https:\/\/www.fondazionepirelli.org\/it\/#\/schema\/person\/f47d097000832c4a6e54538c791fdf25\",\"name\":\"fondadmin\",\"image\":{\"@type\":\"ImageObject\",\"inLanguage\":\"it-IT\",\"@id\":\"https:\/\/www.fondazionepirelli.org\/it\/#\/schema\/person\/image\/\",\"url\":\"https:\/\/secure.gravatar.com\/avatar\/e69498a9175ca244966e51e53c88712c024fcebe41f9a05f75657f1bb25e489b?s=96&d=mm&r=g\",\"contentUrl\":\"https:\/\/secure.gravatar.com\/avatar\/e69498a9175ca244966e51e53c88712c024fcebe41f9a05f75657f1bb25e489b?s=96&d=mm&r=g\",\"caption\":\"fondadmin\"},\"url\":\"https:\/\/www.fondazionepirelli.org\/it\/author\/fondadmin\/\"}]}<\/script>\n<!-- \/ Yoast SEO plugin. -->","yoast_head_json":{"title":"Immagini d\u2019impresa - Fondazione Pirelli","robots":{"index":"index","follow":"follow","max-snippet":"max-snippet:-1","max-image-preview":"max-image-preview:large","max-video-preview":"max-video-preview:-1"},"canonical":"https:\/\/www.fondazionepirelli.org\/it\/cultura-dimpresa\/immagini-dimpresa\/","og_locale":"it_IT","og_type":"article","og_title":"Immagini d\u2019impresa - Fondazione Pirelli","og_description":"Un\u2019impresa \u00e8 anche l\u2019immagine che riesce a dare di se\u2019. \u00a0Certo, \u00a0l\u2019immagine non \u00e8 il tutto. Occorre il prodotto. Ma l\u2019immagine racconta il tutto, con tratti, parole, scatti, disegni, istantanee di un processo produttivo che dal nulla arriva a qualcosa di definito. Lo sanno \u2013 e molto bene -, i bravi comunicatori d\u2019impresa e tutti [&hellip;]","og_url":"https:\/\/www.fondazionepirelli.org\/it\/cultura-dimpresa\/immagini-dimpresa\/","og_site_name":"Fondazione Pirelli","article_published_time":"2014-09-08T00:00:00+00:00","article_modified_time":"2019-10-31T16:01:29+00:00","og_image":[{"width":202,"height":379,"url":"https:\/\/wpsite-assets.fondazionepirelli.org\/wp-content\/uploads\/2019\/05\/20101835\/14102488911189346852.jpg","type":"image\/jpeg"}],"author":"fondadmin","twitter_card":"summary_large_image","twitter_misc":{"Scritto da":"fondadmin","Tempo di lettura stimato":"3 minuti"},"schema":{"@context":"https:\/\/schema.org","@graph":[{"@type":"WebPage","@id":"https:\/\/www.fondazionepirelli.org\/it\/cultura-dimpresa\/immagini-dimpresa\/","url":"https:\/\/www.fondazionepirelli.org\/it\/cultura-dimpresa\/immagini-dimpresa\/","name":"Immagini d\u2019impresa - Fondazione Pirelli","isPartOf":{"@id":"https:\/\/www.fondazionepirelli.org\/it\/#website"},"primaryImageOfPage":{"@id":"https:\/\/www.fondazionepirelli.org\/it\/cultura-dimpresa\/immagini-dimpresa\/#primaryimage"},"image":{"@id":"https:\/\/www.fondazionepirelli.org\/it\/cultura-dimpresa\/immagini-dimpresa\/#primaryimage"},"thumbnailUrl":"https:\/\/wpsite-assets.fondazionepirelli.org\/wp-content\/uploads\/2019\/05\/20101835\/14102488911189346852.jpg","datePublished":"2014-09-08T00:00:00+00:00","dateModified":"2019-10-31T16:01:29+00:00","author":{"@id":"https:\/\/www.fondazionepirelli.org\/it\/#\/schema\/person\/f47d097000832c4a6e54538c791fdf25"},"breadcrumb":{"@id":"https:\/\/www.fondazionepirelli.org\/it\/cultura-dimpresa\/immagini-dimpresa\/#breadcrumb"},"inLanguage":"it-IT","potentialAction":[{"@type":"ReadAction","target":["https:\/\/www.fondazionepirelli.org\/it\/cultura-dimpresa\/immagini-dimpresa\/"]}]},{"@type":"ImageObject","inLanguage":"it-IT","@id":"https:\/\/www.fondazionepirelli.org\/it\/cultura-dimpresa\/immagini-dimpresa\/#primaryimage","url":"https:\/\/wpsite-assets.fondazionepirelli.org\/wp-content\/uploads\/2019\/05\/20101835\/14102488911189346852.jpg","contentUrl":"https:\/\/wpsite-assets.fondazionepirelli.org\/wp-content\/uploads\/2019\/05\/20101835\/14102488911189346852.jpg","width":202,"height":379},{"@type":"BreadcrumbList","@id":"https:\/\/www.fondazionepirelli.org\/it\/cultura-dimpresa\/immagini-dimpresa\/#breadcrumb","itemListElement":[{"@type":"ListItem","position":1,"name":"Home","item":"https:\/\/www.fondazionepirelli.org\/it\/"},{"@type":"ListItem","position":2,"name":"Immagini d\u2019impresa"}]},{"@type":"WebSite","@id":"https:\/\/www.fondazionepirelli.org\/it\/#website","url":"https:\/\/www.fondazionepirelli.org\/it\/","name":"Fondazione Pirelli","description":"","potentialAction":[{"@type":"SearchAction","target":{"@type":"EntryPoint","urlTemplate":"https:\/\/www.fondazionepirelli.org\/it\/?s={search_term_string}"},"query-input":{"@type":"PropertyValueSpecification","valueRequired":true,"valueName":"search_term_string"}}],"inLanguage":"it-IT"},{"@type":"Person","@id":"https:\/\/www.fondazionepirelli.org\/it\/#\/schema\/person\/f47d097000832c4a6e54538c791fdf25","name":"fondadmin","image":{"@type":"ImageObject","inLanguage":"it-IT","@id":"https:\/\/www.fondazionepirelli.org\/it\/#\/schema\/person\/image\/","url":"https:\/\/secure.gravatar.com\/avatar\/e69498a9175ca244966e51e53c88712c024fcebe41f9a05f75657f1bb25e489b?s=96&d=mm&r=g","contentUrl":"https:\/\/secure.gravatar.com\/avatar\/e69498a9175ca244966e51e53c88712c024fcebe41f9a05f75657f1bb25e489b?s=96&d=mm&r=g","caption":"fondadmin"},"url":"https:\/\/www.fondazionepirelli.org\/it\/author\/fondadmin\/"}]}},"_links":{"self":[{"href":"https:\/\/www.fondazionepirelli.org\/it\/wp-json\/wp\/v2\/posts\/50064\/"}],"collection":[{"href":"https:\/\/www.fondazionepirelli.org\/it\/wp-json\/wp\/v2\/posts\/"}],"about":[{"href":"https:\/\/www.fondazionepirelli.org\/it\/wp-json\/wp\/v2\/types\/post\/"}],"author":[{"embeddable":true,"href":"https:\/\/www.fondazionepirelli.org\/it\/wp-json\/wp\/v2\/users\/1\/"}],"replies":[{"embeddable":true,"href":"https:\/\/www.fondazionepirelli.org\/it\/wp-json\/wp\/v2\/comments\/?post=50064"}],"version-history":[{"count":2,"href":"https:\/\/www.fondazionepirelli.org\/it\/wp-json\/wp\/v2\/posts\/50064\/revisions\/"}],"predecessor-version":[{"id":71320,"href":"https:\/\/www.fondazionepirelli.org\/it\/wp-json\/wp\/v2\/posts\/50064\/revisions\/71320\/"}],"wp:featuredmedia":[{"embeddable":true,"href":"https:\/\/www.fondazionepirelli.org\/it\/wp-json\/wp\/v2\/media\/50065\/"}],"wp:attachment":[{"href":"https:\/\/www.fondazionepirelli.org\/it\/wp-json\/wp\/v2\/media\/?parent=50064"}],"wp:term":[{"taxonomy":"category","embeddable":true,"href":"https:\/\/www.fondazionepirelli.org\/it\/wp-json\/wp\/v2\/categories\/?post=50064"},{"taxonomy":"post_tag","embeddable":true,"href":"https:\/\/www.fondazionepirelli.org\/it\/wp-json\/wp\/v2\/tags\/?post=50064"}],"curies":[{"name":"wp","href":"https:\/\/api.w.org\/{rel}","templated":true}]}}