{"id":50071,"date":"2014-09-01T00:00:00","date_gmt":"2014-09-01T00:00:00","guid":{"rendered":"http:\/\/www.fondazionepirelli.org\/fondazione-pirelli\/come-fa-a-creare-limpresa\/"},"modified":"2019-10-31T18:02:51","modified_gmt":"2019-10-31T16:02:51","slug":"come-fa-a-creare-limpresa","status":"publish","type":"post","link":"https:\/\/www.fondazionepirelli.org\/it\/cultura-dimpresa\/come-fa-a-creare-limpresa\/","title":{"rendered":"Come fa a creare l\u2019impresa?"},"content":{"rendered":"<p>L\u2019impresa crea. E la cultura d\u2019impresa racconta e caratterizza di se\u2019 il processo di creazione che prende vita e si sviluppa nelle aziende. Alchimia spesso difficile da capire, il percorso che si svolge nel momento in cui la creativit\u00e0 d\u00e0 i suoi frutti nelle fabbriche, deve comunque essere attentamente osservato: \u00e8 \u2013 a ben vedere \u2013 il succo dell\u2019imprenditorialit\u00e0, del lavoro e della produzione.<\/p>\n<p>La raccolta \u201cCreativity in business\u201d curata da Fredricka K. Reisman (Presidente della American Creativity Association), in occasione della KIE (Conference of Knowledge, Innovation and Enterprise), prevista a Istanbul il prossimo agosto 2015, \u00e8 un buon vademecum proprio per capire di pi\u00f9 e meglio di cosa accade quando la creativit\u00e0 incontra le aziende e gli imprenditori. L\u2019evento mondiale, ha gi\u00e0 avuto un prologo quest\u2019anno \u2013 l\u2019incontro \u201cKnowledge, Innovation and Enterprise\u201d -, tenuto a Riga nel luglio scorso, che ha prodotto un altro volume sempre curato dalla Reisman che fornisce ulteriori materiali di lettura sull\u2019argomento.<\/p>\n<p>Ma il cuore del tema pu\u00f2 essere colto nelle righe introduttive di \u201cCreativity in business\u201d che spiegano: da nessuna parte l&#8217;applicazione della creativit\u00e0 \u00e8 pi\u00f9 pronunciata che \u201cnel mondo degli affari. Sappiamo che la creativit\u00e0 \u00e8 un ingrediente importante per la crescita economica e la competitivit\u00e0, ma molti imprenditori non vogliono ammettere o riconoscere il ruolo fondamentale che la creativit\u00e0 gioca in questo ambito\u201d.<\/p>\n<p>Il volume raccoglie quindi sedici contributi sul tema che spaziano dai legami fra la creativit\u00e0 e l\u2019organizzazione d\u2019impresa agli aspetti pi\u00f9 filosofici dei processi creativi aziendali. Sono anche approfonditi temi come quelli relativi all\u2019origine stessa del processo creativo, alle relazioni fra individuo e gruppo di lavoro, ai rapporti fra comunicazione, creativit\u00e0 e produzione. Cerca di dare un\u2019organizzazione uniforme al tutto il saggio introduttivo di Fredricka K. Reisman (\u201cOverview and application of creativity to enhance innovation in business and education\u201d), che riassume gli altri capitoli e fornisce buoni schemi di analisi e lettura.<\/p>\n<p>La raccolta della Reisman \u00e8 certamente un libro da leggere con attenzione, magari non sempre facile ma che fa bene a molti uomini d\u2019impresa.<\/p><p><strong>Creativity in business<\/strong><\/p>\n<p>Fredricka K. Reisman (a cura di), President of American creativity Association<\/p>\n<p>KIE Conference book series, 2014<\/p><p><strong>Creativity: Process, Product, Personality, Environment &amp; Technology<\/strong><\/p>\n<p>Fredricka K. Reisman (a cura di), President of American creativity Association<\/p>\n<p>KIE Conference book series, 2013<\/p>\n","protected":false},"excerpt":{"rendered":"<p>L\u2019impresa crea. E la cultura d\u2019impresa racconta e caratterizza di se\u2019 il processo di creazione che prende vita e si sviluppa nelle aziende. Alchimia spesso difficile da capire, il percorso che si svolge nel momento in cui la creativit\u00e0 d\u00e0 i suoi frutti nelle fabbriche, deve comunque essere attentamente osservato: \u00e8 \u2013 a ben vedere [&hellip;]<\/p>\n","protected":false},"author":1,"featured_media":50072,"comment_status":"open","ping_status":"open","sticky":false,"template":"","format":"standard","meta":{"footnotes":""},"categories":[52,58],"tags":[],"class_list":["post-50071","post","type-post","status-publish","format-standard","has-post-thumbnail","hentry","category-cultura-dimpresa","category-recensioni-libri"],"acf":[],"yoast_head":"<!-- This site is optimized with the Yoast SEO plugin v25.0 - https:\/\/yoast.com\/wordpress\/plugins\/seo\/ -->\n<title>Come fa a creare l\u2019impresa? - Fondazione Pirelli<\/title>\n<meta name=\"robots\" content=\"index, follow, max-snippet:-1, max-image-preview:large, max-video-preview:-1\" \/>\n<link rel=\"canonical\" href=\"https:\/\/www.fondazionepirelli.org\/it\/cultura-dimpresa\/come-fa-a-creare-limpresa\/\" \/>\n<meta property=\"og:locale\" content=\"it_IT\" \/>\n<meta property=\"og:type\" content=\"article\" \/>\n<meta property=\"og:title\" content=\"Come fa a creare l\u2019impresa? - Fondazione Pirelli\" \/>\n<meta property=\"og:description\" content=\"L\u2019impresa crea. E la cultura d\u2019impresa racconta e caratterizza di se\u2019 il processo di creazione che prende vita e si sviluppa nelle aziende. Alchimia spesso difficile da capire, il percorso che si svolge nel momento in cui la creativit\u00e0 d\u00e0 i suoi frutti nelle fabbriche, deve comunque essere attentamente osservato: \u00e8 \u2013 a ben vedere [&hellip;]\" \/>\n<meta property=\"og:url\" content=\"https:\/\/127.0.0.1\/it\/cultura-dimpresa\/come-fa-a-creare-limpresa\/\" \/>\n<meta property=\"og:site_name\" content=\"Fondazione Pirelli\" \/>\n<meta property=\"article:published_time\" content=\"2014-09-01T00:00:00+00:00\" \/>\n<meta property=\"article:modified_time\" content=\"2019-10-31T16:02:51+00:00\" \/>\n<meta property=\"og:image\" content=\"https:\/\/wpsite-assets.fondazionepirelli.org\/wp-content\/uploads\/2019\/05\/20101835\/1409641570994669203.jpg\" \/>\n\t<meta property=\"og:image:width\" content=\"249\" \/>\n\t<meta property=\"og:image:height\" content=\"364\" \/>\n\t<meta property=\"og:image:type\" content=\"image\/jpeg\" \/>\n<meta name=\"author\" content=\"fondadmin\" \/>\n<meta name=\"twitter:card\" content=\"summary_large_image\" \/>\n<meta name=\"twitter:label1\" content=\"Scritto da\" \/>\n\t<meta name=\"twitter:data1\" content=\"fondadmin\" \/>\n\t<meta name=\"twitter:label2\" content=\"Tempo di lettura stimato\" \/>\n\t<meta name=\"twitter:data2\" content=\"2 minuti\" \/>\n<script type=\"application\/ld+json\" class=\"yoast-schema-graph\">{\"@context\":\"https:\/\/schema.org\",\"@graph\":[{\"@type\":\"WebPage\",\"@id\":\"https:\/\/127.0.0.1\/it\/cultura-dimpresa\/come-fa-a-creare-limpresa\/\",\"url\":\"https:\/\/127.0.0.1\/it\/cultura-dimpresa\/come-fa-a-creare-limpresa\/\",\"name\":\"Come fa a creare l\u2019impresa? - Fondazione Pirelli\",\"isPartOf\":{\"@id\":\"https:\/\/www.fondazionepirelli.org\/it\/#website\"},\"primaryImageOfPage\":{\"@id\":\"https:\/\/127.0.0.1\/it\/cultura-dimpresa\/come-fa-a-creare-limpresa\/#primaryimage\"},\"image\":{\"@id\":\"https:\/\/127.0.0.1\/it\/cultura-dimpresa\/come-fa-a-creare-limpresa\/#primaryimage\"},\"thumbnailUrl\":\"https:\/\/wpsite-assets.fondazionepirelli.org\/wp-content\/uploads\/2019\/05\/20101835\/1409641570994669203.jpg\",\"datePublished\":\"2014-09-01T00:00:00+00:00\",\"dateModified\":\"2019-10-31T16:02:51+00:00\",\"author\":{\"@id\":\"https:\/\/www.fondazionepirelli.org\/it\/#\/schema\/person\/f47d097000832c4a6e54538c791fdf25\"},\"breadcrumb\":{\"@id\":\"https:\/\/127.0.0.1\/it\/cultura-dimpresa\/come-fa-a-creare-limpresa\/#breadcrumb\"},\"inLanguage\":\"it-IT\",\"potentialAction\":[{\"@type\":\"ReadAction\",\"target\":[\"https:\/\/127.0.0.1\/it\/cultura-dimpresa\/come-fa-a-creare-limpresa\/\"]}]},{\"@type\":\"ImageObject\",\"inLanguage\":\"it-IT\",\"@id\":\"https:\/\/127.0.0.1\/it\/cultura-dimpresa\/come-fa-a-creare-limpresa\/#primaryimage\",\"url\":\"https:\/\/wpsite-assets.fondazionepirelli.org\/wp-content\/uploads\/2019\/05\/20101835\/1409641570994669203.jpg\",\"contentUrl\":\"https:\/\/wpsite-assets.fondazionepirelli.org\/wp-content\/uploads\/2019\/05\/20101835\/1409641570994669203.jpg\",\"width\":249,\"height\":364},{\"@type\":\"BreadcrumbList\",\"@id\":\"https:\/\/127.0.0.1\/it\/cultura-dimpresa\/come-fa-a-creare-limpresa\/#breadcrumb\",\"itemListElement\":[{\"@type\":\"ListItem\",\"position\":1,\"name\":\"Home\",\"item\":\"https:\/\/www.fondazionepirelli.org\/it\/\"},{\"@type\":\"ListItem\",\"position\":2,\"name\":\"Come fa a creare l\u2019impresa?\"}]},{\"@type\":\"WebSite\",\"@id\":\"https:\/\/www.fondazionepirelli.org\/it\/#website\",\"url\":\"https:\/\/www.fondazionepirelli.org\/it\/\",\"name\":\"Fondazione Pirelli\",\"description\":\"\",\"potentialAction\":[{\"@type\":\"SearchAction\",\"target\":{\"@type\":\"EntryPoint\",\"urlTemplate\":\"https:\/\/www.fondazionepirelli.org\/it\/?s={search_term_string}\"},\"query-input\":{\"@type\":\"PropertyValueSpecification\",\"valueRequired\":true,\"valueName\":\"search_term_string\"}}],\"inLanguage\":\"it-IT\"},{\"@type\":\"Person\",\"@id\":\"https:\/\/www.fondazionepirelli.org\/it\/#\/schema\/person\/f47d097000832c4a6e54538c791fdf25\",\"name\":\"fondadmin\",\"image\":{\"@type\":\"ImageObject\",\"inLanguage\":\"it-IT\",\"@id\":\"https:\/\/www.fondazionepirelli.org\/it\/#\/schema\/person\/image\/\",\"url\":\"https:\/\/secure.gravatar.com\/avatar\/e69498a9175ca244966e51e53c88712c024fcebe41f9a05f75657f1bb25e489b?s=96&d=mm&r=g\",\"contentUrl\":\"https:\/\/secure.gravatar.com\/avatar\/e69498a9175ca244966e51e53c88712c024fcebe41f9a05f75657f1bb25e489b?s=96&d=mm&r=g\",\"caption\":\"fondadmin\"},\"url\":\"https:\/\/www.fondazionepirelli.org\/it\/author\/fondadmin\/\"}]}<\/script>\n<!-- \/ Yoast SEO plugin. -->","yoast_head_json":{"title":"Come fa a creare l\u2019impresa? - Fondazione Pirelli","robots":{"index":"index","follow":"follow","max-snippet":"max-snippet:-1","max-image-preview":"max-image-preview:large","max-video-preview":"max-video-preview:-1"},"canonical":"https:\/\/www.fondazionepirelli.org\/it\/cultura-dimpresa\/come-fa-a-creare-limpresa\/","og_locale":"it_IT","og_type":"article","og_title":"Come fa a creare l\u2019impresa? - Fondazione Pirelli","og_description":"L\u2019impresa crea. E la cultura d\u2019impresa racconta e caratterizza di se\u2019 il processo di creazione che prende vita e si sviluppa nelle aziende. Alchimia spesso difficile da capire, il percorso che si svolge nel momento in cui la creativit\u00e0 d\u00e0 i suoi frutti nelle fabbriche, deve comunque essere attentamente osservato: \u00e8 \u2013 a ben vedere [&hellip;]","og_url":"https:\/\/127.0.0.1\/it\/cultura-dimpresa\/come-fa-a-creare-limpresa\/","og_site_name":"Fondazione Pirelli","article_published_time":"2014-09-01T00:00:00+00:00","article_modified_time":"2019-10-31T16:02:51+00:00","og_image":[{"width":249,"height":364,"url":"https:\/\/wpsite-assets.fondazionepirelli.org\/wp-content\/uploads\/2019\/05\/20101835\/1409641570994669203.jpg","type":"image\/jpeg"}],"author":"fondadmin","twitter_card":"summary_large_image","twitter_misc":{"Scritto da":"fondadmin","Tempo di lettura stimato":"2 minuti"},"schema":{"@context":"https:\/\/schema.org","@graph":[{"@type":"WebPage","@id":"https:\/\/127.0.0.1\/it\/cultura-dimpresa\/come-fa-a-creare-limpresa\/","url":"https:\/\/127.0.0.1\/it\/cultura-dimpresa\/come-fa-a-creare-limpresa\/","name":"Come fa a creare l\u2019impresa? - Fondazione Pirelli","isPartOf":{"@id":"https:\/\/www.fondazionepirelli.org\/it\/#website"},"primaryImageOfPage":{"@id":"https:\/\/127.0.0.1\/it\/cultura-dimpresa\/come-fa-a-creare-limpresa\/#primaryimage"},"image":{"@id":"https:\/\/127.0.0.1\/it\/cultura-dimpresa\/come-fa-a-creare-limpresa\/#primaryimage"},"thumbnailUrl":"https:\/\/wpsite-assets.fondazionepirelli.org\/wp-content\/uploads\/2019\/05\/20101835\/1409641570994669203.jpg","datePublished":"2014-09-01T00:00:00+00:00","dateModified":"2019-10-31T16:02:51+00:00","author":{"@id":"https:\/\/www.fondazionepirelli.org\/it\/#\/schema\/person\/f47d097000832c4a6e54538c791fdf25"},"breadcrumb":{"@id":"https:\/\/127.0.0.1\/it\/cultura-dimpresa\/come-fa-a-creare-limpresa\/#breadcrumb"},"inLanguage":"it-IT","potentialAction":[{"@type":"ReadAction","target":["https:\/\/127.0.0.1\/it\/cultura-dimpresa\/come-fa-a-creare-limpresa\/"]}]},{"@type":"ImageObject","inLanguage":"it-IT","@id":"https:\/\/127.0.0.1\/it\/cultura-dimpresa\/come-fa-a-creare-limpresa\/#primaryimage","url":"https:\/\/wpsite-assets.fondazionepirelli.org\/wp-content\/uploads\/2019\/05\/20101835\/1409641570994669203.jpg","contentUrl":"https:\/\/wpsite-assets.fondazionepirelli.org\/wp-content\/uploads\/2019\/05\/20101835\/1409641570994669203.jpg","width":249,"height":364},{"@type":"BreadcrumbList","@id":"https:\/\/127.0.0.1\/it\/cultura-dimpresa\/come-fa-a-creare-limpresa\/#breadcrumb","itemListElement":[{"@type":"ListItem","position":1,"name":"Home","item":"https:\/\/www.fondazionepirelli.org\/it\/"},{"@type":"ListItem","position":2,"name":"Come fa a creare l\u2019impresa?"}]},{"@type":"WebSite","@id":"https:\/\/www.fondazionepirelli.org\/it\/#website","url":"https:\/\/www.fondazionepirelli.org\/it\/","name":"Fondazione Pirelli","description":"","potentialAction":[{"@type":"SearchAction","target":{"@type":"EntryPoint","urlTemplate":"https:\/\/www.fondazionepirelli.org\/it\/?s={search_term_string}"},"query-input":{"@type":"PropertyValueSpecification","valueRequired":true,"valueName":"search_term_string"}}],"inLanguage":"it-IT"},{"@type":"Person","@id":"https:\/\/www.fondazionepirelli.org\/it\/#\/schema\/person\/f47d097000832c4a6e54538c791fdf25","name":"fondadmin","image":{"@type":"ImageObject","inLanguage":"it-IT","@id":"https:\/\/www.fondazionepirelli.org\/it\/#\/schema\/person\/image\/","url":"https:\/\/secure.gravatar.com\/avatar\/e69498a9175ca244966e51e53c88712c024fcebe41f9a05f75657f1bb25e489b?s=96&d=mm&r=g","contentUrl":"https:\/\/secure.gravatar.com\/avatar\/e69498a9175ca244966e51e53c88712c024fcebe41f9a05f75657f1bb25e489b?s=96&d=mm&r=g","caption":"fondadmin"},"url":"https:\/\/www.fondazionepirelli.org\/it\/author\/fondadmin\/"}]}},"_links":{"self":[{"href":"https:\/\/www.fondazionepirelli.org\/it\/wp-json\/wp\/v2\/posts\/50071\/"}],"collection":[{"href":"https:\/\/www.fondazionepirelli.org\/it\/wp-json\/wp\/v2\/posts\/"}],"about":[{"href":"https:\/\/www.fondazionepirelli.org\/it\/wp-json\/wp\/v2\/types\/post\/"}],"author":[{"embeddable":true,"href":"https:\/\/www.fondazionepirelli.org\/it\/wp-json\/wp\/v2\/users\/1\/"}],"replies":[{"embeddable":true,"href":"https:\/\/www.fondazionepirelli.org\/it\/wp-json\/wp\/v2\/comments\/?post=50071"}],"version-history":[{"count":2,"href":"https:\/\/www.fondazionepirelli.org\/it\/wp-json\/wp\/v2\/posts\/50071\/revisions\/"}],"predecessor-version":[{"id":71321,"href":"https:\/\/www.fondazionepirelli.org\/it\/wp-json\/wp\/v2\/posts\/50071\/revisions\/71321\/"}],"wp:featuredmedia":[{"embeddable":true,"href":"https:\/\/www.fondazionepirelli.org\/it\/wp-json\/wp\/v2\/media\/50072\/"}],"wp:attachment":[{"href":"https:\/\/www.fondazionepirelli.org\/it\/wp-json\/wp\/v2\/media\/?parent=50071"}],"wp:term":[{"taxonomy":"category","embeddable":true,"href":"https:\/\/www.fondazionepirelli.org\/it\/wp-json\/wp\/v2\/categories\/?post=50071"},{"taxonomy":"post_tag","embeddable":true,"href":"https:\/\/www.fondazionepirelli.org\/it\/wp-json\/wp\/v2\/tags\/?post=50071"}],"curies":[{"name":"wp","href":"https:\/\/api.w.org\/{rel}","templated":true}]}}