{"id":50074,"date":"2014-07-28T00:00:00","date_gmt":"2014-07-28T00:00:00","guid":{"rendered":"http:\/\/www.fondazionepirelli.org\/fondazione-pirelli\/archivio-storico-e-innovazione-per-rilanciare-lorgoglio-industriale\/"},"modified":"2019-05-21T15:16:40","modified_gmt":"2019-05-21T15:16:40","slug":"archivio-storico-e-innovazione-per-rilanciare-lorgoglio-industriale","status":"publish","type":"post","link":"https:\/\/www.fondazionepirelli.org\/it\/cultura-dimpresa\/archivio-storico-e-innovazione-per-rilanciare-lorgoglio-industriale\/","title":{"rendered":"Archivio storico e innovazione per rilanciare l\u2019orgoglio industriale"},"content":{"rendered":"<p><strong>Archivio<\/strong>. La parola, nel discorso contemporaneo, ha scarso fascino. Sa di vecchio e polveroso, evoca luoghi in cui accatastare ci\u00f2 che non \u00e8 pi\u00f9 d\u2019attualit\u00e0 e dunque non serve. S\u2019apparenta al magazzino degli scarti. Un ripostiglio dell\u2019inutile memoria. Anche nei progetti di riorganizzazione del ministero del Beni e delle Attivit\u00e0 Culturali (lodevole iniziativa di riforma avviata dal ministro Dario Franceschini, per valorizzare e rilanciare il patrimonio culturale italiano) agli Archivi e alle apposite Sovrintendenze \u00e8 dedicato scarso spazio (tanto da sollecitare le critiche d\u2019un grande storico come <strong>Giovanni De Luna<\/strong>: \u201cMemoria usa e getta: le linee guida del ministro penalizzano gli archivi, un grave danno per gli storici\u201d, su \u201cLa Stampa\u201d del 25 luglio). Eppure, a pensarci bene, anche dal punto di vista della buona cultura d\u2019impresa, gli archivi hanno una funzione essenziale: <strong>custodia della memoria aziendale<\/strong>, ma anche luogo in cui si raccoglie la testimonianza di come progetti e idee diventano prodotti e processi produttivi, dunque dimensioni esemplare del \u201c<strong>costruire contemporaneit\u00e0<\/strong>\u201d nel fluire dei tempi, che poi si trasformano in storia.<\/p>\n<p>Luna, da storico, chiede di \u201cnon penalizzare la gestione e la conservazione di un patrimonio culturale che ha bisogno di essere tutelato per ragioni che c\u2019entrano poco con la sua capacit\u00e0 di generare profitti e molto con quelle del patto di memoria su cui si fonda lo spazio pubblico della cittadinanza\u201d.<\/p>\n<p>Qui, in questo blog di cultura d\u2019impresa, vale la pena riflettere sul senso e sulle condizioni per custodire documenti, schede tecniche, grafiche pubblicitarie, filmati ma anche bilanci societari e fascicoli dei processi produttivi e delle relazioni industriali (l\u2019organizzazione, le trattative sindacali, il welfare aziendale) non solo per non disperdere un patrimonio di grande cultura tecnologica e materiale, ma anche per proteggere e valorizzare le suggestioni e le testimonianze utili a rilanciare, in modo originale, l\u2019industria italiana.<\/p>\n<p>Lo sviluppo italiano, infatti, sta \u201cnelle smart land dove la manifattura intreccia la cultura\u201d, come documenta un sociologo attento alla buona economia, come <strong>Aldo Bonomi<\/strong> (IlSole24Ore, 6 luglio). E la documentazione di quella cultura (tecnologia ed estetica, il \u201cbello e ben fatto\u201d, il design d\u2019avanguardia e la qualit\u00e0) \u00e8 un vero e proprio patrimonio collettivo indispensabile alla ricchezza italiana. Quella cultura, sintesi di tradizione consapevole e continua propensione all\u2019innovazione, \u00e8 il nostro miglior asset competitivo: proprio quello che rende preziose le nostre imprese e non riproducibili a basso costo i loro prodotti a maggior valore aggiunto.<\/p>\n<p>Sta appunto in questa consapevolezza l\u2019impegno di grandi imprese, come la <strong>Pirelli<\/strong>, ma anche di medie e piccole, a costituire fondazioni che custodiscano gli archivi storici, con attivit\u00e0 di manutenzione, restauro, digitalizzazione dei loro documenti (e messa a disposizione del pubblico delle scuole, dei ricercatori, degli storici). E qui vive la scelta di pensare alla \u201ccontemporaneit\u00e0 dell\u2019archivio storico\u201d, non certo come ossimoro utile a una comunicazione a effetto, ma come strumento per fare vivere, anche all\u2019interno dell\u2019azienda, il gioco della creativit\u00e0 tra ricorsi storici e innovazione.<\/p>\n<p>Sono un costo, naturalmente, archivi e fondazioni (con scarso inventivo fiscale, purtroppo): richiedono spazi, competenze tecniche, risorse per il restauro e la conservazione, investimenti per la pubblicazione e la diffusione. Ma sono anche un <strong>valore<\/strong>. Che parla all\u2019<strong>identit\u00e0 aziendale<\/strong>. E al futuro. Hanno senso pure le iniziative, come Museimpresa di Confindustria e soprattutto come il Centro della cultura d\u2019impresa (un\u2019iniziativa in cui hanno funzione di primo piano la Camera di Commercio di Milano e l\u2019Assolombarda), per sostenere anche le piccole imprese, custodire e valorizzare i loro archivi e farne occasione di comunicazione, diffondere una vera e proprio \u201c<strong>cultura della memoria d\u2019impresa<\/strong>\u201d.<\/p>\n<p>C\u2019\u00e8 bisogno di storia, infatti, anche per rilanciare l\u2019orgoglio industriale italiano. E\u2019 necessario fare vivere, nel discorso pubblico e nel sentimento popolare, la qualit\u00e0 della nostra manifattura. E rinsaldare il forte senso di responsabilit\u00e0 verso le nostre radici. Memoria e cultura d\u2019impresa non solo come effimeri eventi e spettacolarizzazione dei successi industriali (utili comunque a una buona comunicazione). Ma soprattutto come conservazione dei nostri valori produttivi e sociali. Una bella Italia dei suoi monumenti. E delle sue fabbriche.<\/p>\n","protected":false},"excerpt":{"rendered":"<p>Archivio. La parola, nel discorso contemporaneo, ha scarso fascino. Sa di vecchio e polveroso, evoca luoghi in cui accatastare ci\u00f2 che non \u00e8 pi\u00f9 d\u2019attualit\u00e0 e dunque non serve. S\u2019apparenta al magazzino degli scarti. Un ripostiglio dell\u2019inutile memoria. Anche nei progetti di riorganizzazione del ministero del Beni e delle Attivit\u00e0 Culturali (lodevole iniziativa di riforma [&hellip;]<\/p>\n","protected":false},"author":1,"featured_media":50075,"comment_status":"open","ping_status":"open","sticky":false,"template":"","format":"standard","meta":{"footnotes":""},"categories":[53,52],"tags":[],"class_list":["post-50074","post","type-post","status-publish","format-standard","has-post-thumbnail","hentry","category-blog","category-cultura-dimpresa"],"acf":[],"yoast_head":"<!-- This site is optimized with the Yoast SEO plugin v25.0 - https:\/\/yoast.com\/wordpress\/plugins\/seo\/ -->\n<title>Archivio storico e innovazione per rilanciare l\u2019orgoglio industriale - Fondazione Pirelli<\/title>\n<meta name=\"robots\" content=\"index, follow, max-snippet:-1, max-image-preview:large, max-video-preview:-1\" \/>\n<link rel=\"canonical\" href=\"https:\/\/www.fondazionepirelli.org\/it\/cultura-dimpresa\/archivio-storico-e-innovazione-per-rilanciare-lorgoglio-industriale\/\" \/>\n<meta property=\"og:locale\" content=\"it_IT\" \/>\n<meta property=\"og:type\" content=\"article\" \/>\n<meta property=\"og:title\" content=\"Archivio storico e innovazione per rilanciare l\u2019orgoglio industriale - Fondazione Pirelli\" \/>\n<meta property=\"og:description\" content=\"Archivio. La parola, nel discorso contemporaneo, ha scarso fascino. Sa di vecchio e polveroso, evoca luoghi in cui accatastare ci\u00f2 che non \u00e8 pi\u00f9 d\u2019attualit\u00e0 e dunque non serve. S\u2019apparenta al magazzino degli scarti. Un ripostiglio dell\u2019inutile memoria. Anche nei progetti di riorganizzazione del ministero del Beni e delle Attivit\u00e0 Culturali (lodevole iniziativa di riforma [&hellip;]\" \/>\n<meta property=\"og:url\" content=\"https:\/\/127.0.0.1\/it\/cultura-dimpresa\/archivio-storico-e-innovazione-per-rilanciare-lorgoglio-industriale\/\" \/>\n<meta property=\"og:site_name\" content=\"Fondazione Pirelli\" \/>\n<meta property=\"article:published_time\" content=\"2014-07-28T00:00:00+00:00\" \/>\n<meta property=\"article:modified_time\" content=\"2019-05-21T15:16:40+00:00\" \/>\n<meta property=\"og:image\" content=\"https:\/\/wpsite-assets.fondazionepirelli.org\/wp-content\/uploads\/2019\/05\/20101834\/1406617218839057211.jpg\" \/>\n\t<meta property=\"og:image:width\" content=\"249\" \/>\n\t<meta property=\"og:image:height\" content=\"375\" \/>\n\t<meta property=\"og:image:type\" content=\"image\/jpeg\" \/>\n<meta name=\"author\" content=\"fondadmin\" \/>\n<meta name=\"twitter:card\" content=\"summary_large_image\" \/>\n<meta name=\"twitter:label1\" content=\"Scritto da\" \/>\n\t<meta name=\"twitter:data1\" content=\"fondadmin\" \/>\n\t<meta name=\"twitter:label2\" content=\"Tempo di lettura stimato\" \/>\n\t<meta name=\"twitter:data2\" content=\"3 minuti\" \/>\n<script type=\"application\/ld+json\" class=\"yoast-schema-graph\">{\"@context\":\"https:\/\/schema.org\",\"@graph\":[{\"@type\":\"WebPage\",\"@id\":\"https:\/\/127.0.0.1\/it\/cultura-dimpresa\/archivio-storico-e-innovazione-per-rilanciare-lorgoglio-industriale\/\",\"url\":\"https:\/\/127.0.0.1\/it\/cultura-dimpresa\/archivio-storico-e-innovazione-per-rilanciare-lorgoglio-industriale\/\",\"name\":\"Archivio storico e innovazione per rilanciare l\u2019orgoglio industriale - Fondazione Pirelli\",\"isPartOf\":{\"@id\":\"https:\/\/www.fondazionepirelli.org\/it\/#website\"},\"primaryImageOfPage\":{\"@id\":\"https:\/\/127.0.0.1\/it\/cultura-dimpresa\/archivio-storico-e-innovazione-per-rilanciare-lorgoglio-industriale\/#primaryimage\"},\"image\":{\"@id\":\"https:\/\/127.0.0.1\/it\/cultura-dimpresa\/archivio-storico-e-innovazione-per-rilanciare-lorgoglio-industriale\/#primaryimage\"},\"thumbnailUrl\":\"https:\/\/wpsite-assets.fondazionepirelli.org\/wp-content\/uploads\/2019\/05\/20101834\/1406617218839057211.jpg\",\"datePublished\":\"2014-07-28T00:00:00+00:00\",\"dateModified\":\"2019-05-21T15:16:40+00:00\",\"author\":{\"@id\":\"https:\/\/www.fondazionepirelli.org\/it\/#\/schema\/person\/f47d097000832c4a6e54538c791fdf25\"},\"breadcrumb\":{\"@id\":\"https:\/\/127.0.0.1\/it\/cultura-dimpresa\/archivio-storico-e-innovazione-per-rilanciare-lorgoglio-industriale\/#breadcrumb\"},\"inLanguage\":\"it-IT\",\"potentialAction\":[{\"@type\":\"ReadAction\",\"target\":[\"https:\/\/127.0.0.1\/it\/cultura-dimpresa\/archivio-storico-e-innovazione-per-rilanciare-lorgoglio-industriale\/\"]}]},{\"@type\":\"ImageObject\",\"inLanguage\":\"it-IT\",\"@id\":\"https:\/\/127.0.0.1\/it\/cultura-dimpresa\/archivio-storico-e-innovazione-per-rilanciare-lorgoglio-industriale\/#primaryimage\",\"url\":\"https:\/\/wpsite-assets.fondazionepirelli.org\/wp-content\/uploads\/2019\/05\/20101834\/1406617218839057211.jpg\",\"contentUrl\":\"https:\/\/wpsite-assets.fondazionepirelli.org\/wp-content\/uploads\/2019\/05\/20101834\/1406617218839057211.jpg\",\"width\":249,\"height\":375},{\"@type\":\"BreadcrumbList\",\"@id\":\"https:\/\/127.0.0.1\/it\/cultura-dimpresa\/archivio-storico-e-innovazione-per-rilanciare-lorgoglio-industriale\/#breadcrumb\",\"itemListElement\":[{\"@type\":\"ListItem\",\"position\":1,\"name\":\"Home\",\"item\":\"https:\/\/www.fondazionepirelli.org\/it\/\"},{\"@type\":\"ListItem\",\"position\":2,\"name\":\"Archivio storico e innovazione per rilanciare l\u2019orgoglio industriale\"}]},{\"@type\":\"WebSite\",\"@id\":\"https:\/\/www.fondazionepirelli.org\/it\/#website\",\"url\":\"https:\/\/www.fondazionepirelli.org\/it\/\",\"name\":\"Fondazione Pirelli\",\"description\":\"\",\"potentialAction\":[{\"@type\":\"SearchAction\",\"target\":{\"@type\":\"EntryPoint\",\"urlTemplate\":\"https:\/\/www.fondazionepirelli.org\/it\/?s={search_term_string}\"},\"query-input\":{\"@type\":\"PropertyValueSpecification\",\"valueRequired\":true,\"valueName\":\"search_term_string\"}}],\"inLanguage\":\"it-IT\"},{\"@type\":\"Person\",\"@id\":\"https:\/\/www.fondazionepirelli.org\/it\/#\/schema\/person\/f47d097000832c4a6e54538c791fdf25\",\"name\":\"fondadmin\",\"image\":{\"@type\":\"ImageObject\",\"inLanguage\":\"it-IT\",\"@id\":\"https:\/\/www.fondazionepirelli.org\/it\/#\/schema\/person\/image\/\",\"url\":\"https:\/\/secure.gravatar.com\/avatar\/e69498a9175ca244966e51e53c88712c024fcebe41f9a05f75657f1bb25e489b?s=96&d=mm&r=g\",\"contentUrl\":\"https:\/\/secure.gravatar.com\/avatar\/e69498a9175ca244966e51e53c88712c024fcebe41f9a05f75657f1bb25e489b?s=96&d=mm&r=g\",\"caption\":\"fondadmin\"},\"url\":\"https:\/\/www.fondazionepirelli.org\/it\/author\/fondadmin\/\"}]}<\/script>\n<!-- \/ Yoast SEO plugin. -->","yoast_head_json":{"title":"Archivio storico e innovazione per rilanciare l\u2019orgoglio industriale - Fondazione Pirelli","robots":{"index":"index","follow":"follow","max-snippet":"max-snippet:-1","max-image-preview":"max-image-preview:large","max-video-preview":"max-video-preview:-1"},"canonical":"https:\/\/www.fondazionepirelli.org\/it\/cultura-dimpresa\/archivio-storico-e-innovazione-per-rilanciare-lorgoglio-industriale\/","og_locale":"it_IT","og_type":"article","og_title":"Archivio storico e innovazione per rilanciare l\u2019orgoglio industriale - Fondazione Pirelli","og_description":"Archivio. La parola, nel discorso contemporaneo, ha scarso fascino. Sa di vecchio e polveroso, evoca luoghi in cui accatastare ci\u00f2 che non \u00e8 pi\u00f9 d\u2019attualit\u00e0 e dunque non serve. S\u2019apparenta al magazzino degli scarti. Un ripostiglio dell\u2019inutile memoria. Anche nei progetti di riorganizzazione del ministero del Beni e delle Attivit\u00e0 Culturali (lodevole iniziativa di riforma [&hellip;]","og_url":"https:\/\/127.0.0.1\/it\/cultura-dimpresa\/archivio-storico-e-innovazione-per-rilanciare-lorgoglio-industriale\/","og_site_name":"Fondazione Pirelli","article_published_time":"2014-07-28T00:00:00+00:00","article_modified_time":"2019-05-21T15:16:40+00:00","og_image":[{"width":249,"height":375,"url":"https:\/\/wpsite-assets.fondazionepirelli.org\/wp-content\/uploads\/2019\/05\/20101834\/1406617218839057211.jpg","type":"image\/jpeg"}],"author":"fondadmin","twitter_card":"summary_large_image","twitter_misc":{"Scritto da":"fondadmin","Tempo di lettura stimato":"3 minuti"},"schema":{"@context":"https:\/\/schema.org","@graph":[{"@type":"WebPage","@id":"https:\/\/127.0.0.1\/it\/cultura-dimpresa\/archivio-storico-e-innovazione-per-rilanciare-lorgoglio-industriale\/","url":"https:\/\/127.0.0.1\/it\/cultura-dimpresa\/archivio-storico-e-innovazione-per-rilanciare-lorgoglio-industriale\/","name":"Archivio storico e innovazione per rilanciare l\u2019orgoglio industriale - Fondazione Pirelli","isPartOf":{"@id":"https:\/\/www.fondazionepirelli.org\/it\/#website"},"primaryImageOfPage":{"@id":"https:\/\/127.0.0.1\/it\/cultura-dimpresa\/archivio-storico-e-innovazione-per-rilanciare-lorgoglio-industriale\/#primaryimage"},"image":{"@id":"https:\/\/127.0.0.1\/it\/cultura-dimpresa\/archivio-storico-e-innovazione-per-rilanciare-lorgoglio-industriale\/#primaryimage"},"thumbnailUrl":"https:\/\/wpsite-assets.fondazionepirelli.org\/wp-content\/uploads\/2019\/05\/20101834\/1406617218839057211.jpg","datePublished":"2014-07-28T00:00:00+00:00","dateModified":"2019-05-21T15:16:40+00:00","author":{"@id":"https:\/\/www.fondazionepirelli.org\/it\/#\/schema\/person\/f47d097000832c4a6e54538c791fdf25"},"breadcrumb":{"@id":"https:\/\/127.0.0.1\/it\/cultura-dimpresa\/archivio-storico-e-innovazione-per-rilanciare-lorgoglio-industriale\/#breadcrumb"},"inLanguage":"it-IT","potentialAction":[{"@type":"ReadAction","target":["https:\/\/127.0.0.1\/it\/cultura-dimpresa\/archivio-storico-e-innovazione-per-rilanciare-lorgoglio-industriale\/"]}]},{"@type":"ImageObject","inLanguage":"it-IT","@id":"https:\/\/127.0.0.1\/it\/cultura-dimpresa\/archivio-storico-e-innovazione-per-rilanciare-lorgoglio-industriale\/#primaryimage","url":"https:\/\/wpsite-assets.fondazionepirelli.org\/wp-content\/uploads\/2019\/05\/20101834\/1406617218839057211.jpg","contentUrl":"https:\/\/wpsite-assets.fondazionepirelli.org\/wp-content\/uploads\/2019\/05\/20101834\/1406617218839057211.jpg","width":249,"height":375},{"@type":"BreadcrumbList","@id":"https:\/\/127.0.0.1\/it\/cultura-dimpresa\/archivio-storico-e-innovazione-per-rilanciare-lorgoglio-industriale\/#breadcrumb","itemListElement":[{"@type":"ListItem","position":1,"name":"Home","item":"https:\/\/www.fondazionepirelli.org\/it\/"},{"@type":"ListItem","position":2,"name":"Archivio storico e innovazione per rilanciare l\u2019orgoglio industriale"}]},{"@type":"WebSite","@id":"https:\/\/www.fondazionepirelli.org\/it\/#website","url":"https:\/\/www.fondazionepirelli.org\/it\/","name":"Fondazione Pirelli","description":"","potentialAction":[{"@type":"SearchAction","target":{"@type":"EntryPoint","urlTemplate":"https:\/\/www.fondazionepirelli.org\/it\/?s={search_term_string}"},"query-input":{"@type":"PropertyValueSpecification","valueRequired":true,"valueName":"search_term_string"}}],"inLanguage":"it-IT"},{"@type":"Person","@id":"https:\/\/www.fondazionepirelli.org\/it\/#\/schema\/person\/f47d097000832c4a6e54538c791fdf25","name":"fondadmin","image":{"@type":"ImageObject","inLanguage":"it-IT","@id":"https:\/\/www.fondazionepirelli.org\/it\/#\/schema\/person\/image\/","url":"https:\/\/secure.gravatar.com\/avatar\/e69498a9175ca244966e51e53c88712c024fcebe41f9a05f75657f1bb25e489b?s=96&d=mm&r=g","contentUrl":"https:\/\/secure.gravatar.com\/avatar\/e69498a9175ca244966e51e53c88712c024fcebe41f9a05f75657f1bb25e489b?s=96&d=mm&r=g","caption":"fondadmin"},"url":"https:\/\/www.fondazionepirelli.org\/it\/author\/fondadmin\/"}]}},"_links":{"self":[{"href":"https:\/\/www.fondazionepirelli.org\/it\/wp-json\/wp\/v2\/posts\/50074\/"}],"collection":[{"href":"https:\/\/www.fondazionepirelli.org\/it\/wp-json\/wp\/v2\/posts\/"}],"about":[{"href":"https:\/\/www.fondazionepirelli.org\/it\/wp-json\/wp\/v2\/types\/post\/"}],"author":[{"embeddable":true,"href":"https:\/\/www.fondazionepirelli.org\/it\/wp-json\/wp\/v2\/users\/1\/"}],"replies":[{"embeddable":true,"href":"https:\/\/www.fondazionepirelli.org\/it\/wp-json\/wp\/v2\/comments\/?post=50074"}],"version-history":[{"count":1,"href":"https:\/\/www.fondazionepirelli.org\/it\/wp-json\/wp\/v2\/posts\/50074\/revisions\/"}],"predecessor-version":[{"id":55703,"href":"https:\/\/www.fondazionepirelli.org\/it\/wp-json\/wp\/v2\/posts\/50074\/revisions\/55703\/"}],"wp:featuredmedia":[{"embeddable":true,"href":"https:\/\/www.fondazionepirelli.org\/it\/wp-json\/wp\/v2\/media\/50075\/"}],"wp:attachment":[{"href":"https:\/\/www.fondazionepirelli.org\/it\/wp-json\/wp\/v2\/media\/?parent=50074"}],"wp:term":[{"taxonomy":"category","embeddable":true,"href":"https:\/\/www.fondazionepirelli.org\/it\/wp-json\/wp\/v2\/categories\/?post=50074"},{"taxonomy":"post_tag","embeddable":true,"href":"https:\/\/www.fondazionepirelli.org\/it\/wp-json\/wp\/v2\/tags\/?post=50074"}],"curies":[{"name":"wp","href":"https:\/\/api.w.org\/{rel}","templated":true}]}}