{"id":50077,"date":"2014-07-28T00:00:00","date_gmt":"2014-07-28T00:00:00","guid":{"rendered":"http:\/\/www.fondazionepirelli.org\/fondazione-pirelli\/il-benessere-etico-della-societa-e-delle-imprese\/"},"modified":"2019-05-24T16:09:15","modified_gmt":"2019-05-24T16:09:15","slug":"il-benessere-etico-della-societa-e-delle-imprese","status":"publish","type":"post","link":"https:\/\/www.fondazionepirelli.org\/it\/cultura-dimpresa\/il-benessere-etico-della-societa-e-delle-imprese\/","title":{"rendered":"Il benessere etico della societ\u00e0 e delle imprese"},"content":{"rendered":"<p>\u201cL\u2019efficienza produttiva di un\u2019azienda, che miri a valutare il suo sviluppo non solo con parametri economici ma anche umani e sociali, tende a valorizzare sempre meglio le capacit\u00e0, le creativit\u00e0 e le competenze professionali, umane e spirituali dei suoi dipendenti. Il principale fattore di produttivit\u00e0, pi\u00f9 rilevante del profitto e del capitale, \u00e8 dunque l\u2019uomo che lavora, con la valorizzazione del suo ambiente di vita, in particolare la famiglia e la comunit\u00e0\u201d. Non \u00e8 la visione dell\u2019impresa, dell\u2019imprenditore e di chi lavora con lui fornita da un manuale di moderna gestione aziendale, ma quella di Cesare Nosiglia, Arcivescovo di Torino, espressa a inizio luglio in un intervento di fronte ai piccoli imprenditori raccolti da API Torino, \u00a0che riunisce le PMI di una delle aree d\u2019Italia pi\u00f9 tartassate dal punto di vista industriale.<\/p>\n<p>Si tratta di un documento che delinea bene l\u2019attuale interpretazione della Chiesa dei legami fra produzione ed economia, impresa e benessere sociale, capitale e lavoro. E che legge in maniera diversa concetti come la responsabilit\u00e0 sociale d\u2019impresa, l\u2019agire dell\u2019imprenditore all\u2019interno di un determinato contesto sociale, il ruolo dei lavoratori, i conflitti aziendali.<\/p>\n<p>\u201cEtica, imprese, societ\u00e0 e benessere\u201d \u2013 questo il titolo dell\u2019intervento di Nosiglia -, non fa sconti a nessuno ma parla di un \u201cpatto generazionale\u201d per venir fuori dalle difficolt\u00e0 e che mette insieme istituzioni, giovani, imprese e forze culturali. Dice Nosiglia: \u201cLe attuali difficolt\u00e0 economiche fanno prevedere scenari difficili, che vanno attentamente considerati e prevenuti con un\u2019accorta strategia, che veda le forze culturali (formazione), imprenditoriali, politiche e sociali agire insieme per gestire questa fase con accortezza e spirito di solidariet\u00e0, in vista di un patto sociale e generazionale che guardi al futuro del nostro territorio e valorizzi le imprese che malgrado tutto resistono e cercano sbocchi nuovi di mercato per affrontare l\u2019attuale momento difficile\u201d.<\/p>\n<p>Insieme per superare la crisi, quindi. Ma non in maniera buonista e basta. Guardando, invece, ad una nuova cultura d\u2019impresa e del lavoro, con un\u2019attenzione particolare alle necessit\u00e0 del capitale ma anche a quelle dei lavoratori. E della societ\u00e0. E tirando in gioco anche la Chiesa che \u201cha \u2013 spiega l\u2019Arcivescovo -, una grande responsabilit\u00e0\u201d come istituzione fatta per\u00f2 da singoli \u201ccristiani imprenditori\u201d che devono agire come tali. Anche nelle singole imprese.<\/p>\n<p>Nosiglia poi aggiunge: \u201cVa messo in bilancio che l\u2019ambiente di lavoro, la produzione, le leggi economiche, il mercato comportano una serie di difficolt\u00e0, che possono apparire a volte insormontabili e comunque creano tensione, conflittualit\u00e0, ingiustizie\u201d. Passaggio delicato e critico al quale, per l\u2019Arcivescovo di Torino, occorre rispondere facendo ricorso non solo alla religione ma anche agli elementi dell\u2019etica \u00a0che \u201cogni uomo sente dentro di s\u00e9 in quanto persona\u201d.<\/p>\n<p>Cos\u00ec , l\u2019etica d\u2019impresa e del profitto finisce per agganciarsi a quella cristiana e sociale. Situazione non nuova, adesso per\u00f2 con un elemento importante, sottolineato dallo stesso Arcivescovo, e pi\u00f9 chiaro forse rispetto al passato: le difficolt\u00e0 si superano con l\u2019impegno di tutti, cristiani e non cristiani, imprenditori e operai.<\/p>\n<p>Quella di Nosiglia, \u00e8 una lettura che \u00a0pu\u00f2 porre molti interrogativi sull\u2019agire concreto all\u2019interno del tessuto sociale e produttivo e mettere quindi in crisi schemi gi\u00e0 costruiti. Una lettura che fa bene leggere.<\/p><p><strong>\u201cEtica, imprese, societ\u00e0 e benessere\u201d<\/strong><\/p>\n<p>Intervento dell\u2019Arcivescovo di Torino, Monsignor Cesare Nosiglia<\/p>\n<p>Torino, 2 luglio 2014<\/p>\n","protected":false},"excerpt":{"rendered":"<p>\u201cL\u2019efficienza produttiva di un\u2019azienda, che miri a valutare il suo sviluppo non solo con parametri economici ma anche umani e sociali, tende a valorizzare sempre meglio le capacit\u00e0, le creativit\u00e0 e le competenze professionali, umane e spirituali dei suoi dipendenti. Il principale fattore di produttivit\u00e0, pi\u00f9 rilevante del profitto e del capitale, \u00e8 dunque l\u2019uomo [&hellip;]<\/p>\n","protected":false},"author":1,"featured_media":0,"comment_status":"open","ping_status":"open","sticky":false,"template":"","format":"standard","meta":{"footnotes":""},"categories":[54,52],"tags":[],"class_list":["post-50077","post","type-post","status-publish","format-standard","hentry","category-approfondimenti","category-cultura-dimpresa"],"acf":[],"yoast_head":"<!-- This site is optimized with the Yoast SEO plugin v25.0 - https:\/\/yoast.com\/wordpress\/plugins\/seo\/ -->\n<title>Il benessere etico della societ\u00e0 e delle imprese - Fondazione Pirelli<\/title>\n<meta name=\"robots\" content=\"index, follow, max-snippet:-1, max-image-preview:large, max-video-preview:-1\" \/>\n<link rel=\"canonical\" href=\"https:\/\/www.fondazionepirelli.org\/it\/cultura-dimpresa\/il-benessere-etico-della-societa-e-delle-imprese\/\" \/>\n<meta property=\"og:locale\" content=\"it_IT\" \/>\n<meta property=\"og:type\" content=\"article\" \/>\n<meta property=\"og:title\" content=\"Il benessere etico della societ\u00e0 e delle imprese - Fondazione Pirelli\" \/>\n<meta property=\"og:description\" content=\"\u201cL\u2019efficienza produttiva di un\u2019azienda, che miri a valutare il suo sviluppo non solo con parametri economici ma anche umani e sociali, tende a valorizzare sempre meglio le capacit\u00e0, le creativit\u00e0 e le competenze professionali, umane e spirituali dei suoi dipendenti. Il principale fattore di produttivit\u00e0, pi\u00f9 rilevante del profitto e del capitale, \u00e8 dunque l\u2019uomo [&hellip;]\" \/>\n<meta property=\"og:url\" content=\"https:\/\/127.0.0.1\/it\/cultura-dimpresa\/il-benessere-etico-della-societa-e-delle-imprese\/\" \/>\n<meta property=\"og:site_name\" content=\"Fondazione Pirelli\" \/>\n<meta property=\"article:published_time\" content=\"2014-07-28T00:00:00+00:00\" \/>\n<meta property=\"article:modified_time\" content=\"2019-05-24T16:09:15+00:00\" \/>\n<meta name=\"author\" content=\"fondadmin\" \/>\n<meta name=\"twitter:card\" content=\"summary_large_image\" \/>\n<meta name=\"twitter:label1\" content=\"Scritto da\" \/>\n\t<meta name=\"twitter:data1\" content=\"fondadmin\" \/>\n\t<meta name=\"twitter:label2\" content=\"Tempo di lettura stimato\" \/>\n\t<meta name=\"twitter:data2\" content=\"3 minuti\" \/>\n<script type=\"application\/ld+json\" class=\"yoast-schema-graph\">{\"@context\":\"https:\/\/schema.org\",\"@graph\":[{\"@type\":\"WebPage\",\"@id\":\"https:\/\/127.0.0.1\/it\/cultura-dimpresa\/il-benessere-etico-della-societa-e-delle-imprese\/\",\"url\":\"https:\/\/127.0.0.1\/it\/cultura-dimpresa\/il-benessere-etico-della-societa-e-delle-imprese\/\",\"name\":\"Il benessere etico della societ\u00e0 e delle imprese - Fondazione Pirelli\",\"isPartOf\":{\"@id\":\"https:\/\/www.fondazionepirelli.org\/it\/#website\"},\"datePublished\":\"2014-07-28T00:00:00+00:00\",\"dateModified\":\"2019-05-24T16:09:15+00:00\",\"author\":{\"@id\":\"https:\/\/www.fondazionepirelli.org\/it\/#\/schema\/person\/f47d097000832c4a6e54538c791fdf25\"},\"breadcrumb\":{\"@id\":\"https:\/\/127.0.0.1\/it\/cultura-dimpresa\/il-benessere-etico-della-societa-e-delle-imprese\/#breadcrumb\"},\"inLanguage\":\"it-IT\",\"potentialAction\":[{\"@type\":\"ReadAction\",\"target\":[\"https:\/\/127.0.0.1\/it\/cultura-dimpresa\/il-benessere-etico-della-societa-e-delle-imprese\/\"]}]},{\"@type\":\"BreadcrumbList\",\"@id\":\"https:\/\/127.0.0.1\/it\/cultura-dimpresa\/il-benessere-etico-della-societa-e-delle-imprese\/#breadcrumb\",\"itemListElement\":[{\"@type\":\"ListItem\",\"position\":1,\"name\":\"Home\",\"item\":\"https:\/\/www.fondazionepirelli.org\/it\/\"},{\"@type\":\"ListItem\",\"position\":2,\"name\":\"Il benessere etico della societ\u00e0 e delle imprese\"}]},{\"@type\":\"WebSite\",\"@id\":\"https:\/\/www.fondazionepirelli.org\/it\/#website\",\"url\":\"https:\/\/www.fondazionepirelli.org\/it\/\",\"name\":\"Fondazione Pirelli\",\"description\":\"\",\"potentialAction\":[{\"@type\":\"SearchAction\",\"target\":{\"@type\":\"EntryPoint\",\"urlTemplate\":\"https:\/\/www.fondazionepirelli.org\/it\/?s={search_term_string}\"},\"query-input\":{\"@type\":\"PropertyValueSpecification\",\"valueRequired\":true,\"valueName\":\"search_term_string\"}}],\"inLanguage\":\"it-IT\"},{\"@type\":\"Person\",\"@id\":\"https:\/\/www.fondazionepirelli.org\/it\/#\/schema\/person\/f47d097000832c4a6e54538c791fdf25\",\"name\":\"fondadmin\",\"image\":{\"@type\":\"ImageObject\",\"inLanguage\":\"it-IT\",\"@id\":\"https:\/\/www.fondazionepirelli.org\/it\/#\/schema\/person\/image\/\",\"url\":\"https:\/\/secure.gravatar.com\/avatar\/e69498a9175ca244966e51e53c88712c024fcebe41f9a05f75657f1bb25e489b?s=96&d=mm&r=g\",\"contentUrl\":\"https:\/\/secure.gravatar.com\/avatar\/e69498a9175ca244966e51e53c88712c024fcebe41f9a05f75657f1bb25e489b?s=96&d=mm&r=g\",\"caption\":\"fondadmin\"},\"url\":\"https:\/\/www.fondazionepirelli.org\/it\/author\/fondadmin\/\"}]}<\/script>\n<!-- \/ Yoast SEO plugin. -->","yoast_head_json":{"title":"Il benessere etico della societ\u00e0 e delle imprese - Fondazione Pirelli","robots":{"index":"index","follow":"follow","max-snippet":"max-snippet:-1","max-image-preview":"max-image-preview:large","max-video-preview":"max-video-preview:-1"},"canonical":"https:\/\/www.fondazionepirelli.org\/it\/cultura-dimpresa\/il-benessere-etico-della-societa-e-delle-imprese\/","og_locale":"it_IT","og_type":"article","og_title":"Il benessere etico della societ\u00e0 e delle imprese - Fondazione Pirelli","og_description":"\u201cL\u2019efficienza produttiva di un\u2019azienda, che miri a valutare il suo sviluppo non solo con parametri economici ma anche umani e sociali, tende a valorizzare sempre meglio le capacit\u00e0, le creativit\u00e0 e le competenze professionali, umane e spirituali dei suoi dipendenti. Il principale fattore di produttivit\u00e0, pi\u00f9 rilevante del profitto e del capitale, \u00e8 dunque l\u2019uomo [&hellip;]","og_url":"https:\/\/127.0.0.1\/it\/cultura-dimpresa\/il-benessere-etico-della-societa-e-delle-imprese\/","og_site_name":"Fondazione Pirelli","article_published_time":"2014-07-28T00:00:00+00:00","article_modified_time":"2019-05-24T16:09:15+00:00","author":"fondadmin","twitter_card":"summary_large_image","twitter_misc":{"Scritto da":"fondadmin","Tempo di lettura stimato":"3 minuti"},"schema":{"@context":"https:\/\/schema.org","@graph":[{"@type":"WebPage","@id":"https:\/\/127.0.0.1\/it\/cultura-dimpresa\/il-benessere-etico-della-societa-e-delle-imprese\/","url":"https:\/\/127.0.0.1\/it\/cultura-dimpresa\/il-benessere-etico-della-societa-e-delle-imprese\/","name":"Il benessere etico della societ\u00e0 e delle imprese - Fondazione Pirelli","isPartOf":{"@id":"https:\/\/www.fondazionepirelli.org\/it\/#website"},"datePublished":"2014-07-28T00:00:00+00:00","dateModified":"2019-05-24T16:09:15+00:00","author":{"@id":"https:\/\/www.fondazionepirelli.org\/it\/#\/schema\/person\/f47d097000832c4a6e54538c791fdf25"},"breadcrumb":{"@id":"https:\/\/127.0.0.1\/it\/cultura-dimpresa\/il-benessere-etico-della-societa-e-delle-imprese\/#breadcrumb"},"inLanguage":"it-IT","potentialAction":[{"@type":"ReadAction","target":["https:\/\/127.0.0.1\/it\/cultura-dimpresa\/il-benessere-etico-della-societa-e-delle-imprese\/"]}]},{"@type":"BreadcrumbList","@id":"https:\/\/127.0.0.1\/it\/cultura-dimpresa\/il-benessere-etico-della-societa-e-delle-imprese\/#breadcrumb","itemListElement":[{"@type":"ListItem","position":1,"name":"Home","item":"https:\/\/www.fondazionepirelli.org\/it\/"},{"@type":"ListItem","position":2,"name":"Il benessere etico della societ\u00e0 e delle imprese"}]},{"@type":"WebSite","@id":"https:\/\/www.fondazionepirelli.org\/it\/#website","url":"https:\/\/www.fondazionepirelli.org\/it\/","name":"Fondazione Pirelli","description":"","potentialAction":[{"@type":"SearchAction","target":{"@type":"EntryPoint","urlTemplate":"https:\/\/www.fondazionepirelli.org\/it\/?s={search_term_string}"},"query-input":{"@type":"PropertyValueSpecification","valueRequired":true,"valueName":"search_term_string"}}],"inLanguage":"it-IT"},{"@type":"Person","@id":"https:\/\/www.fondazionepirelli.org\/it\/#\/schema\/person\/f47d097000832c4a6e54538c791fdf25","name":"fondadmin","image":{"@type":"ImageObject","inLanguage":"it-IT","@id":"https:\/\/www.fondazionepirelli.org\/it\/#\/schema\/person\/image\/","url":"https:\/\/secure.gravatar.com\/avatar\/e69498a9175ca244966e51e53c88712c024fcebe41f9a05f75657f1bb25e489b?s=96&d=mm&r=g","contentUrl":"https:\/\/secure.gravatar.com\/avatar\/e69498a9175ca244966e51e53c88712c024fcebe41f9a05f75657f1bb25e489b?s=96&d=mm&r=g","caption":"fondadmin"},"url":"https:\/\/www.fondazionepirelli.org\/it\/author\/fondadmin\/"}]}},"_links":{"self":[{"href":"https:\/\/www.fondazionepirelli.org\/it\/wp-json\/wp\/v2\/posts\/50077\/"}],"collection":[{"href":"https:\/\/www.fondazionepirelli.org\/it\/wp-json\/wp\/v2\/posts\/"}],"about":[{"href":"https:\/\/www.fondazionepirelli.org\/it\/wp-json\/wp\/v2\/types\/post\/"}],"author":[{"embeddable":true,"href":"https:\/\/www.fondazionepirelli.org\/it\/wp-json\/wp\/v2\/users\/1\/"}],"replies":[{"embeddable":true,"href":"https:\/\/www.fondazionepirelli.org\/it\/wp-json\/wp\/v2\/comments\/?post=50077"}],"version-history":[{"count":1,"href":"https:\/\/www.fondazionepirelli.org\/it\/wp-json\/wp\/v2\/posts\/50077\/revisions\/"}],"predecessor-version":[{"id":56061,"href":"https:\/\/www.fondazionepirelli.org\/it\/wp-json\/wp\/v2\/posts\/50077\/revisions\/56061\/"}],"wp:attachment":[{"href":"https:\/\/www.fondazionepirelli.org\/it\/wp-json\/wp\/v2\/media\/?parent=50077"}],"wp:term":[{"taxonomy":"category","embeddable":true,"href":"https:\/\/www.fondazionepirelli.org\/it\/wp-json\/wp\/v2\/categories\/?post=50077"},{"taxonomy":"post_tag","embeddable":true,"href":"https:\/\/www.fondazionepirelli.org\/it\/wp-json\/wp\/v2\/tags\/?post=50077"}],"curies":[{"name":"wp","href":"https:\/\/api.w.org\/{rel}","templated":true}]}}