{"id":50085,"date":"2014-07-21T00:00:00","date_gmt":"2014-07-21T00:00:00","guid":{"rendered":"http:\/\/www.fondazionepirelli.org\/fondazione-pirelli\/laria-pura-di-adriano-olivetti\/"},"modified":"2019-10-31T18:16:13","modified_gmt":"2019-10-31T16:16:13","slug":"laria-pura-di-adriano-olivetti","status":"publish","type":"post","link":"https:\/\/www.fondazionepirelli.org\/it\/cultura-dimpresa\/laria-pura-di-adriano-olivetti\/","title":{"rendered":"L\u2019aria pura di Adriano Olivetti"},"content":{"rendered":"<p>Guardare all\u2019industria come ad un bene collettivo. Vedere l\u2019impresa come una conquista di tutti. In tempi complessi come quelli che la societ\u00e0 e il sistema produttivo stanno attraversando, concetti di questo genere appaiono quantomeno anacronistici, altro dalla realt\u00e0 (anche quella sognata). Di fatto per\u00f2, la ripresa della produzione, gli esempi migliori di essa, una prospettiva seria e concreta \u00a0di sviluppo passano anche da concetti di questo genere. Aria pura che si deve diffondere. Aria attualissima eppure non nuova. A farla sentire meglio di molti altri, a darle un fascino e una profondit\u00e0 particolari ci aveva gi\u00e0 pensato Adriano Olivetti del quale, in questi mesi le rinate Edizioni di Comunit\u00e0 stanno ripubblicando tutti gli scritti.<\/p>\n<p>\u201cLe fabbriche del bene\u201d \u2013 volumetto agile che si legge d\u2019un fiato -, raccoglie due significativi interventi dell\u2019imprenditore di Ivrea: il primo \u00e8 la sintesi del progetto di Comunit\u00e0 cio\u00e8 dell\u2019idea, fondata anche sulla fabbrica, di convivenza civile di Olivetti; il secondo (\u201cDovete conoscere i fini del vostro lavoro\u201d), \u00e8 un discorso tenuto nel giugno del \u201945 agli operai \u00a0della Olivetti subito dopo la Liberazione. In entrambi appaiono a pi\u00f9 riprese suggestioni, lampi, idee, concetti che appaiono oggi come ieri provocatori ed unici, ispiratori di organizzazioni e gestioni del lavoro modernissime ma ancora difficilmente reperibili in una forma compiuta.<\/p>\n<p>\u201cOgni azienda importante determina, per i suoi problemi tecnici e per i bisogni di vita dei propri dipendenti, continui conflitti di interessi con l\u2019ambiente in cui vive\u201d, ammette per esempio Olivetti, nel primo intervento contenuto nel volume, che aggiunge subito dopo: \u201cIn verit\u00e0 il bene comune nell\u2019industria \u00e8 una funzione complessa di: interessi individuali e diretti dei partecipanti al lavoro; interessi spirituali solidaristici e sociali indiretti dei medesimi; interessi dell\u2019ambiente immediatamente vicino, che trae ragion di vita e di sviluppo dal progredire dell\u2019industria; interessi del territorio immediatamente limitrofo\u201d. Tutto per arrivare a dire che l\u2019unica soluzione possibile per il benessere e il progresso sta \u201cnell\u2019equilibrio tra le forze che rappresentando gli interessi descritti\u201d. Una conclusione che vale ancora e che spesso tuttavia sembra lontana dalla realt\u00e0 dei tempi.<\/p>\n<p>Ancora pi\u00f9 vicino alla fabbrica, alla sua cultura e al lavoro che vi si svolge \u00e8 il secondo scritto contenuto nel volume. Che inizia subito con la testimonianza della presenza di qualcosa che sfugge ad \u201cun esame razionale\u201d dell\u2019agire imprenditoriale per valutare il quale non \u00e8 sufficiente il solo calcolo. \u00a0Poi arriva il racconto della fabbrica durante la guerra che serve per gettare insolite (apparentemente per molti ma non per Olivetti), basi della fabbrica del futuro. Alla domanda su cosa fare, Adriano Olivetti infatti risponde: \u201cSaremo condotti dai valori spirituali, che sono valori eterni. Seguendo questi i beni materiali sorgeranno da s\u00e9 senza che non li ricerchiamo\u201d.<\/p>\n<p>Ha ragione Gustavo Zagrebelsky \u00a0nella bella introduzione al volume: le idee di Olivetti potevano \u201csembrare fuori dal mondo\u201d e in effetti Olivetti era ed \u00e8 \u201cfuori di quel mondo e di questo attuale, ma voleva rappresentare l\u2019ingresso in un altro mondo\u201d.<\/p><p><strong>Le fabbriche del bene<\/strong><\/p>\n<p>Adriano Olivetti<\/p>\n<p>Edizioni di Comunit\u00e0, 2014<\/p>","protected":false},"excerpt":{"rendered":"<p>Guardare all\u2019industria come ad un bene collettivo. Vedere l\u2019impresa come una conquista di tutti. In tempi complessi come quelli che la societ\u00e0 e il sistema produttivo stanno attraversando, concetti di questo genere appaiono quantomeno anacronistici, altro dalla realt\u00e0 (anche quella sognata). Di fatto per\u00f2, la ripresa della produzione, gli esempi migliori di essa, una prospettiva [&hellip;]<\/p>\n","protected":false},"author":1,"featured_media":50086,"comment_status":"open","ping_status":"open","sticky":false,"template":"","format":"standard","meta":{"footnotes":""},"categories":[52,58],"tags":[],"class_list":["post-50085","post","type-post","status-publish","format-standard","has-post-thumbnail","hentry","category-cultura-dimpresa","category-recensioni-libri"],"acf":[],"yoast_head":"<!-- This site is optimized with the Yoast SEO plugin v25.0 - https:\/\/yoast.com\/wordpress\/plugins\/seo\/ -->\n<title>L\u2019aria pura di Adriano Olivetti - Fondazione Pirelli<\/title>\n<meta name=\"robots\" content=\"index, follow, max-snippet:-1, max-image-preview:large, max-video-preview:-1\" \/>\n<link rel=\"canonical\" href=\"https:\/\/www.fondazionepirelli.org\/it\/cultura-dimpresa\/laria-pura-di-adriano-olivetti\/\" \/>\n<meta property=\"og:locale\" content=\"it_IT\" \/>\n<meta property=\"og:type\" content=\"article\" \/>\n<meta property=\"og:title\" content=\"L\u2019aria pura di Adriano Olivetti - Fondazione Pirelli\" \/>\n<meta property=\"og:description\" content=\"Guardare all\u2019industria come ad un bene collettivo. Vedere l\u2019impresa come una conquista di tutti. In tempi complessi come quelli che la societ\u00e0 e il sistema produttivo stanno attraversando, concetti di questo genere appaiono quantomeno anacronistici, altro dalla realt\u00e0 (anche quella sognata). Di fatto per\u00f2, la ripresa della produzione, gli esempi migliori di essa, una prospettiva [&hellip;]\" \/>\n<meta property=\"og:url\" content=\"https:\/\/www.fondazionepirelli.org\/it\/cultura-dimpresa\/laria-pura-di-adriano-olivetti\/\" \/>\n<meta property=\"og:site_name\" content=\"Fondazione Pirelli\" \/>\n<meta property=\"article:published_time\" content=\"2014-07-21T00:00:00+00:00\" \/>\n<meta property=\"article:modified_time\" content=\"2019-10-31T16:16:13+00:00\" \/>\n<meta property=\"og:image\" content=\"https:\/\/wpsite-assets.fondazionepirelli.org\/wp-content\/uploads\/2019\/05\/20101831\/14059400392027479685.jpg\" \/>\n\t<meta property=\"og:image:width\" content=\"250\" \/>\n\t<meta property=\"og:image:height\" content=\"377\" \/>\n\t<meta property=\"og:image:type\" content=\"image\/jpeg\" \/>\n<meta name=\"author\" content=\"fondadmin\" \/>\n<meta name=\"twitter:card\" content=\"summary_large_image\" \/>\n<meta name=\"twitter:label1\" content=\"Scritto da\" \/>\n\t<meta name=\"twitter:data1\" content=\"fondadmin\" \/>\n\t<meta name=\"twitter:label2\" content=\"Tempo di lettura stimato\" \/>\n\t<meta name=\"twitter:data2\" content=\"3 minuti\" \/>\n<script type=\"application\/ld+json\" class=\"yoast-schema-graph\">{\"@context\":\"https:\/\/schema.org\",\"@graph\":[{\"@type\":\"WebPage\",\"@id\":\"https:\/\/www.fondazionepirelli.org\/it\/cultura-dimpresa\/laria-pura-di-adriano-olivetti\/\",\"url\":\"https:\/\/www.fondazionepirelli.org\/it\/cultura-dimpresa\/laria-pura-di-adriano-olivetti\/\",\"name\":\"L\u2019aria pura di Adriano Olivetti - Fondazione Pirelli\",\"isPartOf\":{\"@id\":\"https:\/\/www.fondazionepirelli.org\/it\/#website\"},\"primaryImageOfPage\":{\"@id\":\"https:\/\/www.fondazionepirelli.org\/it\/cultura-dimpresa\/laria-pura-di-adriano-olivetti\/#primaryimage\"},\"image\":{\"@id\":\"https:\/\/www.fondazionepirelli.org\/it\/cultura-dimpresa\/laria-pura-di-adriano-olivetti\/#primaryimage\"},\"thumbnailUrl\":\"https:\/\/wpsite-assets.fondazionepirelli.org\/wp-content\/uploads\/2019\/05\/20101831\/14059400392027479685.jpg\",\"datePublished\":\"2014-07-21T00:00:00+00:00\",\"dateModified\":\"2019-10-31T16:16:13+00:00\",\"author\":{\"@id\":\"https:\/\/www.fondazionepirelli.org\/it\/#\/schema\/person\/f47d097000832c4a6e54538c791fdf25\"},\"breadcrumb\":{\"@id\":\"https:\/\/www.fondazionepirelli.org\/it\/cultura-dimpresa\/laria-pura-di-adriano-olivetti\/#breadcrumb\"},\"inLanguage\":\"it-IT\",\"potentialAction\":[{\"@type\":\"ReadAction\",\"target\":[\"https:\/\/www.fondazionepirelli.org\/it\/cultura-dimpresa\/laria-pura-di-adriano-olivetti\/\"]}]},{\"@type\":\"ImageObject\",\"inLanguage\":\"it-IT\",\"@id\":\"https:\/\/www.fondazionepirelli.org\/it\/cultura-dimpresa\/laria-pura-di-adriano-olivetti\/#primaryimage\",\"url\":\"https:\/\/wpsite-assets.fondazionepirelli.org\/wp-content\/uploads\/2019\/05\/20101831\/14059400392027479685.jpg\",\"contentUrl\":\"https:\/\/wpsite-assets.fondazionepirelli.org\/wp-content\/uploads\/2019\/05\/20101831\/14059400392027479685.jpg\",\"width\":250,\"height\":377},{\"@type\":\"BreadcrumbList\",\"@id\":\"https:\/\/www.fondazionepirelli.org\/it\/cultura-dimpresa\/laria-pura-di-adriano-olivetti\/#breadcrumb\",\"itemListElement\":[{\"@type\":\"ListItem\",\"position\":1,\"name\":\"Home\",\"item\":\"https:\/\/www.fondazionepirelli.org\/it\/\"},{\"@type\":\"ListItem\",\"position\":2,\"name\":\"L\u2019aria pura di Adriano Olivetti\"}]},{\"@type\":\"WebSite\",\"@id\":\"https:\/\/www.fondazionepirelli.org\/it\/#website\",\"url\":\"https:\/\/www.fondazionepirelli.org\/it\/\",\"name\":\"Fondazione Pirelli\",\"description\":\"\",\"potentialAction\":[{\"@type\":\"SearchAction\",\"target\":{\"@type\":\"EntryPoint\",\"urlTemplate\":\"https:\/\/www.fondazionepirelli.org\/it\/?s={search_term_string}\"},\"query-input\":{\"@type\":\"PropertyValueSpecification\",\"valueRequired\":true,\"valueName\":\"search_term_string\"}}],\"inLanguage\":\"it-IT\"},{\"@type\":\"Person\",\"@id\":\"https:\/\/www.fondazionepirelli.org\/it\/#\/schema\/person\/f47d097000832c4a6e54538c791fdf25\",\"name\":\"fondadmin\",\"image\":{\"@type\":\"ImageObject\",\"inLanguage\":\"it-IT\",\"@id\":\"https:\/\/www.fondazionepirelli.org\/it\/#\/schema\/person\/image\/\",\"url\":\"https:\/\/secure.gravatar.com\/avatar\/e69498a9175ca244966e51e53c88712c024fcebe41f9a05f75657f1bb25e489b?s=96&d=mm&r=g\",\"contentUrl\":\"https:\/\/secure.gravatar.com\/avatar\/e69498a9175ca244966e51e53c88712c024fcebe41f9a05f75657f1bb25e489b?s=96&d=mm&r=g\",\"caption\":\"fondadmin\"},\"url\":\"https:\/\/www.fondazionepirelli.org\/it\/author\/fondadmin\/\"}]}<\/script>\n<!-- \/ Yoast SEO plugin. -->","yoast_head_json":{"title":"L\u2019aria pura di Adriano Olivetti - Fondazione Pirelli","robots":{"index":"index","follow":"follow","max-snippet":"max-snippet:-1","max-image-preview":"max-image-preview:large","max-video-preview":"max-video-preview:-1"},"canonical":"https:\/\/www.fondazionepirelli.org\/it\/cultura-dimpresa\/laria-pura-di-adriano-olivetti\/","og_locale":"it_IT","og_type":"article","og_title":"L\u2019aria pura di Adriano Olivetti - Fondazione Pirelli","og_description":"Guardare all\u2019industria come ad un bene collettivo. Vedere l\u2019impresa come una conquista di tutti. In tempi complessi come quelli che la societ\u00e0 e il sistema produttivo stanno attraversando, concetti di questo genere appaiono quantomeno anacronistici, altro dalla realt\u00e0 (anche quella sognata). Di fatto per\u00f2, la ripresa della produzione, gli esempi migliori di essa, una prospettiva [&hellip;]","og_url":"https:\/\/www.fondazionepirelli.org\/it\/cultura-dimpresa\/laria-pura-di-adriano-olivetti\/","og_site_name":"Fondazione Pirelli","article_published_time":"2014-07-21T00:00:00+00:00","article_modified_time":"2019-10-31T16:16:13+00:00","og_image":[{"width":250,"height":377,"url":"https:\/\/wpsite-assets.fondazionepirelli.org\/wp-content\/uploads\/2019\/05\/20101831\/14059400392027479685.jpg","type":"image\/jpeg"}],"author":"fondadmin","twitter_card":"summary_large_image","twitter_misc":{"Scritto da":"fondadmin","Tempo di lettura stimato":"3 minuti"},"schema":{"@context":"https:\/\/schema.org","@graph":[{"@type":"WebPage","@id":"https:\/\/www.fondazionepirelli.org\/it\/cultura-dimpresa\/laria-pura-di-adriano-olivetti\/","url":"https:\/\/www.fondazionepirelli.org\/it\/cultura-dimpresa\/laria-pura-di-adriano-olivetti\/","name":"L\u2019aria pura di Adriano Olivetti - Fondazione Pirelli","isPartOf":{"@id":"https:\/\/www.fondazionepirelli.org\/it\/#website"},"primaryImageOfPage":{"@id":"https:\/\/www.fondazionepirelli.org\/it\/cultura-dimpresa\/laria-pura-di-adriano-olivetti\/#primaryimage"},"image":{"@id":"https:\/\/www.fondazionepirelli.org\/it\/cultura-dimpresa\/laria-pura-di-adriano-olivetti\/#primaryimage"},"thumbnailUrl":"https:\/\/wpsite-assets.fondazionepirelli.org\/wp-content\/uploads\/2019\/05\/20101831\/14059400392027479685.jpg","datePublished":"2014-07-21T00:00:00+00:00","dateModified":"2019-10-31T16:16:13+00:00","author":{"@id":"https:\/\/www.fondazionepirelli.org\/it\/#\/schema\/person\/f47d097000832c4a6e54538c791fdf25"},"breadcrumb":{"@id":"https:\/\/www.fondazionepirelli.org\/it\/cultura-dimpresa\/laria-pura-di-adriano-olivetti\/#breadcrumb"},"inLanguage":"it-IT","potentialAction":[{"@type":"ReadAction","target":["https:\/\/www.fondazionepirelli.org\/it\/cultura-dimpresa\/laria-pura-di-adriano-olivetti\/"]}]},{"@type":"ImageObject","inLanguage":"it-IT","@id":"https:\/\/www.fondazionepirelli.org\/it\/cultura-dimpresa\/laria-pura-di-adriano-olivetti\/#primaryimage","url":"https:\/\/wpsite-assets.fondazionepirelli.org\/wp-content\/uploads\/2019\/05\/20101831\/14059400392027479685.jpg","contentUrl":"https:\/\/wpsite-assets.fondazionepirelli.org\/wp-content\/uploads\/2019\/05\/20101831\/14059400392027479685.jpg","width":250,"height":377},{"@type":"BreadcrumbList","@id":"https:\/\/www.fondazionepirelli.org\/it\/cultura-dimpresa\/laria-pura-di-adriano-olivetti\/#breadcrumb","itemListElement":[{"@type":"ListItem","position":1,"name":"Home","item":"https:\/\/www.fondazionepirelli.org\/it\/"},{"@type":"ListItem","position":2,"name":"L\u2019aria pura di Adriano Olivetti"}]},{"@type":"WebSite","@id":"https:\/\/www.fondazionepirelli.org\/it\/#website","url":"https:\/\/www.fondazionepirelli.org\/it\/","name":"Fondazione Pirelli","description":"","potentialAction":[{"@type":"SearchAction","target":{"@type":"EntryPoint","urlTemplate":"https:\/\/www.fondazionepirelli.org\/it\/?s={search_term_string}"},"query-input":{"@type":"PropertyValueSpecification","valueRequired":true,"valueName":"search_term_string"}}],"inLanguage":"it-IT"},{"@type":"Person","@id":"https:\/\/www.fondazionepirelli.org\/it\/#\/schema\/person\/f47d097000832c4a6e54538c791fdf25","name":"fondadmin","image":{"@type":"ImageObject","inLanguage":"it-IT","@id":"https:\/\/www.fondazionepirelli.org\/it\/#\/schema\/person\/image\/","url":"https:\/\/secure.gravatar.com\/avatar\/e69498a9175ca244966e51e53c88712c024fcebe41f9a05f75657f1bb25e489b?s=96&d=mm&r=g","contentUrl":"https:\/\/secure.gravatar.com\/avatar\/e69498a9175ca244966e51e53c88712c024fcebe41f9a05f75657f1bb25e489b?s=96&d=mm&r=g","caption":"fondadmin"},"url":"https:\/\/www.fondazionepirelli.org\/it\/author\/fondadmin\/"}]}},"_links":{"self":[{"href":"https:\/\/www.fondazionepirelli.org\/it\/wp-json\/wp\/v2\/posts\/50085\/"}],"collection":[{"href":"https:\/\/www.fondazionepirelli.org\/it\/wp-json\/wp\/v2\/posts\/"}],"about":[{"href":"https:\/\/www.fondazionepirelli.org\/it\/wp-json\/wp\/v2\/types\/post\/"}],"author":[{"embeddable":true,"href":"https:\/\/www.fondazionepirelli.org\/it\/wp-json\/wp\/v2\/users\/1\/"}],"replies":[{"embeddable":true,"href":"https:\/\/www.fondazionepirelli.org\/it\/wp-json\/wp\/v2\/comments\/?post=50085"}],"version-history":[{"count":3,"href":"https:\/\/www.fondazionepirelli.org\/it\/wp-json\/wp\/v2\/posts\/50085\/revisions\/"}],"predecessor-version":[{"id":71324,"href":"https:\/\/www.fondazionepirelli.org\/it\/wp-json\/wp\/v2\/posts\/50085\/revisions\/71324\/"}],"wp:featuredmedia":[{"embeddable":true,"href":"https:\/\/www.fondazionepirelli.org\/it\/wp-json\/wp\/v2\/media\/50086\/"}],"wp:attachment":[{"href":"https:\/\/www.fondazionepirelli.org\/it\/wp-json\/wp\/v2\/media\/?parent=50085"}],"wp:term":[{"taxonomy":"category","embeddable":true,"href":"https:\/\/www.fondazionepirelli.org\/it\/wp-json\/wp\/v2\/categories\/?post=50085"},{"taxonomy":"post_tag","embeddable":true,"href":"https:\/\/www.fondazionepirelli.org\/it\/wp-json\/wp\/v2\/tags\/?post=50085"}],"curies":[{"name":"wp","href":"https:\/\/api.w.org\/{rel}","templated":true}]}}