{"id":50091,"date":"2014-07-14T00:00:00","date_gmt":"2014-07-14T00:00:00","guid":{"rendered":"http:\/\/www.fondazionepirelli.org\/fondazione-pirelli\/collaborare-fra-diversi-per-crescere-tutti\/"},"modified":"2019-05-24T16:03:35","modified_gmt":"2019-05-24T16:03:35","slug":"collaborare-fra-diversi-per-crescere-tutti","status":"publish","type":"post","link":"https:\/\/www.fondazionepirelli.org\/it\/cultura-dimpresa\/collaborare-fra-diversi-per-crescere-tutti\/","title":{"rendered":"Collaborare fra \u201cdiversi\u201d per crescere tutti"},"content":{"rendered":"<p>Come si fa a far collaborare imprese che hanno come obiettivo il profitto e altre che, invece, hanno come traguardo il benessere sociale? Il tema \u00e8 importante, soprattutto oggi. Perch\u00e9 da un lato di responsabilit\u00e0 sociale dell\u2019impresa \u201cprofit\u201d si parla sempre pi\u00f9 spesso; dall\u2019altro l\u2019attivit\u00e0 delle aziende \u201cnon profit\u201d cresce d\u2019importanza accanto per\u00f2 all\u2019aumentare dei problemi da risolvere. D\u2019altra parte, i legami fra gli imprenditori in cerca di profitto economico e quelli che guardano ad altri obiettivi, ci sono sempre stati. Oggi, tuttavia, si fanno pi\u00f9 complessi e forse per questo pi\u00f9 interessanti da esplorare.<\/p>\n<p>Per capire, quindi, occorrono sguardi acuti, che sappiano indagare le molte realt\u00e0 che collegano i due tipi di attivit\u00e0. E la cultura d\u2019impresa dietro ad ognuno di essi.<\/p><p>E\u2019 \u00a0per questo che \u00a0serve leggere \u201cCross-fertilization tra mondo profit e imprese sociali\u201d di Laura Corazza (dell\u2019Universit\u00e0 di Torino), recentemente apparso in Impresa sociale. Si tratta di un articolo che ragiona sui legami fra imprese di produzione \u201cnormali\u201d quindi \u201cprofit\u201d e imprese sociali, cercando di capirne le reciproche influenze oltre che i vantaggi.<\/p>\n<p>Il nucleo della ricerca \u00e8 un caso reale: il progetto europeo LOIEs (Lesson and options for an integrated approach), che viene raccontato e descritto anche con una serie di interviste a chi ne ha preso parte (in particolare i componenti di due aziende, la Divitech Spa e la Cooperativa sociale ORSO). LOIEs, iniziato nel marzo 2012 e concluso un anno e mezzo dopo, \u00e8 un esempio di come aziende che hanno obiettivi diversi possano collaborare insieme.<\/p>\n<p>Prima ancora per\u00f2, Corazza sintetizza in poche pagine la teoria dei \u00a0collegamenti fra aziende \u201cprofit\u201d e quelle \u201cnon profit\u201d usando il metodo della cross-fertilization \u00a0cio\u00e8 del continuo processo di scambio di conoscenze, intuizioni e suggestioni \u00a0che scatta prima della creazione di un vero rapporto di collaborazione \u00a0tra organizzazioni diverse.<\/p>\n<p>Dalle indicazioni della realt\u00e0 interpretate con quelle della teoria, Laura Corazza arriva a tre conclusioni che possono essere applicate in molti altri casi simili. La cross-fertilization agisce per davvero e almeno su tre livelli: il primo psicologico \u00a0(iniziare a collaborare ha un impatto emozionale e partecipativo importante), il secondo manageriale (i buoni risultati arrivano quando i manager delle realt\u00e0 in gioco si parlano e collaborano per davvero), il terzo tecnico-operativo (dal collaborare insieme le imprese possono trarre motivi per nuovi servizi e nuovi prodotti).<\/p>\n<p>\u201cCross-fertilization tra mondo profit e imprese sociali\u201d ha un altro pregio: \u00e8 scritto con un linguaggio piano e chiaro e spiega bene un modo diverso di intendere la cultura d\u2019impresa oggi.<\/p><p><strong>Cross-fertilization tra mondo profit e imprese sociali<\/strong><\/p>\n<p>Laura Corazza<\/p>\n<p>Impresa sociale, n. 3, aprile 2014<\/p>\n","protected":false},"excerpt":{"rendered":"<p>Come si fa a far collaborare imprese che hanno come obiettivo il profitto e altre che, invece, hanno come traguardo il benessere sociale? Il tema \u00e8 importante, soprattutto oggi. Perch\u00e9 da un lato di responsabilit\u00e0 sociale dell\u2019impresa \u201cprofit\u201d si parla sempre pi\u00f9 spesso; dall\u2019altro l\u2019attivit\u00e0 delle aziende \u201cnon profit\u201d cresce d\u2019importanza accanto per\u00f2 all\u2019aumentare dei [&hellip;]<\/p>\n","protected":false},"author":1,"featured_media":0,"comment_status":"open","ping_status":"open","sticky":false,"template":"","format":"standard","meta":{"footnotes":""},"categories":[54,52],"tags":[],"class_list":["post-50091","post","type-post","status-publish","format-standard","hentry","category-approfondimenti","category-cultura-dimpresa"],"acf":[],"yoast_head":"<!-- This site is optimized with the Yoast SEO plugin v25.0 - https:\/\/yoast.com\/wordpress\/plugins\/seo\/ -->\n<title>Collaborare fra \u201cdiversi\u201d per crescere tutti - Fondazione Pirelli<\/title>\n<meta name=\"robots\" content=\"index, follow, max-snippet:-1, max-image-preview:large, max-video-preview:-1\" \/>\n<link rel=\"canonical\" href=\"https:\/\/www.fondazionepirelli.org\/it\/cultura-dimpresa\/collaborare-fra-diversi-per-crescere-tutti\/\" \/>\n<meta property=\"og:locale\" content=\"it_IT\" \/>\n<meta property=\"og:type\" content=\"article\" \/>\n<meta property=\"og:title\" content=\"Collaborare fra \u201cdiversi\u201d per crescere tutti - Fondazione Pirelli\" \/>\n<meta property=\"og:description\" content=\"Come si fa a far collaborare imprese che hanno come obiettivo il profitto e altre che, invece, hanno come traguardo il benessere sociale? Il tema \u00e8 importante, soprattutto oggi. Perch\u00e9 da un lato di responsabilit\u00e0 sociale dell\u2019impresa \u201cprofit\u201d si parla sempre pi\u00f9 spesso; dall\u2019altro l\u2019attivit\u00e0 delle aziende \u201cnon profit\u201d cresce d\u2019importanza accanto per\u00f2 all\u2019aumentare dei [&hellip;]\" \/>\n<meta property=\"og:url\" content=\"https:\/\/127.0.0.1\/it\/cultura-dimpresa\/collaborare-fra-diversi-per-crescere-tutti\/\" \/>\n<meta property=\"og:site_name\" content=\"Fondazione Pirelli\" \/>\n<meta property=\"article:published_time\" content=\"2014-07-14T00:00:00+00:00\" \/>\n<meta property=\"article:modified_time\" content=\"2019-05-24T16:03:35+00:00\" \/>\n<meta name=\"author\" content=\"fondadmin\" \/>\n<meta name=\"twitter:card\" content=\"summary_large_image\" \/>\n<meta name=\"twitter:label1\" content=\"Scritto da\" \/>\n\t<meta name=\"twitter:data1\" content=\"fondadmin\" \/>\n\t<meta name=\"twitter:label2\" content=\"Tempo di lettura stimato\" \/>\n\t<meta name=\"twitter:data2\" content=\"2 minuti\" \/>\n<script type=\"application\/ld+json\" class=\"yoast-schema-graph\">{\"@context\":\"https:\/\/schema.org\",\"@graph\":[{\"@type\":\"WebPage\",\"@id\":\"https:\/\/127.0.0.1\/it\/cultura-dimpresa\/collaborare-fra-diversi-per-crescere-tutti\/\",\"url\":\"https:\/\/127.0.0.1\/it\/cultura-dimpresa\/collaborare-fra-diversi-per-crescere-tutti\/\",\"name\":\"Collaborare fra \u201cdiversi\u201d per crescere tutti - Fondazione Pirelli\",\"isPartOf\":{\"@id\":\"https:\/\/www.fondazionepirelli.org\/it\/#website\"},\"datePublished\":\"2014-07-14T00:00:00+00:00\",\"dateModified\":\"2019-05-24T16:03:35+00:00\",\"author\":{\"@id\":\"https:\/\/www.fondazionepirelli.org\/it\/#\/schema\/person\/f47d097000832c4a6e54538c791fdf25\"},\"breadcrumb\":{\"@id\":\"https:\/\/127.0.0.1\/it\/cultura-dimpresa\/collaborare-fra-diversi-per-crescere-tutti\/#breadcrumb\"},\"inLanguage\":\"it-IT\",\"potentialAction\":[{\"@type\":\"ReadAction\",\"target\":[\"https:\/\/127.0.0.1\/it\/cultura-dimpresa\/collaborare-fra-diversi-per-crescere-tutti\/\"]}]},{\"@type\":\"BreadcrumbList\",\"@id\":\"https:\/\/127.0.0.1\/it\/cultura-dimpresa\/collaborare-fra-diversi-per-crescere-tutti\/#breadcrumb\",\"itemListElement\":[{\"@type\":\"ListItem\",\"position\":1,\"name\":\"Home\",\"item\":\"https:\/\/www.fondazionepirelli.org\/it\/\"},{\"@type\":\"ListItem\",\"position\":2,\"name\":\"Collaborare fra \u201cdiversi\u201d per crescere tutti\"}]},{\"@type\":\"WebSite\",\"@id\":\"https:\/\/www.fondazionepirelli.org\/it\/#website\",\"url\":\"https:\/\/www.fondazionepirelli.org\/it\/\",\"name\":\"Fondazione Pirelli\",\"description\":\"\",\"potentialAction\":[{\"@type\":\"SearchAction\",\"target\":{\"@type\":\"EntryPoint\",\"urlTemplate\":\"https:\/\/www.fondazionepirelli.org\/it\/?s={search_term_string}\"},\"query-input\":{\"@type\":\"PropertyValueSpecification\",\"valueRequired\":true,\"valueName\":\"search_term_string\"}}],\"inLanguage\":\"it-IT\"},{\"@type\":\"Person\",\"@id\":\"https:\/\/www.fondazionepirelli.org\/it\/#\/schema\/person\/f47d097000832c4a6e54538c791fdf25\",\"name\":\"fondadmin\",\"image\":{\"@type\":\"ImageObject\",\"inLanguage\":\"it-IT\",\"@id\":\"https:\/\/www.fondazionepirelli.org\/it\/#\/schema\/person\/image\/\",\"url\":\"https:\/\/secure.gravatar.com\/avatar\/e69498a9175ca244966e51e53c88712c024fcebe41f9a05f75657f1bb25e489b?s=96&d=mm&r=g\",\"contentUrl\":\"https:\/\/secure.gravatar.com\/avatar\/e69498a9175ca244966e51e53c88712c024fcebe41f9a05f75657f1bb25e489b?s=96&d=mm&r=g\",\"caption\":\"fondadmin\"},\"url\":\"https:\/\/www.fondazionepirelli.org\/it\/author\/fondadmin\/\"}]}<\/script>\n<!-- \/ Yoast SEO plugin. -->","yoast_head_json":{"title":"Collaborare fra \u201cdiversi\u201d per crescere tutti - Fondazione Pirelli","robots":{"index":"index","follow":"follow","max-snippet":"max-snippet:-1","max-image-preview":"max-image-preview:large","max-video-preview":"max-video-preview:-1"},"canonical":"https:\/\/www.fondazionepirelli.org\/it\/cultura-dimpresa\/collaborare-fra-diversi-per-crescere-tutti\/","og_locale":"it_IT","og_type":"article","og_title":"Collaborare fra \u201cdiversi\u201d per crescere tutti - Fondazione Pirelli","og_description":"Come si fa a far collaborare imprese che hanno come obiettivo il profitto e altre che, invece, hanno come traguardo il benessere sociale? Il tema \u00e8 importante, soprattutto oggi. Perch\u00e9 da un lato di responsabilit\u00e0 sociale dell\u2019impresa \u201cprofit\u201d si parla sempre pi\u00f9 spesso; dall\u2019altro l\u2019attivit\u00e0 delle aziende \u201cnon profit\u201d cresce d\u2019importanza accanto per\u00f2 all\u2019aumentare dei [&hellip;]","og_url":"https:\/\/127.0.0.1\/it\/cultura-dimpresa\/collaborare-fra-diversi-per-crescere-tutti\/","og_site_name":"Fondazione Pirelli","article_published_time":"2014-07-14T00:00:00+00:00","article_modified_time":"2019-05-24T16:03:35+00:00","author":"fondadmin","twitter_card":"summary_large_image","twitter_misc":{"Scritto da":"fondadmin","Tempo di lettura stimato":"2 minuti"},"schema":{"@context":"https:\/\/schema.org","@graph":[{"@type":"WebPage","@id":"https:\/\/127.0.0.1\/it\/cultura-dimpresa\/collaborare-fra-diversi-per-crescere-tutti\/","url":"https:\/\/127.0.0.1\/it\/cultura-dimpresa\/collaborare-fra-diversi-per-crescere-tutti\/","name":"Collaborare fra \u201cdiversi\u201d per crescere tutti - Fondazione Pirelli","isPartOf":{"@id":"https:\/\/www.fondazionepirelli.org\/it\/#website"},"datePublished":"2014-07-14T00:00:00+00:00","dateModified":"2019-05-24T16:03:35+00:00","author":{"@id":"https:\/\/www.fondazionepirelli.org\/it\/#\/schema\/person\/f47d097000832c4a6e54538c791fdf25"},"breadcrumb":{"@id":"https:\/\/127.0.0.1\/it\/cultura-dimpresa\/collaborare-fra-diversi-per-crescere-tutti\/#breadcrumb"},"inLanguage":"it-IT","potentialAction":[{"@type":"ReadAction","target":["https:\/\/127.0.0.1\/it\/cultura-dimpresa\/collaborare-fra-diversi-per-crescere-tutti\/"]}]},{"@type":"BreadcrumbList","@id":"https:\/\/127.0.0.1\/it\/cultura-dimpresa\/collaborare-fra-diversi-per-crescere-tutti\/#breadcrumb","itemListElement":[{"@type":"ListItem","position":1,"name":"Home","item":"https:\/\/www.fondazionepirelli.org\/it\/"},{"@type":"ListItem","position":2,"name":"Collaborare fra \u201cdiversi\u201d per crescere tutti"}]},{"@type":"WebSite","@id":"https:\/\/www.fondazionepirelli.org\/it\/#website","url":"https:\/\/www.fondazionepirelli.org\/it\/","name":"Fondazione Pirelli","description":"","potentialAction":[{"@type":"SearchAction","target":{"@type":"EntryPoint","urlTemplate":"https:\/\/www.fondazionepirelli.org\/it\/?s={search_term_string}"},"query-input":{"@type":"PropertyValueSpecification","valueRequired":true,"valueName":"search_term_string"}}],"inLanguage":"it-IT"},{"@type":"Person","@id":"https:\/\/www.fondazionepirelli.org\/it\/#\/schema\/person\/f47d097000832c4a6e54538c791fdf25","name":"fondadmin","image":{"@type":"ImageObject","inLanguage":"it-IT","@id":"https:\/\/www.fondazionepirelli.org\/it\/#\/schema\/person\/image\/","url":"https:\/\/secure.gravatar.com\/avatar\/e69498a9175ca244966e51e53c88712c024fcebe41f9a05f75657f1bb25e489b?s=96&d=mm&r=g","contentUrl":"https:\/\/secure.gravatar.com\/avatar\/e69498a9175ca244966e51e53c88712c024fcebe41f9a05f75657f1bb25e489b?s=96&d=mm&r=g","caption":"fondadmin"},"url":"https:\/\/www.fondazionepirelli.org\/it\/author\/fondadmin\/"}]}},"_links":{"self":[{"href":"https:\/\/www.fondazionepirelli.org\/it\/wp-json\/wp\/v2\/posts\/50091\/"}],"collection":[{"href":"https:\/\/www.fondazionepirelli.org\/it\/wp-json\/wp\/v2\/posts\/"}],"about":[{"href":"https:\/\/www.fondazionepirelli.org\/it\/wp-json\/wp\/v2\/types\/post\/"}],"author":[{"embeddable":true,"href":"https:\/\/www.fondazionepirelli.org\/it\/wp-json\/wp\/v2\/users\/1\/"}],"replies":[{"embeddable":true,"href":"https:\/\/www.fondazionepirelli.org\/it\/wp-json\/wp\/v2\/comments\/?post=50091"}],"version-history":[{"count":1,"href":"https:\/\/www.fondazionepirelli.org\/it\/wp-json\/wp\/v2\/posts\/50091\/revisions\/"}],"predecessor-version":[{"id":56057,"href":"https:\/\/www.fondazionepirelli.org\/it\/wp-json\/wp\/v2\/posts\/50091\/revisions\/56057\/"}],"wp:attachment":[{"href":"https:\/\/www.fondazionepirelli.org\/it\/wp-json\/wp\/v2\/media\/?parent=50091"}],"wp:term":[{"taxonomy":"category","embeddable":true,"href":"https:\/\/www.fondazionepirelli.org\/it\/wp-json\/wp\/v2\/categories\/?post=50091"},{"taxonomy":"post_tag","embeddable":true,"href":"https:\/\/www.fondazionepirelli.org\/it\/wp-json\/wp\/v2\/tags\/?post=50091"}],"curies":[{"name":"wp","href":"https:\/\/api.w.org\/{rel}","templated":true}]}}