{"id":50105,"date":"2014-06-30T00:00:00","date_gmt":"2014-06-30T00:00:00","guid":{"rendered":"http:\/\/www.fondazionepirelli.org\/fondazione-pirelli\/la-qualita-nellimpresa-e-una-questione-di-cultura\/"},"modified":"2019-05-24T15:18:21","modified_gmt":"2019-05-24T15:18:21","slug":"la-qualita-nellimpresa-e-una-questione-di-cultura","status":"publish","type":"post","link":"https:\/\/www.fondazionepirelli.org\/it\/cultura-dimpresa\/la-qualita-nellimpresa-e-una-questione-di-cultura\/","title":{"rendered":"La qualit\u00e0 nell\u2019impresa \u00e8 una questione di cultura"},"content":{"rendered":"<p>Qualit\u00e0 prima di tutto. E\u2019 il monito, la legge assoluta che impera nelle aziende moderne. Ed \u00e8 giusto che sia cos\u00ec, ma non basta. Accanto alla\u00a0 qualit\u00e0 del prodotto e delle procedure di produzione, infatti, ci si \u00e8 resi conto che occorrono una qualit\u00e0 culturale, un cambiamento di passo nel management e pi\u00f9 in generale in chi lavora nell\u2019impresa. Cosa non facile\u00a0 da fare, ma ormai impegno altrettanto assoluto per l\u2019impresa che voglia davvero sopravvivere e, anzi, crescere.<\/p>\n<p>La ricerca \u201cTQM and Modern Marketing in Developing Countries &#8211; Theoretical and Conceptual Frameworks\u201d scritta a sei mani da ricercatori sparsi in diversi continenti (Tahir Iqbal del Jubail University College, David Edwards\u00a0 della Birmingham City University Business School e Eman El-Gohary dell\u2019AMAC Centre del Cairo), rappresenta una buona base per comprendere meglio le relazioni fra il TQM (cio\u00e8 uno dei metodi pi\u00f9 diffusi di messa a punto e di applicazione della qualit\u00e0 nella produzione), e la cultura d\u2019impresa che deve cambiare.<\/p>\n<p>La ricerca inizia esaminando le relazioni fra TQM e produttivit\u00e0 delle aziende manifatturiere. L\u2019attenzione \u00e8 posta sulle imprese dei Paesi in via di sviluppo, ma \u2013 a ben vedere -,\u00a0 i principi del ragionamento valgono per qualsiasi imprese e qualsiasi Paese.<br \/>\nIl tema \u00e8 svolto percorrendo l\u2019attuale letteratura sull\u2019argomento e cercando di individuare i legami e i cambiamenti culturali all\u2019interno delle imprese. \u201cIl primo esame della letteratura \u2013 scrivono gli autori -, ha confermato che la qualit\u00e0 ha un impatto significativo sulla produttivit\u00e0. La migliore produttivit\u00e0 d\u00e0 vantaggi di costo rispetto ai concorrenti, con conseguente possibilit\u00e0 di fare prezzi pi\u00f9 bassi e avere margini di profitto pi\u00f9 elevati\u201d.<\/p>\n<p>Ma dove entra per davvero la cultura d\u2019impresa? Non solo nell\u2019applicazione della TQM, ma soprattutto nella sua accettazione a livello mentale. Gli autori individuano nel diverso atteggiamento che devono avere il top management e i lavoratori la chiave di volta per il successo della TQM. Per far comprendere meglio quanto approccio, la ricerca contiene quindi un valido schema dei costi della qualit\u00e0 e degli aspetti dell\u2019attivit\u00e0 aziendale che influenzano la stessa.<\/p>\n<p>Ma non \u00e8 tutto. La consapevolezza che deve essere acquisita, secondo gli autori, \u00e8 che il miglioramento della qualit\u00e0 si traduce anche in esigenze di beni e servizi pi\u00f9 elevate e, soprattutto, nella possibilit\u00e0 che aziende con produttivit\u00e0 superiore siano in grado di \u201cpagare salari pi\u00f9 alti, attirando cos\u00ec i dipendenti pi\u00f9 altamente specializzati e qualificati\u201d. Insomma, la qualit\u00e0 migliorata non fa bene solo all\u2019imprenditore e ai suoi profitti, ma a tutti. Basta per\u00f2 capirlo.<\/p><p><strong>TQM and Modern Marketing in Developing Countries &#8211; Theoretical and Conceptual Frameworks<\/strong><\/p>\n<p>Tahir Iqbal (Department of Business Administration, Jubail University College, KSA )<br \/>\nDavid Edwards (Professor of Industrial Innovation, Birmingham City University Business School)<br \/>\nEman El-Gohary (AMAC Centre Cairo, Egypt)<\/p>\n<p>International Journal of Business and Social Science Vol. 5, No. 6(1); May 2014<\/p>\n","protected":false},"excerpt":{"rendered":"<p>Qualit\u00e0 prima di tutto. E\u2019 il monito, la legge assoluta che impera nelle aziende moderne. Ed \u00e8 giusto che sia cos\u00ec, ma non basta. Accanto alla\u00a0 qualit\u00e0 del prodotto e delle procedure di produzione, infatti, ci si \u00e8 resi conto che occorrono una qualit\u00e0 culturale, un cambiamento di passo nel management e pi\u00f9 in generale [&hellip;]<\/p>\n","protected":false},"author":1,"featured_media":0,"comment_status":"open","ping_status":"open","sticky":false,"template":"","format":"standard","meta":{"footnotes":""},"categories":[54,52],"tags":[],"class_list":["post-50105","post","type-post","status-publish","format-standard","hentry","category-approfondimenti","category-cultura-dimpresa"],"acf":[],"yoast_head":"<!-- This site is optimized with the Yoast SEO plugin v25.0 - https:\/\/yoast.com\/wordpress\/plugins\/seo\/ -->\n<title>La qualit\u00e0 nell\u2019impresa \u00e8 una questione di cultura - Fondazione Pirelli<\/title>\n<meta name=\"robots\" content=\"index, follow, max-snippet:-1, max-image-preview:large, max-video-preview:-1\" \/>\n<link rel=\"canonical\" href=\"https:\/\/www.fondazionepirelli.org\/it\/cultura-dimpresa\/la-qualita-nellimpresa-e-una-questione-di-cultura\/\" \/>\n<meta property=\"og:locale\" content=\"it_IT\" \/>\n<meta property=\"og:type\" content=\"article\" \/>\n<meta property=\"og:title\" content=\"La qualit\u00e0 nell\u2019impresa \u00e8 una questione di cultura - Fondazione Pirelli\" \/>\n<meta property=\"og:description\" content=\"Qualit\u00e0 prima di tutto. E\u2019 il monito, la legge assoluta che impera nelle aziende moderne. Ed \u00e8 giusto che sia cos\u00ec, ma non basta. Accanto alla\u00a0 qualit\u00e0 del prodotto e delle procedure di produzione, infatti, ci si \u00e8 resi conto che occorrono una qualit\u00e0 culturale, un cambiamento di passo nel management e pi\u00f9 in generale [&hellip;]\" \/>\n<meta property=\"og:url\" content=\"https:\/\/www.fondazionepirelli.org\/it\/cultura-dimpresa\/la-qualita-nellimpresa-e-una-questione-di-cultura\/\" \/>\n<meta property=\"og:site_name\" content=\"Fondazione Pirelli\" \/>\n<meta property=\"article:published_time\" content=\"2014-06-30T00:00:00+00:00\" \/>\n<meta property=\"article:modified_time\" content=\"2019-05-24T15:18:21+00:00\" \/>\n<meta name=\"author\" content=\"fondadmin\" \/>\n<meta name=\"twitter:card\" content=\"summary_large_image\" \/>\n<meta name=\"twitter:label1\" content=\"Scritto da\" \/>\n\t<meta name=\"twitter:data1\" content=\"fondadmin\" \/>\n\t<meta name=\"twitter:label2\" content=\"Tempo di lettura stimato\" \/>\n\t<meta name=\"twitter:data2\" content=\"2 minuti\" \/>\n<script type=\"application\/ld+json\" class=\"yoast-schema-graph\">{\"@context\":\"https:\/\/schema.org\",\"@graph\":[{\"@type\":\"WebPage\",\"@id\":\"https:\/\/www.fondazionepirelli.org\/it\/cultura-dimpresa\/la-qualita-nellimpresa-e-una-questione-di-cultura\/\",\"url\":\"https:\/\/www.fondazionepirelli.org\/it\/cultura-dimpresa\/la-qualita-nellimpresa-e-una-questione-di-cultura\/\",\"name\":\"La qualit\u00e0 nell\u2019impresa \u00e8 una questione di cultura - Fondazione Pirelli\",\"isPartOf\":{\"@id\":\"https:\/\/www.fondazionepirelli.org\/it\/#website\"},\"datePublished\":\"2014-06-30T00:00:00+00:00\",\"dateModified\":\"2019-05-24T15:18:21+00:00\",\"author\":{\"@id\":\"https:\/\/www.fondazionepirelli.org\/it\/#\/schema\/person\/f47d097000832c4a6e54538c791fdf25\"},\"breadcrumb\":{\"@id\":\"https:\/\/www.fondazionepirelli.org\/it\/cultura-dimpresa\/la-qualita-nellimpresa-e-una-questione-di-cultura\/#breadcrumb\"},\"inLanguage\":\"it-IT\",\"potentialAction\":[{\"@type\":\"ReadAction\",\"target\":[\"https:\/\/www.fondazionepirelli.org\/it\/cultura-dimpresa\/la-qualita-nellimpresa-e-una-questione-di-cultura\/\"]}]},{\"@type\":\"BreadcrumbList\",\"@id\":\"https:\/\/www.fondazionepirelli.org\/it\/cultura-dimpresa\/la-qualita-nellimpresa-e-una-questione-di-cultura\/#breadcrumb\",\"itemListElement\":[{\"@type\":\"ListItem\",\"position\":1,\"name\":\"Home\",\"item\":\"https:\/\/www.fondazionepirelli.org\/it\/\"},{\"@type\":\"ListItem\",\"position\":2,\"name\":\"La qualit\u00e0 nell\u2019impresa \u00e8 una questione di cultura\"}]},{\"@type\":\"WebSite\",\"@id\":\"https:\/\/www.fondazionepirelli.org\/it\/#website\",\"url\":\"https:\/\/www.fondazionepirelli.org\/it\/\",\"name\":\"Fondazione Pirelli\",\"description\":\"\",\"potentialAction\":[{\"@type\":\"SearchAction\",\"target\":{\"@type\":\"EntryPoint\",\"urlTemplate\":\"https:\/\/www.fondazionepirelli.org\/it\/?s={search_term_string}\"},\"query-input\":{\"@type\":\"PropertyValueSpecification\",\"valueRequired\":true,\"valueName\":\"search_term_string\"}}],\"inLanguage\":\"it-IT\"},{\"@type\":\"Person\",\"@id\":\"https:\/\/www.fondazionepirelli.org\/it\/#\/schema\/person\/f47d097000832c4a6e54538c791fdf25\",\"name\":\"fondadmin\",\"image\":{\"@type\":\"ImageObject\",\"inLanguage\":\"it-IT\",\"@id\":\"https:\/\/www.fondazionepirelli.org\/it\/#\/schema\/person\/image\/\",\"url\":\"https:\/\/secure.gravatar.com\/avatar\/e69498a9175ca244966e51e53c88712c024fcebe41f9a05f75657f1bb25e489b?s=96&d=mm&r=g\",\"contentUrl\":\"https:\/\/secure.gravatar.com\/avatar\/e69498a9175ca244966e51e53c88712c024fcebe41f9a05f75657f1bb25e489b?s=96&d=mm&r=g\",\"caption\":\"fondadmin\"},\"url\":\"https:\/\/www.fondazionepirelli.org\/it\/author\/fondadmin\/\"}]}<\/script>\n<!-- \/ Yoast SEO plugin. -->","yoast_head_json":{"title":"La qualit\u00e0 nell\u2019impresa \u00e8 una questione di cultura - Fondazione Pirelli","robots":{"index":"index","follow":"follow","max-snippet":"max-snippet:-1","max-image-preview":"max-image-preview:large","max-video-preview":"max-video-preview:-1"},"canonical":"https:\/\/www.fondazionepirelli.org\/it\/cultura-dimpresa\/la-qualita-nellimpresa-e-una-questione-di-cultura\/","og_locale":"it_IT","og_type":"article","og_title":"La qualit\u00e0 nell\u2019impresa \u00e8 una questione di cultura - Fondazione Pirelli","og_description":"Qualit\u00e0 prima di tutto. E\u2019 il monito, la legge assoluta che impera nelle aziende moderne. Ed \u00e8 giusto che sia cos\u00ec, ma non basta. Accanto alla\u00a0 qualit\u00e0 del prodotto e delle procedure di produzione, infatti, ci si \u00e8 resi conto che occorrono una qualit\u00e0 culturale, un cambiamento di passo nel management e pi\u00f9 in generale [&hellip;]","og_url":"https:\/\/www.fondazionepirelli.org\/it\/cultura-dimpresa\/la-qualita-nellimpresa-e-una-questione-di-cultura\/","og_site_name":"Fondazione Pirelli","article_published_time":"2014-06-30T00:00:00+00:00","article_modified_time":"2019-05-24T15:18:21+00:00","author":"fondadmin","twitter_card":"summary_large_image","twitter_misc":{"Scritto da":"fondadmin","Tempo di lettura stimato":"2 minuti"},"schema":{"@context":"https:\/\/schema.org","@graph":[{"@type":"WebPage","@id":"https:\/\/www.fondazionepirelli.org\/it\/cultura-dimpresa\/la-qualita-nellimpresa-e-una-questione-di-cultura\/","url":"https:\/\/www.fondazionepirelli.org\/it\/cultura-dimpresa\/la-qualita-nellimpresa-e-una-questione-di-cultura\/","name":"La qualit\u00e0 nell\u2019impresa \u00e8 una questione di cultura - Fondazione Pirelli","isPartOf":{"@id":"https:\/\/www.fondazionepirelli.org\/it\/#website"},"datePublished":"2014-06-30T00:00:00+00:00","dateModified":"2019-05-24T15:18:21+00:00","author":{"@id":"https:\/\/www.fondazionepirelli.org\/it\/#\/schema\/person\/f47d097000832c4a6e54538c791fdf25"},"breadcrumb":{"@id":"https:\/\/www.fondazionepirelli.org\/it\/cultura-dimpresa\/la-qualita-nellimpresa-e-una-questione-di-cultura\/#breadcrumb"},"inLanguage":"it-IT","potentialAction":[{"@type":"ReadAction","target":["https:\/\/www.fondazionepirelli.org\/it\/cultura-dimpresa\/la-qualita-nellimpresa-e-una-questione-di-cultura\/"]}]},{"@type":"BreadcrumbList","@id":"https:\/\/www.fondazionepirelli.org\/it\/cultura-dimpresa\/la-qualita-nellimpresa-e-una-questione-di-cultura\/#breadcrumb","itemListElement":[{"@type":"ListItem","position":1,"name":"Home","item":"https:\/\/www.fondazionepirelli.org\/it\/"},{"@type":"ListItem","position":2,"name":"La qualit\u00e0 nell\u2019impresa \u00e8 una questione di cultura"}]},{"@type":"WebSite","@id":"https:\/\/www.fondazionepirelli.org\/it\/#website","url":"https:\/\/www.fondazionepirelli.org\/it\/","name":"Fondazione Pirelli","description":"","potentialAction":[{"@type":"SearchAction","target":{"@type":"EntryPoint","urlTemplate":"https:\/\/www.fondazionepirelli.org\/it\/?s={search_term_string}"},"query-input":{"@type":"PropertyValueSpecification","valueRequired":true,"valueName":"search_term_string"}}],"inLanguage":"it-IT"},{"@type":"Person","@id":"https:\/\/www.fondazionepirelli.org\/it\/#\/schema\/person\/f47d097000832c4a6e54538c791fdf25","name":"fondadmin","image":{"@type":"ImageObject","inLanguage":"it-IT","@id":"https:\/\/www.fondazionepirelli.org\/it\/#\/schema\/person\/image\/","url":"https:\/\/secure.gravatar.com\/avatar\/e69498a9175ca244966e51e53c88712c024fcebe41f9a05f75657f1bb25e489b?s=96&d=mm&r=g","contentUrl":"https:\/\/secure.gravatar.com\/avatar\/e69498a9175ca244966e51e53c88712c024fcebe41f9a05f75657f1bb25e489b?s=96&d=mm&r=g","caption":"fondadmin"},"url":"https:\/\/www.fondazionepirelli.org\/it\/author\/fondadmin\/"}]}},"_links":{"self":[{"href":"https:\/\/www.fondazionepirelli.org\/it\/wp-json\/wp\/v2\/posts\/50105\/"}],"collection":[{"href":"https:\/\/www.fondazionepirelli.org\/it\/wp-json\/wp\/v2\/posts\/"}],"about":[{"href":"https:\/\/www.fondazionepirelli.org\/it\/wp-json\/wp\/v2\/types\/post\/"}],"author":[{"embeddable":true,"href":"https:\/\/www.fondazionepirelli.org\/it\/wp-json\/wp\/v2\/users\/1\/"}],"replies":[{"embeddable":true,"href":"https:\/\/www.fondazionepirelli.org\/it\/wp-json\/wp\/v2\/comments\/?post=50105"}],"version-history":[{"count":3,"href":"https:\/\/www.fondazionepirelli.org\/it\/wp-json\/wp\/v2\/posts\/50105\/revisions\/"}],"predecessor-version":[{"id":56051,"href":"https:\/\/www.fondazionepirelli.org\/it\/wp-json\/wp\/v2\/posts\/50105\/revisions\/56051\/"}],"wp:attachment":[{"href":"https:\/\/www.fondazionepirelli.org\/it\/wp-json\/wp\/v2\/media\/?parent=50105"}],"wp:term":[{"taxonomy":"category","embeddable":true,"href":"https:\/\/www.fondazionepirelli.org\/it\/wp-json\/wp\/v2\/categories\/?post=50105"},{"taxonomy":"post_tag","embeddable":true,"href":"https:\/\/www.fondazionepirelli.org\/it\/wp-json\/wp\/v2\/tags\/?post=50105"}],"curies":[{"name":"wp","href":"https:\/\/api.w.org\/{rel}","templated":true}]}}