{"id":50123,"date":"2014-06-09T00:00:00","date_gmt":"2014-06-09T00:00:00","guid":{"rendered":"http:\/\/www.fondazionepirelli.org\/fondazione-pirelli\/il-declino-delle-120mila-fabbriche-chiuse-e-i-nuovi-segnali-di-investimenti-e-ripresa\/"},"modified":"2019-05-21T14:43:50","modified_gmt":"2019-05-21T14:43:50","slug":"il-declino-delle-120mila-fabbriche-chiuse-e-i-nuovi-segnali-di-investimenti-e-ripresa","status":"publish","type":"post","link":"https:\/\/www.fondazionepirelli.org\/it\/cultura-dimpresa\/il-declino-delle-120mila-fabbriche-chiuse-e-i-nuovi-segnali-di-investimenti-e-ripresa\/","title":{"rendered":"Il declino delle 120mila  fabbriche chiuse e i nuovi segnali di investimenti e ripresa"},"content":{"rendered":"<p>I dati parlano di declino industriale: <strong>120mila fabbriche<\/strong> perse tra il 2000 e il 2013, 1milione 160mila posti di lavoro bruciati. \u201cUna massiccia erosione della base produttiva\u201d, documenta il Centro Studi Confindustria. Mentre si allarga la forbice manifatturiera tra il resto del mondo e l\u2019Italia: un incremento del 36% dei volumi prodotti (sempre dall\u2019inizio degli anni 2000) contro una caduta del 25,5% della produzione industriale italiana: un andamento \u201cin netta controtendenza\u201d, con un divario \u201cche si era gi\u00e0 aperto prima del 2007 e si \u00e8 allargato drammaticamente dopo\u201d. Un altro sintomo \u201cdi grave difficolt\u00e0 dell\u2019Italia \u00e8 il fatto che in sei anni \u00e8 passata dal quinto all\u2019ottavo posto nella graduatoria internazionale dei paesi produttori\u201d, superata da Corea del Sud, India e Brasile e a parit\u00e0 di posizione con la Francia (nel 2007 aveva il 4,5% della produzione manifatturiera mondiale, in dollari correnti, nel 2013 invece appena il 2,6%). Per dirla in sintesi, restiamo comunque il secondo grande paese manifatturiero europeo, dopo la Germania, ma siamo sempre pi\u00f9 in affanno, sempre meno produttivi e competitivi.<\/p>\n<p>L\u2019allarme sui rischi di declino lanciato il 4 giugno dal Centro studi Confindustria va preso molto sul serio. Perch\u00e9 proprio dalla manifattura dipende la spinta decisiva per lo sviluppo economico. E perch\u00e9 altri paesi stanno puntando proprio sull\u2019industria, rivalutandone il ruolo e garantendole stimoli e sostegni, come locomotiva della ripresa dopo gli anni della Grande Crisi della cattiva finanza: gli Usa, la Gran Bretagna, la Francia, oltre naturalmente la solida Germania e i dinamici Brics (Brasile, Russia, India, Cina, Sud Africa). E noi italiani?<\/p>\n<p><strong>Centralit\u00e0 della fabbrica<\/strong>, ha detto la ministro dello Sviluppo economico Federica Guidi, all\u2019assemblea di Confindustria, il 29 maggio. E impegno in Europa per rafforzare un vero e proprio \u201cindustrial compact\u201d. Ma anche provvedimenti concreti, non solo per creare un ambiente pi\u00f9 favorevole alle imprese (meno burocrazia, pi\u00f9 trasparenza ed efficienza anche per combattere l\u2019allarmante corruzione, riforme del fisco e della giustizia, etc.) ma anche per dare fiato agli investimenti (con una robusta mano d\u2019aiuto dalla Bce di Mario Draghi, che ha tagliato ancora i tassi e dato alle banche un grande supporto di liquidit\u00e0 a patto che vada appunto alle piccole e medie imprese). Come? Garantendo per esempio nuovi finanziamenti alla legge \u201cSabatini\u201d, che concede i benefici del credito agevolato a chi rinnova macchinari e impianti, oltre i 2,5miliardi gi\u00e0 previsti per il 2014.<\/p>\n<p>Ecco, vengono proprio dai dati sulla \u201cSabatini\u201d alcune buone notizie, in controtendenza con i dati del declino industriale. Sono infatti gi\u00e0 3mila gli imprenditori che si sono prenotati per fare investimenti in nuovi macchinari, per rinnovare le loro imprese con impianti a pi\u00f9 avanzata tecnologia, sicurezza, produttivit\u00e0. \u201cE\u2019 la fine dello sciopero degli investimenti\u201d, nota <strong>Dario Di Vico<\/strong> sul Corriere della Sera (7 giugno). \u201cNuovi investimenti obbligati\u201d, commenta Gian Maria Gros-Pietro, economista autorevole, \u201cperch\u00e9 sta ripartendo la domanda, anche internazionale e bisogna attrezzarsi per intercettarla. Servono macchine pi\u00f9 adatte e performanti\u201d. L\u2019Ucimu (l\u2019associazione di categoria dei produttori di macchine utensili e robot) conferma il boom degli ordini, negli ultimi mesi. E dunque, oltre che raccogliere l\u2019allarme sui costi economici e sociali della crisi ancora attuale, vale la pena dare spazio ai pur timidi segnali di ripresa che vengono dal mondo produttivo, soprattutto nelle aree pi\u00f9 industrializzate, il Nord Ovest ma anche il Nord Est e la grande piattaforma produttiva dell\u2019Emilia.<\/p>\n<p>Segnali evidenti, di cui risuona l\u2019eco nel corso delle riunioni annuali delle organizzazioni territoriali di Confindustria. All\u2019assemblea dell\u2019<strong>Assolombarda<\/strong> a Milano, per esempio (in un luogo fortemente simbolico: il<strong> Pirelli HangarBicocca<\/strong>, vecchia fabbrica diventata fabbrica dell\u2019arte contemporanea), con una forte enfasi sul ruolo chiave del \u201cmedium tech\u201d e delle tecnologie da \u201cadditive manifacturing\u201d (\u201cUna rotta 3D, una contaminazione di tecnologie e conoscenze per aiutare l\u2019industria meccanica a competere\u201d) e della relazione virtuosa tra intraprendenza, innovazione, formazione, legalit\u00e0, competitivit\u00e0, internazionalit\u00e0. O all\u2019assemblea degli industriali di Varese, convinti della \u201csfida dell\u2019industria hi tech\u201d e della necessit\u00e0 di cambiare radicalmente strutture e organizzazioni di produzione per accogliere in pieno le possibilit\u00e0 offerte, proprio alla manifattura, dalle stampanti 3D.<\/p>\n<p>Anche dai <strong>Giovani Industriali<\/strong> riuniti nel tradizionale convegno d\u2019inizio estate a Santa Margherita arriva una spinta importante. \u201cNuovo umanesimo industriale\u201d, sostiene il presidente Marco Gay, parlando di centralit\u00e0 manifatturiera, economia della conoscenza, spazio ai giovani e culture del merito (oltre che di impegno contro la corruzione e contro la delocalizzazione delle imprese seguendo il basso costo del lavoro). \u201cL\u2019Italia \u00e8 leader nell\u2019innovazione di prodotto in 100 settori industriali\u201d, aggiunge. E ci sono imprese che stanno riportando le produzioni in Italia (un primo flusso di \u201creshoring\u201d, comunque significativo) in cerca di qualit\u00e0: un fenomeno da incentivare, con una sorta di \u201cscudo industriale\u201d, con agevolazioni fiscali, \u201canche per legare sempre pi\u00f9 strettamente il legittimo profitto ai territori\u201d.<\/p>\n<p>Si reagisce alla crisi, dunque. L\u2019industria italiana \u00e8 in difficolt\u00e0, certo. Ma ancora molto vitale. Impegnata, concretamente, a contrastare il declino.<\/p>\n","protected":false},"excerpt":{"rendered":"<p>I dati parlano di declino industriale: 120mila fabbriche perse tra il 2000 e il 2013, 1milione 160mila posti di lavoro bruciati. \u201cUna massiccia erosione della base produttiva\u201d, documenta il Centro Studi Confindustria. Mentre si allarga la forbice manifatturiera tra il resto del mondo e l\u2019Italia: un incremento del 36% dei volumi prodotti (sempre dall\u2019inizio degli [&hellip;]<\/p>\n","protected":false},"author":1,"featured_media":50124,"comment_status":"open","ping_status":"open","sticky":false,"template":"","format":"standard","meta":{"footnotes":""},"categories":[53,52],"tags":[],"class_list":["post-50123","post","type-post","status-publish","format-standard","has-post-thumbnail","hentry","category-blog","category-cultura-dimpresa"],"acf":[],"yoast_head":"<!-- This site is optimized with the Yoast SEO plugin v25.0 - https:\/\/yoast.com\/wordpress\/plugins\/seo\/ -->\n<title>Il declino delle 120mila fabbriche chiuse e i nuovi segnali di investimenti e ripresa - Fondazione Pirelli<\/title>\n<meta name=\"robots\" content=\"index, follow, max-snippet:-1, max-image-preview:large, max-video-preview:-1\" \/>\n<link rel=\"canonical\" href=\"https:\/\/www.fondazionepirelli.org\/it\/cultura-dimpresa\/il-declino-delle-120mila-fabbriche-chiuse-e-i-nuovi-segnali-di-investimenti-e-ripresa\/\" \/>\n<meta property=\"og:locale\" content=\"it_IT\" \/>\n<meta property=\"og:type\" content=\"article\" \/>\n<meta property=\"og:title\" content=\"Il declino delle 120mila fabbriche chiuse e i nuovi segnali di investimenti e ripresa - Fondazione Pirelli\" \/>\n<meta property=\"og:description\" content=\"I dati parlano di declino industriale: 120mila fabbriche perse tra il 2000 e il 2013, 1milione 160mila posti di lavoro bruciati. \u201cUna massiccia erosione della base produttiva\u201d, documenta il Centro Studi Confindustria. Mentre si allarga la forbice manifatturiera tra il resto del mondo e l\u2019Italia: un incremento del 36% dei volumi prodotti (sempre dall\u2019inizio degli [&hellip;]\" \/>\n<meta property=\"og:url\" content=\"https:\/\/www.fondazionepirelli.org\/it\/cultura-dimpresa\/il-declino-delle-120mila-fabbriche-chiuse-e-i-nuovi-segnali-di-investimenti-e-ripresa\/\" \/>\n<meta property=\"og:site_name\" content=\"Fondazione Pirelli\" \/>\n<meta property=\"article:published_time\" content=\"2014-06-09T00:00:00+00:00\" \/>\n<meta property=\"article:modified_time\" content=\"2019-05-21T14:43:50+00:00\" \/>\n<meta property=\"og:image\" content=\"https:\/\/wpsite-assets.fondazionepirelli.org\/wp-content\/uploads\/2019\/05\/20101824\/14023858961533626104.jpg\" \/>\n\t<meta property=\"og:image:width\" content=\"249\" \/>\n\t<meta property=\"og:image:height\" content=\"375\" \/>\n\t<meta property=\"og:image:type\" content=\"image\/jpeg\" \/>\n<meta name=\"author\" content=\"fondadmin\" \/>\n<meta name=\"twitter:card\" content=\"summary_large_image\" \/>\n<meta name=\"twitter:label1\" content=\"Scritto da\" \/>\n\t<meta name=\"twitter:data1\" content=\"fondadmin\" \/>\n\t<meta name=\"twitter:label2\" content=\"Tempo di lettura stimato\" \/>\n\t<meta name=\"twitter:data2\" content=\"4 minuti\" \/>\n<script type=\"application\/ld+json\" class=\"yoast-schema-graph\">{\"@context\":\"https:\/\/schema.org\",\"@graph\":[{\"@type\":\"WebPage\",\"@id\":\"https:\/\/www.fondazionepirelli.org\/it\/cultura-dimpresa\/il-declino-delle-120mila-fabbriche-chiuse-e-i-nuovi-segnali-di-investimenti-e-ripresa\/\",\"url\":\"https:\/\/www.fondazionepirelli.org\/it\/cultura-dimpresa\/il-declino-delle-120mila-fabbriche-chiuse-e-i-nuovi-segnali-di-investimenti-e-ripresa\/\",\"name\":\"Il declino delle 120mila fabbriche chiuse e i nuovi segnali di investimenti e ripresa - Fondazione Pirelli\",\"isPartOf\":{\"@id\":\"https:\/\/www.fondazionepirelli.org\/it\/#website\"},\"primaryImageOfPage\":{\"@id\":\"https:\/\/www.fondazionepirelli.org\/it\/cultura-dimpresa\/il-declino-delle-120mila-fabbriche-chiuse-e-i-nuovi-segnali-di-investimenti-e-ripresa\/#primaryimage\"},\"image\":{\"@id\":\"https:\/\/www.fondazionepirelli.org\/it\/cultura-dimpresa\/il-declino-delle-120mila-fabbriche-chiuse-e-i-nuovi-segnali-di-investimenti-e-ripresa\/#primaryimage\"},\"thumbnailUrl\":\"https:\/\/wpsite-assets.fondazionepirelli.org\/wp-content\/uploads\/2019\/05\/20101824\/14023858961533626104.jpg\",\"datePublished\":\"2014-06-09T00:00:00+00:00\",\"dateModified\":\"2019-05-21T14:43:50+00:00\",\"author\":{\"@id\":\"https:\/\/www.fondazionepirelli.org\/it\/#\/schema\/person\/f47d097000832c4a6e54538c791fdf25\"},\"breadcrumb\":{\"@id\":\"https:\/\/www.fondazionepirelli.org\/it\/cultura-dimpresa\/il-declino-delle-120mila-fabbriche-chiuse-e-i-nuovi-segnali-di-investimenti-e-ripresa\/#breadcrumb\"},\"inLanguage\":\"it-IT\",\"potentialAction\":[{\"@type\":\"ReadAction\",\"target\":[\"https:\/\/www.fondazionepirelli.org\/it\/cultura-dimpresa\/il-declino-delle-120mila-fabbriche-chiuse-e-i-nuovi-segnali-di-investimenti-e-ripresa\/\"]}]},{\"@type\":\"ImageObject\",\"inLanguage\":\"it-IT\",\"@id\":\"https:\/\/www.fondazionepirelli.org\/it\/cultura-dimpresa\/il-declino-delle-120mila-fabbriche-chiuse-e-i-nuovi-segnali-di-investimenti-e-ripresa\/#primaryimage\",\"url\":\"https:\/\/wpsite-assets.fondazionepirelli.org\/wp-content\/uploads\/2019\/05\/20101824\/14023858961533626104.jpg\",\"contentUrl\":\"https:\/\/wpsite-assets.fondazionepirelli.org\/wp-content\/uploads\/2019\/05\/20101824\/14023858961533626104.jpg\",\"width\":249,\"height\":375},{\"@type\":\"BreadcrumbList\",\"@id\":\"https:\/\/www.fondazionepirelli.org\/it\/cultura-dimpresa\/il-declino-delle-120mila-fabbriche-chiuse-e-i-nuovi-segnali-di-investimenti-e-ripresa\/#breadcrumb\",\"itemListElement\":[{\"@type\":\"ListItem\",\"position\":1,\"name\":\"Home\",\"item\":\"https:\/\/www.fondazionepirelli.org\/it\/\"},{\"@type\":\"ListItem\",\"position\":2,\"name\":\"Il declino delle 120mila fabbriche chiuse e i nuovi segnali di investimenti e ripresa\"}]},{\"@type\":\"WebSite\",\"@id\":\"https:\/\/www.fondazionepirelli.org\/it\/#website\",\"url\":\"https:\/\/www.fondazionepirelli.org\/it\/\",\"name\":\"Fondazione Pirelli\",\"description\":\"\",\"potentialAction\":[{\"@type\":\"SearchAction\",\"target\":{\"@type\":\"EntryPoint\",\"urlTemplate\":\"https:\/\/www.fondazionepirelli.org\/it\/?s={search_term_string}\"},\"query-input\":{\"@type\":\"PropertyValueSpecification\",\"valueRequired\":true,\"valueName\":\"search_term_string\"}}],\"inLanguage\":\"it-IT\"},{\"@type\":\"Person\",\"@id\":\"https:\/\/www.fondazionepirelli.org\/it\/#\/schema\/person\/f47d097000832c4a6e54538c791fdf25\",\"name\":\"fondadmin\",\"image\":{\"@type\":\"ImageObject\",\"inLanguage\":\"it-IT\",\"@id\":\"https:\/\/www.fondazionepirelli.org\/it\/#\/schema\/person\/image\/\",\"url\":\"https:\/\/secure.gravatar.com\/avatar\/e69498a9175ca244966e51e53c88712c024fcebe41f9a05f75657f1bb25e489b?s=96&d=mm&r=g\",\"contentUrl\":\"https:\/\/secure.gravatar.com\/avatar\/e69498a9175ca244966e51e53c88712c024fcebe41f9a05f75657f1bb25e489b?s=96&d=mm&r=g\",\"caption\":\"fondadmin\"},\"url\":\"https:\/\/www.fondazionepirelli.org\/it\/author\/fondadmin\/\"}]}<\/script>\n<!-- \/ Yoast SEO plugin. -->","yoast_head_json":{"title":"Il declino delle 120mila fabbriche chiuse e i nuovi segnali di investimenti e ripresa - Fondazione Pirelli","robots":{"index":"index","follow":"follow","max-snippet":"max-snippet:-1","max-image-preview":"max-image-preview:large","max-video-preview":"max-video-preview:-1"},"canonical":"https:\/\/www.fondazionepirelli.org\/it\/cultura-dimpresa\/il-declino-delle-120mila-fabbriche-chiuse-e-i-nuovi-segnali-di-investimenti-e-ripresa\/","og_locale":"it_IT","og_type":"article","og_title":"Il declino delle 120mila fabbriche chiuse e i nuovi segnali di investimenti e ripresa - Fondazione Pirelli","og_description":"I dati parlano di declino industriale: 120mila fabbriche perse tra il 2000 e il 2013, 1milione 160mila posti di lavoro bruciati. \u201cUna massiccia erosione della base produttiva\u201d, documenta il Centro Studi Confindustria. Mentre si allarga la forbice manifatturiera tra il resto del mondo e l\u2019Italia: un incremento del 36% dei volumi prodotti (sempre dall\u2019inizio degli [&hellip;]","og_url":"https:\/\/www.fondazionepirelli.org\/it\/cultura-dimpresa\/il-declino-delle-120mila-fabbriche-chiuse-e-i-nuovi-segnali-di-investimenti-e-ripresa\/","og_site_name":"Fondazione Pirelli","article_published_time":"2014-06-09T00:00:00+00:00","article_modified_time":"2019-05-21T14:43:50+00:00","og_image":[{"width":249,"height":375,"url":"https:\/\/wpsite-assets.fondazionepirelli.org\/wp-content\/uploads\/2019\/05\/20101824\/14023858961533626104.jpg","type":"image\/jpeg"}],"author":"fondadmin","twitter_card":"summary_large_image","twitter_misc":{"Scritto da":"fondadmin","Tempo di lettura stimato":"4 minuti"},"schema":{"@context":"https:\/\/schema.org","@graph":[{"@type":"WebPage","@id":"https:\/\/www.fondazionepirelli.org\/it\/cultura-dimpresa\/il-declino-delle-120mila-fabbriche-chiuse-e-i-nuovi-segnali-di-investimenti-e-ripresa\/","url":"https:\/\/www.fondazionepirelli.org\/it\/cultura-dimpresa\/il-declino-delle-120mila-fabbriche-chiuse-e-i-nuovi-segnali-di-investimenti-e-ripresa\/","name":"Il declino delle 120mila fabbriche chiuse e i nuovi segnali di investimenti e ripresa - Fondazione Pirelli","isPartOf":{"@id":"https:\/\/www.fondazionepirelli.org\/it\/#website"},"primaryImageOfPage":{"@id":"https:\/\/www.fondazionepirelli.org\/it\/cultura-dimpresa\/il-declino-delle-120mila-fabbriche-chiuse-e-i-nuovi-segnali-di-investimenti-e-ripresa\/#primaryimage"},"image":{"@id":"https:\/\/www.fondazionepirelli.org\/it\/cultura-dimpresa\/il-declino-delle-120mila-fabbriche-chiuse-e-i-nuovi-segnali-di-investimenti-e-ripresa\/#primaryimage"},"thumbnailUrl":"https:\/\/wpsite-assets.fondazionepirelli.org\/wp-content\/uploads\/2019\/05\/20101824\/14023858961533626104.jpg","datePublished":"2014-06-09T00:00:00+00:00","dateModified":"2019-05-21T14:43:50+00:00","author":{"@id":"https:\/\/www.fondazionepirelli.org\/it\/#\/schema\/person\/f47d097000832c4a6e54538c791fdf25"},"breadcrumb":{"@id":"https:\/\/www.fondazionepirelli.org\/it\/cultura-dimpresa\/il-declino-delle-120mila-fabbriche-chiuse-e-i-nuovi-segnali-di-investimenti-e-ripresa\/#breadcrumb"},"inLanguage":"it-IT","potentialAction":[{"@type":"ReadAction","target":["https:\/\/www.fondazionepirelli.org\/it\/cultura-dimpresa\/il-declino-delle-120mila-fabbriche-chiuse-e-i-nuovi-segnali-di-investimenti-e-ripresa\/"]}]},{"@type":"ImageObject","inLanguage":"it-IT","@id":"https:\/\/www.fondazionepirelli.org\/it\/cultura-dimpresa\/il-declino-delle-120mila-fabbriche-chiuse-e-i-nuovi-segnali-di-investimenti-e-ripresa\/#primaryimage","url":"https:\/\/wpsite-assets.fondazionepirelli.org\/wp-content\/uploads\/2019\/05\/20101824\/14023858961533626104.jpg","contentUrl":"https:\/\/wpsite-assets.fondazionepirelli.org\/wp-content\/uploads\/2019\/05\/20101824\/14023858961533626104.jpg","width":249,"height":375},{"@type":"BreadcrumbList","@id":"https:\/\/www.fondazionepirelli.org\/it\/cultura-dimpresa\/il-declino-delle-120mila-fabbriche-chiuse-e-i-nuovi-segnali-di-investimenti-e-ripresa\/#breadcrumb","itemListElement":[{"@type":"ListItem","position":1,"name":"Home","item":"https:\/\/www.fondazionepirelli.org\/it\/"},{"@type":"ListItem","position":2,"name":"Il declino delle 120mila fabbriche chiuse e i nuovi segnali di investimenti e ripresa"}]},{"@type":"WebSite","@id":"https:\/\/www.fondazionepirelli.org\/it\/#website","url":"https:\/\/www.fondazionepirelli.org\/it\/","name":"Fondazione Pirelli","description":"","potentialAction":[{"@type":"SearchAction","target":{"@type":"EntryPoint","urlTemplate":"https:\/\/www.fondazionepirelli.org\/it\/?s={search_term_string}"},"query-input":{"@type":"PropertyValueSpecification","valueRequired":true,"valueName":"search_term_string"}}],"inLanguage":"it-IT"},{"@type":"Person","@id":"https:\/\/www.fondazionepirelli.org\/it\/#\/schema\/person\/f47d097000832c4a6e54538c791fdf25","name":"fondadmin","image":{"@type":"ImageObject","inLanguage":"it-IT","@id":"https:\/\/www.fondazionepirelli.org\/it\/#\/schema\/person\/image\/","url":"https:\/\/secure.gravatar.com\/avatar\/e69498a9175ca244966e51e53c88712c024fcebe41f9a05f75657f1bb25e489b?s=96&d=mm&r=g","contentUrl":"https:\/\/secure.gravatar.com\/avatar\/e69498a9175ca244966e51e53c88712c024fcebe41f9a05f75657f1bb25e489b?s=96&d=mm&r=g","caption":"fondadmin"},"url":"https:\/\/www.fondazionepirelli.org\/it\/author\/fondadmin\/"}]}},"_links":{"self":[{"href":"https:\/\/www.fondazionepirelli.org\/it\/wp-json\/wp\/v2\/posts\/50123\/"}],"collection":[{"href":"https:\/\/www.fondazionepirelli.org\/it\/wp-json\/wp\/v2\/posts\/"}],"about":[{"href":"https:\/\/www.fondazionepirelli.org\/it\/wp-json\/wp\/v2\/types\/post\/"}],"author":[{"embeddable":true,"href":"https:\/\/www.fondazionepirelli.org\/it\/wp-json\/wp\/v2\/users\/1\/"}],"replies":[{"embeddable":true,"href":"https:\/\/www.fondazionepirelli.org\/it\/wp-json\/wp\/v2\/comments\/?post=50123"}],"version-history":[{"count":1,"href":"https:\/\/www.fondazionepirelli.org\/it\/wp-json\/wp\/v2\/posts\/50123\/revisions\/"}],"predecessor-version":[{"id":55688,"href":"https:\/\/www.fondazionepirelli.org\/it\/wp-json\/wp\/v2\/posts\/50123\/revisions\/55688\/"}],"wp:featuredmedia":[{"embeddable":true,"href":"https:\/\/www.fondazionepirelli.org\/it\/wp-json\/wp\/v2\/media\/50124\/"}],"wp:attachment":[{"href":"https:\/\/www.fondazionepirelli.org\/it\/wp-json\/wp\/v2\/media\/?parent=50123"}],"wp:term":[{"taxonomy":"category","embeddable":true,"href":"https:\/\/www.fondazionepirelli.org\/it\/wp-json\/wp\/v2\/categories\/?post=50123"},{"taxonomy":"post_tag","embeddable":true,"href":"https:\/\/www.fondazionepirelli.org\/it\/wp-json\/wp\/v2\/tags\/?post=50123"}],"curies":[{"name":"wp","href":"https:\/\/api.w.org\/{rel}","templated":true}]}}