{"id":50126,"date":"2014-06-09T00:00:00","date_gmt":"2014-06-09T00:00:00","guid":{"rendered":"http:\/\/www.fondazionepirelli.org\/fondazione-pirelli\/giovane-manifattura-artigiana\/"},"modified":"2019-05-24T15:04:13","modified_gmt":"2019-05-24T15:04:13","slug":"giovane-manifattura-artigiana","status":"publish","type":"post","link":"https:\/\/www.fondazionepirelli.org\/it\/cultura-dimpresa\/giovane-manifattura-artigiana\/","title":{"rendered":"Giovane manifattura artigiana"},"content":{"rendered":"<p>La manifattura ha un futuro. Anche quella artigiana, soprattutto se a pensarci sono i giovani. Che, poi, apprezzano anche l\u2019essere imprenditori e quello spirito che anima ogni impresa che dir si voglia. \u00a0Indicazioni importanti \u2013 e soprattutto confortanti -, che emergono da una ricerca di Censis-Confartigianto sull\u2019atteggiamento dei giovani nei confronti della manifattura artigiana. \u201cGiovani, artigianato, scuola\u201d \u2013 presentata recentemente a Roma -, \u00e8 un\u2019indagine importante per capire di pi\u00f9 della possibile evoluzione di un settore fondamentale per tutto il sistema economico italiano e nel quale proprio l\u2019essere imprenditore pu\u00f2 trovare nuove espressioni di vita.<\/p>\n<p>Ci\u00f2 che pi\u00f9 conta qui \u2013 forse \u2013 \u00e8 per\u00f2 l\u2019atteggiamento dei giovani nei confronti dell\u2019imprenditore che emerge come una figura positiva oltre che essere, innanzitutto, una persona capace (lo definisce cos\u00ec il 53% degli intervistati), e che sa rischiare (per pi\u00f9 del 45%). Per il 38% degli intervistati, inoltre, l\u2019imprenditore \u00a0\u00e8 uno che ha forti disponibilit\u00e0 economiche. E merito, capacit\u00e0 e spirito di iniziativa prevalgono sugli aspetti casuali o negativi, che pure vengono chiamati in causa: la fortuna (15%), la mancanza di scrupoli (7%), lo sfruttamento del lavoro altrui (6%). L&#8217;11% ha una visione molto positiva, considerando l&#8217;imprenditore una figura che crea ricchezza per l&#8217;intera collettivit\u00e0.<\/p>\n<p>E se l\u2019essenza della manifattura sta anche nell\u2019immaginario e nella fantasia del creare. Sempre questa ricerca porta altre indicazioni importanti. Da un lato, l\u201980% dei giovani coltiva passioni che sono fortemente legate al mondo artigiano; ma solo meno del 18% dimostra di essere interessato ad avviare un&#8217;attivit\u00e0 in proprio e il 28% ritiene il lavoro autonomo troppo rischioso. Per molti, poi, il futuro \u00e8 altro e altrove dall\u2019artigianato.<\/p>\n<p>Un dito d\u2019accusa viene anche puntato sulla scuola. Chiamati a valutare l&#8217;utilit\u00e0 del proprio percorso di studi per l&#8217;inserimento nel mercato del lavoro, solo il 44% degli studenti esprime un giudizio positivo. La maggioranza \u00e8 critica soprattutto sulla mancanza di specializzazione della formazione ricevuta e sulla inadeguatezza rispetto alle attuali esigenze del mercato del lavoro.<\/p>\n<p>Ma rimane il dato di fondo: l\u2019attenzione alla manifattura \u2013 anche se particolare come \u00a0quella artigiana -, al sua farsi, allo spirito imprenditoriale che l\u2019anima e che continua a farla vivere anche in tempi difficili e digitali come questi. Quella del Censis \u00e8 una lettura da compiere con attenzione, per tutti.<\/p><p><strong>Giovani, artigianato, scuola<\/strong><\/p>\n<p>CENSIS<\/p>\n<p>Maggio, 2014<\/p>\n","protected":false},"excerpt":{"rendered":"<p>La manifattura ha un futuro. Anche quella artigiana, soprattutto se a pensarci sono i giovani. Che, poi, apprezzano anche l\u2019essere imprenditori e quello spirito che anima ogni impresa che dir si voglia. \u00a0Indicazioni importanti \u2013 e soprattutto confortanti -, che emergono da una ricerca di Censis-Confartigianto sull\u2019atteggiamento dei giovani nei confronti della manifattura artigiana. \u201cGiovani, [&hellip;]<\/p>\n","protected":false},"author":1,"featured_media":0,"comment_status":"open","ping_status":"open","sticky":false,"template":"","format":"standard","meta":{"footnotes":""},"categories":[54,52],"tags":[],"class_list":["post-50126","post","type-post","status-publish","format-standard","hentry","category-approfondimenti","category-cultura-dimpresa"],"acf":[],"yoast_head":"<!-- This site is optimized with the Yoast SEO plugin v25.0 - https:\/\/yoast.com\/wordpress\/plugins\/seo\/ -->\n<title>Giovane manifattura artigiana - Fondazione Pirelli<\/title>\n<meta name=\"robots\" content=\"index, follow, max-snippet:-1, max-image-preview:large, max-video-preview:-1\" \/>\n<link rel=\"canonical\" href=\"https:\/\/www.fondazionepirelli.org\/it\/cultura-dimpresa\/giovane-manifattura-artigiana\/\" \/>\n<meta property=\"og:locale\" content=\"it_IT\" \/>\n<meta property=\"og:type\" content=\"article\" \/>\n<meta property=\"og:title\" content=\"Giovane manifattura artigiana - Fondazione Pirelli\" \/>\n<meta property=\"og:description\" content=\"La manifattura ha un futuro. Anche quella artigiana, soprattutto se a pensarci sono i giovani. Che, poi, apprezzano anche l\u2019essere imprenditori e quello spirito che anima ogni impresa che dir si voglia. \u00a0Indicazioni importanti \u2013 e soprattutto confortanti -, che emergono da una ricerca di Censis-Confartigianto sull\u2019atteggiamento dei giovani nei confronti della manifattura artigiana. \u201cGiovani, [&hellip;]\" \/>\n<meta property=\"og:url\" content=\"https:\/\/127.0.0.1\/it\/cultura-dimpresa\/giovane-manifattura-artigiana\/\" \/>\n<meta property=\"og:site_name\" content=\"Fondazione Pirelli\" \/>\n<meta property=\"article:published_time\" content=\"2014-06-09T00:00:00+00:00\" \/>\n<meta property=\"article:modified_time\" content=\"2019-05-24T15:04:13+00:00\" \/>\n<meta name=\"author\" content=\"fondadmin\" \/>\n<meta name=\"twitter:card\" content=\"summary_large_image\" \/>\n<meta name=\"twitter:label1\" content=\"Scritto da\" \/>\n\t<meta name=\"twitter:data1\" content=\"fondadmin\" \/>\n\t<meta name=\"twitter:label2\" content=\"Tempo di lettura stimato\" \/>\n\t<meta name=\"twitter:data2\" content=\"2 minuti\" \/>\n<script type=\"application\/ld+json\" class=\"yoast-schema-graph\">{\"@context\":\"https:\/\/schema.org\",\"@graph\":[{\"@type\":\"WebPage\",\"@id\":\"https:\/\/127.0.0.1\/it\/cultura-dimpresa\/giovane-manifattura-artigiana\/\",\"url\":\"https:\/\/127.0.0.1\/it\/cultura-dimpresa\/giovane-manifattura-artigiana\/\",\"name\":\"Giovane manifattura artigiana - Fondazione Pirelli\",\"isPartOf\":{\"@id\":\"https:\/\/www.fondazionepirelli.org\/it\/#website\"},\"datePublished\":\"2014-06-09T00:00:00+00:00\",\"dateModified\":\"2019-05-24T15:04:13+00:00\",\"author\":{\"@id\":\"https:\/\/www.fondazionepirelli.org\/it\/#\/schema\/person\/f47d097000832c4a6e54538c791fdf25\"},\"breadcrumb\":{\"@id\":\"https:\/\/127.0.0.1\/it\/cultura-dimpresa\/giovane-manifattura-artigiana\/#breadcrumb\"},\"inLanguage\":\"it-IT\",\"potentialAction\":[{\"@type\":\"ReadAction\",\"target\":[\"https:\/\/127.0.0.1\/it\/cultura-dimpresa\/giovane-manifattura-artigiana\/\"]}]},{\"@type\":\"BreadcrumbList\",\"@id\":\"https:\/\/127.0.0.1\/it\/cultura-dimpresa\/giovane-manifattura-artigiana\/#breadcrumb\",\"itemListElement\":[{\"@type\":\"ListItem\",\"position\":1,\"name\":\"Home\",\"item\":\"https:\/\/www.fondazionepirelli.org\/it\/\"},{\"@type\":\"ListItem\",\"position\":2,\"name\":\"Giovane manifattura artigiana\"}]},{\"@type\":\"WebSite\",\"@id\":\"https:\/\/www.fondazionepirelli.org\/it\/#website\",\"url\":\"https:\/\/www.fondazionepirelli.org\/it\/\",\"name\":\"Fondazione Pirelli\",\"description\":\"\",\"potentialAction\":[{\"@type\":\"SearchAction\",\"target\":{\"@type\":\"EntryPoint\",\"urlTemplate\":\"https:\/\/www.fondazionepirelli.org\/it\/?s={search_term_string}\"},\"query-input\":{\"@type\":\"PropertyValueSpecification\",\"valueRequired\":true,\"valueName\":\"search_term_string\"}}],\"inLanguage\":\"it-IT\"},{\"@type\":\"Person\",\"@id\":\"https:\/\/www.fondazionepirelli.org\/it\/#\/schema\/person\/f47d097000832c4a6e54538c791fdf25\",\"name\":\"fondadmin\",\"image\":{\"@type\":\"ImageObject\",\"inLanguage\":\"it-IT\",\"@id\":\"https:\/\/www.fondazionepirelli.org\/it\/#\/schema\/person\/image\/\",\"url\":\"https:\/\/secure.gravatar.com\/avatar\/e69498a9175ca244966e51e53c88712c024fcebe41f9a05f75657f1bb25e489b?s=96&d=mm&r=g\",\"contentUrl\":\"https:\/\/secure.gravatar.com\/avatar\/e69498a9175ca244966e51e53c88712c024fcebe41f9a05f75657f1bb25e489b?s=96&d=mm&r=g\",\"caption\":\"fondadmin\"},\"url\":\"https:\/\/www.fondazionepirelli.org\/it\/author\/fondadmin\/\"}]}<\/script>\n<!-- \/ Yoast SEO plugin. -->","yoast_head_json":{"title":"Giovane manifattura artigiana - Fondazione Pirelli","robots":{"index":"index","follow":"follow","max-snippet":"max-snippet:-1","max-image-preview":"max-image-preview:large","max-video-preview":"max-video-preview:-1"},"canonical":"https:\/\/www.fondazionepirelli.org\/it\/cultura-dimpresa\/giovane-manifattura-artigiana\/","og_locale":"it_IT","og_type":"article","og_title":"Giovane manifattura artigiana - Fondazione Pirelli","og_description":"La manifattura ha un futuro. Anche quella artigiana, soprattutto se a pensarci sono i giovani. Che, poi, apprezzano anche l\u2019essere imprenditori e quello spirito che anima ogni impresa che dir si voglia. \u00a0Indicazioni importanti \u2013 e soprattutto confortanti -, che emergono da una ricerca di Censis-Confartigianto sull\u2019atteggiamento dei giovani nei confronti della manifattura artigiana. \u201cGiovani, [&hellip;]","og_url":"https:\/\/127.0.0.1\/it\/cultura-dimpresa\/giovane-manifattura-artigiana\/","og_site_name":"Fondazione Pirelli","article_published_time":"2014-06-09T00:00:00+00:00","article_modified_time":"2019-05-24T15:04:13+00:00","author":"fondadmin","twitter_card":"summary_large_image","twitter_misc":{"Scritto da":"fondadmin","Tempo di lettura stimato":"2 minuti"},"schema":{"@context":"https:\/\/schema.org","@graph":[{"@type":"WebPage","@id":"https:\/\/127.0.0.1\/it\/cultura-dimpresa\/giovane-manifattura-artigiana\/","url":"https:\/\/127.0.0.1\/it\/cultura-dimpresa\/giovane-manifattura-artigiana\/","name":"Giovane manifattura artigiana - Fondazione Pirelli","isPartOf":{"@id":"https:\/\/www.fondazionepirelli.org\/it\/#website"},"datePublished":"2014-06-09T00:00:00+00:00","dateModified":"2019-05-24T15:04:13+00:00","author":{"@id":"https:\/\/www.fondazionepirelli.org\/it\/#\/schema\/person\/f47d097000832c4a6e54538c791fdf25"},"breadcrumb":{"@id":"https:\/\/127.0.0.1\/it\/cultura-dimpresa\/giovane-manifattura-artigiana\/#breadcrumb"},"inLanguage":"it-IT","potentialAction":[{"@type":"ReadAction","target":["https:\/\/127.0.0.1\/it\/cultura-dimpresa\/giovane-manifattura-artigiana\/"]}]},{"@type":"BreadcrumbList","@id":"https:\/\/127.0.0.1\/it\/cultura-dimpresa\/giovane-manifattura-artigiana\/#breadcrumb","itemListElement":[{"@type":"ListItem","position":1,"name":"Home","item":"https:\/\/www.fondazionepirelli.org\/it\/"},{"@type":"ListItem","position":2,"name":"Giovane manifattura artigiana"}]},{"@type":"WebSite","@id":"https:\/\/www.fondazionepirelli.org\/it\/#website","url":"https:\/\/www.fondazionepirelli.org\/it\/","name":"Fondazione Pirelli","description":"","potentialAction":[{"@type":"SearchAction","target":{"@type":"EntryPoint","urlTemplate":"https:\/\/www.fondazionepirelli.org\/it\/?s={search_term_string}"},"query-input":{"@type":"PropertyValueSpecification","valueRequired":true,"valueName":"search_term_string"}}],"inLanguage":"it-IT"},{"@type":"Person","@id":"https:\/\/www.fondazionepirelli.org\/it\/#\/schema\/person\/f47d097000832c4a6e54538c791fdf25","name":"fondadmin","image":{"@type":"ImageObject","inLanguage":"it-IT","@id":"https:\/\/www.fondazionepirelli.org\/it\/#\/schema\/person\/image\/","url":"https:\/\/secure.gravatar.com\/avatar\/e69498a9175ca244966e51e53c88712c024fcebe41f9a05f75657f1bb25e489b?s=96&d=mm&r=g","contentUrl":"https:\/\/secure.gravatar.com\/avatar\/e69498a9175ca244966e51e53c88712c024fcebe41f9a05f75657f1bb25e489b?s=96&d=mm&r=g","caption":"fondadmin"},"url":"https:\/\/www.fondazionepirelli.org\/it\/author\/fondadmin\/"}]}},"_links":{"self":[{"href":"https:\/\/www.fondazionepirelli.org\/it\/wp-json\/wp\/v2\/posts\/50126\/"}],"collection":[{"href":"https:\/\/www.fondazionepirelli.org\/it\/wp-json\/wp\/v2\/posts\/"}],"about":[{"href":"https:\/\/www.fondazionepirelli.org\/it\/wp-json\/wp\/v2\/types\/post\/"}],"author":[{"embeddable":true,"href":"https:\/\/www.fondazionepirelli.org\/it\/wp-json\/wp\/v2\/users\/1\/"}],"replies":[{"embeddable":true,"href":"https:\/\/www.fondazionepirelli.org\/it\/wp-json\/wp\/v2\/comments\/?post=50126"}],"version-history":[{"count":1,"href":"https:\/\/www.fondazionepirelli.org\/it\/wp-json\/wp\/v2\/posts\/50126\/revisions\/"}],"predecessor-version":[{"id":56040,"href":"https:\/\/www.fondazionepirelli.org\/it\/wp-json\/wp\/v2\/posts\/50126\/revisions\/56040\/"}],"wp:attachment":[{"href":"https:\/\/www.fondazionepirelli.org\/it\/wp-json\/wp\/v2\/media\/?parent=50126"}],"wp:term":[{"taxonomy":"category","embeddable":true,"href":"https:\/\/www.fondazionepirelli.org\/it\/wp-json\/wp\/v2\/categories\/?post=50126"},{"taxonomy":"post_tag","embeddable":true,"href":"https:\/\/www.fondazionepirelli.org\/it\/wp-json\/wp\/v2\/tags\/?post=50126"}],"curies":[{"name":"wp","href":"https:\/\/api.w.org\/{rel}","templated":true}]}}