{"id":50130,"date":"2014-06-03T00:00:00","date_gmt":"2014-06-03T00:00:00","guid":{"rendered":"http:\/\/www.fondazionepirelli.org\/fondazione-pirelli\/da-bankitalia-e-confindustria-stimoli-chiari-al-credito-e-agli-investimenti\/"},"modified":"2019-05-21T14:42:29","modified_gmt":"2019-05-21T14:42:29","slug":"da-bankitalia-e-confindustria-stimoli-chiari-al-credito-e-agli-investimenti","status":"publish","type":"post","link":"https:\/\/www.fondazionepirelli.org\/it\/cultura-dimpresa\/da-bankitalia-e-confindustria-stimoli-chiari-al-credito-e-agli-investimenti\/","title":{"rendered":"Da Bankitalia e Confindustria stimoli chiari al credito e agli investimenti"},"content":{"rendered":"<p>Ridare centralit\u00e0 all\u2019economia reale. E <strong>puntare sulle imprese<\/strong>, sull\u2019industria, per rimettere in moto la macchina della crescita italiana. In due giorni consecutivi, la scorsa settimana, sono venute chiare indicazioni dall\u2019assemblea di <strong>Confindustria<\/strong> e dalla Relazione annuale del Governatore della Banca d\u2019Italia. Ora, \u201c<strong>pi\u00f9 credito alle imprese<\/strong>\u201d, ha detto il Governatore <strong>Ignazio Visco<\/strong>, in un intervento attento pi\u00f9 agli investimenti e alle leve per lo sviluppo e il lavoro che non alle pur ribadite necessit\u00e0 di equilibrio dei conti pubblici (una strategia neo-keynesiana, hanno detto alcuni osservatori, lontana dall\u2019ossessione ideologica rigorista che tanti danni ha fatto agli assetti economici e sociali dell\u2019intera Europa). Ma anche pi\u00f9 impegno delle imprenditori a investire, a ricapitalizzare le loro aziende, a mettere i loro capitali non nella finanza di casa ma nel sostegno alle attivit\u00e0 produttive. Pi\u00f9 capitali, insomma. E pi\u00f9 prestiti. Pi\u00f9 impegno degli azionisti. E pi\u00f9 credito. Un circuito virtuoso di <strong>sviluppo<\/strong>. E una vera e propria svolta, dunque, \u00a0rispetto alla finanziarizzazione dell\u2019economia che aveva sciaguratamente tenuto banco durante tutto il corso degli anni Novanta e dei primi anni Duemila, sino alla Grande Crisi. Da Bankitalia arriva una chiamata alla corresponsabilit\u00e0 degli imprenditori stessi, per chiudere la pagina del \u201cconvento povero e dei monaci ricchi\u201d. E un appello forte e autorevole a una cultura d\u2019impresa attenta s\u00ec ai profitti, ma in un ottica di lungo periodo e in un contesto di responsabilit\u00e0 e sostenibilit\u00e0, di innovazione e di attenzione a produttivit\u00e0 e competitivit\u00e0.<\/p>\n<p>Le imprese devono fare di pi\u00f9, ammonisce Visco, \u201cper un profondo rinnovamento del modo di produrre di fronte alla rivoluzione digitale, in grado di generare nuove forme di impresa e occupazione, in nuovi ambiti di attivit\u00e0\u201d. Analoghi i concetti usati dal presidente di Confindustria Giorgio Squinzi all\u2019assemblea dell\u2019organizzazione (impegnata peraltro in una profonda riforma, messa a punto dalla commissione presieduta da Carlo Pesenti, per migliorarne capacit\u00e0 di rappresentanza degli imprenditori, di rappresentazione delle loro esigenze e di efficienza dei servizi alle stesse imprese associate: anche in questo caso, una scelta d\u2019innovazione della cultura d\u2019impresa). \u201cFacciamo ancora troppo poco \u2013 ha detto Squinzi \u2013 per il recupero della produttivit\u00e0, sugli investimenti in ricerca e per il digitale e su nuove attivit\u00e0 ad alto valore aggiunto che sono giacimenti di crescita inespressi\u201d. Dunque, serve un ambiente favorevole agli <strong>investimenti delle imprese<\/strong>, sia interni che inetrnazionali. Creando il clima adatto. E abbattendo i vincoli burocratici, con riforme della pubblica amministrazione (comprese le buone regole contro la corruzione e l\u2019illegalit\u00e0), del fisco e della giustizia civile (la esasperante lunghezza giudiziaria per recuperare i crediti insoluti \u00e8 una delle cause che rallentano gli investimenti). Legalit\u00e0, efficienza, sviluppo. E non \u00e8 certo un caso che ai temi della lotta alla corruzione e alle distorsioni dell\u2019amministrazione e degli appalti abbiano dedicato parole molto chiare sia Visco che Squinzi.<\/p>\n<p>La ripresa in corso, dopo anni di crisi e pericoli ancora attuali di stagnazione, \u00e8 molto fragile. Ha bisogno del concorso di tutti gli attori. Bankitalia e Confindustria si muovono: credito e rinnovamento. Ma anche dal governo Renzi arrivano segnali interessanti, per dare forza alle piccole e medie imprese, all\u2019export, alla ricerca. E proprio all\u2019assemblea di Confindustria la ministro dello Sviluppo economico <strong>Federica Guidi<\/strong> (che peraltro viene proprio da quel mondo) ha rilanciato i temi del profitto (come condizione essenziale per la vita delle imprese, gli investimenti, la creazione di ricchezza e di lavoro) e la centralit\u00e0 di una parola che sembrava caduta in disuso: la parola \u201c<strong>fabbrica<\/strong>\u201d. Ecco: un\u2019Italia delle fabbriche, innovative e competitive, un\u2019Italia della manifattura di qualit\u00e0, adatta a conquistare maggiori spazi sui mercati internazionali e a garantire, nel medio periodo, occupazione qualificata alle nuove generazioni.<\/p>\n<p>In questa strategia di crescita, si deve muovere anche l\u2019Europa. Ai vertici della Bce, Mario Draghi ha messo a punto una strategia che punta a fare crescere il credito alle imprese e stimolare lo sviluppo dei paesi europei, attraverso la doppia leva dei bassi tassi d\u2019interesse e dell\u2019immissione di liquidit\u00e0. Buone scelte. Serve per\u00f2 di pi\u00f9: una strategia di un vero e proprio \u201c<strong>industrial compact<\/strong>\u201d che dia sostanza di investimenti e attivit\u00e0 concrete all\u2019indicazione che viene dalla stessa Ue per portare in breve tempi al 20% l\u2019incidenza della manifattura sul Pil (attualmente \u00e8 al 15%, con una Germania al 23% e un\u2019Italia caduta, dopo gli anni della Grande Crisi, al 16%, avendo perso un quarto della propria capacit\u00e0 produttiva manifatturiera).<\/p>\n<p>Il semestre di presidenza italiana della Ue pu\u00f2 avere un grande ruolo, in questa direzione: una forte sollecitazione alle politiche di innovazione, investimento, sviluppo, con il sostegno di Francia, Spagna, Portogallo ma anche con un attento ascolto da parte di una Germania consapevole che dalla bassa crescita europea anche ai tedeschi non pu\u00f2 venire alcunch\u00e9 di buono. E\u2019 un\u2019occasione politica da cogliere in pieno.<\/p>\n","protected":false},"excerpt":{"rendered":"<p>Ridare centralit\u00e0 all\u2019economia reale. E puntare sulle imprese, sull\u2019industria, per rimettere in moto la macchina della crescita italiana. In due giorni consecutivi, la scorsa settimana, sono venute chiare indicazioni dall\u2019assemblea di Confindustria e dalla Relazione annuale del Governatore della Banca d\u2019Italia. Ora, \u201cpi\u00f9 credito alle imprese\u201d, ha detto il Governatore Ignazio Visco, in un intervento [&hellip;]<\/p>\n","protected":false},"author":1,"featured_media":50131,"comment_status":"open","ping_status":"open","sticky":false,"template":"","format":"standard","meta":{"footnotes":""},"categories":[53,52],"tags":[],"class_list":["post-50130","post","type-post","status-publish","format-standard","has-post-thumbnail","hentry","category-blog","category-cultura-dimpresa"],"acf":[],"yoast_head":"<!-- This site is optimized with the Yoast SEO plugin v25.0 - https:\/\/yoast.com\/wordpress\/plugins\/seo\/ -->\n<title>Da Bankitalia e Confindustria stimoli chiari al credito e agli investimenti - Fondazione Pirelli<\/title>\n<meta name=\"robots\" content=\"index, follow, max-snippet:-1, max-image-preview:large, max-video-preview:-1\" \/>\n<link rel=\"canonical\" href=\"https:\/\/www.fondazionepirelli.org\/it\/cultura-dimpresa\/da-bankitalia-e-confindustria-stimoli-chiari-al-credito-e-agli-investimenti\/\" \/>\n<meta property=\"og:locale\" content=\"it_IT\" \/>\n<meta property=\"og:type\" content=\"article\" \/>\n<meta property=\"og:title\" content=\"Da Bankitalia e Confindustria stimoli chiari al credito e agli investimenti - Fondazione Pirelli\" \/>\n<meta property=\"og:description\" content=\"Ridare centralit\u00e0 all\u2019economia reale. E puntare sulle imprese, sull\u2019industria, per rimettere in moto la macchina della crescita italiana. In due giorni consecutivi, la scorsa settimana, sono venute chiare indicazioni dall\u2019assemblea di Confindustria e dalla Relazione annuale del Governatore della Banca d\u2019Italia. Ora, \u201cpi\u00f9 credito alle imprese\u201d, ha detto il Governatore Ignazio Visco, in un intervento [&hellip;]\" \/>\n<meta property=\"og:url\" content=\"https:\/\/127.0.0.1\/it\/cultura-dimpresa\/da-bankitalia-e-confindustria-stimoli-chiari-al-credito-e-agli-investimenti\/\" \/>\n<meta property=\"og:site_name\" content=\"Fondazione Pirelli\" \/>\n<meta property=\"article:published_time\" content=\"2014-06-03T00:00:00+00:00\" \/>\n<meta property=\"article:modified_time\" content=\"2019-05-21T14:42:29+00:00\" \/>\n<meta property=\"og:image\" content=\"https:\/\/wpsite-assets.fondazionepirelli.org\/wp-content\/uploads\/2019\/05\/20101823\/14018678121950252232.jpg\" \/>\n\t<meta property=\"og:image:width\" content=\"249\" \/>\n\t<meta property=\"og:image:height\" content=\"375\" \/>\n\t<meta property=\"og:image:type\" content=\"image\/jpeg\" \/>\n<meta name=\"author\" content=\"fondadmin\" \/>\n<meta name=\"twitter:card\" content=\"summary_large_image\" \/>\n<meta name=\"twitter:label1\" content=\"Scritto da\" \/>\n\t<meta name=\"twitter:data1\" content=\"fondadmin\" \/>\n\t<meta name=\"twitter:label2\" content=\"Tempo di lettura stimato\" \/>\n\t<meta name=\"twitter:data2\" content=\"4 minuti\" \/>\n<script type=\"application\/ld+json\" class=\"yoast-schema-graph\">{\"@context\":\"https:\/\/schema.org\",\"@graph\":[{\"@type\":\"WebPage\",\"@id\":\"https:\/\/127.0.0.1\/it\/cultura-dimpresa\/da-bankitalia-e-confindustria-stimoli-chiari-al-credito-e-agli-investimenti\/\",\"url\":\"https:\/\/127.0.0.1\/it\/cultura-dimpresa\/da-bankitalia-e-confindustria-stimoli-chiari-al-credito-e-agli-investimenti\/\",\"name\":\"Da Bankitalia e Confindustria stimoli chiari al credito e agli investimenti - Fondazione Pirelli\",\"isPartOf\":{\"@id\":\"https:\/\/www.fondazionepirelli.org\/it\/#website\"},\"primaryImageOfPage\":{\"@id\":\"https:\/\/127.0.0.1\/it\/cultura-dimpresa\/da-bankitalia-e-confindustria-stimoli-chiari-al-credito-e-agli-investimenti\/#primaryimage\"},\"image\":{\"@id\":\"https:\/\/127.0.0.1\/it\/cultura-dimpresa\/da-bankitalia-e-confindustria-stimoli-chiari-al-credito-e-agli-investimenti\/#primaryimage\"},\"thumbnailUrl\":\"https:\/\/wpsite-assets.fondazionepirelli.org\/wp-content\/uploads\/2019\/05\/20101823\/14018678121950252232.jpg\",\"datePublished\":\"2014-06-03T00:00:00+00:00\",\"dateModified\":\"2019-05-21T14:42:29+00:00\",\"author\":{\"@id\":\"https:\/\/www.fondazionepirelli.org\/it\/#\/schema\/person\/f47d097000832c4a6e54538c791fdf25\"},\"breadcrumb\":{\"@id\":\"https:\/\/127.0.0.1\/it\/cultura-dimpresa\/da-bankitalia-e-confindustria-stimoli-chiari-al-credito-e-agli-investimenti\/#breadcrumb\"},\"inLanguage\":\"it-IT\",\"potentialAction\":[{\"@type\":\"ReadAction\",\"target\":[\"https:\/\/127.0.0.1\/it\/cultura-dimpresa\/da-bankitalia-e-confindustria-stimoli-chiari-al-credito-e-agli-investimenti\/\"]}]},{\"@type\":\"ImageObject\",\"inLanguage\":\"it-IT\",\"@id\":\"https:\/\/127.0.0.1\/it\/cultura-dimpresa\/da-bankitalia-e-confindustria-stimoli-chiari-al-credito-e-agli-investimenti\/#primaryimage\",\"url\":\"https:\/\/wpsite-assets.fondazionepirelli.org\/wp-content\/uploads\/2019\/05\/20101823\/14018678121950252232.jpg\",\"contentUrl\":\"https:\/\/wpsite-assets.fondazionepirelli.org\/wp-content\/uploads\/2019\/05\/20101823\/14018678121950252232.jpg\",\"width\":249,\"height\":375},{\"@type\":\"BreadcrumbList\",\"@id\":\"https:\/\/127.0.0.1\/it\/cultura-dimpresa\/da-bankitalia-e-confindustria-stimoli-chiari-al-credito-e-agli-investimenti\/#breadcrumb\",\"itemListElement\":[{\"@type\":\"ListItem\",\"position\":1,\"name\":\"Home\",\"item\":\"https:\/\/www.fondazionepirelli.org\/it\/\"},{\"@type\":\"ListItem\",\"position\":2,\"name\":\"Da Bankitalia e Confindustria stimoli chiari al credito e agli investimenti\"}]},{\"@type\":\"WebSite\",\"@id\":\"https:\/\/www.fondazionepirelli.org\/it\/#website\",\"url\":\"https:\/\/www.fondazionepirelli.org\/it\/\",\"name\":\"Fondazione Pirelli\",\"description\":\"\",\"potentialAction\":[{\"@type\":\"SearchAction\",\"target\":{\"@type\":\"EntryPoint\",\"urlTemplate\":\"https:\/\/www.fondazionepirelli.org\/it\/?s={search_term_string}\"},\"query-input\":{\"@type\":\"PropertyValueSpecification\",\"valueRequired\":true,\"valueName\":\"search_term_string\"}}],\"inLanguage\":\"it-IT\"},{\"@type\":\"Person\",\"@id\":\"https:\/\/www.fondazionepirelli.org\/it\/#\/schema\/person\/f47d097000832c4a6e54538c791fdf25\",\"name\":\"fondadmin\",\"image\":{\"@type\":\"ImageObject\",\"inLanguage\":\"it-IT\",\"@id\":\"https:\/\/www.fondazionepirelli.org\/it\/#\/schema\/person\/image\/\",\"url\":\"https:\/\/secure.gravatar.com\/avatar\/e69498a9175ca244966e51e53c88712c024fcebe41f9a05f75657f1bb25e489b?s=96&d=mm&r=g\",\"contentUrl\":\"https:\/\/secure.gravatar.com\/avatar\/e69498a9175ca244966e51e53c88712c024fcebe41f9a05f75657f1bb25e489b?s=96&d=mm&r=g\",\"caption\":\"fondadmin\"},\"url\":\"https:\/\/www.fondazionepirelli.org\/it\/author\/fondadmin\/\"}]}<\/script>\n<!-- \/ Yoast SEO plugin. -->","yoast_head_json":{"title":"Da Bankitalia e Confindustria stimoli chiari al credito e agli investimenti - Fondazione Pirelli","robots":{"index":"index","follow":"follow","max-snippet":"max-snippet:-1","max-image-preview":"max-image-preview:large","max-video-preview":"max-video-preview:-1"},"canonical":"https:\/\/www.fondazionepirelli.org\/it\/cultura-dimpresa\/da-bankitalia-e-confindustria-stimoli-chiari-al-credito-e-agli-investimenti\/","og_locale":"it_IT","og_type":"article","og_title":"Da Bankitalia e Confindustria stimoli chiari al credito e agli investimenti - Fondazione Pirelli","og_description":"Ridare centralit\u00e0 all\u2019economia reale. E puntare sulle imprese, sull\u2019industria, per rimettere in moto la macchina della crescita italiana. In due giorni consecutivi, la scorsa settimana, sono venute chiare indicazioni dall\u2019assemblea di Confindustria e dalla Relazione annuale del Governatore della Banca d\u2019Italia. Ora, \u201cpi\u00f9 credito alle imprese\u201d, ha detto il Governatore Ignazio Visco, in un intervento [&hellip;]","og_url":"https:\/\/127.0.0.1\/it\/cultura-dimpresa\/da-bankitalia-e-confindustria-stimoli-chiari-al-credito-e-agli-investimenti\/","og_site_name":"Fondazione Pirelli","article_published_time":"2014-06-03T00:00:00+00:00","article_modified_time":"2019-05-21T14:42:29+00:00","og_image":[{"width":249,"height":375,"url":"https:\/\/wpsite-assets.fondazionepirelli.org\/wp-content\/uploads\/2019\/05\/20101823\/14018678121950252232.jpg","type":"image\/jpeg"}],"author":"fondadmin","twitter_card":"summary_large_image","twitter_misc":{"Scritto da":"fondadmin","Tempo di lettura stimato":"4 minuti"},"schema":{"@context":"https:\/\/schema.org","@graph":[{"@type":"WebPage","@id":"https:\/\/127.0.0.1\/it\/cultura-dimpresa\/da-bankitalia-e-confindustria-stimoli-chiari-al-credito-e-agli-investimenti\/","url":"https:\/\/127.0.0.1\/it\/cultura-dimpresa\/da-bankitalia-e-confindustria-stimoli-chiari-al-credito-e-agli-investimenti\/","name":"Da Bankitalia e Confindustria stimoli chiari al credito e agli investimenti - Fondazione Pirelli","isPartOf":{"@id":"https:\/\/www.fondazionepirelli.org\/it\/#website"},"primaryImageOfPage":{"@id":"https:\/\/127.0.0.1\/it\/cultura-dimpresa\/da-bankitalia-e-confindustria-stimoli-chiari-al-credito-e-agli-investimenti\/#primaryimage"},"image":{"@id":"https:\/\/127.0.0.1\/it\/cultura-dimpresa\/da-bankitalia-e-confindustria-stimoli-chiari-al-credito-e-agli-investimenti\/#primaryimage"},"thumbnailUrl":"https:\/\/wpsite-assets.fondazionepirelli.org\/wp-content\/uploads\/2019\/05\/20101823\/14018678121950252232.jpg","datePublished":"2014-06-03T00:00:00+00:00","dateModified":"2019-05-21T14:42:29+00:00","author":{"@id":"https:\/\/www.fondazionepirelli.org\/it\/#\/schema\/person\/f47d097000832c4a6e54538c791fdf25"},"breadcrumb":{"@id":"https:\/\/127.0.0.1\/it\/cultura-dimpresa\/da-bankitalia-e-confindustria-stimoli-chiari-al-credito-e-agli-investimenti\/#breadcrumb"},"inLanguage":"it-IT","potentialAction":[{"@type":"ReadAction","target":["https:\/\/127.0.0.1\/it\/cultura-dimpresa\/da-bankitalia-e-confindustria-stimoli-chiari-al-credito-e-agli-investimenti\/"]}]},{"@type":"ImageObject","inLanguage":"it-IT","@id":"https:\/\/127.0.0.1\/it\/cultura-dimpresa\/da-bankitalia-e-confindustria-stimoli-chiari-al-credito-e-agli-investimenti\/#primaryimage","url":"https:\/\/wpsite-assets.fondazionepirelli.org\/wp-content\/uploads\/2019\/05\/20101823\/14018678121950252232.jpg","contentUrl":"https:\/\/wpsite-assets.fondazionepirelli.org\/wp-content\/uploads\/2019\/05\/20101823\/14018678121950252232.jpg","width":249,"height":375},{"@type":"BreadcrumbList","@id":"https:\/\/127.0.0.1\/it\/cultura-dimpresa\/da-bankitalia-e-confindustria-stimoli-chiari-al-credito-e-agli-investimenti\/#breadcrumb","itemListElement":[{"@type":"ListItem","position":1,"name":"Home","item":"https:\/\/www.fondazionepirelli.org\/it\/"},{"@type":"ListItem","position":2,"name":"Da Bankitalia e Confindustria stimoli chiari al credito e agli investimenti"}]},{"@type":"WebSite","@id":"https:\/\/www.fondazionepirelli.org\/it\/#website","url":"https:\/\/www.fondazionepirelli.org\/it\/","name":"Fondazione Pirelli","description":"","potentialAction":[{"@type":"SearchAction","target":{"@type":"EntryPoint","urlTemplate":"https:\/\/www.fondazionepirelli.org\/it\/?s={search_term_string}"},"query-input":{"@type":"PropertyValueSpecification","valueRequired":true,"valueName":"search_term_string"}}],"inLanguage":"it-IT"},{"@type":"Person","@id":"https:\/\/www.fondazionepirelli.org\/it\/#\/schema\/person\/f47d097000832c4a6e54538c791fdf25","name":"fondadmin","image":{"@type":"ImageObject","inLanguage":"it-IT","@id":"https:\/\/www.fondazionepirelli.org\/it\/#\/schema\/person\/image\/","url":"https:\/\/secure.gravatar.com\/avatar\/e69498a9175ca244966e51e53c88712c024fcebe41f9a05f75657f1bb25e489b?s=96&d=mm&r=g","contentUrl":"https:\/\/secure.gravatar.com\/avatar\/e69498a9175ca244966e51e53c88712c024fcebe41f9a05f75657f1bb25e489b?s=96&d=mm&r=g","caption":"fondadmin"},"url":"https:\/\/www.fondazionepirelli.org\/it\/author\/fondadmin\/"}]}},"_links":{"self":[{"href":"https:\/\/www.fondazionepirelli.org\/it\/wp-json\/wp\/v2\/posts\/50130\/"}],"collection":[{"href":"https:\/\/www.fondazionepirelli.org\/it\/wp-json\/wp\/v2\/posts\/"}],"about":[{"href":"https:\/\/www.fondazionepirelli.org\/it\/wp-json\/wp\/v2\/types\/post\/"}],"author":[{"embeddable":true,"href":"https:\/\/www.fondazionepirelli.org\/it\/wp-json\/wp\/v2\/users\/1\/"}],"replies":[{"embeddable":true,"href":"https:\/\/www.fondazionepirelli.org\/it\/wp-json\/wp\/v2\/comments\/?post=50130"}],"version-history":[{"count":1,"href":"https:\/\/www.fondazionepirelli.org\/it\/wp-json\/wp\/v2\/posts\/50130\/revisions\/"}],"predecessor-version":[{"id":55686,"href":"https:\/\/www.fondazionepirelli.org\/it\/wp-json\/wp\/v2\/posts\/50130\/revisions\/55686\/"}],"wp:featuredmedia":[{"embeddable":true,"href":"https:\/\/www.fondazionepirelli.org\/it\/wp-json\/wp\/v2\/media\/50131\/"}],"wp:attachment":[{"href":"https:\/\/www.fondazionepirelli.org\/it\/wp-json\/wp\/v2\/media\/?parent=50130"}],"wp:term":[{"taxonomy":"category","embeddable":true,"href":"https:\/\/www.fondazionepirelli.org\/it\/wp-json\/wp\/v2\/categories\/?post=50130"},{"taxonomy":"post_tag","embeddable":true,"href":"https:\/\/www.fondazionepirelli.org\/it\/wp-json\/wp\/v2\/tags\/?post=50130"}],"curies":[{"name":"wp","href":"https:\/\/api.w.org\/{rel}","templated":true}]}}