{"id":50143,"date":"2014-05-26T00:00:00","date_gmt":"2014-05-26T00:00:00","guid":{"rendered":"http:\/\/www.fondazionepirelli.org\/fondazione-pirelli\/fabbrica-italiana\/"},"modified":"2019-05-24T15:00:47","modified_gmt":"2019-05-24T15:00:47","slug":"fabbrica-italiana","status":"publish","type":"post","link":"https:\/\/www.fondazionepirelli.org\/it\/cultura-dimpresa\/fabbrica-italiana\/","title":{"rendered":"Fabbrica italiana"},"content":{"rendered":"<p>L\u2019industria manifatturiera in Italia c\u2019\u00e8 e, soprattutto, ha un futuro. Cos\u00ec come la sua cultura, il suo modo di intendere la produzione, il mercato e il lavoro. Ovvio, tutto evolve e si trasforma. Alcuni comparti crescono, altri si stabilizzano, ma quello del \u201cfare materiale\u201d non appare come destinato ad un irrimediabile declino; si trasforma, magari con forza e drammaticit\u00e0, e continua ad esistere.<\/p>\n<p>A darne prova \u00e8 lo studio che Prometeia e Intesa Sanpaolo hanno presentato il 20 maggio scorso a Milano e che osserva da vicino l\u2019andamento dei diversi settori industriali italiani. Si tratta di un\u2019analisi importante per capire dove va buona parte dell\u2019economia nazionale ma, nel nostro caso, anche come si sta trasformando l\u2019essenza stessa dell\u2019industria italiana e, quindi, la cultura d\u2019impresa che viene posta dietro alle scelte compiute per l\u2019una piuttosto che l\u2019altra direzione.<\/p>\n<p>Certo, ad indicare il futuro sono anche numeri confortanti che dicono come quest\u2019anno il fatturato dell\u2019impresa manifatturiera dovrebbe tornare a crescere (+1,5%), e continuare a farlo a buoni ritmi tra il 2015 e il 2018.<\/p>\n<p>Ci\u00f2 che conta di pi\u00f9 \u2013 qui -, sono per\u00f2 le considerazioni effettuate dal rapporto. \u00a0La crisi di questi anni ha prodotto disoccupazione e chiusure di fabbriche, ma anche dell\u2019altro. \u201cLe trasformazioni registrate nell\u2019ultimo decennio \u2013 dice la ricerca -, hanno ridotto la dimensione del nostro manifatturiero, che per\u00f2 \u00e8 diventato pi\u00f9 forte sotto diversi punti di vista: cresce la quota degli addetti nelle grandi imprese; vengono potenziate le funzioni manageriali e tecniche, mantenendo una significativa base produttiva formata da operai specializzati e artigiani; aumenta in modo consistente il livello qualitativo delle nostre esportazioni\u201d. \u00a0Tutto con un forte ruolo di alcuni \u00a0dei comparti pi\u00f9 importanti (e tradizionali), per il nostro Paese: l\u2019automobile e la meccanica. \u00a0Si delinea una sorta di rinascimento industriale italiano, tutto da consolidare \u00a0verificare ma che assume ormai connotati definiti.<\/p>\n<p>Prometeia e Intesa Sanpaolo naturalmente non si nascono le difficolt\u00e0: la nostra industria ha subito pi\u00f9 che governato le trasformazioni, \u00e8 rimasta pressoch\u00e9 chiusa agli investitori esteri. La disoccupazione, d\u2019altra parte, non \u00e8 un brutto miraggio ma una concreta realt\u00e0. Continueranno, poi, i processi di selezione delle imprese e la forte pressione competitiva che comprimer\u00e0 il recupero della redditivit\u00e0. Ma anche in questo caso, l\u2019altro lato della situazione indica agli analisti un futuro di \u201cmaggiore internazionalizzazione, commerciale e produttiva\u201d.<\/p>\n<p>Il segno dato \u00e8 per\u00f2 chiaro: la fabbrica \u2013 intesa nella sua accezione pi\u00f9 moderna -, non chiude i battenti, si evolve e cambia, si interroga e risponde in modi nuovi alle sollecitazioni del resto del sistema economico e sociale. Cos\u00ec la sua cultura, cio\u00e8 quell\u2019insieme di valori, simboli, concezioni, credenze, modelli di comportamento, e attivit\u00e0 materiali, che ne caratterizzano il modo di essere. Proprio quel modello che traspare dalle pagine dello studio Prometeia e che appare (forse) come vincente.<\/p><p><strong>Rapporto Analisi dei Settori Industriali<\/strong><\/p>\n<p>Prometeia-Intesa Sanpaolo<\/p>\n<p>Maggio 2014<\/p>\n","protected":false},"excerpt":{"rendered":"<p>L\u2019industria manifatturiera in Italia c\u2019\u00e8 e, soprattutto, ha un futuro. Cos\u00ec come la sua cultura, il suo modo di intendere la produzione, il mercato e il lavoro. Ovvio, tutto evolve e si trasforma. Alcuni comparti crescono, altri si stabilizzano, ma quello del \u201cfare materiale\u201d non appare come destinato ad un irrimediabile declino; si trasforma, magari [&hellip;]<\/p>\n","protected":false},"author":1,"featured_media":0,"comment_status":"open","ping_status":"open","sticky":false,"template":"","format":"standard","meta":{"footnotes":""},"categories":[54,52],"tags":[],"class_list":["post-50143","post","type-post","status-publish","format-standard","hentry","category-approfondimenti","category-cultura-dimpresa"],"acf":[],"yoast_head":"<!-- This site is optimized with the Yoast SEO plugin v25.0 - https:\/\/yoast.com\/wordpress\/plugins\/seo\/ -->\n<title>Fabbrica italiana - Fondazione Pirelli<\/title>\n<meta name=\"robots\" content=\"index, follow, max-snippet:-1, max-image-preview:large, max-video-preview:-1\" \/>\n<link rel=\"canonical\" href=\"https:\/\/www.fondazionepirelli.org\/it\/cultura-dimpresa\/fabbrica-italiana\/\" \/>\n<meta property=\"og:locale\" content=\"it_IT\" \/>\n<meta property=\"og:type\" content=\"article\" \/>\n<meta property=\"og:title\" content=\"Fabbrica italiana - Fondazione Pirelli\" \/>\n<meta property=\"og:description\" content=\"L\u2019industria manifatturiera in Italia c\u2019\u00e8 e, soprattutto, ha un futuro. Cos\u00ec come la sua cultura, il suo modo di intendere la produzione, il mercato e il lavoro. Ovvio, tutto evolve e si trasforma. Alcuni comparti crescono, altri si stabilizzano, ma quello del \u201cfare materiale\u201d non appare come destinato ad un irrimediabile declino; si trasforma, magari [&hellip;]\" \/>\n<meta property=\"og:url\" content=\"https:\/\/127.0.0.1\/it\/cultura-dimpresa\/fabbrica-italiana\/\" \/>\n<meta property=\"og:site_name\" content=\"Fondazione Pirelli\" \/>\n<meta property=\"article:published_time\" content=\"2014-05-26T00:00:00+00:00\" \/>\n<meta property=\"article:modified_time\" content=\"2019-05-24T15:00:47+00:00\" \/>\n<meta name=\"author\" content=\"fondadmin\" \/>\n<meta name=\"twitter:card\" content=\"summary_large_image\" \/>\n<meta name=\"twitter:label1\" content=\"Scritto da\" \/>\n\t<meta name=\"twitter:data1\" content=\"fondadmin\" \/>\n\t<meta name=\"twitter:label2\" content=\"Tempo di lettura stimato\" \/>\n\t<meta name=\"twitter:data2\" content=\"2 minuti\" \/>\n<script type=\"application\/ld+json\" class=\"yoast-schema-graph\">{\"@context\":\"https:\/\/schema.org\",\"@graph\":[{\"@type\":\"WebPage\",\"@id\":\"https:\/\/127.0.0.1\/it\/cultura-dimpresa\/fabbrica-italiana\/\",\"url\":\"https:\/\/127.0.0.1\/it\/cultura-dimpresa\/fabbrica-italiana\/\",\"name\":\"Fabbrica italiana - Fondazione Pirelli\",\"isPartOf\":{\"@id\":\"https:\/\/www.fondazionepirelli.org\/it\/#website\"},\"datePublished\":\"2014-05-26T00:00:00+00:00\",\"dateModified\":\"2019-05-24T15:00:47+00:00\",\"author\":{\"@id\":\"https:\/\/www.fondazionepirelli.org\/it\/#\/schema\/person\/f47d097000832c4a6e54538c791fdf25\"},\"breadcrumb\":{\"@id\":\"https:\/\/127.0.0.1\/it\/cultura-dimpresa\/fabbrica-italiana\/#breadcrumb\"},\"inLanguage\":\"it-IT\",\"potentialAction\":[{\"@type\":\"ReadAction\",\"target\":[\"https:\/\/127.0.0.1\/it\/cultura-dimpresa\/fabbrica-italiana\/\"]}]},{\"@type\":\"BreadcrumbList\",\"@id\":\"https:\/\/127.0.0.1\/it\/cultura-dimpresa\/fabbrica-italiana\/#breadcrumb\",\"itemListElement\":[{\"@type\":\"ListItem\",\"position\":1,\"name\":\"Home\",\"item\":\"https:\/\/www.fondazionepirelli.org\/it\/\"},{\"@type\":\"ListItem\",\"position\":2,\"name\":\"Fabbrica italiana\"}]},{\"@type\":\"WebSite\",\"@id\":\"https:\/\/www.fondazionepirelli.org\/it\/#website\",\"url\":\"https:\/\/www.fondazionepirelli.org\/it\/\",\"name\":\"Fondazione Pirelli\",\"description\":\"\",\"potentialAction\":[{\"@type\":\"SearchAction\",\"target\":{\"@type\":\"EntryPoint\",\"urlTemplate\":\"https:\/\/www.fondazionepirelli.org\/it\/?s={search_term_string}\"},\"query-input\":{\"@type\":\"PropertyValueSpecification\",\"valueRequired\":true,\"valueName\":\"search_term_string\"}}],\"inLanguage\":\"it-IT\"},{\"@type\":\"Person\",\"@id\":\"https:\/\/www.fondazionepirelli.org\/it\/#\/schema\/person\/f47d097000832c4a6e54538c791fdf25\",\"name\":\"fondadmin\",\"image\":{\"@type\":\"ImageObject\",\"inLanguage\":\"it-IT\",\"@id\":\"https:\/\/www.fondazionepirelli.org\/it\/#\/schema\/person\/image\/\",\"url\":\"https:\/\/secure.gravatar.com\/avatar\/e69498a9175ca244966e51e53c88712c024fcebe41f9a05f75657f1bb25e489b?s=96&d=mm&r=g\",\"contentUrl\":\"https:\/\/secure.gravatar.com\/avatar\/e69498a9175ca244966e51e53c88712c024fcebe41f9a05f75657f1bb25e489b?s=96&d=mm&r=g\",\"caption\":\"fondadmin\"},\"url\":\"https:\/\/www.fondazionepirelli.org\/it\/author\/fondadmin\/\"}]}<\/script>\n<!-- \/ Yoast SEO plugin. -->","yoast_head_json":{"title":"Fabbrica italiana - Fondazione Pirelli","robots":{"index":"index","follow":"follow","max-snippet":"max-snippet:-1","max-image-preview":"max-image-preview:large","max-video-preview":"max-video-preview:-1"},"canonical":"https:\/\/www.fondazionepirelli.org\/it\/cultura-dimpresa\/fabbrica-italiana\/","og_locale":"it_IT","og_type":"article","og_title":"Fabbrica italiana - Fondazione Pirelli","og_description":"L\u2019industria manifatturiera in Italia c\u2019\u00e8 e, soprattutto, ha un futuro. Cos\u00ec come la sua cultura, il suo modo di intendere la produzione, il mercato e il lavoro. Ovvio, tutto evolve e si trasforma. Alcuni comparti crescono, altri si stabilizzano, ma quello del \u201cfare materiale\u201d non appare come destinato ad un irrimediabile declino; si trasforma, magari [&hellip;]","og_url":"https:\/\/127.0.0.1\/it\/cultura-dimpresa\/fabbrica-italiana\/","og_site_name":"Fondazione Pirelli","article_published_time":"2014-05-26T00:00:00+00:00","article_modified_time":"2019-05-24T15:00:47+00:00","author":"fondadmin","twitter_card":"summary_large_image","twitter_misc":{"Scritto da":"fondadmin","Tempo di lettura stimato":"2 minuti"},"schema":{"@context":"https:\/\/schema.org","@graph":[{"@type":"WebPage","@id":"https:\/\/127.0.0.1\/it\/cultura-dimpresa\/fabbrica-italiana\/","url":"https:\/\/127.0.0.1\/it\/cultura-dimpresa\/fabbrica-italiana\/","name":"Fabbrica italiana - Fondazione Pirelli","isPartOf":{"@id":"https:\/\/www.fondazionepirelli.org\/it\/#website"},"datePublished":"2014-05-26T00:00:00+00:00","dateModified":"2019-05-24T15:00:47+00:00","author":{"@id":"https:\/\/www.fondazionepirelli.org\/it\/#\/schema\/person\/f47d097000832c4a6e54538c791fdf25"},"breadcrumb":{"@id":"https:\/\/127.0.0.1\/it\/cultura-dimpresa\/fabbrica-italiana\/#breadcrumb"},"inLanguage":"it-IT","potentialAction":[{"@type":"ReadAction","target":["https:\/\/127.0.0.1\/it\/cultura-dimpresa\/fabbrica-italiana\/"]}]},{"@type":"BreadcrumbList","@id":"https:\/\/127.0.0.1\/it\/cultura-dimpresa\/fabbrica-italiana\/#breadcrumb","itemListElement":[{"@type":"ListItem","position":1,"name":"Home","item":"https:\/\/www.fondazionepirelli.org\/it\/"},{"@type":"ListItem","position":2,"name":"Fabbrica italiana"}]},{"@type":"WebSite","@id":"https:\/\/www.fondazionepirelli.org\/it\/#website","url":"https:\/\/www.fondazionepirelli.org\/it\/","name":"Fondazione Pirelli","description":"","potentialAction":[{"@type":"SearchAction","target":{"@type":"EntryPoint","urlTemplate":"https:\/\/www.fondazionepirelli.org\/it\/?s={search_term_string}"},"query-input":{"@type":"PropertyValueSpecification","valueRequired":true,"valueName":"search_term_string"}}],"inLanguage":"it-IT"},{"@type":"Person","@id":"https:\/\/www.fondazionepirelli.org\/it\/#\/schema\/person\/f47d097000832c4a6e54538c791fdf25","name":"fondadmin","image":{"@type":"ImageObject","inLanguage":"it-IT","@id":"https:\/\/www.fondazionepirelli.org\/it\/#\/schema\/person\/image\/","url":"https:\/\/secure.gravatar.com\/avatar\/e69498a9175ca244966e51e53c88712c024fcebe41f9a05f75657f1bb25e489b?s=96&d=mm&r=g","contentUrl":"https:\/\/secure.gravatar.com\/avatar\/e69498a9175ca244966e51e53c88712c024fcebe41f9a05f75657f1bb25e489b?s=96&d=mm&r=g","caption":"fondadmin"},"url":"https:\/\/www.fondazionepirelli.org\/it\/author\/fondadmin\/"}]}},"_links":{"self":[{"href":"https:\/\/www.fondazionepirelli.org\/it\/wp-json\/wp\/v2\/posts\/50143\/"}],"collection":[{"href":"https:\/\/www.fondazionepirelli.org\/it\/wp-json\/wp\/v2\/posts\/"}],"about":[{"href":"https:\/\/www.fondazionepirelli.org\/it\/wp-json\/wp\/v2\/types\/post\/"}],"author":[{"embeddable":true,"href":"https:\/\/www.fondazionepirelli.org\/it\/wp-json\/wp\/v2\/users\/1\/"}],"replies":[{"embeddable":true,"href":"https:\/\/www.fondazionepirelli.org\/it\/wp-json\/wp\/v2\/comments\/?post=50143"}],"version-history":[{"count":1,"href":"https:\/\/www.fondazionepirelli.org\/it\/wp-json\/wp\/v2\/posts\/50143\/revisions\/"}],"predecessor-version":[{"id":56036,"href":"https:\/\/www.fondazionepirelli.org\/it\/wp-json\/wp\/v2\/posts\/50143\/revisions\/56036\/"}],"wp:attachment":[{"href":"https:\/\/www.fondazionepirelli.org\/it\/wp-json\/wp\/v2\/media\/?parent=50143"}],"wp:term":[{"taxonomy":"category","embeddable":true,"href":"https:\/\/www.fondazionepirelli.org\/it\/wp-json\/wp\/v2\/categories\/?post=50143"},{"taxonomy":"post_tag","embeddable":true,"href":"https:\/\/www.fondazionepirelli.org\/it\/wp-json\/wp\/v2\/tags\/?post=50143"}],"curies":[{"name":"wp","href":"https:\/\/api.w.org\/{rel}","templated":true}]}}