{"id":50154,"date":"2014-05-12T00:00:00","date_gmt":"2014-05-12T00:00:00","guid":{"rendered":"http:\/\/www.fondazionepirelli.org\/fondazione-pirelli\/rinascimento-manifatturiero-adesso-e-anche-una-scelta-del-premier-renzi\/"},"modified":"2019-05-21T08:12:58","modified_gmt":"2019-05-21T08:12:58","slug":"rinascimento-manifatturiero-adesso-e-anche-una-scelta-del-premier-renzi","status":"publish","type":"post","link":"https:\/\/www.fondazionepirelli.org\/it\/cultura-dimpresa\/rinascimento-manifatturiero-adesso-e-anche-una-scelta-del-premier-renzi\/","title":{"rendered":"\u201cRinascimento manifatturiero\u201d adesso \u00e8 anche una scelta del premier Renzi"},"content":{"rendered":"<p>\u201c<strong>Un nuovo rinascimento industriale<\/strong>\u201d. E\u2019 un obiettivo prioritario indicato dal presidente del Consiglio <strong>Matteo Renzi<\/strong> per il semestre italiano di presidenza Ue. Ed \u00e8 importante vedere come un\u2019indicazione nata nel dibattito tra economisti e protagonisti della cultura d\u2019impresa (dal saggio sulla \u201cmanifacturing reinassance Usa\u201d di <strong>Gary P. Pisano<\/strong> e <strong>Willy C. Smith<\/strong> della Harvard Business School alle ricerche dell\u2019Aspen Institute di Washington, dalle indagini dei centri studi di Boston Consulting Group e McKinsey alle elaborazioni di Confindustria, Assolombarda e Fondazione Pirelli, di cui c\u2019\u00e8 ampia traccia nelle pagine di questo blog) diventi finalmente materia centrale di strategie politiche e programmi di governo.<\/p>\n<p>Le migliori imprese manifatturiere, anche in Italia, hanno reagito alla Grande Crisi contrapponendo alle pratiche rapaci della finanza d\u2019assalto le loro scelte in materia d\u2019innovazione, qualit\u00e0, creativit\u00e0, green economy, export e conquista di nuovi mercati, sostenibilit\u00e0 ambientale e sociale di produzioni e prodotti. E hanno mostrato come nella \u201c<strong>nuova fabbrica<\/strong>\u201d (un mix di produzione, ricerca, servizi di alta gamma) ci sia il nucleo forte di un\u2019economia in grado di creare ricchezza, lavoro, sviluppo equilibrato. Adesso la politica ne prende atto e progetta di usare le sue leve (le politiche economiche e fiscali, le riforme) per rilanciare l\u2019industria europea. Buona scelta. Nuova dimensione possibile per una Ue in cerca di migliore identit\u00e0, di pi\u00f9 efficace relazione con i bisogni dei suoi cittadini.<\/p>\n<p>Il premier Renzi parla dunque di \u201c<strong>crescita e occupazione<\/strong>\u201d come \u201cvalori costitutivi\u201d della Ue e mette l\u2019accento sia sulla \u201cripresa manifatturiera tradizionale\u201d sia sulla necessit\u00e0, appunto, di \u201cun nuovo rinascimento industriale\u201d. In un\u2019intervista al settimanale \u201cTime\u201d ribadisce il ruolo dell\u2019Italia \u201ccome leader industriale\u201d e come \u201clocomotiva d\u2019Europa\u201d, con il \u201crilancio dell\u2019industria e di quel genio italiano che nei momenti di massima difficolt\u00e0 ha sempre trovato la forza di fare le cose pi\u00f9 incredibili\u201d. E le sue indicazioni incrociano le analoghe valutazioni che prendono corpo in Francia e negli altri paesi europei mediterranei, ma anche nella Gran Bretagna che ha riscoperto l\u2019industria e nella stessa Germania che rimane il primo grande paese manifatturiero d\u2019Europa, subito prima di noi italiani (<strong>Flavio Valeri<\/strong>, amministratore delegato di Deutsche Bank in Italia, in una bella intervista a \u201cIl Sole24Ore\u201d dell\u20198 maggio, ha giustamente parlato di \u201cun asse manifatturiero tra Italia e Germania\u201d nel segno \u201cdell\u2019eccellenza\u201d).<\/p>\n<p>Ci vuole un \u201c<strong>industrial compact<\/strong>\u201d, accanto e ben correlato a un intelligente \u201c<strong>fiscal compact<\/strong>\u201d magari riformato (mettendo gli investimenti per ricerca, innovazione e sviluppo fuori dai parametri del 3% del rapporto deficit-Pil). E vale la pena dare retta a un grande economista come Amartya Sen, premio Nobel, che difende l\u2019importanza dell\u2019euro e della Ue ma critica l\u2019ossessione ideologica dell\u2019austerity, difendendo la strategia dello \u201csviluppo sostenibile\u201d.<\/p>\n<p><strong>Romano Prodi<\/strong>, che conosce bene sia la Ue (per averne a lungo governato la Commissione) e il mondo dell\u2019industria, sia italiano che internazionale (competenza da studioso e impegno da politico) parla di \u201c<strong>innovazione che crea valore<\/strong>\u201d (Il Sole 24ore, 10 maggio). E, insieme ad <strong>Alessandro Ovi<\/strong>, fondatore della Mit Technology Review Italia, indica l\u2019importanza delle grande imprese (da Pirelli a Ferrari), delle medie e piccole imprese (la Protocast di Avio o la Zehus di Milano), degli incubatori d\u2019impresa e delle start up che domenica e luned\u00ec, a Bologna, al Mast e alla Alma Graduate School, sono state al centro di una grande manifestazione sull\u2019innovazione industriale. \u201cPremiare le imprese innovative pu\u00f2 essere utile per svegliare gli spiriti creativi che, anche se spesso dormono, sono certamente presenti anche in Italia\u201d, sostiene giustamente Prodi.<\/p>\n<p>L\u2019Italia, con le sue imprese migliori, ha fatto molto, in questa direzione. Ma si pu\u00f2 fare di pi\u00f9. La competitivit\u00e0 internazionale, nel contesto Ue, si gioca appunto sull\u2019innovazione, sulle tecnologie, sulla ricerca. Lo conferma anche un recente libro di due economisti, Giorgio Barba Navaretti e Gianmarco Ottaviano, \u201c<strong>Made in Torino? Fiat Chrysler Automobiles e il futuro dell\u2019industria<\/strong>\u201d, pubblicato da Il Mulino e rivolto a dimostrare la rinnovata centralit\u00e0 manifatturiera in Italia, in Europa e nei paesi occidentali in generale. Si pu\u00f2 fare industria. Cercando una competitivit\u00e0 non certo sul costo del lavoro (i due economisti ribadiscono che il costo del lavoro non supera il 5% dei costi di produzione totali di un\u2019auto) ma su vantaggi competitivi \u201cche dipendono dalla disponibilit\u00e0 sul territorio di servizi, infrastrutture e forza lavoro specializzata\u201d. Ecco la riconferma della sfida possibile e delle scelte da rafforzare. Il \u201crinascimento manifatturiero\u201d di cui adesso parla giustamente anche Renzi ha a che fare, infatti, con supply chain di qualit\u00e0, imprese \u201cmedium tech\u201d e servizi hi tech (la \u201cbanda larga\u201d delle Tlc, per esempio), formazione d\u2019eccellenza, come quella gi\u00e0 garantita dai Politecnici di Torino e Milano, ambiente favorevole all\u2019industria (senza distorsioni d\u2019eccesso di burocrazia, per esempio), buona cultura d\u2019impresa.<strong> Si pu\u00f2 andare avanti<\/strong>.<\/p>\n","protected":false},"excerpt":{"rendered":"<p>\u201cUn nuovo rinascimento industriale\u201d. E\u2019 un obiettivo prioritario indicato dal presidente del Consiglio Matteo Renzi per il semestre italiano di presidenza Ue. Ed \u00e8 importante vedere come un\u2019indicazione nata nel dibattito tra economisti e protagonisti della cultura d\u2019impresa (dal saggio sulla \u201cmanifacturing reinassance Usa\u201d di Gary P. Pisano e Willy C. Smith della Harvard Business [&hellip;]<\/p>\n","protected":false},"author":1,"featured_media":50155,"comment_status":"open","ping_status":"open","sticky":false,"template":"","format":"standard","meta":{"footnotes":""},"categories":[53,52],"tags":[],"class_list":["post-50154","post","type-post","status-publish","format-standard","has-post-thumbnail","hentry","category-blog","category-cultura-dimpresa"],"acf":[],"yoast_head":"<!-- This site is optimized with the Yoast SEO plugin v25.0 - https:\/\/yoast.com\/wordpress\/plugins\/seo\/ -->\n<title>\u201cRinascimento manifatturiero\u201d adesso \u00e8 anche una scelta del premier Renzi - Fondazione Pirelli<\/title>\n<meta name=\"robots\" content=\"index, follow, max-snippet:-1, max-image-preview:large, max-video-preview:-1\" \/>\n<link rel=\"canonical\" href=\"https:\/\/www.fondazionepirelli.org\/it\/cultura-dimpresa\/rinascimento-manifatturiero-adesso-e-anche-una-scelta-del-premier-renzi\/\" \/>\n<meta property=\"og:locale\" content=\"it_IT\" \/>\n<meta property=\"og:type\" content=\"article\" \/>\n<meta property=\"og:title\" content=\"\u201cRinascimento manifatturiero\u201d adesso \u00e8 anche una scelta del premier Renzi - Fondazione Pirelli\" \/>\n<meta property=\"og:description\" content=\"\u201cUn nuovo rinascimento industriale\u201d. E\u2019 un obiettivo prioritario indicato dal presidente del Consiglio Matteo Renzi per il semestre italiano di presidenza Ue. Ed \u00e8 importante vedere come un\u2019indicazione nata nel dibattito tra economisti e protagonisti della cultura d\u2019impresa (dal saggio sulla \u201cmanifacturing reinassance Usa\u201d di Gary P. Pisano e Willy C. Smith della Harvard Business [&hellip;]\" \/>\n<meta property=\"og:url\" content=\"https:\/\/www.fondazionepirelli.org\/it\/cultura-dimpresa\/rinascimento-manifatturiero-adesso-e-anche-una-scelta-del-premier-renzi\/\" \/>\n<meta property=\"og:site_name\" content=\"Fondazione Pirelli\" \/>\n<meta property=\"article:published_time\" content=\"2014-05-12T00:00:00+00:00\" \/>\n<meta property=\"article:modified_time\" content=\"2019-05-21T08:12:58+00:00\" \/>\n<meta property=\"og:image\" content=\"https:\/\/wpsite-assets.fondazionepirelli.org\/wp-content\/uploads\/2019\/05\/20101818\/13999671681940043427.jpg\" \/>\n\t<meta property=\"og:image:width\" content=\"249\" \/>\n\t<meta property=\"og:image:height\" content=\"375\" \/>\n\t<meta property=\"og:image:type\" content=\"image\/jpeg\" \/>\n<meta name=\"author\" content=\"fondadmin\" \/>\n<meta name=\"twitter:card\" content=\"summary_large_image\" \/>\n<meta name=\"twitter:label1\" content=\"Scritto da\" \/>\n\t<meta name=\"twitter:data1\" content=\"fondadmin\" \/>\n\t<meta name=\"twitter:label2\" content=\"Tempo di lettura stimato\" \/>\n\t<meta name=\"twitter:data2\" content=\"4 minuti\" \/>\n<script type=\"application\/ld+json\" class=\"yoast-schema-graph\">{\"@context\":\"https:\/\/schema.org\",\"@graph\":[{\"@type\":\"WebPage\",\"@id\":\"https:\/\/www.fondazionepirelli.org\/it\/cultura-dimpresa\/rinascimento-manifatturiero-adesso-e-anche-una-scelta-del-premier-renzi\/\",\"url\":\"https:\/\/www.fondazionepirelli.org\/it\/cultura-dimpresa\/rinascimento-manifatturiero-adesso-e-anche-una-scelta-del-premier-renzi\/\",\"name\":\"\u201cRinascimento manifatturiero\u201d adesso \u00e8 anche una scelta del premier Renzi - Fondazione Pirelli\",\"isPartOf\":{\"@id\":\"https:\/\/www.fondazionepirelli.org\/it\/#website\"},\"primaryImageOfPage\":{\"@id\":\"https:\/\/www.fondazionepirelli.org\/it\/cultura-dimpresa\/rinascimento-manifatturiero-adesso-e-anche-una-scelta-del-premier-renzi\/#primaryimage\"},\"image\":{\"@id\":\"https:\/\/www.fondazionepirelli.org\/it\/cultura-dimpresa\/rinascimento-manifatturiero-adesso-e-anche-una-scelta-del-premier-renzi\/#primaryimage\"},\"thumbnailUrl\":\"https:\/\/wpsite-assets.fondazionepirelli.org\/wp-content\/uploads\/2019\/05\/20101818\/13999671681940043427.jpg\",\"datePublished\":\"2014-05-12T00:00:00+00:00\",\"dateModified\":\"2019-05-21T08:12:58+00:00\",\"author\":{\"@id\":\"https:\/\/www.fondazionepirelli.org\/it\/#\/schema\/person\/f47d097000832c4a6e54538c791fdf25\"},\"breadcrumb\":{\"@id\":\"https:\/\/www.fondazionepirelli.org\/it\/cultura-dimpresa\/rinascimento-manifatturiero-adesso-e-anche-una-scelta-del-premier-renzi\/#breadcrumb\"},\"inLanguage\":\"it-IT\",\"potentialAction\":[{\"@type\":\"ReadAction\",\"target\":[\"https:\/\/www.fondazionepirelli.org\/it\/cultura-dimpresa\/rinascimento-manifatturiero-adesso-e-anche-una-scelta-del-premier-renzi\/\"]}]},{\"@type\":\"ImageObject\",\"inLanguage\":\"it-IT\",\"@id\":\"https:\/\/www.fondazionepirelli.org\/it\/cultura-dimpresa\/rinascimento-manifatturiero-adesso-e-anche-una-scelta-del-premier-renzi\/#primaryimage\",\"url\":\"https:\/\/wpsite-assets.fondazionepirelli.org\/wp-content\/uploads\/2019\/05\/20101818\/13999671681940043427.jpg\",\"contentUrl\":\"https:\/\/wpsite-assets.fondazionepirelli.org\/wp-content\/uploads\/2019\/05\/20101818\/13999671681940043427.jpg\",\"width\":249,\"height\":375},{\"@type\":\"BreadcrumbList\",\"@id\":\"https:\/\/www.fondazionepirelli.org\/it\/cultura-dimpresa\/rinascimento-manifatturiero-adesso-e-anche-una-scelta-del-premier-renzi\/#breadcrumb\",\"itemListElement\":[{\"@type\":\"ListItem\",\"position\":1,\"name\":\"Home\",\"item\":\"https:\/\/www.fondazionepirelli.org\/it\/\"},{\"@type\":\"ListItem\",\"position\":2,\"name\":\"\u201cRinascimento manifatturiero\u201d adesso \u00e8 anche una scelta del premier Renzi\"}]},{\"@type\":\"WebSite\",\"@id\":\"https:\/\/www.fondazionepirelli.org\/it\/#website\",\"url\":\"https:\/\/www.fondazionepirelli.org\/it\/\",\"name\":\"Fondazione Pirelli\",\"description\":\"\",\"potentialAction\":[{\"@type\":\"SearchAction\",\"target\":{\"@type\":\"EntryPoint\",\"urlTemplate\":\"https:\/\/www.fondazionepirelli.org\/it\/?s={search_term_string}\"},\"query-input\":{\"@type\":\"PropertyValueSpecification\",\"valueRequired\":true,\"valueName\":\"search_term_string\"}}],\"inLanguage\":\"it-IT\"},{\"@type\":\"Person\",\"@id\":\"https:\/\/www.fondazionepirelli.org\/it\/#\/schema\/person\/f47d097000832c4a6e54538c791fdf25\",\"name\":\"fondadmin\",\"image\":{\"@type\":\"ImageObject\",\"inLanguage\":\"it-IT\",\"@id\":\"https:\/\/www.fondazionepirelli.org\/it\/#\/schema\/person\/image\/\",\"url\":\"https:\/\/secure.gravatar.com\/avatar\/e69498a9175ca244966e51e53c88712c024fcebe41f9a05f75657f1bb25e489b?s=96&d=mm&r=g\",\"contentUrl\":\"https:\/\/secure.gravatar.com\/avatar\/e69498a9175ca244966e51e53c88712c024fcebe41f9a05f75657f1bb25e489b?s=96&d=mm&r=g\",\"caption\":\"fondadmin\"},\"url\":\"https:\/\/www.fondazionepirelli.org\/it\/author\/fondadmin\/\"}]}<\/script>\n<!-- \/ Yoast SEO plugin. -->","yoast_head_json":{"title":"\u201cRinascimento manifatturiero\u201d adesso \u00e8 anche una scelta del premier Renzi - Fondazione Pirelli","robots":{"index":"index","follow":"follow","max-snippet":"max-snippet:-1","max-image-preview":"max-image-preview:large","max-video-preview":"max-video-preview:-1"},"canonical":"https:\/\/www.fondazionepirelli.org\/it\/cultura-dimpresa\/rinascimento-manifatturiero-adesso-e-anche-una-scelta-del-premier-renzi\/","og_locale":"it_IT","og_type":"article","og_title":"\u201cRinascimento manifatturiero\u201d adesso \u00e8 anche una scelta del premier Renzi - Fondazione Pirelli","og_description":"\u201cUn nuovo rinascimento industriale\u201d. E\u2019 un obiettivo prioritario indicato dal presidente del Consiglio Matteo Renzi per il semestre italiano di presidenza Ue. Ed \u00e8 importante vedere come un\u2019indicazione nata nel dibattito tra economisti e protagonisti della cultura d\u2019impresa (dal saggio sulla \u201cmanifacturing reinassance Usa\u201d di Gary P. Pisano e Willy C. Smith della Harvard Business [&hellip;]","og_url":"https:\/\/www.fondazionepirelli.org\/it\/cultura-dimpresa\/rinascimento-manifatturiero-adesso-e-anche-una-scelta-del-premier-renzi\/","og_site_name":"Fondazione Pirelli","article_published_time":"2014-05-12T00:00:00+00:00","article_modified_time":"2019-05-21T08:12:58+00:00","og_image":[{"width":249,"height":375,"url":"https:\/\/wpsite-assets.fondazionepirelli.org\/wp-content\/uploads\/2019\/05\/20101818\/13999671681940043427.jpg","type":"image\/jpeg"}],"author":"fondadmin","twitter_card":"summary_large_image","twitter_misc":{"Scritto da":"fondadmin","Tempo di lettura stimato":"4 minuti"},"schema":{"@context":"https:\/\/schema.org","@graph":[{"@type":"WebPage","@id":"https:\/\/www.fondazionepirelli.org\/it\/cultura-dimpresa\/rinascimento-manifatturiero-adesso-e-anche-una-scelta-del-premier-renzi\/","url":"https:\/\/www.fondazionepirelli.org\/it\/cultura-dimpresa\/rinascimento-manifatturiero-adesso-e-anche-una-scelta-del-premier-renzi\/","name":"\u201cRinascimento manifatturiero\u201d adesso \u00e8 anche una scelta del premier Renzi - Fondazione Pirelli","isPartOf":{"@id":"https:\/\/www.fondazionepirelli.org\/it\/#website"},"primaryImageOfPage":{"@id":"https:\/\/www.fondazionepirelli.org\/it\/cultura-dimpresa\/rinascimento-manifatturiero-adesso-e-anche-una-scelta-del-premier-renzi\/#primaryimage"},"image":{"@id":"https:\/\/www.fondazionepirelli.org\/it\/cultura-dimpresa\/rinascimento-manifatturiero-adesso-e-anche-una-scelta-del-premier-renzi\/#primaryimage"},"thumbnailUrl":"https:\/\/wpsite-assets.fondazionepirelli.org\/wp-content\/uploads\/2019\/05\/20101818\/13999671681940043427.jpg","datePublished":"2014-05-12T00:00:00+00:00","dateModified":"2019-05-21T08:12:58+00:00","author":{"@id":"https:\/\/www.fondazionepirelli.org\/it\/#\/schema\/person\/f47d097000832c4a6e54538c791fdf25"},"breadcrumb":{"@id":"https:\/\/www.fondazionepirelli.org\/it\/cultura-dimpresa\/rinascimento-manifatturiero-adesso-e-anche-una-scelta-del-premier-renzi\/#breadcrumb"},"inLanguage":"it-IT","potentialAction":[{"@type":"ReadAction","target":["https:\/\/www.fondazionepirelli.org\/it\/cultura-dimpresa\/rinascimento-manifatturiero-adesso-e-anche-una-scelta-del-premier-renzi\/"]}]},{"@type":"ImageObject","inLanguage":"it-IT","@id":"https:\/\/www.fondazionepirelli.org\/it\/cultura-dimpresa\/rinascimento-manifatturiero-adesso-e-anche-una-scelta-del-premier-renzi\/#primaryimage","url":"https:\/\/wpsite-assets.fondazionepirelli.org\/wp-content\/uploads\/2019\/05\/20101818\/13999671681940043427.jpg","contentUrl":"https:\/\/wpsite-assets.fondazionepirelli.org\/wp-content\/uploads\/2019\/05\/20101818\/13999671681940043427.jpg","width":249,"height":375},{"@type":"BreadcrumbList","@id":"https:\/\/www.fondazionepirelli.org\/it\/cultura-dimpresa\/rinascimento-manifatturiero-adesso-e-anche-una-scelta-del-premier-renzi\/#breadcrumb","itemListElement":[{"@type":"ListItem","position":1,"name":"Home","item":"https:\/\/www.fondazionepirelli.org\/it\/"},{"@type":"ListItem","position":2,"name":"\u201cRinascimento manifatturiero\u201d adesso \u00e8 anche una scelta del premier Renzi"}]},{"@type":"WebSite","@id":"https:\/\/www.fondazionepirelli.org\/it\/#website","url":"https:\/\/www.fondazionepirelli.org\/it\/","name":"Fondazione Pirelli","description":"","potentialAction":[{"@type":"SearchAction","target":{"@type":"EntryPoint","urlTemplate":"https:\/\/www.fondazionepirelli.org\/it\/?s={search_term_string}"},"query-input":{"@type":"PropertyValueSpecification","valueRequired":true,"valueName":"search_term_string"}}],"inLanguage":"it-IT"},{"@type":"Person","@id":"https:\/\/www.fondazionepirelli.org\/it\/#\/schema\/person\/f47d097000832c4a6e54538c791fdf25","name":"fondadmin","image":{"@type":"ImageObject","inLanguage":"it-IT","@id":"https:\/\/www.fondazionepirelli.org\/it\/#\/schema\/person\/image\/","url":"https:\/\/secure.gravatar.com\/avatar\/e69498a9175ca244966e51e53c88712c024fcebe41f9a05f75657f1bb25e489b?s=96&d=mm&r=g","contentUrl":"https:\/\/secure.gravatar.com\/avatar\/e69498a9175ca244966e51e53c88712c024fcebe41f9a05f75657f1bb25e489b?s=96&d=mm&r=g","caption":"fondadmin"},"url":"https:\/\/www.fondazionepirelli.org\/it\/author\/fondadmin\/"}]}},"_links":{"self":[{"href":"https:\/\/www.fondazionepirelli.org\/it\/wp-json\/wp\/v2\/posts\/50154\/"}],"collection":[{"href":"https:\/\/www.fondazionepirelli.org\/it\/wp-json\/wp\/v2\/posts\/"}],"about":[{"href":"https:\/\/www.fondazionepirelli.org\/it\/wp-json\/wp\/v2\/types\/post\/"}],"author":[{"embeddable":true,"href":"https:\/\/www.fondazionepirelli.org\/it\/wp-json\/wp\/v2\/users\/1\/"}],"replies":[{"embeddable":true,"href":"https:\/\/www.fondazionepirelli.org\/it\/wp-json\/wp\/v2\/comments\/?post=50154"}],"version-history":[{"count":1,"href":"https:\/\/www.fondazionepirelli.org\/it\/wp-json\/wp\/v2\/posts\/50154\/revisions\/"}],"predecessor-version":[{"id":55671,"href":"https:\/\/www.fondazionepirelli.org\/it\/wp-json\/wp\/v2\/posts\/50154\/revisions\/55671\/"}],"wp:featuredmedia":[{"embeddable":true,"href":"https:\/\/www.fondazionepirelli.org\/it\/wp-json\/wp\/v2\/media\/50155\/"}],"wp:attachment":[{"href":"https:\/\/www.fondazionepirelli.org\/it\/wp-json\/wp\/v2\/media\/?parent=50154"}],"wp:term":[{"taxonomy":"category","embeddable":true,"href":"https:\/\/www.fondazionepirelli.org\/it\/wp-json\/wp\/v2\/categories\/?post=50154"},{"taxonomy":"post_tag","embeddable":true,"href":"https:\/\/www.fondazionepirelli.org\/it\/wp-json\/wp\/v2\/tags\/?post=50154"}],"curies":[{"name":"wp","href":"https:\/\/api.w.org\/{rel}","templated":true}]}}