{"id":50161,"date":"2014-05-05T00:00:00","date_gmt":"2014-05-05T00:00:00","guid":{"rendered":"http:\/\/www.fondazionepirelli.org\/fondazione-pirelli\/sostenibilita-innovazione-e-creativita-dallarredamento-ecco-le-indicazioni-per-lindustria-italiana\/"},"modified":"2019-05-21T08:02:19","modified_gmt":"2019-05-21T08:02:19","slug":"sostenibilita-innovazione-e-creativita-dallarredamento-ecco-le-indicazioni-per-lindustria-italiana","status":"publish","type":"post","link":"https:\/\/www.fondazionepirelli.org\/it\/cultura-dimpresa\/sostenibilita-innovazione-e-creativita-dallarredamento-ecco-le-indicazioni-per-lindustria-italiana\/","title":{"rendered":"Sostenibilit\u00e0, innovazione e creativit\u00e0: dall\u2019arredamento ecco le indicazioni per l\u2019industria italiana"},"content":{"rendered":"<p>\u201cI momenti di crisi raddoppiano la vitalit\u00e0 degli uomini\u201d. La frase ottimistica di un grande scrittore americano, Paul Auster, \u00e8 stata scelta da <strong>Silvana Annichiarico<\/strong>, direttrice del triennale Design Museum, come \u201c<strong>exergo<\/strong>\u201d della mostra aperta in occasione della <strong>Design Week<\/strong>, l\u2019edizione 2014 del <strong>Salone del Mobile<\/strong>, nella prima met\u00e0 d\u2019aprile. Ed \u00e8 una scelta opportuna. Perch\u00e9 connota una positiva caratteristica della migliore industria italiana: puntare su creativit\u00e0 e innovazione, qualit\u00e0 e sguardo internazionale, per cercare strade originali d\u2019uscita da una crisi che ancora, in Italia, segna il mercato interno ma che pu\u00f2 essere superata proprio con il contributo dell\u2019espansione sui mercati esteri.<\/p>\n<p>\u201cIl Salone del Mobile e il Rinascimento della nostra creativit\u00e0\u201d, sostiene appunto un grande artista di fama internazionale, <strong>Michelangelo Pistoletto<\/strong>. Che coglie bene il senso della dimensione d\u2019imprenditorialit\u00e0 e cultura che caratterizza in modo sempre pi\u00f9 evidente la vitalit\u00e0 di uno dei pilastri del made in Italy (nel contesto vincente delle \u201c<strong>quattro A<\/strong>\u201d e cio\u00e8 arredamento e poi abbigliamento, agro-industria e automazione meccanica, l\u2019industria eccellente dei robot e dei macchinari, in cui ha gran peso anche la filiera delle macchine per la lavorazione del legno).<\/p>\n<p>E\u2019 parola oramai di moda, \u201cRinascimento\u201d. Di \u201c<strong>manifacturig reinassance<\/strong>\u201d, rinascimento manifatturiero, parlano (in questo blog ne abbiamo dato spesso conto) gli studi economici di Harvard, per indicare la scelta Usa di ricominciare a investire sull\u2019industria, favorendo il \u201cback-shoring\u201d e cio\u00e8 il ritorno in patria della manifattura americana che era andata a cercare altrove migliori condizioni produttive. E su \u201corgoglio industriale\u201d ed \u201ceccellenza manifatturiera\u201d insistono in Italia non solo parecchi dei migliori economisti, ma anche Confindustria e soprattutto le sue strutture territoriali pi\u00f9 attive, a cominciare da Assolombarda. <strong>Cultura d\u2019impresa e creativit\u00e0<\/strong>. Qualit\u00e0 di prodotti e sistemi di produzione. E originalit\u00e0 del design. \u201cFacciamo cultura d\u2019impresa e non solo business\u201d, conferma Claudio Luti, presidente della Kartell e guida del Cosmit, l\u2019ente organizzatore del Salone del Mobile.<\/p>\n<p>Ci sono altri grandi nomi della cultura, dell\u2019architettura e del design a ribadire il giudizio positivo di Pistoletto. Mario Bellini nota come \u201c<strong>qui a Milano si d\u00e0 vita a idee di tutto il mondo<\/strong>\u201d e Zaha Hadid rileva che \u201cMilano \u00e8 tappa obbligata per imparare\u201d, mentre Doriana e Massimiliano Fuksas sottolineano l\u2019importanza di \u201ctradizione artigiana e innovazione\u201d, David Chipperfield conferma che \u201cle piccole e medie imprese italiane raggiungono risultati unici\u201d e Daniel Libeskind scrive di \u201cfunzionalit\u00e0 ed estetica nel vostro Dna\u201d, ricordando come \u201cil design italiano \u00e8 ancora competitivo sui mercati internazionali, grazie alla lunga storia e all\u2019impegno in questo settore\u201d.<\/p>\n<p>La conferma viene dai numeri del Salone e della Design Week. <strong>360mila visitatori,<\/strong> nell\u2019edizione 2014, il 13% in pi\u00f9 dell\u2019anno precedente: architetti, designer, buyer, imprenditori, giornalisti specializzati. Il 70% viene dall\u2019estero, non solo dai paesi Ue, ma anche da Cina e Russia, Brasile e India, Usa e paesi arabi. Il Salone del Mobile si conferma cos\u00ec la pi\u00f9 grande manifestazione fieristica del settore nel mondo. E tutta la filiera italiana dell\u2019arredamento pu\u00f2 trarne vantaggi, confermando l\u2019originalit\u00e0 positiva d\u2019una situazione che vede ancora in primo piano l\u2019indissolubile legame tra idea e produzione, il collegamento tra \u201cla cultura del progetto\u201d e la \u201c<strong>cultura del prodotto<\/strong>\u201d che si influenzano a vicenda, il rapporto attivo, da \u201ccross fertilization\u201d, tra lo studio del designer e la fabbrica, gli stimoli creativi pi\u00f9 innovativi e l\u2019opportunit\u00e0 di fare diventare le idee e i prototipi prodotti in grado di affrontare i mercati, dalle nicchie pi\u00f9 sofisticate alle produzioni di pi\u00f9 ampio consumo (sempre naturalmente nelle dimensioni del design).<\/p>\n<p>Tre, le parole chiave che hanno trovato risalto durante la Design Week e indicato la direzione lungo cui continuer\u00e0 a muoversi l\u2019industria italiana dell\u2019arredamento: sostenibilit\u00e0, innovazione e formazione. Si riparte dalla tradizione artigiana, ma la si mette in strettissima relazione con le tecnologie produttive pi\u00f9 avanzate, compreso il mondo in evoluzione delle \u201cstampanti 3D\u201d. Si lavora su una dimensione \u201c<strong>green\u201d<\/strong> di processi produttivi e prodotti. Si insiste sui materiali, dando centralit\u00e0 al legno, ma anche lavorando su plastiche, resine, metalli e su quanto laboratori di ricerca e altri settori industriali hanno scoperto e valorizzato, dalle nuove leghe ai composti pi\u00f9 flessibili, resistenti e leggeri. E si studiano relazioni positive tra \u201cla bottega\u201d e \u201cla fabbrica\u201d, tra la ricerca pi\u00f9 sofisticata e la produttivit\u00e0 pi\u00f9 promettente in termini di valore. E\u2019 in questo contesto che la formazione ha un ruolo chiave: di preparazione di nuove leve di progettisti e di operatori dell\u2019industria, di designer e di chimici che sappiano cosa fare con le nano-tecnologie, ma anche di riqualificazione di maestranze d\u2019esperienza e d\u2019eccellenza alla luce delle nuove scoperte hi tech.<\/p>\n<p>Milano, con il suo distretto del mobile in Brianza, ma anche con i collegamenti con le altre due grandi aree produttive, il Veneto e le Marche, \u00e8 il centro di questa strategia. <strong>C\u2019\u00e8 l\u2019industria<\/strong>. E un mondo dei servizi esperto, legato all\u2019arredamento, a cominciare appunto dal sistema fieristico. C\u2019\u00e8 un Politecnico di respiro internazionale, con una buona specializzazione in architettura e design. E c\u2019\u00e8 un robusto insieme di universit\u00e0 con forte caratterizzazione sui temi dell\u2019economia, ma anche delle scienze umane, indispensabili a una sofisticata creativit\u00e0. C\u2019\u00e8 la finanza (utile, soprattutto se capir\u00e0 come venire meglio incontro alle esigenze di crescita delle piccole e medie imprese e alla affermazione delle start up). C\u2019\u00e8 un dinamico settore di comunicazione e media. E una vivace presenza di luoghi d\u2019eccellenza dell\u2019arte contemporanea, stimolo innovativo essenziale. Quel che serve per rafforzare il made in Italy e dargli ancora maggiori prospettive internazionali.<\/p>\n","protected":false},"excerpt":{"rendered":"<p>\u201cI momenti di crisi raddoppiano la vitalit\u00e0 degli uomini\u201d. La frase ottimistica di un grande scrittore americano, Paul Auster, \u00e8 stata scelta da Silvana Annichiarico, direttrice del triennale Design Museum, come \u201cexergo\u201d della mostra aperta in occasione della Design Week, l\u2019edizione 2014 del Salone del Mobile, nella prima met\u00e0 d\u2019aprile. Ed \u00e8 una scelta opportuna. [&hellip;]<\/p>\n","protected":false},"author":1,"featured_media":50162,"comment_status":"open","ping_status":"open","sticky":false,"template":"","format":"standard","meta":{"footnotes":""},"categories":[53,52],"tags":[],"class_list":["post-50161","post","type-post","status-publish","format-standard","has-post-thumbnail","hentry","category-blog","category-cultura-dimpresa"],"acf":[],"yoast_head":"<!-- This site is optimized with the Yoast SEO plugin v25.0 - https:\/\/yoast.com\/wordpress\/plugins\/seo\/ -->\n<title>Sostenibilit\u00e0, innovazione e creativit\u00e0: dall\u2019arredamento ecco le indicazioni per l\u2019industria italiana - Fondazione Pirelli<\/title>\n<meta name=\"robots\" content=\"index, follow, max-snippet:-1, max-image-preview:large, max-video-preview:-1\" \/>\n<link rel=\"canonical\" href=\"https:\/\/www.fondazionepirelli.org\/it\/cultura-dimpresa\/sostenibilita-innovazione-e-creativita-dallarredamento-ecco-le-indicazioni-per-lindustria-italiana\/\" \/>\n<meta property=\"og:locale\" content=\"it_IT\" \/>\n<meta property=\"og:type\" content=\"article\" \/>\n<meta property=\"og:title\" content=\"Sostenibilit\u00e0, innovazione e creativit\u00e0: dall\u2019arredamento ecco le indicazioni per l\u2019industria italiana - Fondazione Pirelli\" \/>\n<meta property=\"og:description\" content=\"\u201cI momenti di crisi raddoppiano la vitalit\u00e0 degli uomini\u201d. La frase ottimistica di un grande scrittore americano, Paul Auster, \u00e8 stata scelta da Silvana Annichiarico, direttrice del triennale Design Museum, come \u201cexergo\u201d della mostra aperta in occasione della Design Week, l\u2019edizione 2014 del Salone del Mobile, nella prima met\u00e0 d\u2019aprile. Ed \u00e8 una scelta opportuna. [&hellip;]\" \/>\n<meta property=\"og:url\" content=\"https:\/\/127.0.0.1\/it\/cultura-dimpresa\/sostenibilita-innovazione-e-creativita-dallarredamento-ecco-le-indicazioni-per-lindustria-italiana\/\" \/>\n<meta property=\"og:site_name\" content=\"Fondazione Pirelli\" \/>\n<meta property=\"article:published_time\" content=\"2014-05-05T00:00:00+00:00\" \/>\n<meta property=\"article:modified_time\" content=\"2019-05-21T08:02:19+00:00\" \/>\n<meta property=\"og:image\" content=\"https:\/\/wpsite-assets.fondazionepirelli.org\/wp-content\/uploads\/2019\/05\/20101817\/13993596381829720467.jpg\" \/>\n\t<meta property=\"og:image:width\" content=\"249\" \/>\n\t<meta property=\"og:image:height\" content=\"375\" \/>\n\t<meta property=\"og:image:type\" content=\"image\/jpeg\" \/>\n<meta name=\"author\" content=\"fondadmin\" \/>\n<meta name=\"twitter:card\" content=\"summary_large_image\" \/>\n<meta name=\"twitter:label1\" content=\"Scritto da\" \/>\n\t<meta name=\"twitter:data1\" content=\"fondadmin\" \/>\n\t<meta name=\"twitter:label2\" content=\"Tempo di lettura stimato\" \/>\n\t<meta name=\"twitter:data2\" content=\"5 minuti\" \/>\n<script type=\"application\/ld+json\" class=\"yoast-schema-graph\">{\"@context\":\"https:\/\/schema.org\",\"@graph\":[{\"@type\":\"WebPage\",\"@id\":\"https:\/\/127.0.0.1\/it\/cultura-dimpresa\/sostenibilita-innovazione-e-creativita-dallarredamento-ecco-le-indicazioni-per-lindustria-italiana\/\",\"url\":\"https:\/\/127.0.0.1\/it\/cultura-dimpresa\/sostenibilita-innovazione-e-creativita-dallarredamento-ecco-le-indicazioni-per-lindustria-italiana\/\",\"name\":\"Sostenibilit\u00e0, innovazione e creativit\u00e0: dall\u2019arredamento ecco le indicazioni per l\u2019industria italiana - Fondazione Pirelli\",\"isPartOf\":{\"@id\":\"https:\/\/www.fondazionepirelli.org\/it\/#website\"},\"primaryImageOfPage\":{\"@id\":\"https:\/\/127.0.0.1\/it\/cultura-dimpresa\/sostenibilita-innovazione-e-creativita-dallarredamento-ecco-le-indicazioni-per-lindustria-italiana\/#primaryimage\"},\"image\":{\"@id\":\"https:\/\/127.0.0.1\/it\/cultura-dimpresa\/sostenibilita-innovazione-e-creativita-dallarredamento-ecco-le-indicazioni-per-lindustria-italiana\/#primaryimage\"},\"thumbnailUrl\":\"https:\/\/wpsite-assets.fondazionepirelli.org\/wp-content\/uploads\/2019\/05\/20101817\/13993596381829720467.jpg\",\"datePublished\":\"2014-05-05T00:00:00+00:00\",\"dateModified\":\"2019-05-21T08:02:19+00:00\",\"author\":{\"@id\":\"https:\/\/www.fondazionepirelli.org\/it\/#\/schema\/person\/f47d097000832c4a6e54538c791fdf25\"},\"breadcrumb\":{\"@id\":\"https:\/\/127.0.0.1\/it\/cultura-dimpresa\/sostenibilita-innovazione-e-creativita-dallarredamento-ecco-le-indicazioni-per-lindustria-italiana\/#breadcrumb\"},\"inLanguage\":\"it-IT\",\"potentialAction\":[{\"@type\":\"ReadAction\",\"target\":[\"https:\/\/127.0.0.1\/it\/cultura-dimpresa\/sostenibilita-innovazione-e-creativita-dallarredamento-ecco-le-indicazioni-per-lindustria-italiana\/\"]}]},{\"@type\":\"ImageObject\",\"inLanguage\":\"it-IT\",\"@id\":\"https:\/\/127.0.0.1\/it\/cultura-dimpresa\/sostenibilita-innovazione-e-creativita-dallarredamento-ecco-le-indicazioni-per-lindustria-italiana\/#primaryimage\",\"url\":\"https:\/\/wpsite-assets.fondazionepirelli.org\/wp-content\/uploads\/2019\/05\/20101817\/13993596381829720467.jpg\",\"contentUrl\":\"https:\/\/wpsite-assets.fondazionepirelli.org\/wp-content\/uploads\/2019\/05\/20101817\/13993596381829720467.jpg\",\"width\":249,\"height\":375},{\"@type\":\"BreadcrumbList\",\"@id\":\"https:\/\/127.0.0.1\/it\/cultura-dimpresa\/sostenibilita-innovazione-e-creativita-dallarredamento-ecco-le-indicazioni-per-lindustria-italiana\/#breadcrumb\",\"itemListElement\":[{\"@type\":\"ListItem\",\"position\":1,\"name\":\"Home\",\"item\":\"https:\/\/www.fondazionepirelli.org\/it\/\"},{\"@type\":\"ListItem\",\"position\":2,\"name\":\"Sostenibilit\u00e0, innovazione e creativit\u00e0: dall\u2019arredamento ecco le indicazioni per l\u2019industria italiana\"}]},{\"@type\":\"WebSite\",\"@id\":\"https:\/\/www.fondazionepirelli.org\/it\/#website\",\"url\":\"https:\/\/www.fondazionepirelli.org\/it\/\",\"name\":\"Fondazione Pirelli\",\"description\":\"\",\"potentialAction\":[{\"@type\":\"SearchAction\",\"target\":{\"@type\":\"EntryPoint\",\"urlTemplate\":\"https:\/\/www.fondazionepirelli.org\/it\/?s={search_term_string}\"},\"query-input\":{\"@type\":\"PropertyValueSpecification\",\"valueRequired\":true,\"valueName\":\"search_term_string\"}}],\"inLanguage\":\"it-IT\"},{\"@type\":\"Person\",\"@id\":\"https:\/\/www.fondazionepirelli.org\/it\/#\/schema\/person\/f47d097000832c4a6e54538c791fdf25\",\"name\":\"fondadmin\",\"image\":{\"@type\":\"ImageObject\",\"inLanguage\":\"it-IT\",\"@id\":\"https:\/\/www.fondazionepirelli.org\/it\/#\/schema\/person\/image\/\",\"url\":\"https:\/\/secure.gravatar.com\/avatar\/e69498a9175ca244966e51e53c88712c024fcebe41f9a05f75657f1bb25e489b?s=96&d=mm&r=g\",\"contentUrl\":\"https:\/\/secure.gravatar.com\/avatar\/e69498a9175ca244966e51e53c88712c024fcebe41f9a05f75657f1bb25e489b?s=96&d=mm&r=g\",\"caption\":\"fondadmin\"},\"url\":\"https:\/\/www.fondazionepirelli.org\/it\/author\/fondadmin\/\"}]}<\/script>\n<!-- \/ Yoast SEO plugin. -->","yoast_head_json":{"title":"Sostenibilit\u00e0, innovazione e creativit\u00e0: dall\u2019arredamento ecco le indicazioni per l\u2019industria italiana - Fondazione Pirelli","robots":{"index":"index","follow":"follow","max-snippet":"max-snippet:-1","max-image-preview":"max-image-preview:large","max-video-preview":"max-video-preview:-1"},"canonical":"https:\/\/www.fondazionepirelli.org\/it\/cultura-dimpresa\/sostenibilita-innovazione-e-creativita-dallarredamento-ecco-le-indicazioni-per-lindustria-italiana\/","og_locale":"it_IT","og_type":"article","og_title":"Sostenibilit\u00e0, innovazione e creativit\u00e0: dall\u2019arredamento ecco le indicazioni per l\u2019industria italiana - Fondazione Pirelli","og_description":"\u201cI momenti di crisi raddoppiano la vitalit\u00e0 degli uomini\u201d. La frase ottimistica di un grande scrittore americano, Paul Auster, \u00e8 stata scelta da Silvana Annichiarico, direttrice del triennale Design Museum, come \u201cexergo\u201d della mostra aperta in occasione della Design Week, l\u2019edizione 2014 del Salone del Mobile, nella prima met\u00e0 d\u2019aprile. Ed \u00e8 una scelta opportuna. [&hellip;]","og_url":"https:\/\/127.0.0.1\/it\/cultura-dimpresa\/sostenibilita-innovazione-e-creativita-dallarredamento-ecco-le-indicazioni-per-lindustria-italiana\/","og_site_name":"Fondazione Pirelli","article_published_time":"2014-05-05T00:00:00+00:00","article_modified_time":"2019-05-21T08:02:19+00:00","og_image":[{"width":249,"height":375,"url":"https:\/\/wpsite-assets.fondazionepirelli.org\/wp-content\/uploads\/2019\/05\/20101817\/13993596381829720467.jpg","type":"image\/jpeg"}],"author":"fondadmin","twitter_card":"summary_large_image","twitter_misc":{"Scritto da":"fondadmin","Tempo di lettura stimato":"5 minuti"},"schema":{"@context":"https:\/\/schema.org","@graph":[{"@type":"WebPage","@id":"https:\/\/127.0.0.1\/it\/cultura-dimpresa\/sostenibilita-innovazione-e-creativita-dallarredamento-ecco-le-indicazioni-per-lindustria-italiana\/","url":"https:\/\/127.0.0.1\/it\/cultura-dimpresa\/sostenibilita-innovazione-e-creativita-dallarredamento-ecco-le-indicazioni-per-lindustria-italiana\/","name":"Sostenibilit\u00e0, innovazione e creativit\u00e0: dall\u2019arredamento ecco le indicazioni per l\u2019industria italiana - Fondazione Pirelli","isPartOf":{"@id":"https:\/\/www.fondazionepirelli.org\/it\/#website"},"primaryImageOfPage":{"@id":"https:\/\/127.0.0.1\/it\/cultura-dimpresa\/sostenibilita-innovazione-e-creativita-dallarredamento-ecco-le-indicazioni-per-lindustria-italiana\/#primaryimage"},"image":{"@id":"https:\/\/127.0.0.1\/it\/cultura-dimpresa\/sostenibilita-innovazione-e-creativita-dallarredamento-ecco-le-indicazioni-per-lindustria-italiana\/#primaryimage"},"thumbnailUrl":"https:\/\/wpsite-assets.fondazionepirelli.org\/wp-content\/uploads\/2019\/05\/20101817\/13993596381829720467.jpg","datePublished":"2014-05-05T00:00:00+00:00","dateModified":"2019-05-21T08:02:19+00:00","author":{"@id":"https:\/\/www.fondazionepirelli.org\/it\/#\/schema\/person\/f47d097000832c4a6e54538c791fdf25"},"breadcrumb":{"@id":"https:\/\/127.0.0.1\/it\/cultura-dimpresa\/sostenibilita-innovazione-e-creativita-dallarredamento-ecco-le-indicazioni-per-lindustria-italiana\/#breadcrumb"},"inLanguage":"it-IT","potentialAction":[{"@type":"ReadAction","target":["https:\/\/127.0.0.1\/it\/cultura-dimpresa\/sostenibilita-innovazione-e-creativita-dallarredamento-ecco-le-indicazioni-per-lindustria-italiana\/"]}]},{"@type":"ImageObject","inLanguage":"it-IT","@id":"https:\/\/127.0.0.1\/it\/cultura-dimpresa\/sostenibilita-innovazione-e-creativita-dallarredamento-ecco-le-indicazioni-per-lindustria-italiana\/#primaryimage","url":"https:\/\/wpsite-assets.fondazionepirelli.org\/wp-content\/uploads\/2019\/05\/20101817\/13993596381829720467.jpg","contentUrl":"https:\/\/wpsite-assets.fondazionepirelli.org\/wp-content\/uploads\/2019\/05\/20101817\/13993596381829720467.jpg","width":249,"height":375},{"@type":"BreadcrumbList","@id":"https:\/\/127.0.0.1\/it\/cultura-dimpresa\/sostenibilita-innovazione-e-creativita-dallarredamento-ecco-le-indicazioni-per-lindustria-italiana\/#breadcrumb","itemListElement":[{"@type":"ListItem","position":1,"name":"Home","item":"https:\/\/www.fondazionepirelli.org\/it\/"},{"@type":"ListItem","position":2,"name":"Sostenibilit\u00e0, innovazione e creativit\u00e0: dall\u2019arredamento ecco le indicazioni per l\u2019industria italiana"}]},{"@type":"WebSite","@id":"https:\/\/www.fondazionepirelli.org\/it\/#website","url":"https:\/\/www.fondazionepirelli.org\/it\/","name":"Fondazione Pirelli","description":"","potentialAction":[{"@type":"SearchAction","target":{"@type":"EntryPoint","urlTemplate":"https:\/\/www.fondazionepirelli.org\/it\/?s={search_term_string}"},"query-input":{"@type":"PropertyValueSpecification","valueRequired":true,"valueName":"search_term_string"}}],"inLanguage":"it-IT"},{"@type":"Person","@id":"https:\/\/www.fondazionepirelli.org\/it\/#\/schema\/person\/f47d097000832c4a6e54538c791fdf25","name":"fondadmin","image":{"@type":"ImageObject","inLanguage":"it-IT","@id":"https:\/\/www.fondazionepirelli.org\/it\/#\/schema\/person\/image\/","url":"https:\/\/secure.gravatar.com\/avatar\/e69498a9175ca244966e51e53c88712c024fcebe41f9a05f75657f1bb25e489b?s=96&d=mm&r=g","contentUrl":"https:\/\/secure.gravatar.com\/avatar\/e69498a9175ca244966e51e53c88712c024fcebe41f9a05f75657f1bb25e489b?s=96&d=mm&r=g","caption":"fondadmin"},"url":"https:\/\/www.fondazionepirelli.org\/it\/author\/fondadmin\/"}]}},"_links":{"self":[{"href":"https:\/\/www.fondazionepirelli.org\/it\/wp-json\/wp\/v2\/posts\/50161\/"}],"collection":[{"href":"https:\/\/www.fondazionepirelli.org\/it\/wp-json\/wp\/v2\/posts\/"}],"about":[{"href":"https:\/\/www.fondazionepirelli.org\/it\/wp-json\/wp\/v2\/types\/post\/"}],"author":[{"embeddable":true,"href":"https:\/\/www.fondazionepirelli.org\/it\/wp-json\/wp\/v2\/users\/1\/"}],"replies":[{"embeddable":true,"href":"https:\/\/www.fondazionepirelli.org\/it\/wp-json\/wp\/v2\/comments\/?post=50161"}],"version-history":[{"count":1,"href":"https:\/\/www.fondazionepirelli.org\/it\/wp-json\/wp\/v2\/posts\/50161\/revisions\/"}],"predecessor-version":[{"id":55668,"href":"https:\/\/www.fondazionepirelli.org\/it\/wp-json\/wp\/v2\/posts\/50161\/revisions\/55668\/"}],"wp:featuredmedia":[{"embeddable":true,"href":"https:\/\/www.fondazionepirelli.org\/it\/wp-json\/wp\/v2\/media\/50162\/"}],"wp:attachment":[{"href":"https:\/\/www.fondazionepirelli.org\/it\/wp-json\/wp\/v2\/media\/?parent=50161"}],"wp:term":[{"taxonomy":"category","embeddable":true,"href":"https:\/\/www.fondazionepirelli.org\/it\/wp-json\/wp\/v2\/categories\/?post=50161"},{"taxonomy":"post_tag","embeddable":true,"href":"https:\/\/www.fondazionepirelli.org\/it\/wp-json\/wp\/v2\/tags\/?post=50161"}],"curies":[{"name":"wp","href":"https:\/\/api.w.org\/{rel}","templated":true}]}}