{"id":50172,"date":"2014-04-14T00:00:00","date_gmt":"2014-04-14T00:00:00","guid":{"rendered":"http:\/\/www.fondazionepirelli.org\/fondazione-pirelli\/ecco-lindustria-medium-tech-competitivita-e-migliori-equlibri-sociali\/"},"modified":"2019-05-21T08:00:15","modified_gmt":"2019-05-21T08:00:15","slug":"ecco-lindustria-medium-tech-competitivita-e-migliori-equlibri-sociali","status":"publish","type":"post","link":"https:\/\/www.fondazionepirelli.org\/it\/cultura-dimpresa\/ecco-lindustria-medium-tech-competitivita-e-migliori-equlibri-sociali\/","title":{"rendered":"Ecco l\u2019industria medium tech: competitivit\u00e0 e migliori equilibri sociali"},"content":{"rendered":"<p>Manifattura tecnologicamente sofisticata: \u00e8 un bel primato italiano. Perch\u00e9 combina, soprattutto nel cosiddetto <strong>medium tech<\/strong>, la forza delle radici industriali e artigiane del \u201cfare, e fare bene\u201d ben salde nelle nostra cultura d\u2019impresa, con una vivace tendenza all\u2019innovazione che anima, nonostante tutto, il tessuto economico del paese, soprattutto nelle aree pi\u00f9 dinamiche e industrializzate, dal Nord Ovest delle imprese medio-grandi al Nord Est in cui \u00e8 finalmente tramontata l\u2019ideologia del \u201cpiccolo \u00e8 bello\u201d e si cercano dimensioni d\u2019impresa adatte alle nicchie d\u2019alta qualit\u00e0 sui mercati internazionali, dall\u2019Emilia dei distretti meccanici alla \u201cdorsale adriatica\u201d, sino a \u00a0toccare isole manifatturiere pur importanti (anche se fragili) nel Lazio e nel Mezzogiorno.<strong> Manifattura d\u2019avanguardia<\/strong>, dunque, come combinazione originale d\u2019industria e tecnologie digitali. Una leva fondamentale per costruire uno sviluppo pi\u00f9 equilibrato dell\u2019intero Paese. \u201cProduzione, lievi segni di ripresa: crescita a marzo dello 0,7%\u201d, nota il <strong>Centro Studi Confindustria<\/strong> (\u201cIlSole24Ore\u201d, 11 aprile), dando conto di una congiuntura che pu\u00f2 alimentare pur prudenti speranze. E\u2019 vero che rispetto al 2008, l\u2019anno d\u2019esplosione della Grande Crisi, c\u2019\u00e8 un calo del 23,6%, con un buon quarto dell\u2019intera produzione industriale da recuperare. Ma \u00e8 altrettanto vero che buona parte delle imprese medie e medio grandi, di molti distretti e delle principali filiere industriali confermano che la ripresa \u00e8 partita, trainata dall\u2019export (nell\u2019area Ue, negli Usa, ma soprattutto nel cosiddetti \u201cpaesi emerenti\u201d o da poco \u201cemersi\u201d, come la Cina e il Brasile) e rallentata dalla stagnazione ancora evidente sul mercato interno.<\/p>\n<p>Come sostenere questa timida ripresa, come \u201cRiaccendere i motori\u201d? Indicazioni molto interessanti vengono da un bel libro di <strong>Gianfelice Rocca<\/strong>, presidente di Assolombarda e del Gruppo Techint (multinazionale italiana d\u2019antica storia e robusto spessore) che, sotto quel titolo adatto a ispirare fiducia, parla di \u201cinnovazione, merito ordinario e rinascita italiana\u201d e spiega l\u2019importanza di un\u2019Italia produttiva fondata sull\u2019industria \u201cmedium tech\u201d, cio\u00e8 sulla manifattura d\u2019alta qualit\u00e0 metalmeccanica, meccanica, chimica, plastica, elettrotecnica, nautica, legata alle filiere dell\u2019<em>automotive<\/em>, del \u201cmedicale\u201d e della diagnostica. Un\u2019industria forte per innovazione \u201cincrementale\u201d, densa di \u201cmultinazionali tascabili\u201d, capace di reggere la competizione con la Germania campione manifatturiero europeo, adatta a garantire lavoro, utile a potenziare attraverso la leva dell\u2019export la crescita del Pil. Un\u2019industria aperta, dinamica, abituata a investire all\u2019estero (non per sfruttare la leva dei bassi costi, ma per conquistare da insider i mercati in espansione), tenendo per\u00f2 ben saldi in Italia la testa e il cuore delle strategie, della ricerca, delle produzioni \u201calto di gamma\u201d e a maggior valore aggiunto.<\/p>\n<p>E\u2019 un libro importante e necessario, quello di Rocca. E rafforza le elaborazioni gi\u00e0 in corso su \u201c<strong>rinascimento manifatturiero<\/strong>\u201d, \u201dorgoglio industriale\u201d, \u201c<strong>riscatto<\/strong>\u201d della manifattura grazie anche agli investimenti internazionali, \u201cproduzione intelligente\u201d(per riprendere un tema caro allo storico dell\u2019economia <strong>Giuseppe Berta<\/strong>, di cui abbiamo parlato proprio su questa sezione di cultura d\u2019impresa, alcune settimane fa), \u201cquarto capitalismo\u201d e imprese d\u2019eccellenza delle \u201cquattro A del made in Italy\u201d (agro-industria, arredamento, abbigliamento e soprattutto automazione meccanica) diffuse su un territorio ricco di capitale umano e capitale sociale.<\/p>\n<p>E\u2019 un\u2019industria che ha molto innovato, negli ultimi vent\u2019anni. Ed \u00e8 stata stimolata (o, perch\u00e9 no?, costretta) a farlo dalla fine della lunga stagione della facile e pigra svalutazione competitiva, con l\u2019adesione dell\u2019Italia al trattato di Maastricht e ai vincoli dell\u2019euro, quando non \u00e8 stato pi\u00f9 possibile usare la leva dei bassi prezzi (svalutando appunto la fragile lira) ed \u00e8 stato necessario fare fronte agli alti costi di produzione con l\u2019innovazione, la qualit\u00e0, la creativit\u00e0. Vale la pena ricordarlo, quel periodo, proprio in tempi in cui demagoghi e populisti chiacchierano disinvoltamente della fine dell\u2019euro e del ritorno alla lira, vantando appunto, tra le conseguenze positive, la \u201csvalutazione competitiva\u201d: si butterebbe via un ventennio di positiva trasformazione industriale e di efficiente ed efficace competitivit\u00e0, per ritrovarsi ai margini dell\u2019industria europea.<\/p>\n<p>Meglio pensare, come suggerisce Rocca, a rafforzare le nostre imprese di successo <em>medium tech<\/em>: ricerca, formazione, infrastrutture, credito, ambiente adatto alle <em>start up<\/em>, cio\u00e8 alle nuove aziende pi\u00f9 dinamiche e creative, basso peso della burocrazia e del fisco, legalit\u00e0, giustizia veloce e puntuale. E riforme istituzionali e sociali adatta a un paese che voglia e sappia dare un futuro alle giovani generazioni. \u201cUn Paese \u00e8 competitivo \u2013 sostiene Rocca \u2013 nel momento in cui le aziende che operano nel suo territorio sono in grado di competere con sucesso nell\u2019economia globale e di assicurare, nello stesso tempo, standard di vita elevati e crescenti al cittadino medio\u201d.<\/p>\n<p>Le industrie medium tech hanno anche una funzione di miglior equilibrio sociale: hanno bisogno di un buon capitale umano, di lunga durata, sollecitano competenze continuamente aggiornate, promuovono il merito (cresce chi sa fare), si radicano positivamente nel territorio e, sollecitando una supply chain di qualit\u00e0, migliorano il capitale sociale diffuso: \u201cUna costellazione di valori che contribuiscono, nel lungo periodo, a rendere pi\u00f9 solida, pi\u00f9 stabile e anche pi\u00f9 ricca una societ\u00e0\u201d. Ci sono sei leve, su cui insistere: \u201cInnovazione e produttivit\u00e0, capitale umano e merito ordinario, coesione sociale e mobilit\u00e0 intergenerazionale\u201d. Sono caratteristiche in cui la buona cultura d\u2019impresa si combina con la sostenibilit\u00e0. E con lo sviluppo. Rinascita italiana, appunto. E paradigma positivo per altre aree dell\u2019Europa e del mondo.<\/p>\n","protected":false},"excerpt":{"rendered":"<p>Manifattura tecnologicamente sofisticata: \u00e8 un bel primato italiano. Perch\u00e9 combina, soprattutto nel cosiddetto medium tech, la forza delle radici industriali e artigiane del \u201cfare, e fare bene\u201d ben salde nelle nostra cultura d\u2019impresa, con una vivace tendenza all\u2019innovazione che anima, nonostante tutto, il tessuto economico del paese, soprattutto nelle aree pi\u00f9 dinamiche e industrializzate, dal [&hellip;]<\/p>\n","protected":false},"author":1,"featured_media":50173,"comment_status":"open","ping_status":"open","sticky":false,"template":"","format":"standard","meta":{"footnotes":""},"categories":[53,52],"tags":[],"class_list":["post-50172","post","type-post","status-publish","format-standard","has-post-thumbnail","hentry","category-blog","category-cultura-dimpresa"],"acf":[],"yoast_head":"<!-- This site is optimized with the Yoast SEO plugin v25.0 - https:\/\/yoast.com\/wordpress\/plugins\/seo\/ -->\n<title>Ecco l\u2019industria medium tech: competitivit\u00e0 e migliori equilibri sociali - Fondazione Pirelli<\/title>\n<meta name=\"robots\" content=\"index, follow, max-snippet:-1, max-image-preview:large, max-video-preview:-1\" \/>\n<link rel=\"canonical\" href=\"https:\/\/www.fondazionepirelli.org\/it\/cultura-dimpresa\/ecco-lindustria-medium-tech-competitivita-e-migliori-equlibri-sociali\/\" \/>\n<meta property=\"og:locale\" content=\"it_IT\" \/>\n<meta property=\"og:type\" content=\"article\" \/>\n<meta property=\"og:title\" content=\"Ecco l\u2019industria medium tech: competitivit\u00e0 e migliori equilibri sociali - Fondazione Pirelli\" \/>\n<meta property=\"og:description\" content=\"Manifattura tecnologicamente sofisticata: \u00e8 un bel primato italiano. Perch\u00e9 combina, soprattutto nel cosiddetto medium tech, la forza delle radici industriali e artigiane del \u201cfare, e fare bene\u201d ben salde nelle nostra cultura d\u2019impresa, con una vivace tendenza all\u2019innovazione che anima, nonostante tutto, il tessuto economico del paese, soprattutto nelle aree pi\u00f9 dinamiche e industrializzate, dal [&hellip;]\" \/>\n<meta property=\"og:url\" content=\"https:\/\/127.0.0.1\/it\/cultura-dimpresa\/ecco-lindustria-medium-tech-competitivita-e-migliori-equlibri-sociali\/\" \/>\n<meta property=\"og:site_name\" content=\"Fondazione Pirelli\" \/>\n<meta property=\"article:published_time\" content=\"2014-04-14T00:00:00+00:00\" \/>\n<meta property=\"article:modified_time\" content=\"2019-05-21T08:00:15+00:00\" \/>\n<meta property=\"og:image\" content=\"https:\/\/wpsite-assets.fondazionepirelli.org\/wp-content\/uploads\/2019\/05\/20101814\/13975512991328534611.jpg\" \/>\n\t<meta property=\"og:image:width\" content=\"249\" \/>\n\t<meta property=\"og:image:height\" content=\"375\" \/>\n\t<meta property=\"og:image:type\" content=\"image\/jpeg\" \/>\n<meta name=\"author\" content=\"fondadmin\" \/>\n<meta name=\"twitter:card\" content=\"summary_large_image\" \/>\n<meta name=\"twitter:label1\" content=\"Scritto da\" \/>\n\t<meta name=\"twitter:data1\" content=\"fondadmin\" \/>\n\t<meta name=\"twitter:label2\" content=\"Tempo di lettura stimato\" \/>\n\t<meta name=\"twitter:data2\" content=\"4 minuti\" \/>\n<script type=\"application\/ld+json\" class=\"yoast-schema-graph\">{\"@context\":\"https:\/\/schema.org\",\"@graph\":[{\"@type\":\"WebPage\",\"@id\":\"https:\/\/127.0.0.1\/it\/cultura-dimpresa\/ecco-lindustria-medium-tech-competitivita-e-migliori-equlibri-sociali\/\",\"url\":\"https:\/\/127.0.0.1\/it\/cultura-dimpresa\/ecco-lindustria-medium-tech-competitivita-e-migliori-equlibri-sociali\/\",\"name\":\"Ecco l\u2019industria medium tech: competitivit\u00e0 e migliori equilibri sociali - Fondazione Pirelli\",\"isPartOf\":{\"@id\":\"https:\/\/www.fondazionepirelli.org\/it\/#website\"},\"primaryImageOfPage\":{\"@id\":\"https:\/\/127.0.0.1\/it\/cultura-dimpresa\/ecco-lindustria-medium-tech-competitivita-e-migliori-equlibri-sociali\/#primaryimage\"},\"image\":{\"@id\":\"https:\/\/127.0.0.1\/it\/cultura-dimpresa\/ecco-lindustria-medium-tech-competitivita-e-migliori-equlibri-sociali\/#primaryimage\"},\"thumbnailUrl\":\"https:\/\/wpsite-assets.fondazionepirelli.org\/wp-content\/uploads\/2019\/05\/20101814\/13975512991328534611.jpg\",\"datePublished\":\"2014-04-14T00:00:00+00:00\",\"dateModified\":\"2019-05-21T08:00:15+00:00\",\"author\":{\"@id\":\"https:\/\/www.fondazionepirelli.org\/it\/#\/schema\/person\/f47d097000832c4a6e54538c791fdf25\"},\"breadcrumb\":{\"@id\":\"https:\/\/127.0.0.1\/it\/cultura-dimpresa\/ecco-lindustria-medium-tech-competitivita-e-migliori-equlibri-sociali\/#breadcrumb\"},\"inLanguage\":\"it-IT\",\"potentialAction\":[{\"@type\":\"ReadAction\",\"target\":[\"https:\/\/127.0.0.1\/it\/cultura-dimpresa\/ecco-lindustria-medium-tech-competitivita-e-migliori-equlibri-sociali\/\"]}]},{\"@type\":\"ImageObject\",\"inLanguage\":\"it-IT\",\"@id\":\"https:\/\/127.0.0.1\/it\/cultura-dimpresa\/ecco-lindustria-medium-tech-competitivita-e-migliori-equlibri-sociali\/#primaryimage\",\"url\":\"https:\/\/wpsite-assets.fondazionepirelli.org\/wp-content\/uploads\/2019\/05\/20101814\/13975512991328534611.jpg\",\"contentUrl\":\"https:\/\/wpsite-assets.fondazionepirelli.org\/wp-content\/uploads\/2019\/05\/20101814\/13975512991328534611.jpg\",\"width\":249,\"height\":375},{\"@type\":\"BreadcrumbList\",\"@id\":\"https:\/\/127.0.0.1\/it\/cultura-dimpresa\/ecco-lindustria-medium-tech-competitivita-e-migliori-equlibri-sociali\/#breadcrumb\",\"itemListElement\":[{\"@type\":\"ListItem\",\"position\":1,\"name\":\"Home\",\"item\":\"https:\/\/www.fondazionepirelli.org\/it\/\"},{\"@type\":\"ListItem\",\"position\":2,\"name\":\"Ecco l\u2019industria medium tech: competitivit\u00e0 e migliori equilibri sociali\"}]},{\"@type\":\"WebSite\",\"@id\":\"https:\/\/www.fondazionepirelli.org\/it\/#website\",\"url\":\"https:\/\/www.fondazionepirelli.org\/it\/\",\"name\":\"Fondazione Pirelli\",\"description\":\"\",\"potentialAction\":[{\"@type\":\"SearchAction\",\"target\":{\"@type\":\"EntryPoint\",\"urlTemplate\":\"https:\/\/www.fondazionepirelli.org\/it\/?s={search_term_string}\"},\"query-input\":{\"@type\":\"PropertyValueSpecification\",\"valueRequired\":true,\"valueName\":\"search_term_string\"}}],\"inLanguage\":\"it-IT\"},{\"@type\":\"Person\",\"@id\":\"https:\/\/www.fondazionepirelli.org\/it\/#\/schema\/person\/f47d097000832c4a6e54538c791fdf25\",\"name\":\"fondadmin\",\"image\":{\"@type\":\"ImageObject\",\"inLanguage\":\"it-IT\",\"@id\":\"https:\/\/www.fondazionepirelli.org\/it\/#\/schema\/person\/image\/\",\"url\":\"https:\/\/secure.gravatar.com\/avatar\/e69498a9175ca244966e51e53c88712c024fcebe41f9a05f75657f1bb25e489b?s=96&d=mm&r=g\",\"contentUrl\":\"https:\/\/secure.gravatar.com\/avatar\/e69498a9175ca244966e51e53c88712c024fcebe41f9a05f75657f1bb25e489b?s=96&d=mm&r=g\",\"caption\":\"fondadmin\"},\"url\":\"https:\/\/www.fondazionepirelli.org\/it\/author\/fondadmin\/\"}]}<\/script>\n<!-- \/ Yoast SEO plugin. -->","yoast_head_json":{"title":"Ecco l\u2019industria medium tech: competitivit\u00e0 e migliori equilibri sociali - Fondazione Pirelli","robots":{"index":"index","follow":"follow","max-snippet":"max-snippet:-1","max-image-preview":"max-image-preview:large","max-video-preview":"max-video-preview:-1"},"canonical":"https:\/\/www.fondazionepirelli.org\/it\/cultura-dimpresa\/ecco-lindustria-medium-tech-competitivita-e-migliori-equlibri-sociali\/","og_locale":"it_IT","og_type":"article","og_title":"Ecco l\u2019industria medium tech: competitivit\u00e0 e migliori equilibri sociali - Fondazione Pirelli","og_description":"Manifattura tecnologicamente sofisticata: \u00e8 un bel primato italiano. Perch\u00e9 combina, soprattutto nel cosiddetto medium tech, la forza delle radici industriali e artigiane del \u201cfare, e fare bene\u201d ben salde nelle nostra cultura d\u2019impresa, con una vivace tendenza all\u2019innovazione che anima, nonostante tutto, il tessuto economico del paese, soprattutto nelle aree pi\u00f9 dinamiche e industrializzate, dal [&hellip;]","og_url":"https:\/\/127.0.0.1\/it\/cultura-dimpresa\/ecco-lindustria-medium-tech-competitivita-e-migliori-equlibri-sociali\/","og_site_name":"Fondazione Pirelli","article_published_time":"2014-04-14T00:00:00+00:00","article_modified_time":"2019-05-21T08:00:15+00:00","og_image":[{"width":249,"height":375,"url":"https:\/\/wpsite-assets.fondazionepirelli.org\/wp-content\/uploads\/2019\/05\/20101814\/13975512991328534611.jpg","type":"image\/jpeg"}],"author":"fondadmin","twitter_card":"summary_large_image","twitter_misc":{"Scritto da":"fondadmin","Tempo di lettura stimato":"4 minuti"},"schema":{"@context":"https:\/\/schema.org","@graph":[{"@type":"WebPage","@id":"https:\/\/127.0.0.1\/it\/cultura-dimpresa\/ecco-lindustria-medium-tech-competitivita-e-migliori-equlibri-sociali\/","url":"https:\/\/127.0.0.1\/it\/cultura-dimpresa\/ecco-lindustria-medium-tech-competitivita-e-migliori-equlibri-sociali\/","name":"Ecco l\u2019industria medium tech: competitivit\u00e0 e migliori equilibri sociali - Fondazione Pirelli","isPartOf":{"@id":"https:\/\/www.fondazionepirelli.org\/it\/#website"},"primaryImageOfPage":{"@id":"https:\/\/127.0.0.1\/it\/cultura-dimpresa\/ecco-lindustria-medium-tech-competitivita-e-migliori-equlibri-sociali\/#primaryimage"},"image":{"@id":"https:\/\/127.0.0.1\/it\/cultura-dimpresa\/ecco-lindustria-medium-tech-competitivita-e-migliori-equlibri-sociali\/#primaryimage"},"thumbnailUrl":"https:\/\/wpsite-assets.fondazionepirelli.org\/wp-content\/uploads\/2019\/05\/20101814\/13975512991328534611.jpg","datePublished":"2014-04-14T00:00:00+00:00","dateModified":"2019-05-21T08:00:15+00:00","author":{"@id":"https:\/\/www.fondazionepirelli.org\/it\/#\/schema\/person\/f47d097000832c4a6e54538c791fdf25"},"breadcrumb":{"@id":"https:\/\/127.0.0.1\/it\/cultura-dimpresa\/ecco-lindustria-medium-tech-competitivita-e-migliori-equlibri-sociali\/#breadcrumb"},"inLanguage":"it-IT","potentialAction":[{"@type":"ReadAction","target":["https:\/\/127.0.0.1\/it\/cultura-dimpresa\/ecco-lindustria-medium-tech-competitivita-e-migliori-equlibri-sociali\/"]}]},{"@type":"ImageObject","inLanguage":"it-IT","@id":"https:\/\/127.0.0.1\/it\/cultura-dimpresa\/ecco-lindustria-medium-tech-competitivita-e-migliori-equlibri-sociali\/#primaryimage","url":"https:\/\/wpsite-assets.fondazionepirelli.org\/wp-content\/uploads\/2019\/05\/20101814\/13975512991328534611.jpg","contentUrl":"https:\/\/wpsite-assets.fondazionepirelli.org\/wp-content\/uploads\/2019\/05\/20101814\/13975512991328534611.jpg","width":249,"height":375},{"@type":"BreadcrumbList","@id":"https:\/\/127.0.0.1\/it\/cultura-dimpresa\/ecco-lindustria-medium-tech-competitivita-e-migliori-equlibri-sociali\/#breadcrumb","itemListElement":[{"@type":"ListItem","position":1,"name":"Home","item":"https:\/\/www.fondazionepirelli.org\/it\/"},{"@type":"ListItem","position":2,"name":"Ecco l\u2019industria medium tech: competitivit\u00e0 e migliori equilibri sociali"}]},{"@type":"WebSite","@id":"https:\/\/www.fondazionepirelli.org\/it\/#website","url":"https:\/\/www.fondazionepirelli.org\/it\/","name":"Fondazione Pirelli","description":"","potentialAction":[{"@type":"SearchAction","target":{"@type":"EntryPoint","urlTemplate":"https:\/\/www.fondazionepirelli.org\/it\/?s={search_term_string}"},"query-input":{"@type":"PropertyValueSpecification","valueRequired":true,"valueName":"search_term_string"}}],"inLanguage":"it-IT"},{"@type":"Person","@id":"https:\/\/www.fondazionepirelli.org\/it\/#\/schema\/person\/f47d097000832c4a6e54538c791fdf25","name":"fondadmin","image":{"@type":"ImageObject","inLanguage":"it-IT","@id":"https:\/\/www.fondazionepirelli.org\/it\/#\/schema\/person\/image\/","url":"https:\/\/secure.gravatar.com\/avatar\/e69498a9175ca244966e51e53c88712c024fcebe41f9a05f75657f1bb25e489b?s=96&d=mm&r=g","contentUrl":"https:\/\/secure.gravatar.com\/avatar\/e69498a9175ca244966e51e53c88712c024fcebe41f9a05f75657f1bb25e489b?s=96&d=mm&r=g","caption":"fondadmin"},"url":"https:\/\/www.fondazionepirelli.org\/it\/author\/fondadmin\/"}]}},"_links":{"self":[{"href":"https:\/\/www.fondazionepirelli.org\/it\/wp-json\/wp\/v2\/posts\/50172\/"}],"collection":[{"href":"https:\/\/www.fondazionepirelli.org\/it\/wp-json\/wp\/v2\/posts\/"}],"about":[{"href":"https:\/\/www.fondazionepirelli.org\/it\/wp-json\/wp\/v2\/types\/post\/"}],"author":[{"embeddable":true,"href":"https:\/\/www.fondazionepirelli.org\/it\/wp-json\/wp\/v2\/users\/1\/"}],"replies":[{"embeddable":true,"href":"https:\/\/www.fondazionepirelli.org\/it\/wp-json\/wp\/v2\/comments\/?post=50172"}],"version-history":[{"count":3,"href":"https:\/\/www.fondazionepirelli.org\/it\/wp-json\/wp\/v2\/posts\/50172\/revisions\/"}],"predecessor-version":[{"id":55665,"href":"https:\/\/www.fondazionepirelli.org\/it\/wp-json\/wp\/v2\/posts\/50172\/revisions\/55665\/"}],"wp:featuredmedia":[{"embeddable":true,"href":"https:\/\/www.fondazionepirelli.org\/it\/wp-json\/wp\/v2\/media\/50173\/"}],"wp:attachment":[{"href":"https:\/\/www.fondazionepirelli.org\/it\/wp-json\/wp\/v2\/media\/?parent=50172"}],"wp:term":[{"taxonomy":"category","embeddable":true,"href":"https:\/\/www.fondazionepirelli.org\/it\/wp-json\/wp\/v2\/categories\/?post=50172"},{"taxonomy":"post_tag","embeddable":true,"href":"https:\/\/www.fondazionepirelli.org\/it\/wp-json\/wp\/v2\/tags\/?post=50172"}],"curies":[{"name":"wp","href":"https:\/\/api.w.org\/{rel}","templated":true}]}}