{"id":50175,"date":"2014-04-14T00:00:00","date_gmt":"2014-04-14T00:00:00","guid":{"rendered":"http:\/\/www.fondazionepirelli.org\/fondazione-pirelli\/come-imparano-le-imprese\/"},"modified":"2019-05-24T14:50:21","modified_gmt":"2019-05-24T14:50:21","slug":"come-imparano-le-imprese","status":"publish","type":"post","link":"https:\/\/www.fondazionepirelli.org\/it\/cultura-dimpresa\/come-imparano-le-imprese\/","title":{"rendered":"Come imparano le imprese"},"content":{"rendered":"<p>Si impara provando, con l\u2019esperienza e con la pratica. Certo, la teoria conta: d\u00e0 lo schema di fondo, gli strumenti per capire e interpretare la realt\u00e0. Ma si impara per davvero sperimentando, verificando e confrontando. Anche nelle imprese. Forse soprattutto nelle imprese, costrette a mettersi in discussione con il mercato. Comprendere i meccanismi dell\u2019apprendimento, serve quindi a tutti.<\/p>\n<p>\u201c<strong>Experiential strategies for building individual absorptive capacity<\/strong>\u201d \u00a0&#8211; appena pubblicato su Developments in Business Simulation and Experiential Learning \u00a0-, \u00e8 utile in questo senso perch\u00e9 prende in considerazione i meccanismi di apprendimento collegandoli alla capacit\u00e0 di ogni impresa di \u201cassorbire\u201d la conoscenza da vari ambienti con cui entra in contatto: mercati, consumatori, sindacati, ricerca.<\/p>\n<p>\u201cUno degli elementi chiave della competitivit\u00e0 \u2013 spiegano gli autori all\u2019inizio dello studio -, \u00e8 la capacit\u00e0 di assorbimento di un&#8217;organizzazione, o la capacit\u00e0 di un&#8217;azienda di riconoscere il valore\u201d delle informazioni esterne, assimilarle e applicarlo a fini commerciali.<\/p>\n<p>Ma c\u2019\u00e8 un punto che spesso \u00e8 stato sottovalutato: le imprese sono fatte da individui, persone con il loro carattere, con le proprie esperienze personali. Le imprese non sono macchine che imparano in modo automatico. L\u2019apprendimento, quindi, non \u00e8 un flusso omogeneo di informazioni che genera risultati uguali e costanti. L\u2019apprendimento cambia da persona a persona. E la cultura aziendale muta ogni giorno.<\/p>\n<p><strong>Hugh M. Cannon<\/strong> \u00a0(Wayne State University), <strong>Bryon C. Geddes<\/strong> (Dixie State University), <strong>Andrew Hale Feinstein<\/strong> (San Jose State University), autori dell\u2019indagine, si pongono quindi l\u2019obiettivo di creare una \u201cbase concettuale forte\u201d per comprendere il processo di apprendimento degli individui che si realizza in base all\u2019esperienza. Lo scopo \u00e8 quello di individuare \u201ccome gli individui assorbono conoscenze in un contesto organizzativo \u2013 spiegano gli autori -, e come vengono posti gli obiettivi di apprendimento e formazione professionale\u201d. Ogni persona, infatti, impara partendo dalla rete sociale in cui \u00e8 inserita (anche in azienda), dalla sua emotivit\u00e0 o razionalit\u00e0, dalle sue conoscenze tecniche, dalle motivazioni reali che gli vengono date, da quanto ha vissuto in precedenza.<\/p>\n<p>La ricerca ragiona su questo nodo di questioni attraverso una serie di schemi che mettono insieme le caratteristiche dell\u2019individuo (inventiva, capacit\u00e0 di adattamento, capacit\u00e0 di acquisizione), con quelle dell\u2019organizzazione e con quelle provenienti dall\u2019esterno. Viene anche fatto uno sforzo per schematizzare tre dimensioni della conoscenza e dell\u2019apprendimento in azienda &#8211; una cognitiva, una affettiva e una psicomotoria \u2013 sulla base delle quali sono costruite delle griglie applicative da usare in situazioni reali.<\/p>\n<p>E\u2019 importante e non banale un passaggio conclusivo dello studio: la capacit\u00e0 di assorbimento di un\u2019organizzazione dipende dalle capacit\u00e0 individuali, ma le due capacit\u00e0 non sono la stessa cosa.<\/p><p><strong>Experiential strategies for building \u00a0individual absorptive capacity\u00a0<\/strong><\/p>\n<p>Hugh M. Cannon, Bryon C. Geddes, Andrew Hale Feinstein<\/p>\n<p>Developments in Business Simulation and Experiential Learning, volume 41, 2014<\/p>\n","protected":false},"excerpt":{"rendered":"<p>Si impara provando, con l\u2019esperienza e con la pratica. Certo, la teoria conta: d\u00e0 lo schema di fondo, gli strumenti per capire e interpretare la realt\u00e0. Ma si impara per davvero sperimentando, verificando e confrontando. Anche nelle imprese. Forse soprattutto nelle imprese, costrette a mettersi in discussione con il mercato. Comprendere i meccanismi dell\u2019apprendimento, serve [&hellip;]<\/p>\n","protected":false},"author":1,"featured_media":0,"comment_status":"open","ping_status":"open","sticky":false,"template":"","format":"standard","meta":{"footnotes":""},"categories":[54,52],"tags":[],"class_list":["post-50175","post","type-post","status-publish","format-standard","hentry","category-approfondimenti","category-cultura-dimpresa"],"acf":[],"yoast_head":"<!-- This site is optimized with the Yoast SEO plugin v25.0 - https:\/\/yoast.com\/wordpress\/plugins\/seo\/ -->\n<title>Come imparano le imprese - Fondazione Pirelli<\/title>\n<meta name=\"robots\" content=\"index, follow, max-snippet:-1, max-image-preview:large, max-video-preview:-1\" \/>\n<link rel=\"canonical\" href=\"https:\/\/www.fondazionepirelli.org\/it\/cultura-dimpresa\/come-imparano-le-imprese\/\" \/>\n<meta property=\"og:locale\" content=\"it_IT\" \/>\n<meta property=\"og:type\" content=\"article\" \/>\n<meta property=\"og:title\" content=\"Come imparano le imprese - Fondazione Pirelli\" \/>\n<meta property=\"og:description\" content=\"Si impara provando, con l\u2019esperienza e con la pratica. Certo, la teoria conta: d\u00e0 lo schema di fondo, gli strumenti per capire e interpretare la realt\u00e0. Ma si impara per davvero sperimentando, verificando e confrontando. Anche nelle imprese. Forse soprattutto nelle imprese, costrette a mettersi in discussione con il mercato. Comprendere i meccanismi dell\u2019apprendimento, serve [&hellip;]\" \/>\n<meta property=\"og:url\" content=\"https:\/\/127.0.0.1\/it\/cultura-dimpresa\/come-imparano-le-imprese\/\" \/>\n<meta property=\"og:site_name\" content=\"Fondazione Pirelli\" \/>\n<meta property=\"article:published_time\" content=\"2014-04-14T00:00:00+00:00\" \/>\n<meta property=\"article:modified_time\" content=\"2019-05-24T14:50:21+00:00\" \/>\n<meta name=\"author\" content=\"fondadmin\" \/>\n<meta name=\"twitter:card\" content=\"summary_large_image\" \/>\n<meta name=\"twitter:label1\" content=\"Scritto da\" \/>\n\t<meta name=\"twitter:data1\" content=\"fondadmin\" \/>\n\t<meta name=\"twitter:label2\" content=\"Tempo di lettura stimato\" \/>\n\t<meta name=\"twitter:data2\" content=\"2 minuti\" \/>\n<script type=\"application\/ld+json\" class=\"yoast-schema-graph\">{\"@context\":\"https:\/\/schema.org\",\"@graph\":[{\"@type\":\"WebPage\",\"@id\":\"https:\/\/127.0.0.1\/it\/cultura-dimpresa\/come-imparano-le-imprese\/\",\"url\":\"https:\/\/127.0.0.1\/it\/cultura-dimpresa\/come-imparano-le-imprese\/\",\"name\":\"Come imparano le imprese - Fondazione Pirelli\",\"isPartOf\":{\"@id\":\"https:\/\/www.fondazionepirelli.org\/it\/#website\"},\"datePublished\":\"2014-04-14T00:00:00+00:00\",\"dateModified\":\"2019-05-24T14:50:21+00:00\",\"author\":{\"@id\":\"https:\/\/www.fondazionepirelli.org\/it\/#\/schema\/person\/f47d097000832c4a6e54538c791fdf25\"},\"breadcrumb\":{\"@id\":\"https:\/\/127.0.0.1\/it\/cultura-dimpresa\/come-imparano-le-imprese\/#breadcrumb\"},\"inLanguage\":\"it-IT\",\"potentialAction\":[{\"@type\":\"ReadAction\",\"target\":[\"https:\/\/127.0.0.1\/it\/cultura-dimpresa\/come-imparano-le-imprese\/\"]}]},{\"@type\":\"BreadcrumbList\",\"@id\":\"https:\/\/127.0.0.1\/it\/cultura-dimpresa\/come-imparano-le-imprese\/#breadcrumb\",\"itemListElement\":[{\"@type\":\"ListItem\",\"position\":1,\"name\":\"Home\",\"item\":\"https:\/\/www.fondazionepirelli.org\/it\/\"},{\"@type\":\"ListItem\",\"position\":2,\"name\":\"Come imparano le imprese\"}]},{\"@type\":\"WebSite\",\"@id\":\"https:\/\/www.fondazionepirelli.org\/it\/#website\",\"url\":\"https:\/\/www.fondazionepirelli.org\/it\/\",\"name\":\"Fondazione Pirelli\",\"description\":\"\",\"potentialAction\":[{\"@type\":\"SearchAction\",\"target\":{\"@type\":\"EntryPoint\",\"urlTemplate\":\"https:\/\/www.fondazionepirelli.org\/it\/?s={search_term_string}\"},\"query-input\":{\"@type\":\"PropertyValueSpecification\",\"valueRequired\":true,\"valueName\":\"search_term_string\"}}],\"inLanguage\":\"it-IT\"},{\"@type\":\"Person\",\"@id\":\"https:\/\/www.fondazionepirelli.org\/it\/#\/schema\/person\/f47d097000832c4a6e54538c791fdf25\",\"name\":\"fondadmin\",\"image\":{\"@type\":\"ImageObject\",\"inLanguage\":\"it-IT\",\"@id\":\"https:\/\/www.fondazionepirelli.org\/it\/#\/schema\/person\/image\/\",\"url\":\"https:\/\/secure.gravatar.com\/avatar\/e69498a9175ca244966e51e53c88712c024fcebe41f9a05f75657f1bb25e489b?s=96&d=mm&r=g\",\"contentUrl\":\"https:\/\/secure.gravatar.com\/avatar\/e69498a9175ca244966e51e53c88712c024fcebe41f9a05f75657f1bb25e489b?s=96&d=mm&r=g\",\"caption\":\"fondadmin\"},\"url\":\"https:\/\/www.fondazionepirelli.org\/it\/author\/fondadmin\/\"}]}<\/script>\n<!-- \/ Yoast SEO plugin. -->","yoast_head_json":{"title":"Come imparano le imprese - Fondazione Pirelli","robots":{"index":"index","follow":"follow","max-snippet":"max-snippet:-1","max-image-preview":"max-image-preview:large","max-video-preview":"max-video-preview:-1"},"canonical":"https:\/\/www.fondazionepirelli.org\/it\/cultura-dimpresa\/come-imparano-le-imprese\/","og_locale":"it_IT","og_type":"article","og_title":"Come imparano le imprese - Fondazione Pirelli","og_description":"Si impara provando, con l\u2019esperienza e con la pratica. Certo, la teoria conta: d\u00e0 lo schema di fondo, gli strumenti per capire e interpretare la realt\u00e0. Ma si impara per davvero sperimentando, verificando e confrontando. Anche nelle imprese. Forse soprattutto nelle imprese, costrette a mettersi in discussione con il mercato. Comprendere i meccanismi dell\u2019apprendimento, serve [&hellip;]","og_url":"https:\/\/127.0.0.1\/it\/cultura-dimpresa\/come-imparano-le-imprese\/","og_site_name":"Fondazione Pirelli","article_published_time":"2014-04-14T00:00:00+00:00","article_modified_time":"2019-05-24T14:50:21+00:00","author":"fondadmin","twitter_card":"summary_large_image","twitter_misc":{"Scritto da":"fondadmin","Tempo di lettura stimato":"2 minuti"},"schema":{"@context":"https:\/\/schema.org","@graph":[{"@type":"WebPage","@id":"https:\/\/127.0.0.1\/it\/cultura-dimpresa\/come-imparano-le-imprese\/","url":"https:\/\/127.0.0.1\/it\/cultura-dimpresa\/come-imparano-le-imprese\/","name":"Come imparano le imprese - Fondazione Pirelli","isPartOf":{"@id":"https:\/\/www.fondazionepirelli.org\/it\/#website"},"datePublished":"2014-04-14T00:00:00+00:00","dateModified":"2019-05-24T14:50:21+00:00","author":{"@id":"https:\/\/www.fondazionepirelli.org\/it\/#\/schema\/person\/f47d097000832c4a6e54538c791fdf25"},"breadcrumb":{"@id":"https:\/\/127.0.0.1\/it\/cultura-dimpresa\/come-imparano-le-imprese\/#breadcrumb"},"inLanguage":"it-IT","potentialAction":[{"@type":"ReadAction","target":["https:\/\/127.0.0.1\/it\/cultura-dimpresa\/come-imparano-le-imprese\/"]}]},{"@type":"BreadcrumbList","@id":"https:\/\/127.0.0.1\/it\/cultura-dimpresa\/come-imparano-le-imprese\/#breadcrumb","itemListElement":[{"@type":"ListItem","position":1,"name":"Home","item":"https:\/\/www.fondazionepirelli.org\/it\/"},{"@type":"ListItem","position":2,"name":"Come imparano le imprese"}]},{"@type":"WebSite","@id":"https:\/\/www.fondazionepirelli.org\/it\/#website","url":"https:\/\/www.fondazionepirelli.org\/it\/","name":"Fondazione Pirelli","description":"","potentialAction":[{"@type":"SearchAction","target":{"@type":"EntryPoint","urlTemplate":"https:\/\/www.fondazionepirelli.org\/it\/?s={search_term_string}"},"query-input":{"@type":"PropertyValueSpecification","valueRequired":true,"valueName":"search_term_string"}}],"inLanguage":"it-IT"},{"@type":"Person","@id":"https:\/\/www.fondazionepirelli.org\/it\/#\/schema\/person\/f47d097000832c4a6e54538c791fdf25","name":"fondadmin","image":{"@type":"ImageObject","inLanguage":"it-IT","@id":"https:\/\/www.fondazionepirelli.org\/it\/#\/schema\/person\/image\/","url":"https:\/\/secure.gravatar.com\/avatar\/e69498a9175ca244966e51e53c88712c024fcebe41f9a05f75657f1bb25e489b?s=96&d=mm&r=g","contentUrl":"https:\/\/secure.gravatar.com\/avatar\/e69498a9175ca244966e51e53c88712c024fcebe41f9a05f75657f1bb25e489b?s=96&d=mm&r=g","caption":"fondadmin"},"url":"https:\/\/www.fondazionepirelli.org\/it\/author\/fondadmin\/"}]}},"_links":{"self":[{"href":"https:\/\/www.fondazionepirelli.org\/it\/wp-json\/wp\/v2\/posts\/50175\/"}],"collection":[{"href":"https:\/\/www.fondazionepirelli.org\/it\/wp-json\/wp\/v2\/posts\/"}],"about":[{"href":"https:\/\/www.fondazionepirelli.org\/it\/wp-json\/wp\/v2\/types\/post\/"}],"author":[{"embeddable":true,"href":"https:\/\/www.fondazionepirelli.org\/it\/wp-json\/wp\/v2\/users\/1\/"}],"replies":[{"embeddable":true,"href":"https:\/\/www.fondazionepirelli.org\/it\/wp-json\/wp\/v2\/comments\/?post=50175"}],"version-history":[{"count":1,"href":"https:\/\/www.fondazionepirelli.org\/it\/wp-json\/wp\/v2\/posts\/50175\/revisions\/"}],"predecessor-version":[{"id":56027,"href":"https:\/\/www.fondazionepirelli.org\/it\/wp-json\/wp\/v2\/posts\/50175\/revisions\/56027\/"}],"wp:attachment":[{"href":"https:\/\/www.fondazionepirelli.org\/it\/wp-json\/wp\/v2\/media\/?parent=50175"}],"wp:term":[{"taxonomy":"category","embeddable":true,"href":"https:\/\/www.fondazionepirelli.org\/it\/wp-json\/wp\/v2\/categories\/?post=50175"},{"taxonomy":"post_tag","embeddable":true,"href":"https:\/\/www.fondazionepirelli.org\/it\/wp-json\/wp\/v2\/tags\/?post=50175"}],"curies":[{"name":"wp","href":"https:\/\/api.w.org\/{rel}","templated":true}]}}