{"id":50190,"date":"2014-03-31T00:00:00","date_gmt":"2014-03-31T00:00:00","guid":{"rendered":"http:\/\/www.fondazionepirelli.org\/fondazione-pirelli\/la-bellezza-del-racconto-dimpresa\/"},"modified":"2019-10-31T18:56:22","modified_gmt":"2019-10-31T16:56:22","slug":"la-bellezza-del-racconto-dimpresa","status":"publish","type":"post","link":"https:\/\/www.fondazionepirelli.org\/it\/cultura-dimpresa\/la-bellezza-del-racconto-dimpresa\/","title":{"rendered":"La bellezza del racconto d\u2019impresa"},"content":{"rendered":"<p>Raccontare un\u2019impresa \u00e8 bello, ma anche utile. Bisogna, per\u00f2, saperlo fare. E\u2019 facile scivolare nella retorica, ancora di pi\u00f9 nella nostalgia. Dimenticando l\u2019utilit\u00e0 vera che il racconto della storia e dell\u2019oggi delle imprese pu\u00f2 dare: comprendere meglio come l\u2019avventura del produrre si \u00e8 sviluppata, non commettere errori adesso e migliorare il futuro.<\/p>\n<p>Ma raccontare un\u2019azienda vale anche per altro. Significa comunicare la cultura con cui si affrontano la produzione e il mercato. E significa anche pubblicit\u00e0 , commercio, vendita. Obiettivi forse pi\u00f9 \u201cbassi\u201d, ma non per questo meno importanti.<\/p>\n<p>Ci\u00f2 che conta, lo si \u00e8 detto, \u00e8 saper raccontare bene un\u2019esperienza aziendale. Per questo, il volume di <strong>Valentina Martino<\/strong> \u2013 \u201c<strong>Dalle storie alla storia d&#8217;impresa. Memoria, comunicazione, heritage<\/strong>\u201d -, serve molto. Il libro (poco meno di 300 pagine che si leggono per\u00f2 agevolmente), offre una ricognizione dei modelli strategico-operativi che aiutano la comunicazione della memoria aziendale. Perch\u00e9 \u00e8 necessario, quando si inizia a raccontare un\u2019impresa, tenere conto che ci si immerge in una storia complessa: non solo economica, non solo tecnica, non solamente sindacale o sociale. Si racconta di uomini e macchine, di aspirazioni individuali e collettive, di politica, di un sistema che \u00e8 stato ed \u00e8 permeabile a molte sollecitazioni e istanze dell\u2019ambiente in cui \u00e8 collocato.<\/p>\n<p>Valentina Martino lo sa, e quindi si avvale di una prospettiva interdisciplinare per affrontare il tema partendo dagli strumenti per la comprensione delle tante storie, individuali e organizzative, delle diverse fonti conoscitive, delle buone pratiche aziendali e delle diverse reti sociali.<\/p>\n<p>Ma il libro della Martino dice anche altro. Spiega cio\u00e8 che la rilettura critica della storia di marche e prodotti pu\u00f2 dar vita a narrazioni avvincenti, giocate in chiave anti-nostalgica e con un forte rilancio sul presente e sul futuro.<\/p>\n<p>E non basta, perch\u00e9 \u00e8 opinione dell\u2019autrice che la tradizione non costituisce la prerogativa esclusiva di un&#8217;\u00e8lite di imprese storico-familiari, consacrate dal tempo in virt\u00f9 di uno speciale elisir di lunga vita, ma un&#8217;opportunit\u00e0 strategica anche per organizzazioni non altrettanto antiche e, tuttavia, consapevoli dell&#8217;unicit\u00e0 del proprio apporto alla memoria collettiva.<\/p>\n<p>Insomma, raccontare fa sempre bene, anche per le imprese qualsiasi esse siano. Basta saperlo fare bene.<\/p><p><strong>Dalle storie alla storia d&#8217;impresa. Memoria, comunicazione, heritage<\/strong><\/p>\n<p>Valentina Martino<\/p>\n<p>Bonanno, 2014<\/p>","protected":false},"excerpt":{"rendered":"<p>Raccontare un\u2019impresa \u00e8 bello, ma anche utile. Bisogna, per\u00f2, saperlo fare. E\u2019 facile scivolare nella retorica, ancora di pi\u00f9 nella nostalgia. Dimenticando l\u2019utilit\u00e0 vera che il racconto della storia e dell\u2019oggi delle imprese pu\u00f2 dare: comprendere meglio come l\u2019avventura del produrre si \u00e8 sviluppata, non commettere errori adesso e migliorare il futuro. Ma raccontare un\u2019azienda [&hellip;]<\/p>\n","protected":false},"author":1,"featured_media":50191,"comment_status":"open","ping_status":"open","sticky":false,"template":"","format":"standard","meta":{"footnotes":""},"categories":[52,58],"tags":[],"class_list":["post-50190","post","type-post","status-publish","format-standard","has-post-thumbnail","hentry","category-cultura-dimpresa","category-recensioni-libri"],"acf":[],"yoast_head":"<!-- This site is optimized with the Yoast SEO plugin v25.0 - https:\/\/yoast.com\/wordpress\/plugins\/seo\/ -->\n<title>La bellezza del racconto d\u2019impresa - Fondazione Pirelli<\/title>\n<meta name=\"robots\" content=\"index, follow, max-snippet:-1, max-image-preview:large, max-video-preview:-1\" \/>\n<link rel=\"canonical\" href=\"https:\/\/www.fondazionepirelli.org\/it\/cultura-dimpresa\/la-bellezza-del-racconto-dimpresa\/\" \/>\n<meta property=\"og:locale\" content=\"it_IT\" \/>\n<meta property=\"og:type\" content=\"article\" \/>\n<meta property=\"og:title\" content=\"La bellezza del racconto d\u2019impresa - Fondazione Pirelli\" \/>\n<meta property=\"og:description\" content=\"Raccontare un\u2019impresa \u00e8 bello, ma anche utile. Bisogna, per\u00f2, saperlo fare. E\u2019 facile scivolare nella retorica, ancora di pi\u00f9 nella nostalgia. Dimenticando l\u2019utilit\u00e0 vera che il racconto della storia e dell\u2019oggi delle imprese pu\u00f2 dare: comprendere meglio come l\u2019avventura del produrre si \u00e8 sviluppata, non commettere errori adesso e migliorare il futuro. Ma raccontare un\u2019azienda [&hellip;]\" \/>\n<meta property=\"og:url\" content=\"https:\/\/www.fondazionepirelli.org\/it\/cultura-dimpresa\/la-bellezza-del-racconto-dimpresa\/\" \/>\n<meta property=\"og:site_name\" content=\"Fondazione Pirelli\" \/>\n<meta property=\"article:published_time\" content=\"2014-03-31T00:00:00+00:00\" \/>\n<meta property=\"article:modified_time\" content=\"2019-10-31T16:56:22+00:00\" \/>\n<meta property=\"og:image\" content=\"https:\/\/wpsite-assets.fondazionepirelli.org\/wp-content\/uploads\/2019\/05\/20101811\/13963332151111868476.jpg\" \/>\n\t<meta property=\"og:image:width\" content=\"170\" \/>\n\t<meta property=\"og:image:height\" content=\"258\" \/>\n\t<meta property=\"og:image:type\" content=\"image\/jpeg\" \/>\n<meta name=\"author\" content=\"fondadmin\" \/>\n<meta name=\"twitter:card\" content=\"summary_large_image\" \/>\n<meta name=\"twitter:label1\" content=\"Scritto da\" \/>\n\t<meta name=\"twitter:data1\" content=\"fondadmin\" \/>\n\t<meta name=\"twitter:label2\" content=\"Tempo di lettura stimato\" \/>\n\t<meta name=\"twitter:data2\" content=\"2 minuti\" \/>\n<script type=\"application\/ld+json\" class=\"yoast-schema-graph\">{\"@context\":\"https:\/\/schema.org\",\"@graph\":[{\"@type\":\"WebPage\",\"@id\":\"https:\/\/www.fondazionepirelli.org\/it\/cultura-dimpresa\/la-bellezza-del-racconto-dimpresa\/\",\"url\":\"https:\/\/www.fondazionepirelli.org\/it\/cultura-dimpresa\/la-bellezza-del-racconto-dimpresa\/\",\"name\":\"La bellezza del racconto d\u2019impresa - Fondazione Pirelli\",\"isPartOf\":{\"@id\":\"https:\/\/www.fondazionepirelli.org\/it\/#website\"},\"primaryImageOfPage\":{\"@id\":\"https:\/\/www.fondazionepirelli.org\/it\/cultura-dimpresa\/la-bellezza-del-racconto-dimpresa\/#primaryimage\"},\"image\":{\"@id\":\"https:\/\/www.fondazionepirelli.org\/it\/cultura-dimpresa\/la-bellezza-del-racconto-dimpresa\/#primaryimage\"},\"thumbnailUrl\":\"https:\/\/wpsite-assets.fondazionepirelli.org\/wp-content\/uploads\/2019\/05\/20101811\/13963332151111868476.jpg\",\"datePublished\":\"2014-03-31T00:00:00+00:00\",\"dateModified\":\"2019-10-31T16:56:22+00:00\",\"author\":{\"@id\":\"https:\/\/www.fondazionepirelli.org\/it\/#\/schema\/person\/f47d097000832c4a6e54538c791fdf25\"},\"breadcrumb\":{\"@id\":\"https:\/\/www.fondazionepirelli.org\/it\/cultura-dimpresa\/la-bellezza-del-racconto-dimpresa\/#breadcrumb\"},\"inLanguage\":\"it-IT\",\"potentialAction\":[{\"@type\":\"ReadAction\",\"target\":[\"https:\/\/www.fondazionepirelli.org\/it\/cultura-dimpresa\/la-bellezza-del-racconto-dimpresa\/\"]}]},{\"@type\":\"ImageObject\",\"inLanguage\":\"it-IT\",\"@id\":\"https:\/\/www.fondazionepirelli.org\/it\/cultura-dimpresa\/la-bellezza-del-racconto-dimpresa\/#primaryimage\",\"url\":\"https:\/\/wpsite-assets.fondazionepirelli.org\/wp-content\/uploads\/2019\/05\/20101811\/13963332151111868476.jpg\",\"contentUrl\":\"https:\/\/wpsite-assets.fondazionepirelli.org\/wp-content\/uploads\/2019\/05\/20101811\/13963332151111868476.jpg\",\"width\":170,\"height\":258},{\"@type\":\"BreadcrumbList\",\"@id\":\"https:\/\/www.fondazionepirelli.org\/it\/cultura-dimpresa\/la-bellezza-del-racconto-dimpresa\/#breadcrumb\",\"itemListElement\":[{\"@type\":\"ListItem\",\"position\":1,\"name\":\"Home\",\"item\":\"https:\/\/www.fondazionepirelli.org\/it\/\"},{\"@type\":\"ListItem\",\"position\":2,\"name\":\"La bellezza del racconto d\u2019impresa\"}]},{\"@type\":\"WebSite\",\"@id\":\"https:\/\/www.fondazionepirelli.org\/it\/#website\",\"url\":\"https:\/\/www.fondazionepirelli.org\/it\/\",\"name\":\"Fondazione Pirelli\",\"description\":\"\",\"potentialAction\":[{\"@type\":\"SearchAction\",\"target\":{\"@type\":\"EntryPoint\",\"urlTemplate\":\"https:\/\/www.fondazionepirelli.org\/it\/?s={search_term_string}\"},\"query-input\":{\"@type\":\"PropertyValueSpecification\",\"valueRequired\":true,\"valueName\":\"search_term_string\"}}],\"inLanguage\":\"it-IT\"},{\"@type\":\"Person\",\"@id\":\"https:\/\/www.fondazionepirelli.org\/it\/#\/schema\/person\/f47d097000832c4a6e54538c791fdf25\",\"name\":\"fondadmin\",\"image\":{\"@type\":\"ImageObject\",\"inLanguage\":\"it-IT\",\"@id\":\"https:\/\/www.fondazionepirelli.org\/it\/#\/schema\/person\/image\/\",\"url\":\"https:\/\/secure.gravatar.com\/avatar\/e69498a9175ca244966e51e53c88712c024fcebe41f9a05f75657f1bb25e489b?s=96&d=mm&r=g\",\"contentUrl\":\"https:\/\/secure.gravatar.com\/avatar\/e69498a9175ca244966e51e53c88712c024fcebe41f9a05f75657f1bb25e489b?s=96&d=mm&r=g\",\"caption\":\"fondadmin\"},\"url\":\"https:\/\/www.fondazionepirelli.org\/it\/author\/fondadmin\/\"}]}<\/script>\n<!-- \/ Yoast SEO plugin. -->","yoast_head_json":{"title":"La bellezza del racconto d\u2019impresa - Fondazione Pirelli","robots":{"index":"index","follow":"follow","max-snippet":"max-snippet:-1","max-image-preview":"max-image-preview:large","max-video-preview":"max-video-preview:-1"},"canonical":"https:\/\/www.fondazionepirelli.org\/it\/cultura-dimpresa\/la-bellezza-del-racconto-dimpresa\/","og_locale":"it_IT","og_type":"article","og_title":"La bellezza del racconto d\u2019impresa - Fondazione Pirelli","og_description":"Raccontare un\u2019impresa \u00e8 bello, ma anche utile. Bisogna, per\u00f2, saperlo fare. E\u2019 facile scivolare nella retorica, ancora di pi\u00f9 nella nostalgia. Dimenticando l\u2019utilit\u00e0 vera che il racconto della storia e dell\u2019oggi delle imprese pu\u00f2 dare: comprendere meglio come l\u2019avventura del produrre si \u00e8 sviluppata, non commettere errori adesso e migliorare il futuro. Ma raccontare un\u2019azienda [&hellip;]","og_url":"https:\/\/www.fondazionepirelli.org\/it\/cultura-dimpresa\/la-bellezza-del-racconto-dimpresa\/","og_site_name":"Fondazione Pirelli","article_published_time":"2014-03-31T00:00:00+00:00","article_modified_time":"2019-10-31T16:56:22+00:00","og_image":[{"width":170,"height":258,"url":"https:\/\/wpsite-assets.fondazionepirelli.org\/wp-content\/uploads\/2019\/05\/20101811\/13963332151111868476.jpg","type":"image\/jpeg"}],"author":"fondadmin","twitter_card":"summary_large_image","twitter_misc":{"Scritto da":"fondadmin","Tempo di lettura stimato":"2 minuti"},"schema":{"@context":"https:\/\/schema.org","@graph":[{"@type":"WebPage","@id":"https:\/\/www.fondazionepirelli.org\/it\/cultura-dimpresa\/la-bellezza-del-racconto-dimpresa\/","url":"https:\/\/www.fondazionepirelli.org\/it\/cultura-dimpresa\/la-bellezza-del-racconto-dimpresa\/","name":"La bellezza del racconto d\u2019impresa - Fondazione Pirelli","isPartOf":{"@id":"https:\/\/www.fondazionepirelli.org\/it\/#website"},"primaryImageOfPage":{"@id":"https:\/\/www.fondazionepirelli.org\/it\/cultura-dimpresa\/la-bellezza-del-racconto-dimpresa\/#primaryimage"},"image":{"@id":"https:\/\/www.fondazionepirelli.org\/it\/cultura-dimpresa\/la-bellezza-del-racconto-dimpresa\/#primaryimage"},"thumbnailUrl":"https:\/\/wpsite-assets.fondazionepirelli.org\/wp-content\/uploads\/2019\/05\/20101811\/13963332151111868476.jpg","datePublished":"2014-03-31T00:00:00+00:00","dateModified":"2019-10-31T16:56:22+00:00","author":{"@id":"https:\/\/www.fondazionepirelli.org\/it\/#\/schema\/person\/f47d097000832c4a6e54538c791fdf25"},"breadcrumb":{"@id":"https:\/\/www.fondazionepirelli.org\/it\/cultura-dimpresa\/la-bellezza-del-racconto-dimpresa\/#breadcrumb"},"inLanguage":"it-IT","potentialAction":[{"@type":"ReadAction","target":["https:\/\/www.fondazionepirelli.org\/it\/cultura-dimpresa\/la-bellezza-del-racconto-dimpresa\/"]}]},{"@type":"ImageObject","inLanguage":"it-IT","@id":"https:\/\/www.fondazionepirelli.org\/it\/cultura-dimpresa\/la-bellezza-del-racconto-dimpresa\/#primaryimage","url":"https:\/\/wpsite-assets.fondazionepirelli.org\/wp-content\/uploads\/2019\/05\/20101811\/13963332151111868476.jpg","contentUrl":"https:\/\/wpsite-assets.fondazionepirelli.org\/wp-content\/uploads\/2019\/05\/20101811\/13963332151111868476.jpg","width":170,"height":258},{"@type":"BreadcrumbList","@id":"https:\/\/www.fondazionepirelli.org\/it\/cultura-dimpresa\/la-bellezza-del-racconto-dimpresa\/#breadcrumb","itemListElement":[{"@type":"ListItem","position":1,"name":"Home","item":"https:\/\/www.fondazionepirelli.org\/it\/"},{"@type":"ListItem","position":2,"name":"La bellezza del racconto d\u2019impresa"}]},{"@type":"WebSite","@id":"https:\/\/www.fondazionepirelli.org\/it\/#website","url":"https:\/\/www.fondazionepirelli.org\/it\/","name":"Fondazione Pirelli","description":"","potentialAction":[{"@type":"SearchAction","target":{"@type":"EntryPoint","urlTemplate":"https:\/\/www.fondazionepirelli.org\/it\/?s={search_term_string}"},"query-input":{"@type":"PropertyValueSpecification","valueRequired":true,"valueName":"search_term_string"}}],"inLanguage":"it-IT"},{"@type":"Person","@id":"https:\/\/www.fondazionepirelli.org\/it\/#\/schema\/person\/f47d097000832c4a6e54538c791fdf25","name":"fondadmin","image":{"@type":"ImageObject","inLanguage":"it-IT","@id":"https:\/\/www.fondazionepirelli.org\/it\/#\/schema\/person\/image\/","url":"https:\/\/secure.gravatar.com\/avatar\/e69498a9175ca244966e51e53c88712c024fcebe41f9a05f75657f1bb25e489b?s=96&d=mm&r=g","contentUrl":"https:\/\/secure.gravatar.com\/avatar\/e69498a9175ca244966e51e53c88712c024fcebe41f9a05f75657f1bb25e489b?s=96&d=mm&r=g","caption":"fondadmin"},"url":"https:\/\/www.fondazionepirelli.org\/it\/author\/fondadmin\/"}]}},"_links":{"self":[{"href":"https:\/\/www.fondazionepirelli.org\/it\/wp-json\/wp\/v2\/posts\/50190\/"}],"collection":[{"href":"https:\/\/www.fondazionepirelli.org\/it\/wp-json\/wp\/v2\/posts\/"}],"about":[{"href":"https:\/\/www.fondazionepirelli.org\/it\/wp-json\/wp\/v2\/types\/post\/"}],"author":[{"embeddable":true,"href":"https:\/\/www.fondazionepirelli.org\/it\/wp-json\/wp\/v2\/users\/1\/"}],"replies":[{"embeddable":true,"href":"https:\/\/www.fondazionepirelli.org\/it\/wp-json\/wp\/v2\/comments\/?post=50190"}],"version-history":[{"count":2,"href":"https:\/\/www.fondazionepirelli.org\/it\/wp-json\/wp\/v2\/posts\/50190\/revisions\/"}],"predecessor-version":[{"id":71340,"href":"https:\/\/www.fondazionepirelli.org\/it\/wp-json\/wp\/v2\/posts\/50190\/revisions\/71340\/"}],"wp:featuredmedia":[{"embeddable":true,"href":"https:\/\/www.fondazionepirelli.org\/it\/wp-json\/wp\/v2\/media\/50191\/"}],"wp:attachment":[{"href":"https:\/\/www.fondazionepirelli.org\/it\/wp-json\/wp\/v2\/media\/?parent=50190"}],"wp:term":[{"taxonomy":"category","embeddable":true,"href":"https:\/\/www.fondazionepirelli.org\/it\/wp-json\/wp\/v2\/categories\/?post=50190"},{"taxonomy":"post_tag","embeddable":true,"href":"https:\/\/www.fondazionepirelli.org\/it\/wp-json\/wp\/v2\/tags\/?post=50190"}],"curies":[{"name":"wp","href":"https:\/\/api.w.org\/{rel}","templated":true}]}}