{"id":50201,"date":"2014-03-24T00:00:00","date_gmt":"2014-03-24T00:00:00","guid":{"rendered":"http:\/\/www.fondazionepirelli.org\/fondazione-pirelli\/psicologia-aziendale-e-responsabilita-aziendale\/"},"modified":"2019-10-31T18:57:15","modified_gmt":"2019-10-31T16:57:15","slug":"psicologia-aziendale-e-responsabilita-aziendale","status":"publish","type":"post","link":"https:\/\/www.fondazionepirelli.org\/it\/cultura-dimpresa\/psicologia-aziendale-e-responsabilita-aziendale\/","title":{"rendered":"Psicologia aziendale e responsabilit\u00e0 aziendale"},"content":{"rendered":"<p>Un\u2019impresa \u00e8 fatta anche di psicologia. Non si tratta solo della capacit\u00e0 \u2013 che comunque l\u2019imprenditore deve avere -, di coinvolgere i collaboratori, di avere quell\u2019empatia che rende i compiti gravosi pi\u00f9 facilmente affrontabili, di guardare oltre i numeri di bilancio per comprendere i significati pi\u00f9 profondi della produzione. \u00a0Tutto questo ci deve essere, ma accanto occorre anche un\u2019attenzione ai risvolti sociali dell\u2019azione d\u2019impresa, aspetti \u00a0che non sempre sono di immediata comprensione. Anche quando l\u2019azienda fa della Responsabilit\u00e0 Sociale d\u2019Impresa (RSI), uno dei suoi strumenti principali per trovarsi un posto nel contesto nel quale opera.<\/p>\n<p><strong>Gianvito D\u2019Aprile<\/strong> (PhD in Psicologia sociale e di comunit\u00e0 \u00a0all\u2019Universit\u00e0 del Salento), ha cercato di studiare proprio la RSI non dal punto di vista gestionale-organizzativo ma da quello psicologico e sociale. L\u2019assunto di partenza \u00e8 che la Responsabilit\u00e0 Sociale d\u2019Impresa \u00e8 appunto processo ampiamente esplorato nella letteratura socio-economica e organizzativa &#8211; perch\u00e9 considerato una leva competitiva delle imprese nel medio e lungo termine e soprattutto nell\u2019attuale scenario di crisi finanziaria -, ma poco considerato da quello psicologico. Pare che gli studi esistenti siano prevalentemente orientati ad individuare gli strumenti di misura della RSI, le tecnicalit\u00e0 di questa \u00a0e ad esplorare la relazione tra RSI, cultura, committenti organizzativi e capitale sociale. Pi\u00f9 in ombra restano gli aspetti psicosociali e le modalit\u00e0 attraverso cui sia possibile attivare pratiche d\u2019impresa socialmente responsabili oltre che efficaci.<\/p>\n<p>L\u2019autore valuta quindi la RSI con strumenti come la Teoria dell&#8217;Identit\u00e0 Sociale e il Senso di Comunit\u00e0 per spiegare come la stessa RSI possa essere potenziata con una migliore partecipazione collettiva all\u2019organizzazione alle iniziative aziendali.<\/p>\n<p>L\u2019analisi che conduce D\u2019Aprile lancia per\u00f2 un messaggio. La RSI \u00e8 possibile e pi\u00f9 \u00a0efficace se va al di l\u00e0 del meccanicismo gestionale ma guarda alle persone e ai loro vissuti. Chi lavora in azienda non pu\u00f2 essere considerato un numero e basta \u2013 sembra dire l\u2019autore -, anche e soprattutto quando l\u2019azienda vuole \u00a0fare della Responsabilit\u00e0 Sociale d\u2019Impresa uno dei suoi cavalli di battaglia. Anzi, proprio dal coinvolgimento delle persone la RSI acquista pi\u00f9 motivazioni e, quindi, pi\u00f9 forza ed efficacia. Un\u2019indicazione che pu\u00f2 apparire banale, ma che spesso rischia di essere dimenticata.<\/p>\n<p>Quello di D\u2019Aprile \u00e8 un libro breve \u2013 meno di duecento pagine \u2013 ma riesce a dare il senso della complessit\u00e0 del tema, cos\u00ec come del suo fascino profondo per la cultura d\u2019impresa dalla quale nasce e che pu\u00f2 contribuire a trasformare.<\/p><p><strong>Responsabilit\u00e0 Sociale d&#8217;Impresa. La prospettiva psicosociale<\/strong><\/p>\n<p>Gianvito D&#8217;Aprile<\/p>\n<p>Edizione Accademiche Italiane, 2014<\/p>\n","protected":false},"excerpt":{"rendered":"<p>Un\u2019impresa \u00e8 fatta anche di psicologia. Non si tratta solo della capacit\u00e0 \u2013 che comunque l\u2019imprenditore deve avere -, di coinvolgere i collaboratori, di avere quell\u2019empatia che rende i compiti gravosi pi\u00f9 facilmente affrontabili, di guardare oltre i numeri di bilancio per comprendere i significati pi\u00f9 profondi della produzione. \u00a0Tutto questo ci deve essere, ma [&hellip;]<\/p>\n","protected":false},"author":1,"featured_media":50202,"comment_status":"open","ping_status":"open","sticky":false,"template":"","format":"standard","meta":{"footnotes":""},"categories":[52,58],"tags":[],"class_list":["post-50201","post","type-post","status-publish","format-standard","has-post-thumbnail","hentry","category-cultura-dimpresa","category-recensioni-libri"],"acf":[],"yoast_head":"<!-- This site is optimized with the Yoast SEO plugin v25.0 - https:\/\/yoast.com\/wordpress\/plugins\/seo\/ -->\n<title>Psicologia aziendale e responsabilit\u00e0 aziendale - Fondazione Pirelli<\/title>\n<meta name=\"robots\" content=\"index, follow, max-snippet:-1, max-image-preview:large, max-video-preview:-1\" \/>\n<link rel=\"canonical\" href=\"https:\/\/www.fondazionepirelli.org\/it\/cultura-dimpresa\/psicologia-aziendale-e-responsabilita-aziendale\/\" \/>\n<meta property=\"og:locale\" content=\"it_IT\" \/>\n<meta property=\"og:type\" content=\"article\" \/>\n<meta property=\"og:title\" content=\"Psicologia aziendale e responsabilit\u00e0 aziendale - Fondazione Pirelli\" \/>\n<meta property=\"og:description\" content=\"Un\u2019impresa \u00e8 fatta anche di psicologia. Non si tratta solo della capacit\u00e0 \u2013 che comunque l\u2019imprenditore deve avere -, di coinvolgere i collaboratori, di avere quell\u2019empatia che rende i compiti gravosi pi\u00f9 facilmente affrontabili, di guardare oltre i numeri di bilancio per comprendere i significati pi\u00f9 profondi della produzione. \u00a0Tutto questo ci deve essere, ma [&hellip;]\" \/>\n<meta property=\"og:url\" content=\"https:\/\/127.0.0.1\/it\/cultura-dimpresa\/psicologia-aziendale-e-responsabilita-aziendale\/\" \/>\n<meta property=\"og:site_name\" content=\"Fondazione Pirelli\" \/>\n<meta property=\"article:published_time\" content=\"2014-03-24T00:00:00+00:00\" \/>\n<meta property=\"article:modified_time\" content=\"2019-10-31T16:57:15+00:00\" \/>\n<meta property=\"og:image\" content=\"https:\/\/wpsite-assets.fondazionepirelli.org\/wp-content\/uploads\/2019\/05\/20101810\/1395734830324049721.jpg\" \/>\n\t<meta property=\"og:image:width\" content=\"250\" \/>\n\t<meta property=\"og:image:height\" content=\"369\" \/>\n\t<meta property=\"og:image:type\" content=\"image\/jpeg\" \/>\n<meta name=\"author\" content=\"fondadmin\" \/>\n<meta name=\"twitter:card\" content=\"summary_large_image\" \/>\n<meta name=\"twitter:label1\" content=\"Scritto da\" \/>\n\t<meta name=\"twitter:data1\" content=\"fondadmin\" \/>\n\t<meta name=\"twitter:label2\" content=\"Tempo di lettura stimato\" \/>\n\t<meta name=\"twitter:data2\" content=\"2 minuti\" \/>\n<script type=\"application\/ld+json\" class=\"yoast-schema-graph\">{\"@context\":\"https:\/\/schema.org\",\"@graph\":[{\"@type\":\"WebPage\",\"@id\":\"https:\/\/127.0.0.1\/it\/cultura-dimpresa\/psicologia-aziendale-e-responsabilita-aziendale\/\",\"url\":\"https:\/\/127.0.0.1\/it\/cultura-dimpresa\/psicologia-aziendale-e-responsabilita-aziendale\/\",\"name\":\"Psicologia aziendale e responsabilit\u00e0 aziendale - Fondazione Pirelli\",\"isPartOf\":{\"@id\":\"https:\/\/www.fondazionepirelli.org\/it\/#website\"},\"primaryImageOfPage\":{\"@id\":\"https:\/\/127.0.0.1\/it\/cultura-dimpresa\/psicologia-aziendale-e-responsabilita-aziendale\/#primaryimage\"},\"image\":{\"@id\":\"https:\/\/127.0.0.1\/it\/cultura-dimpresa\/psicologia-aziendale-e-responsabilita-aziendale\/#primaryimage\"},\"thumbnailUrl\":\"https:\/\/wpsite-assets.fondazionepirelli.org\/wp-content\/uploads\/2019\/05\/20101810\/1395734830324049721.jpg\",\"datePublished\":\"2014-03-24T00:00:00+00:00\",\"dateModified\":\"2019-10-31T16:57:15+00:00\",\"author\":{\"@id\":\"https:\/\/www.fondazionepirelli.org\/it\/#\/schema\/person\/f47d097000832c4a6e54538c791fdf25\"},\"breadcrumb\":{\"@id\":\"https:\/\/127.0.0.1\/it\/cultura-dimpresa\/psicologia-aziendale-e-responsabilita-aziendale\/#breadcrumb\"},\"inLanguage\":\"it-IT\",\"potentialAction\":[{\"@type\":\"ReadAction\",\"target\":[\"https:\/\/127.0.0.1\/it\/cultura-dimpresa\/psicologia-aziendale-e-responsabilita-aziendale\/\"]}]},{\"@type\":\"ImageObject\",\"inLanguage\":\"it-IT\",\"@id\":\"https:\/\/127.0.0.1\/it\/cultura-dimpresa\/psicologia-aziendale-e-responsabilita-aziendale\/#primaryimage\",\"url\":\"https:\/\/wpsite-assets.fondazionepirelli.org\/wp-content\/uploads\/2019\/05\/20101810\/1395734830324049721.jpg\",\"contentUrl\":\"https:\/\/wpsite-assets.fondazionepirelli.org\/wp-content\/uploads\/2019\/05\/20101810\/1395734830324049721.jpg\",\"width\":250,\"height\":369},{\"@type\":\"BreadcrumbList\",\"@id\":\"https:\/\/127.0.0.1\/it\/cultura-dimpresa\/psicologia-aziendale-e-responsabilita-aziendale\/#breadcrumb\",\"itemListElement\":[{\"@type\":\"ListItem\",\"position\":1,\"name\":\"Home\",\"item\":\"https:\/\/www.fondazionepirelli.org\/it\/\"},{\"@type\":\"ListItem\",\"position\":2,\"name\":\"Psicologia aziendale e responsabilit\u00e0 aziendale\"}]},{\"@type\":\"WebSite\",\"@id\":\"https:\/\/www.fondazionepirelli.org\/it\/#website\",\"url\":\"https:\/\/www.fondazionepirelli.org\/it\/\",\"name\":\"Fondazione Pirelli\",\"description\":\"\",\"potentialAction\":[{\"@type\":\"SearchAction\",\"target\":{\"@type\":\"EntryPoint\",\"urlTemplate\":\"https:\/\/www.fondazionepirelli.org\/it\/?s={search_term_string}\"},\"query-input\":{\"@type\":\"PropertyValueSpecification\",\"valueRequired\":true,\"valueName\":\"search_term_string\"}}],\"inLanguage\":\"it-IT\"},{\"@type\":\"Person\",\"@id\":\"https:\/\/www.fondazionepirelli.org\/it\/#\/schema\/person\/f47d097000832c4a6e54538c791fdf25\",\"name\":\"fondadmin\",\"image\":{\"@type\":\"ImageObject\",\"inLanguage\":\"it-IT\",\"@id\":\"https:\/\/www.fondazionepirelli.org\/it\/#\/schema\/person\/image\/\",\"url\":\"https:\/\/secure.gravatar.com\/avatar\/e69498a9175ca244966e51e53c88712c024fcebe41f9a05f75657f1bb25e489b?s=96&d=mm&r=g\",\"contentUrl\":\"https:\/\/secure.gravatar.com\/avatar\/e69498a9175ca244966e51e53c88712c024fcebe41f9a05f75657f1bb25e489b?s=96&d=mm&r=g\",\"caption\":\"fondadmin\"},\"url\":\"https:\/\/www.fondazionepirelli.org\/it\/author\/fondadmin\/\"}]}<\/script>\n<!-- \/ Yoast SEO plugin. -->","yoast_head_json":{"title":"Psicologia aziendale e responsabilit\u00e0 aziendale - Fondazione Pirelli","robots":{"index":"index","follow":"follow","max-snippet":"max-snippet:-1","max-image-preview":"max-image-preview:large","max-video-preview":"max-video-preview:-1"},"canonical":"https:\/\/www.fondazionepirelli.org\/it\/cultura-dimpresa\/psicologia-aziendale-e-responsabilita-aziendale\/","og_locale":"it_IT","og_type":"article","og_title":"Psicologia aziendale e responsabilit\u00e0 aziendale - Fondazione Pirelli","og_description":"Un\u2019impresa \u00e8 fatta anche di psicologia. Non si tratta solo della capacit\u00e0 \u2013 che comunque l\u2019imprenditore deve avere -, di coinvolgere i collaboratori, di avere quell\u2019empatia che rende i compiti gravosi pi\u00f9 facilmente affrontabili, di guardare oltre i numeri di bilancio per comprendere i significati pi\u00f9 profondi della produzione. \u00a0Tutto questo ci deve essere, ma [&hellip;]","og_url":"https:\/\/127.0.0.1\/it\/cultura-dimpresa\/psicologia-aziendale-e-responsabilita-aziendale\/","og_site_name":"Fondazione Pirelli","article_published_time":"2014-03-24T00:00:00+00:00","article_modified_time":"2019-10-31T16:57:15+00:00","og_image":[{"width":250,"height":369,"url":"https:\/\/wpsite-assets.fondazionepirelli.org\/wp-content\/uploads\/2019\/05\/20101810\/1395734830324049721.jpg","type":"image\/jpeg"}],"author":"fondadmin","twitter_card":"summary_large_image","twitter_misc":{"Scritto da":"fondadmin","Tempo di lettura stimato":"2 minuti"},"schema":{"@context":"https:\/\/schema.org","@graph":[{"@type":"WebPage","@id":"https:\/\/127.0.0.1\/it\/cultura-dimpresa\/psicologia-aziendale-e-responsabilita-aziendale\/","url":"https:\/\/127.0.0.1\/it\/cultura-dimpresa\/psicologia-aziendale-e-responsabilita-aziendale\/","name":"Psicologia aziendale e responsabilit\u00e0 aziendale - Fondazione Pirelli","isPartOf":{"@id":"https:\/\/www.fondazionepirelli.org\/it\/#website"},"primaryImageOfPage":{"@id":"https:\/\/127.0.0.1\/it\/cultura-dimpresa\/psicologia-aziendale-e-responsabilita-aziendale\/#primaryimage"},"image":{"@id":"https:\/\/127.0.0.1\/it\/cultura-dimpresa\/psicologia-aziendale-e-responsabilita-aziendale\/#primaryimage"},"thumbnailUrl":"https:\/\/wpsite-assets.fondazionepirelli.org\/wp-content\/uploads\/2019\/05\/20101810\/1395734830324049721.jpg","datePublished":"2014-03-24T00:00:00+00:00","dateModified":"2019-10-31T16:57:15+00:00","author":{"@id":"https:\/\/www.fondazionepirelli.org\/it\/#\/schema\/person\/f47d097000832c4a6e54538c791fdf25"},"breadcrumb":{"@id":"https:\/\/127.0.0.1\/it\/cultura-dimpresa\/psicologia-aziendale-e-responsabilita-aziendale\/#breadcrumb"},"inLanguage":"it-IT","potentialAction":[{"@type":"ReadAction","target":["https:\/\/127.0.0.1\/it\/cultura-dimpresa\/psicologia-aziendale-e-responsabilita-aziendale\/"]}]},{"@type":"ImageObject","inLanguage":"it-IT","@id":"https:\/\/127.0.0.1\/it\/cultura-dimpresa\/psicologia-aziendale-e-responsabilita-aziendale\/#primaryimage","url":"https:\/\/wpsite-assets.fondazionepirelli.org\/wp-content\/uploads\/2019\/05\/20101810\/1395734830324049721.jpg","contentUrl":"https:\/\/wpsite-assets.fondazionepirelli.org\/wp-content\/uploads\/2019\/05\/20101810\/1395734830324049721.jpg","width":250,"height":369},{"@type":"BreadcrumbList","@id":"https:\/\/127.0.0.1\/it\/cultura-dimpresa\/psicologia-aziendale-e-responsabilita-aziendale\/#breadcrumb","itemListElement":[{"@type":"ListItem","position":1,"name":"Home","item":"https:\/\/www.fondazionepirelli.org\/it\/"},{"@type":"ListItem","position":2,"name":"Psicologia aziendale e responsabilit\u00e0 aziendale"}]},{"@type":"WebSite","@id":"https:\/\/www.fondazionepirelli.org\/it\/#website","url":"https:\/\/www.fondazionepirelli.org\/it\/","name":"Fondazione Pirelli","description":"","potentialAction":[{"@type":"SearchAction","target":{"@type":"EntryPoint","urlTemplate":"https:\/\/www.fondazionepirelli.org\/it\/?s={search_term_string}"},"query-input":{"@type":"PropertyValueSpecification","valueRequired":true,"valueName":"search_term_string"}}],"inLanguage":"it-IT"},{"@type":"Person","@id":"https:\/\/www.fondazionepirelli.org\/it\/#\/schema\/person\/f47d097000832c4a6e54538c791fdf25","name":"fondadmin","image":{"@type":"ImageObject","inLanguage":"it-IT","@id":"https:\/\/www.fondazionepirelli.org\/it\/#\/schema\/person\/image\/","url":"https:\/\/secure.gravatar.com\/avatar\/e69498a9175ca244966e51e53c88712c024fcebe41f9a05f75657f1bb25e489b?s=96&d=mm&r=g","contentUrl":"https:\/\/secure.gravatar.com\/avatar\/e69498a9175ca244966e51e53c88712c024fcebe41f9a05f75657f1bb25e489b?s=96&d=mm&r=g","caption":"fondadmin"},"url":"https:\/\/www.fondazionepirelli.org\/it\/author\/fondadmin\/"}]}},"_links":{"self":[{"href":"https:\/\/www.fondazionepirelli.org\/it\/wp-json\/wp\/v2\/posts\/50201\/"}],"collection":[{"href":"https:\/\/www.fondazionepirelli.org\/it\/wp-json\/wp\/v2\/posts\/"}],"about":[{"href":"https:\/\/www.fondazionepirelli.org\/it\/wp-json\/wp\/v2\/types\/post\/"}],"author":[{"embeddable":true,"href":"https:\/\/www.fondazionepirelli.org\/it\/wp-json\/wp\/v2\/users\/1\/"}],"replies":[{"embeddable":true,"href":"https:\/\/www.fondazionepirelli.org\/it\/wp-json\/wp\/v2\/comments\/?post=50201"}],"version-history":[{"count":2,"href":"https:\/\/www.fondazionepirelli.org\/it\/wp-json\/wp\/v2\/posts\/50201\/revisions\/"}],"predecessor-version":[{"id":71341,"href":"https:\/\/www.fondazionepirelli.org\/it\/wp-json\/wp\/v2\/posts\/50201\/revisions\/71341\/"}],"wp:featuredmedia":[{"embeddable":true,"href":"https:\/\/www.fondazionepirelli.org\/it\/wp-json\/wp\/v2\/media\/50202\/"}],"wp:attachment":[{"href":"https:\/\/www.fondazionepirelli.org\/it\/wp-json\/wp\/v2\/media\/?parent=50201"}],"wp:term":[{"taxonomy":"category","embeddable":true,"href":"https:\/\/www.fondazionepirelli.org\/it\/wp-json\/wp\/v2\/categories\/?post=50201"},{"taxonomy":"post_tag","embeddable":true,"href":"https:\/\/www.fondazionepirelli.org\/it\/wp-json\/wp\/v2\/tags\/?post=50201"}],"curies":[{"name":"wp","href":"https:\/\/api.w.org\/{rel}","templated":true}]}}