{"id":50224,"date":"2014-03-03T00:00:00","date_gmt":"2014-03-03T00:00:00","guid":{"rendered":"http:\/\/www.fondazionepirelli.org\/fondazione-pirelli\/moderne-imprese-medievali\/"},"modified":"2019-05-24T14:02:31","modified_gmt":"2019-05-24T14:02:31","slug":"moderne-imprese-medievali","status":"publish","type":"post","link":"https:\/\/www.fondazionepirelli.org\/it\/cultura-dimpresa\/moderne-imprese-medievali\/","title":{"rendered":"Moderne imprese medievali"},"content":{"rendered":"<p>L\u2019impresa e l\u2019imprenditorialit\u00e0 non sono nate dalla Rivoluzione Industriale. La tesi non \u00e8 nuova, ma \u00a0tuttavia \u00e8 poco praticata. Questione di fascino, forse, ma il mito della rivoluzione che dall\u2019Inghilterra cambi\u00f2 il modo di produrre (e quindi il mondo), attraverso la divisione del lavoro e il vapore continua a resistere. Prima, seguendo l\u2019idea diffusa della Rivoluzione Industriale \u201cmadre\u201d dell\u2019imprenditorialit\u00e0 moderna, al massimo, c\u2019erano commerci e banchieri, artigiani, artisti ma non certo gente che poteva gi\u00e0 con ragione definirsi imprenditore.<\/p>\n<p>Eppure, a quanto sembra, non \u00e8 cos\u00ec. Questa, almeno, \u00e8 la tesi di <strong>Mark Casson<\/strong> (del Department of Economics, University of Reading), e <strong>Catherine Casson<\/strong> (della School of History and Cultures, University of Birmingham). I due ricercatori hanno esposto, nel loro \u201c<strong>The history of entrepreneurship: Medieval origins of a modern phenomenon<\/strong>\u201d appena pubblicato, l\u2019idea che occorra far risalire l\u2019origine dell\u2019imprenditorialit\u00e0 e della cultura d\u2019impresa a molto prima della rivoluzione industriale.<\/p>\n<p>L\u2019impresa moderna, in altre parole, sarebbe nata nel periodo medievale tra il 1250 e il 1500, quando \u00e8 nato lo Stato moderno. Una tesi che, anch\u2019essa, affascina spostando indietro nel tempo l\u2019orologio della storia. Tra il 1250 e il 1500 \u2013 raccontano -, le chiese, i commercianti ed i membri delle corti reali erano tutti impegnati in attivit\u00e0 \u201cche hanno dimostrato le caratteristiche imprenditoriali di innovazione, assunzione di rischi e di giudizio\u201d. Esattamente ci\u00f2 che fa, ancora oggi, qualsiasi imprenditore che si rispetti.<\/p>\n<p>E per \u201cprovare\u201d la teoria l\u2019articolo pone alcuni esempi come quelli delle attivit\u00e0 del priore di Tynemouth e la carriera del mercante di lana William de la Pole. Personaggi non di primo piano \u2013 e proprio per questo forse pi\u00f9 importanti per la storia economica e la cultura d\u2019impresa -, che con la loro attivit\u00e0, le loro decisioni di gestione di un convento e di un\u2019azienda di commercio tessile, hanno rappresentato, come molti altri, i precursori dell\u2019imprenditorialit\u00e0 moderna.<\/p>\n<p>I due autori inglesi concludono: \u201cFocalizzando l&#8217;attenzione sui singoli individui piuttosto che sulle imprese, \u00e8 possibile spingere indietro la studio dell\u2019imprenditorialit\u00e0 al di l\u00e0 della rivoluzione industriale e del commercio per arrivare al periodo che ha visto le origini dello Stato moderno\u201d. Come dire: l\u2019impresa, la sua cultura e il suo modo di agire nascono non solo da grandi avvenimenti storici, ma anche e soprattutto dall\u2019accumulo di azioni singole, fatti minuti, granelli di sapienza produttiva che gradualmente prendono forma.<\/p><p><strong>The history of entrepreneurship: Medieval origins of a modern phenomenon<\/strong><\/p>\n<p>Mark Casson, Catherine Casson<\/p>\n<p>Business History, febbraio 2014<\/p>\n","protected":false},"excerpt":{"rendered":"<p>L\u2019impresa e l\u2019imprenditorialit\u00e0 non sono nate dalla Rivoluzione Industriale. La tesi non \u00e8 nuova, ma \u00a0tuttavia \u00e8 poco praticata. Questione di fascino, forse, ma il mito della rivoluzione che dall\u2019Inghilterra cambi\u00f2 il modo di produrre (e quindi il mondo), attraverso la divisione del lavoro e il vapore continua a resistere. Prima, seguendo l\u2019idea diffusa della [&hellip;]<\/p>\n","protected":false},"author":1,"featured_media":0,"comment_status":"open","ping_status":"open","sticky":false,"template":"","format":"standard","meta":{"footnotes":""},"categories":[54,52],"tags":[],"class_list":["post-50224","post","type-post","status-publish","format-standard","hentry","category-approfondimenti","category-cultura-dimpresa"],"acf":[],"yoast_head":"<!-- This site is optimized with the Yoast SEO plugin v25.0 - https:\/\/yoast.com\/wordpress\/plugins\/seo\/ -->\n<title>Moderne imprese medievali - Fondazione Pirelli<\/title>\n<meta name=\"robots\" content=\"index, follow, max-snippet:-1, max-image-preview:large, max-video-preview:-1\" \/>\n<link rel=\"canonical\" href=\"https:\/\/www.fondazionepirelli.org\/it\/cultura-dimpresa\/moderne-imprese-medievali\/\" \/>\n<meta property=\"og:locale\" content=\"it_IT\" \/>\n<meta property=\"og:type\" content=\"article\" \/>\n<meta property=\"og:title\" content=\"Moderne imprese medievali - Fondazione Pirelli\" \/>\n<meta property=\"og:description\" content=\"L\u2019impresa e l\u2019imprenditorialit\u00e0 non sono nate dalla Rivoluzione Industriale. La tesi non \u00e8 nuova, ma \u00a0tuttavia \u00e8 poco praticata. Questione di fascino, forse, ma il mito della rivoluzione che dall\u2019Inghilterra cambi\u00f2 il modo di produrre (e quindi il mondo), attraverso la divisione del lavoro e il vapore continua a resistere. Prima, seguendo l\u2019idea diffusa della [&hellip;]\" \/>\n<meta property=\"og:url\" content=\"https:\/\/www.fondazionepirelli.org\/it\/cultura-dimpresa\/moderne-imprese-medievali\/\" \/>\n<meta property=\"og:site_name\" content=\"Fondazione Pirelli\" \/>\n<meta property=\"article:published_time\" content=\"2014-03-03T00:00:00+00:00\" \/>\n<meta property=\"article:modified_time\" content=\"2019-05-24T14:02:31+00:00\" \/>\n<meta name=\"author\" content=\"fondadmin\" \/>\n<meta name=\"twitter:card\" content=\"summary_large_image\" \/>\n<meta name=\"twitter:label1\" content=\"Scritto da\" \/>\n\t<meta name=\"twitter:data1\" content=\"fondadmin\" \/>\n\t<meta name=\"twitter:label2\" content=\"Tempo di lettura stimato\" \/>\n\t<meta name=\"twitter:data2\" content=\"2 minuti\" \/>\n<script type=\"application\/ld+json\" class=\"yoast-schema-graph\">{\"@context\":\"https:\/\/schema.org\",\"@graph\":[{\"@type\":\"WebPage\",\"@id\":\"https:\/\/www.fondazionepirelli.org\/it\/cultura-dimpresa\/moderne-imprese-medievali\/\",\"url\":\"https:\/\/www.fondazionepirelli.org\/it\/cultura-dimpresa\/moderne-imprese-medievali\/\",\"name\":\"Moderne imprese medievali - Fondazione Pirelli\",\"isPartOf\":{\"@id\":\"https:\/\/www.fondazionepirelli.org\/it\/#website\"},\"datePublished\":\"2014-03-03T00:00:00+00:00\",\"dateModified\":\"2019-05-24T14:02:31+00:00\",\"author\":{\"@id\":\"https:\/\/www.fondazionepirelli.org\/it\/#\/schema\/person\/f47d097000832c4a6e54538c791fdf25\"},\"breadcrumb\":{\"@id\":\"https:\/\/www.fondazionepirelli.org\/it\/cultura-dimpresa\/moderne-imprese-medievali\/#breadcrumb\"},\"inLanguage\":\"it-IT\",\"potentialAction\":[{\"@type\":\"ReadAction\",\"target\":[\"https:\/\/www.fondazionepirelli.org\/it\/cultura-dimpresa\/moderne-imprese-medievali\/\"]}]},{\"@type\":\"BreadcrumbList\",\"@id\":\"https:\/\/www.fondazionepirelli.org\/it\/cultura-dimpresa\/moderne-imprese-medievali\/#breadcrumb\",\"itemListElement\":[{\"@type\":\"ListItem\",\"position\":1,\"name\":\"Home\",\"item\":\"https:\/\/www.fondazionepirelli.org\/it\/\"},{\"@type\":\"ListItem\",\"position\":2,\"name\":\"Moderne imprese medievali\"}]},{\"@type\":\"WebSite\",\"@id\":\"https:\/\/www.fondazionepirelli.org\/it\/#website\",\"url\":\"https:\/\/www.fondazionepirelli.org\/it\/\",\"name\":\"Fondazione Pirelli\",\"description\":\"\",\"potentialAction\":[{\"@type\":\"SearchAction\",\"target\":{\"@type\":\"EntryPoint\",\"urlTemplate\":\"https:\/\/www.fondazionepirelli.org\/it\/?s={search_term_string}\"},\"query-input\":{\"@type\":\"PropertyValueSpecification\",\"valueRequired\":true,\"valueName\":\"search_term_string\"}}],\"inLanguage\":\"it-IT\"},{\"@type\":\"Person\",\"@id\":\"https:\/\/www.fondazionepirelli.org\/it\/#\/schema\/person\/f47d097000832c4a6e54538c791fdf25\",\"name\":\"fondadmin\",\"image\":{\"@type\":\"ImageObject\",\"inLanguage\":\"it-IT\",\"@id\":\"https:\/\/www.fondazionepirelli.org\/it\/#\/schema\/person\/image\/\",\"url\":\"https:\/\/secure.gravatar.com\/avatar\/e69498a9175ca244966e51e53c88712c024fcebe41f9a05f75657f1bb25e489b?s=96&d=mm&r=g\",\"contentUrl\":\"https:\/\/secure.gravatar.com\/avatar\/e69498a9175ca244966e51e53c88712c024fcebe41f9a05f75657f1bb25e489b?s=96&d=mm&r=g\",\"caption\":\"fondadmin\"},\"url\":\"https:\/\/www.fondazionepirelli.org\/it\/author\/fondadmin\/\"}]}<\/script>\n<!-- \/ Yoast SEO plugin. -->","yoast_head_json":{"title":"Moderne imprese medievali - Fondazione Pirelli","robots":{"index":"index","follow":"follow","max-snippet":"max-snippet:-1","max-image-preview":"max-image-preview:large","max-video-preview":"max-video-preview:-1"},"canonical":"https:\/\/www.fondazionepirelli.org\/it\/cultura-dimpresa\/moderne-imprese-medievali\/","og_locale":"it_IT","og_type":"article","og_title":"Moderne imprese medievali - Fondazione Pirelli","og_description":"L\u2019impresa e l\u2019imprenditorialit\u00e0 non sono nate dalla Rivoluzione Industriale. La tesi non \u00e8 nuova, ma \u00a0tuttavia \u00e8 poco praticata. Questione di fascino, forse, ma il mito della rivoluzione che dall\u2019Inghilterra cambi\u00f2 il modo di produrre (e quindi il mondo), attraverso la divisione del lavoro e il vapore continua a resistere. Prima, seguendo l\u2019idea diffusa della [&hellip;]","og_url":"https:\/\/www.fondazionepirelli.org\/it\/cultura-dimpresa\/moderne-imprese-medievali\/","og_site_name":"Fondazione Pirelli","article_published_time":"2014-03-03T00:00:00+00:00","article_modified_time":"2019-05-24T14:02:31+00:00","author":"fondadmin","twitter_card":"summary_large_image","twitter_misc":{"Scritto da":"fondadmin","Tempo di lettura stimato":"2 minuti"},"schema":{"@context":"https:\/\/schema.org","@graph":[{"@type":"WebPage","@id":"https:\/\/www.fondazionepirelli.org\/it\/cultura-dimpresa\/moderne-imprese-medievali\/","url":"https:\/\/www.fondazionepirelli.org\/it\/cultura-dimpresa\/moderne-imprese-medievali\/","name":"Moderne imprese medievali - Fondazione Pirelli","isPartOf":{"@id":"https:\/\/www.fondazionepirelli.org\/it\/#website"},"datePublished":"2014-03-03T00:00:00+00:00","dateModified":"2019-05-24T14:02:31+00:00","author":{"@id":"https:\/\/www.fondazionepirelli.org\/it\/#\/schema\/person\/f47d097000832c4a6e54538c791fdf25"},"breadcrumb":{"@id":"https:\/\/www.fondazionepirelli.org\/it\/cultura-dimpresa\/moderne-imprese-medievali\/#breadcrumb"},"inLanguage":"it-IT","potentialAction":[{"@type":"ReadAction","target":["https:\/\/www.fondazionepirelli.org\/it\/cultura-dimpresa\/moderne-imprese-medievali\/"]}]},{"@type":"BreadcrumbList","@id":"https:\/\/www.fondazionepirelli.org\/it\/cultura-dimpresa\/moderne-imprese-medievali\/#breadcrumb","itemListElement":[{"@type":"ListItem","position":1,"name":"Home","item":"https:\/\/www.fondazionepirelli.org\/it\/"},{"@type":"ListItem","position":2,"name":"Moderne imprese medievali"}]},{"@type":"WebSite","@id":"https:\/\/www.fondazionepirelli.org\/it\/#website","url":"https:\/\/www.fondazionepirelli.org\/it\/","name":"Fondazione Pirelli","description":"","potentialAction":[{"@type":"SearchAction","target":{"@type":"EntryPoint","urlTemplate":"https:\/\/www.fondazionepirelli.org\/it\/?s={search_term_string}"},"query-input":{"@type":"PropertyValueSpecification","valueRequired":true,"valueName":"search_term_string"}}],"inLanguage":"it-IT"},{"@type":"Person","@id":"https:\/\/www.fondazionepirelli.org\/it\/#\/schema\/person\/f47d097000832c4a6e54538c791fdf25","name":"fondadmin","image":{"@type":"ImageObject","inLanguage":"it-IT","@id":"https:\/\/www.fondazionepirelli.org\/it\/#\/schema\/person\/image\/","url":"https:\/\/secure.gravatar.com\/avatar\/e69498a9175ca244966e51e53c88712c024fcebe41f9a05f75657f1bb25e489b?s=96&d=mm&r=g","contentUrl":"https:\/\/secure.gravatar.com\/avatar\/e69498a9175ca244966e51e53c88712c024fcebe41f9a05f75657f1bb25e489b?s=96&d=mm&r=g","caption":"fondadmin"},"url":"https:\/\/www.fondazionepirelli.org\/it\/author\/fondadmin\/"}]}},"_links":{"self":[{"href":"https:\/\/www.fondazionepirelli.org\/it\/wp-json\/wp\/v2\/posts\/50224\/"}],"collection":[{"href":"https:\/\/www.fondazionepirelli.org\/it\/wp-json\/wp\/v2\/posts\/"}],"about":[{"href":"https:\/\/www.fondazionepirelli.org\/it\/wp-json\/wp\/v2\/types\/post\/"}],"author":[{"embeddable":true,"href":"https:\/\/www.fondazionepirelli.org\/it\/wp-json\/wp\/v2\/users\/1\/"}],"replies":[{"embeddable":true,"href":"https:\/\/www.fondazionepirelli.org\/it\/wp-json\/wp\/v2\/comments\/?post=50224"}],"version-history":[{"count":1,"href":"https:\/\/www.fondazionepirelli.org\/it\/wp-json\/wp\/v2\/posts\/50224\/revisions\/"}],"predecessor-version":[{"id":56011,"href":"https:\/\/www.fondazionepirelli.org\/it\/wp-json\/wp\/v2\/posts\/50224\/revisions\/56011\/"}],"wp:attachment":[{"href":"https:\/\/www.fondazionepirelli.org\/it\/wp-json\/wp\/v2\/media\/?parent=50224"}],"wp:term":[{"taxonomy":"category","embeddable":true,"href":"https:\/\/www.fondazionepirelli.org\/it\/wp-json\/wp\/v2\/categories\/?post=50224"},{"taxonomy":"post_tag","embeddable":true,"href":"https:\/\/www.fondazionepirelli.org\/it\/wp-json\/wp\/v2\/tags\/?post=50224"}],"curies":[{"name":"wp","href":"https:\/\/api.w.org\/{rel}","templated":true}]}}