{"id":50235,"date":"2014-02-17T00:00:00","date_gmt":"2014-02-17T00:00:00","guid":{"rendered":"http:\/\/www.fondazionepirelli.org\/fondazione-pirelli\/donne-al-vertice-di-banche-e-imprese-un-ricambio-che-fa-bene-alleconomia\/"},"modified":"2019-05-20T16:31:46","modified_gmt":"2019-05-20T16:31:46","slug":"donne-al-vertice-di-banche-e-imprese-un-ricambio-che-fa-bene-alleconomia","status":"publish","type":"post","link":"https:\/\/www.fondazionepirelli.org\/it\/cultura-dimpresa\/donne-al-vertice-di-banche-e-imprese-un-ricambio-che-fa-bene-alleconomia\/","title":{"rendered":"Donne al vertice di banche e imprese, un ricambio che fa bene all\u2019economia"},"content":{"rendered":"<p>Una brillante economista italiana, <strong>Lucrezia Reichlin<\/strong>, candidata come vice governatore della Banca d&#8217;Inghilterra. Lo ha scritto il Corriere della Sera, alcuni giorni fa, prima ancora che il nome della Reichlin girasse anche per il ministero dell\u2019Economia del governo Renzi. Governo a parte, siamo di fronte a una buona notizia, vada come vada. Perch\u00e9 il governatore della prestigiosa istituzione britannica, Mark Carney, guarda il merito (e non la nazionalit\u00e0) e indica una studiosa di grandi e diverse competenze (la Reichlin insegna alla London Business School, ma \u00e8 anche in consiglio d&#8217;amministrazione di Unicredit, \u00e8 stata responsabile della ricerca per la Bce e fa da commentatrice su autorevoli giornali) e una donna (le indiscrezioni inglesi dicono che ci sono altre tre donne in lizza, per quell\u2019incarico). Competenze tecniche finanziarie. E intelligenza femminile. Una sintesi innovativa, di valore. Che d\u2019altronde rafforza una tendenza che si va affermando: una donna, <strong>Janet Ellen<\/strong>, guida la Fed, un&#8217;altra, <strong>Bodil Andersen<\/strong>, la Banca di Danimarca, un&#8217;altra ancora, <strong>Christine Lagarde<\/strong>, il Fmi, dopo essere stata ministro dell\u2019Economia in Francia. Nel mondo della finanza e dell\u2019impresa, dell\u2019industria e del lavoro, la presenza femminile (si pu\u00f2 pensare anche a <strong>Emma Marcegaglia<\/strong> al vertice di BusinessEurope, l\u2019associazione delle Confindustrie europee, dopo aver retto la potente organizzazione italiana e a <strong>Susanna Camusso<\/strong> alla guida della Cgil) pu\u00f2 portare radicali modifiche nella cultura di fondo del mondo degli affari, una nuova e migliore sensibilit\u00e0 per i problemi degli individui e delle comunit\u00e0. In tempi in cui tramonta la sintesi perversa tra affari, speculazione e avidit\u00e0 e aumenta invece l\u2019attenzione critica verso una \u201ceconomia giusta\u201d, la scelta femminile arricchir\u00e0 il panorama di strategie e scelte. Una cultura d\u2019impresa a dimensione delle persone. Ma anche con migliori redditivit\u00e0 degli investimenti. Una recente ricerca della Rothenstein Kass, nota casa di consulenza Usa, documenta che i fondi d\u2019investimento gestiti da donne, negli anni della Grande Crisi, hanno registrato profitti superiori alla media (il 4,6% in pi\u00f9 di quelli gestiti da uomini). Perch\u00e9? Le donne studiano pi\u00f9 approfonditamente i mercati, valutano pi\u00f9 attentamente gli investimenti e con minore frenesia, rischiano con maggiore ponderazione e, se commettono un errore, cercano di rimediarvi subito. <strong>Ennio Caretto<\/strong>, sul Corriere della Sera (17 febbraio) cita Whitney Tilson, manager dell\u2019hedge fund Kase Capital: \u201cImpedire alle donne di operare nei mercati finanziari \u00e8 come impedire ai campioni pi\u00f9 alti di giocare a pallacanestro\u201d.<\/p><p>Se dai vertici delle grandi istituzioni e dalla finanza ci si sposta nel mondo italiano delle imprese e delle pubbliche amministrazioni, si nota che la tendenza della valorizzazione di competenze e qualit\u00e0 femminili trova anche qui maggiore spazio. Lo confermano i dati di una ricerca dell\u2019Ocap, l\u2019Osservatorio sul cambiamento delle amministrazioni pubbliche della SdaBocconi, pubblicata dal Corriere della Sera (16 febbraio), secondo cui le donne dirigenti nei ministeri erano, nel 2012, il 43% (il 34,5% nel 2007), nei comuni il 39,5% (il 35% nel 2007) e nelle Regioni a statuto ordinario il 36,3% (il 30,1% nel 2007). Una crescita media del 25% in sei anni, insomma. Un profondo rinnovamento e probabilmente anche un buon cambio culturale, pur se in un settore, la pubblica amministrazione, in cui le negative tendenze di fondo (il formalismo normativo, la passione per la complessit\u00e0 delle procedure, una scarsa cura per l\u2019efficienza e l\u2019efficacia dei provvedimenti, oltre che per la loro regolarit\u00e0 formale) sono ancora radicate e scarsamente in sintonia con le esigenze di un\u2019economia aperta, dinamica e competitiva e con le crescenti esigenze di qualit\u00e0 dei servizi per i cittadini. Adesso, il tramonto dei vecchi burocrati e l\u2019aumento di responsabilit\u00e0 di pubbliche dirigenti potrebbe molto stimolare il cambiamento.<\/p><p>Anche nel mondo delle imprese private le cose si muovono. Nel 2008 \u2013 documenta una ricerca di ManagerItalia su dati Inps \u2013 le donne manager erano 14.550 rispetto a 104.564 uomini, il 12,2% appena. Nel 2012, invece, tutt\u2019altro panorama: 16.853 donne e 99.342 uomini, con un aumento al 14,5%. Anche qui, uno spostamento, agevolato dalla Grande Crisi: sono diminuiti gli uomini (-5.222) e sono aumentate le donne (2.303). Risultato anche di un ricambio generazionale, che ha visto in prima fila donne competenti e competitive, forti pure di una buona formazione universitaria (l\u2019esperienza diretta di chi insegna nelle aule universitarie e nei master conferma che sono proprio le donne le studentesse migliori).<\/p><p>La legge sulle quote femminili obbligatorie nei consigli d\u2019amministrazione delle societ\u00e0 presenti sul listino di Borsa ha molto stimolato la tendenza alla <strong>maggiore presenza femminile in azienda, in ruoli di responsabilit\u00e0.<\/strong> E le culture del \u201c<strong>diversity management<\/strong>\u201d, sempre pi\u00f9 diffuse, hanno agevolato trasformazioni e rinnovamenti. I risultati evidenti di tali processi hanno confermato la validit\u00e0 della strategia. Il cambiamento \u00e8 pi\u00f9 diffuso nelle grandi aziende che non nelle piccole, pi\u00f9 nelle imprese dei servizi che non nell\u2019industria. Ma il \u201csoffitto di cristallo\u201d che \u2013 si diceva negli anni Ottanta \u2013 bloccava le carriere femminili, \u00e8 stato ampiamente lesionato. Sparir\u00e0. Con buone conseguenze per tutti.<\/p>\n","protected":false},"excerpt":{"rendered":"<p>Una brillante economista italiana, Lucrezia Reichlin, candidata come vice governatore della Banca d&#8217;Inghilterra. Lo ha scritto il Corriere della Sera, alcuni giorni fa, prima ancora che il nome della Reichlin girasse anche per il ministero dell\u2019Economia del governo Renzi. Governo a parte, siamo di fronte a una buona notizia, vada come vada. Perch\u00e9 il governatore [&hellip;]<\/p>\n","protected":false},"author":1,"featured_media":50236,"comment_status":"open","ping_status":"open","sticky":false,"template":"","format":"standard","meta":{"footnotes":""},"categories":[53,52],"tags":[],"class_list":["post-50235","post","type-post","status-publish","format-standard","has-post-thumbnail","hentry","category-blog","category-cultura-dimpresa"],"acf":[],"yoast_head":"<!-- This site is optimized with the Yoast SEO plugin v25.0 - https:\/\/yoast.com\/wordpress\/plugins\/seo\/ -->\n<title>Donne al vertice di banche e imprese, un ricambio che fa bene all\u2019economia - Fondazione Pirelli<\/title>\n<meta name=\"robots\" content=\"index, follow, max-snippet:-1, max-image-preview:large, max-video-preview:-1\" \/>\n<link rel=\"canonical\" href=\"https:\/\/www.fondazionepirelli.org\/it\/cultura-dimpresa\/donne-al-vertice-di-banche-e-imprese-un-ricambio-che-fa-bene-alleconomia\/\" \/>\n<meta property=\"og:locale\" content=\"it_IT\" \/>\n<meta property=\"og:type\" content=\"article\" \/>\n<meta property=\"og:title\" content=\"Donne al vertice di banche e imprese, un ricambio che fa bene all\u2019economia - Fondazione Pirelli\" \/>\n<meta property=\"og:description\" content=\"Una brillante economista italiana, Lucrezia Reichlin, candidata come vice governatore della Banca d&#8217;Inghilterra. Lo ha scritto il Corriere della Sera, alcuni giorni fa, prima ancora che il nome della Reichlin girasse anche per il ministero dell\u2019Economia del governo Renzi. Governo a parte, siamo di fronte a una buona notizia, vada come vada. Perch\u00e9 il governatore [&hellip;]\" \/>\n<meta property=\"og:url\" content=\"https:\/\/www.fondazionepirelli.org\/it\/cultura-dimpresa\/donne-al-vertice-di-banche-e-imprese-un-ricambio-che-fa-bene-alleconomia\/\" \/>\n<meta property=\"og:site_name\" content=\"Fondazione Pirelli\" \/>\n<meta property=\"article:published_time\" content=\"2014-02-17T00:00:00+00:00\" \/>\n<meta property=\"article:modified_time\" content=\"2019-05-20T16:31:46+00:00\" \/>\n<meta property=\"og:image\" content=\"https:\/\/wpsite-assets.fondazionepirelli.org\/wp-content\/uploads\/2019\/05\/20101803\/1392646608665435348.jpg\" \/>\n\t<meta property=\"og:image:width\" content=\"249\" \/>\n\t<meta property=\"og:image:height\" content=\"375\" \/>\n\t<meta property=\"og:image:type\" content=\"image\/jpeg\" \/>\n<meta name=\"author\" content=\"fondadmin\" \/>\n<meta name=\"twitter:card\" content=\"summary_large_image\" \/>\n<meta name=\"twitter:label1\" content=\"Scritto da\" \/>\n\t<meta name=\"twitter:data1\" content=\"fondadmin\" \/>\n\t<meta name=\"twitter:label2\" content=\"Tempo di lettura stimato\" \/>\n\t<meta name=\"twitter:data2\" content=\"4 minuti\" \/>\n<script type=\"application\/ld+json\" class=\"yoast-schema-graph\">{\"@context\":\"https:\/\/schema.org\",\"@graph\":[{\"@type\":\"WebPage\",\"@id\":\"https:\/\/www.fondazionepirelli.org\/it\/cultura-dimpresa\/donne-al-vertice-di-banche-e-imprese-un-ricambio-che-fa-bene-alleconomia\/\",\"url\":\"https:\/\/www.fondazionepirelli.org\/it\/cultura-dimpresa\/donne-al-vertice-di-banche-e-imprese-un-ricambio-che-fa-bene-alleconomia\/\",\"name\":\"Donne al vertice di banche e imprese, un ricambio che fa bene all\u2019economia - Fondazione Pirelli\",\"isPartOf\":{\"@id\":\"https:\/\/www.fondazionepirelli.org\/it\/#website\"},\"primaryImageOfPage\":{\"@id\":\"https:\/\/www.fondazionepirelli.org\/it\/cultura-dimpresa\/donne-al-vertice-di-banche-e-imprese-un-ricambio-che-fa-bene-alleconomia\/#primaryimage\"},\"image\":{\"@id\":\"https:\/\/www.fondazionepirelli.org\/it\/cultura-dimpresa\/donne-al-vertice-di-banche-e-imprese-un-ricambio-che-fa-bene-alleconomia\/#primaryimage\"},\"thumbnailUrl\":\"https:\/\/wpsite-assets.fondazionepirelli.org\/wp-content\/uploads\/2019\/05\/20101803\/1392646608665435348.jpg\",\"datePublished\":\"2014-02-17T00:00:00+00:00\",\"dateModified\":\"2019-05-20T16:31:46+00:00\",\"author\":{\"@id\":\"https:\/\/www.fondazionepirelli.org\/it\/#\/schema\/person\/f47d097000832c4a6e54538c791fdf25\"},\"breadcrumb\":{\"@id\":\"https:\/\/www.fondazionepirelli.org\/it\/cultura-dimpresa\/donne-al-vertice-di-banche-e-imprese-un-ricambio-che-fa-bene-alleconomia\/#breadcrumb\"},\"inLanguage\":\"it-IT\",\"potentialAction\":[{\"@type\":\"ReadAction\",\"target\":[\"https:\/\/www.fondazionepirelli.org\/it\/cultura-dimpresa\/donne-al-vertice-di-banche-e-imprese-un-ricambio-che-fa-bene-alleconomia\/\"]}]},{\"@type\":\"ImageObject\",\"inLanguage\":\"it-IT\",\"@id\":\"https:\/\/www.fondazionepirelli.org\/it\/cultura-dimpresa\/donne-al-vertice-di-banche-e-imprese-un-ricambio-che-fa-bene-alleconomia\/#primaryimage\",\"url\":\"https:\/\/wpsite-assets.fondazionepirelli.org\/wp-content\/uploads\/2019\/05\/20101803\/1392646608665435348.jpg\",\"contentUrl\":\"https:\/\/wpsite-assets.fondazionepirelli.org\/wp-content\/uploads\/2019\/05\/20101803\/1392646608665435348.jpg\",\"width\":249,\"height\":375},{\"@type\":\"BreadcrumbList\",\"@id\":\"https:\/\/www.fondazionepirelli.org\/it\/cultura-dimpresa\/donne-al-vertice-di-banche-e-imprese-un-ricambio-che-fa-bene-alleconomia\/#breadcrumb\",\"itemListElement\":[{\"@type\":\"ListItem\",\"position\":1,\"name\":\"Home\",\"item\":\"https:\/\/www.fondazionepirelli.org\/it\/\"},{\"@type\":\"ListItem\",\"position\":2,\"name\":\"Donne al vertice di banche e imprese, un ricambio che fa bene all\u2019economia\"}]},{\"@type\":\"WebSite\",\"@id\":\"https:\/\/www.fondazionepirelli.org\/it\/#website\",\"url\":\"https:\/\/www.fondazionepirelli.org\/it\/\",\"name\":\"Fondazione Pirelli\",\"description\":\"\",\"potentialAction\":[{\"@type\":\"SearchAction\",\"target\":{\"@type\":\"EntryPoint\",\"urlTemplate\":\"https:\/\/www.fondazionepirelli.org\/it\/?s={search_term_string}\"},\"query-input\":{\"@type\":\"PropertyValueSpecification\",\"valueRequired\":true,\"valueName\":\"search_term_string\"}}],\"inLanguage\":\"it-IT\"},{\"@type\":\"Person\",\"@id\":\"https:\/\/www.fondazionepirelli.org\/it\/#\/schema\/person\/f47d097000832c4a6e54538c791fdf25\",\"name\":\"fondadmin\",\"image\":{\"@type\":\"ImageObject\",\"inLanguage\":\"it-IT\",\"@id\":\"https:\/\/www.fondazionepirelli.org\/it\/#\/schema\/person\/image\/\",\"url\":\"https:\/\/secure.gravatar.com\/avatar\/e69498a9175ca244966e51e53c88712c024fcebe41f9a05f75657f1bb25e489b?s=96&d=mm&r=g\",\"contentUrl\":\"https:\/\/secure.gravatar.com\/avatar\/e69498a9175ca244966e51e53c88712c024fcebe41f9a05f75657f1bb25e489b?s=96&d=mm&r=g\",\"caption\":\"fondadmin\"},\"url\":\"https:\/\/www.fondazionepirelli.org\/it\/author\/fondadmin\/\"}]}<\/script>\n<!-- \/ Yoast SEO plugin. -->","yoast_head_json":{"title":"Donne al vertice di banche e imprese, un ricambio che fa bene all\u2019economia - Fondazione Pirelli","robots":{"index":"index","follow":"follow","max-snippet":"max-snippet:-1","max-image-preview":"max-image-preview:large","max-video-preview":"max-video-preview:-1"},"canonical":"https:\/\/www.fondazionepirelli.org\/it\/cultura-dimpresa\/donne-al-vertice-di-banche-e-imprese-un-ricambio-che-fa-bene-alleconomia\/","og_locale":"it_IT","og_type":"article","og_title":"Donne al vertice di banche e imprese, un ricambio che fa bene all\u2019economia - Fondazione Pirelli","og_description":"Una brillante economista italiana, Lucrezia Reichlin, candidata come vice governatore della Banca d&#8217;Inghilterra. Lo ha scritto il Corriere della Sera, alcuni giorni fa, prima ancora che il nome della Reichlin girasse anche per il ministero dell\u2019Economia del governo Renzi. Governo a parte, siamo di fronte a una buona notizia, vada come vada. Perch\u00e9 il governatore [&hellip;]","og_url":"https:\/\/www.fondazionepirelli.org\/it\/cultura-dimpresa\/donne-al-vertice-di-banche-e-imprese-un-ricambio-che-fa-bene-alleconomia\/","og_site_name":"Fondazione Pirelli","article_published_time":"2014-02-17T00:00:00+00:00","article_modified_time":"2019-05-20T16:31:46+00:00","og_image":[{"width":249,"height":375,"url":"https:\/\/wpsite-assets.fondazionepirelli.org\/wp-content\/uploads\/2019\/05\/20101803\/1392646608665435348.jpg","type":"image\/jpeg"}],"author":"fondadmin","twitter_card":"summary_large_image","twitter_misc":{"Scritto da":"fondadmin","Tempo di lettura stimato":"4 minuti"},"schema":{"@context":"https:\/\/schema.org","@graph":[{"@type":"WebPage","@id":"https:\/\/www.fondazionepirelli.org\/it\/cultura-dimpresa\/donne-al-vertice-di-banche-e-imprese-un-ricambio-che-fa-bene-alleconomia\/","url":"https:\/\/www.fondazionepirelli.org\/it\/cultura-dimpresa\/donne-al-vertice-di-banche-e-imprese-un-ricambio-che-fa-bene-alleconomia\/","name":"Donne al vertice di banche e imprese, un ricambio che fa bene all\u2019economia - Fondazione Pirelli","isPartOf":{"@id":"https:\/\/www.fondazionepirelli.org\/it\/#website"},"primaryImageOfPage":{"@id":"https:\/\/www.fondazionepirelli.org\/it\/cultura-dimpresa\/donne-al-vertice-di-banche-e-imprese-un-ricambio-che-fa-bene-alleconomia\/#primaryimage"},"image":{"@id":"https:\/\/www.fondazionepirelli.org\/it\/cultura-dimpresa\/donne-al-vertice-di-banche-e-imprese-un-ricambio-che-fa-bene-alleconomia\/#primaryimage"},"thumbnailUrl":"https:\/\/wpsite-assets.fondazionepirelli.org\/wp-content\/uploads\/2019\/05\/20101803\/1392646608665435348.jpg","datePublished":"2014-02-17T00:00:00+00:00","dateModified":"2019-05-20T16:31:46+00:00","author":{"@id":"https:\/\/www.fondazionepirelli.org\/it\/#\/schema\/person\/f47d097000832c4a6e54538c791fdf25"},"breadcrumb":{"@id":"https:\/\/www.fondazionepirelli.org\/it\/cultura-dimpresa\/donne-al-vertice-di-banche-e-imprese-un-ricambio-che-fa-bene-alleconomia\/#breadcrumb"},"inLanguage":"it-IT","potentialAction":[{"@type":"ReadAction","target":["https:\/\/www.fondazionepirelli.org\/it\/cultura-dimpresa\/donne-al-vertice-di-banche-e-imprese-un-ricambio-che-fa-bene-alleconomia\/"]}]},{"@type":"ImageObject","inLanguage":"it-IT","@id":"https:\/\/www.fondazionepirelli.org\/it\/cultura-dimpresa\/donne-al-vertice-di-banche-e-imprese-un-ricambio-che-fa-bene-alleconomia\/#primaryimage","url":"https:\/\/wpsite-assets.fondazionepirelli.org\/wp-content\/uploads\/2019\/05\/20101803\/1392646608665435348.jpg","contentUrl":"https:\/\/wpsite-assets.fondazionepirelli.org\/wp-content\/uploads\/2019\/05\/20101803\/1392646608665435348.jpg","width":249,"height":375},{"@type":"BreadcrumbList","@id":"https:\/\/www.fondazionepirelli.org\/it\/cultura-dimpresa\/donne-al-vertice-di-banche-e-imprese-un-ricambio-che-fa-bene-alleconomia\/#breadcrumb","itemListElement":[{"@type":"ListItem","position":1,"name":"Home","item":"https:\/\/www.fondazionepirelli.org\/it\/"},{"@type":"ListItem","position":2,"name":"Donne al vertice di banche e imprese, un ricambio che fa bene all\u2019economia"}]},{"@type":"WebSite","@id":"https:\/\/www.fondazionepirelli.org\/it\/#website","url":"https:\/\/www.fondazionepirelli.org\/it\/","name":"Fondazione Pirelli","description":"","potentialAction":[{"@type":"SearchAction","target":{"@type":"EntryPoint","urlTemplate":"https:\/\/www.fondazionepirelli.org\/it\/?s={search_term_string}"},"query-input":{"@type":"PropertyValueSpecification","valueRequired":true,"valueName":"search_term_string"}}],"inLanguage":"it-IT"},{"@type":"Person","@id":"https:\/\/www.fondazionepirelli.org\/it\/#\/schema\/person\/f47d097000832c4a6e54538c791fdf25","name":"fondadmin","image":{"@type":"ImageObject","inLanguage":"it-IT","@id":"https:\/\/www.fondazionepirelli.org\/it\/#\/schema\/person\/image\/","url":"https:\/\/secure.gravatar.com\/avatar\/e69498a9175ca244966e51e53c88712c024fcebe41f9a05f75657f1bb25e489b?s=96&d=mm&r=g","contentUrl":"https:\/\/secure.gravatar.com\/avatar\/e69498a9175ca244966e51e53c88712c024fcebe41f9a05f75657f1bb25e489b?s=96&d=mm&r=g","caption":"fondadmin"},"url":"https:\/\/www.fondazionepirelli.org\/it\/author\/fondadmin\/"}]}},"_links":{"self":[{"href":"https:\/\/www.fondazionepirelli.org\/it\/wp-json\/wp\/v2\/posts\/50235\/"}],"collection":[{"href":"https:\/\/www.fondazionepirelli.org\/it\/wp-json\/wp\/v2\/posts\/"}],"about":[{"href":"https:\/\/www.fondazionepirelli.org\/it\/wp-json\/wp\/v2\/types\/post\/"}],"author":[{"embeddable":true,"href":"https:\/\/www.fondazionepirelli.org\/it\/wp-json\/wp\/v2\/users\/1\/"}],"replies":[{"embeddable":true,"href":"https:\/\/www.fondazionepirelli.org\/it\/wp-json\/wp\/v2\/comments\/?post=50235"}],"version-history":[{"count":1,"href":"https:\/\/www.fondazionepirelli.org\/it\/wp-json\/wp\/v2\/posts\/50235\/revisions\/"}],"predecessor-version":[{"id":55646,"href":"https:\/\/www.fondazionepirelli.org\/it\/wp-json\/wp\/v2\/posts\/50235\/revisions\/55646\/"}],"wp:featuredmedia":[{"embeddable":true,"href":"https:\/\/www.fondazionepirelli.org\/it\/wp-json\/wp\/v2\/media\/50236\/"}],"wp:attachment":[{"href":"https:\/\/www.fondazionepirelli.org\/it\/wp-json\/wp\/v2\/media\/?parent=50235"}],"wp:term":[{"taxonomy":"category","embeddable":true,"href":"https:\/\/www.fondazionepirelli.org\/it\/wp-json\/wp\/v2\/categories\/?post=50235"},{"taxonomy":"post_tag","embeddable":true,"href":"https:\/\/www.fondazionepirelli.org\/it\/wp-json\/wp\/v2\/tags\/?post=50235"}],"curies":[{"name":"wp","href":"https:\/\/api.w.org\/{rel}","templated":true}]}}