{"id":50258,"date":"2014-02-03T00:00:00","date_gmt":"2014-02-03T00:00:00","guid":{"rendered":"http:\/\/www.fondazionepirelli.org\/fondazione-pirelli\/la-stele-di-rosetta-delle-imprese\/"},"modified":"2019-05-24T12:59:22","modified_gmt":"2019-05-24T12:59:22","slug":"la-stele-di-rosetta-delle-imprese","status":"publish","type":"post","link":"https:\/\/www.fondazionepirelli.org\/it\/cultura-dimpresa\/la-stele-di-rosetta-delle-imprese\/","title":{"rendered":"La Stele di Rosetta delle imprese"},"content":{"rendered":"<p>Si fa presto a dire cultura d\u2019impresa. Interrogati su di essa, ci si ritrova nell\u2019imbarazzo di fornire una spiegazione completa e sintetica. E\u2019 un po\u2019 come il concetto di tempo di S. Agostino che scrisse: \u201cChe cos\u2019\u00e8 dunque il tempo? Quando nessuno me lo chiede, lo so; ma se qualcuno me lo chiede e voglio spiegarglielo, non lo so\u201d. Perch\u00e9 tutto sommato \u00e8 gi\u00e0 complicato spiegare che cosa sia veramente la cultura; se poi ad essa si aggiunge l\u2019impresa, ci\u00f2 che ne nasce \u00e8 affascinante, ma difficile da sintetizzare in una definizione. Eppure, \u00e8 proprio sull\u2019idea di cultura d\u2019impresa che si basa gran parte delle idee in campo organizzativo, gestionale e consulenziale.<\/p>\n<p><strong>Kathy Brady<\/strong> e<strong> William Lowell<\/strong> (dell\u2019University of Wisconsin-Whitewater), nel loro \u201c<strong>Theory vs. Practice: A Study of Business Consultants and Their Utilization of Corporate Culture in Daily Practice<\/strong>\u201d, hanno provato a sistemare la questione partendo dalla pratica e aggiungendo la teoria. La ricerca ha utilizzato quindi un\u2019indagine empirica fra consulenti aziendali e imprenditori per capire il concetto di cultura aziendale pi\u00f9 diffuso. \u00a0L&#8217;analisi dei dati raccolti ha mostrato che, nonostante un utilizzo intenso del concetto di cultura aziendale nel loro lavoro di consulenza\/gestione, gli intervistati non solo non hanno \u00a0una definizione unitaria della cultura aziendale, ma le definizioni di cui fanno uso sono molto diverse. La cultura d\u2019impresa, allora, risiede per alcuni nella leadership organizzativa e quindi nella sua capacit\u00e0 di coinvolgere i collaboratori, di far crescere un\u2019impresa, di motivare il personale ma anche avere un approccio alla vita e al lavoro costruttivi e positivi. Per altri, invece, la vera cultura d\u2019impresa risiede nei lavoratori e nel modo con sui si sentono parte di un tutto, nell\u2019approccio che hanno con l\u2019estero dell\u2019azienda, nelle norme e nei vincoli (magari non scritti) che vengono seguiti. Per altri ancora, la cultura d\u2019impresa \u00e8 nella \u201cmissione\u201d che l\u2019impresa si d\u00e0, nelle modalit\u00e0 di sviluppo del lavoro, nei sistemi di valorizzazione delle persone e in molto altro ancora.<\/p>\n<p>Arriva infine anche un tentativo suggestivo di definizione da parte dei due ricercatori: \u201cCome una moderna Stele di Rosetta, la cultura d\u2019impresa risiede nei simboli comportamentali di un\u2019organizzazione\u201d.<\/p><p>\u201cTheory vs. Practice\u201d ha un merito: costituisce un\u2019esplorazione interessante di un mondo che \u00e8 come il tempo di S. Agostino: tutti sanno che cos\u2019\u00e8, ma nessuno lo sa raccontare compiutamente.<\/p><p><strong>Theory vs. Practice: A Study of Business Consultants and Their Utilization of Corporate Culture in Daily Practice\u00a0<\/strong><\/p>\n<p>Kathy Brady, University of Wisconsin-Whitewater<\/p>\n<p>William Lowell, University of Wisconsin-Whitewater \u00a0Journal of Practical Consulting, Vol. 5 Iss. 1, 2014<\/p>\n","protected":false},"excerpt":{"rendered":"<p>Si fa presto a dire cultura d\u2019impresa. Interrogati su di essa, ci si ritrova nell\u2019imbarazzo di fornire una spiegazione completa e sintetica. E\u2019 un po\u2019 come il concetto di tempo di S. Agostino che scrisse: \u201cChe cos\u2019\u00e8 dunque il tempo? Quando nessuno me lo chiede, lo so; ma se qualcuno me lo chiede e voglio [&hellip;]<\/p>\n","protected":false},"author":1,"featured_media":0,"comment_status":"open","ping_status":"open","sticky":false,"template":"","format":"standard","meta":{"footnotes":""},"categories":[54,52],"tags":[],"class_list":["post-50258","post","type-post","status-publish","format-standard","hentry","category-approfondimenti","category-cultura-dimpresa"],"acf":[],"yoast_head":"<!-- This site is optimized with the Yoast SEO plugin v25.0 - https:\/\/yoast.com\/wordpress\/plugins\/seo\/ -->\n<title>La Stele di Rosetta delle imprese - Fondazione Pirelli<\/title>\n<meta name=\"robots\" content=\"index, follow, max-snippet:-1, max-image-preview:large, max-video-preview:-1\" \/>\n<link rel=\"canonical\" href=\"https:\/\/www.fondazionepirelli.org\/it\/cultura-dimpresa\/la-stele-di-rosetta-delle-imprese\/\" \/>\n<meta property=\"og:locale\" content=\"it_IT\" \/>\n<meta property=\"og:type\" content=\"article\" \/>\n<meta property=\"og:title\" content=\"La Stele di Rosetta delle imprese - Fondazione Pirelli\" \/>\n<meta property=\"og:description\" content=\"Si fa presto a dire cultura d\u2019impresa. Interrogati su di essa, ci si ritrova nell\u2019imbarazzo di fornire una spiegazione completa e sintetica. E\u2019 un po\u2019 come il concetto di tempo di S. Agostino che scrisse: \u201cChe cos\u2019\u00e8 dunque il tempo? Quando nessuno me lo chiede, lo so; ma se qualcuno me lo chiede e voglio [&hellip;]\" \/>\n<meta property=\"og:url\" content=\"https:\/\/www.fondazionepirelli.org\/it\/cultura-dimpresa\/la-stele-di-rosetta-delle-imprese\/\" \/>\n<meta property=\"og:site_name\" content=\"Fondazione Pirelli\" \/>\n<meta property=\"article:published_time\" content=\"2014-02-03T00:00:00+00:00\" \/>\n<meta property=\"article:modified_time\" content=\"2019-05-24T12:59:22+00:00\" \/>\n<meta name=\"author\" content=\"fondadmin\" \/>\n<meta name=\"twitter:card\" content=\"summary_large_image\" \/>\n<meta name=\"twitter:label1\" content=\"Scritto da\" \/>\n\t<meta name=\"twitter:data1\" content=\"fondadmin\" \/>\n\t<meta name=\"twitter:label2\" content=\"Tempo di lettura stimato\" \/>\n\t<meta name=\"twitter:data2\" content=\"2 minuti\" \/>\n<script type=\"application\/ld+json\" class=\"yoast-schema-graph\">{\"@context\":\"https:\/\/schema.org\",\"@graph\":[{\"@type\":\"WebPage\",\"@id\":\"https:\/\/www.fondazionepirelli.org\/it\/cultura-dimpresa\/la-stele-di-rosetta-delle-imprese\/\",\"url\":\"https:\/\/www.fondazionepirelli.org\/it\/cultura-dimpresa\/la-stele-di-rosetta-delle-imprese\/\",\"name\":\"La Stele di Rosetta delle imprese - Fondazione Pirelli\",\"isPartOf\":{\"@id\":\"https:\/\/www.fondazionepirelli.org\/it\/#website\"},\"datePublished\":\"2014-02-03T00:00:00+00:00\",\"dateModified\":\"2019-05-24T12:59:22+00:00\",\"author\":{\"@id\":\"https:\/\/www.fondazionepirelli.org\/it\/#\/schema\/person\/f47d097000832c4a6e54538c791fdf25\"},\"breadcrumb\":{\"@id\":\"https:\/\/www.fondazionepirelli.org\/it\/cultura-dimpresa\/la-stele-di-rosetta-delle-imprese\/#breadcrumb\"},\"inLanguage\":\"it-IT\",\"potentialAction\":[{\"@type\":\"ReadAction\",\"target\":[\"https:\/\/www.fondazionepirelli.org\/it\/cultura-dimpresa\/la-stele-di-rosetta-delle-imprese\/\"]}]},{\"@type\":\"BreadcrumbList\",\"@id\":\"https:\/\/www.fondazionepirelli.org\/it\/cultura-dimpresa\/la-stele-di-rosetta-delle-imprese\/#breadcrumb\",\"itemListElement\":[{\"@type\":\"ListItem\",\"position\":1,\"name\":\"Home\",\"item\":\"https:\/\/www.fondazionepirelli.org\/it\/\"},{\"@type\":\"ListItem\",\"position\":2,\"name\":\"La Stele di Rosetta delle imprese\"}]},{\"@type\":\"WebSite\",\"@id\":\"https:\/\/www.fondazionepirelli.org\/it\/#website\",\"url\":\"https:\/\/www.fondazionepirelli.org\/it\/\",\"name\":\"Fondazione Pirelli\",\"description\":\"\",\"potentialAction\":[{\"@type\":\"SearchAction\",\"target\":{\"@type\":\"EntryPoint\",\"urlTemplate\":\"https:\/\/www.fondazionepirelli.org\/it\/?s={search_term_string}\"},\"query-input\":{\"@type\":\"PropertyValueSpecification\",\"valueRequired\":true,\"valueName\":\"search_term_string\"}}],\"inLanguage\":\"it-IT\"},{\"@type\":\"Person\",\"@id\":\"https:\/\/www.fondazionepirelli.org\/it\/#\/schema\/person\/f47d097000832c4a6e54538c791fdf25\",\"name\":\"fondadmin\",\"image\":{\"@type\":\"ImageObject\",\"inLanguage\":\"it-IT\",\"@id\":\"https:\/\/www.fondazionepirelli.org\/it\/#\/schema\/person\/image\/\",\"url\":\"https:\/\/secure.gravatar.com\/avatar\/e69498a9175ca244966e51e53c88712c024fcebe41f9a05f75657f1bb25e489b?s=96&d=mm&r=g\",\"contentUrl\":\"https:\/\/secure.gravatar.com\/avatar\/e69498a9175ca244966e51e53c88712c024fcebe41f9a05f75657f1bb25e489b?s=96&d=mm&r=g\",\"caption\":\"fondadmin\"},\"url\":\"https:\/\/www.fondazionepirelli.org\/it\/author\/fondadmin\/\"}]}<\/script>\n<!-- \/ Yoast SEO plugin. -->","yoast_head_json":{"title":"La Stele di Rosetta delle imprese - Fondazione Pirelli","robots":{"index":"index","follow":"follow","max-snippet":"max-snippet:-1","max-image-preview":"max-image-preview:large","max-video-preview":"max-video-preview:-1"},"canonical":"https:\/\/www.fondazionepirelli.org\/it\/cultura-dimpresa\/la-stele-di-rosetta-delle-imprese\/","og_locale":"it_IT","og_type":"article","og_title":"La Stele di Rosetta delle imprese - Fondazione Pirelli","og_description":"Si fa presto a dire cultura d\u2019impresa. Interrogati su di essa, ci si ritrova nell\u2019imbarazzo di fornire una spiegazione completa e sintetica. E\u2019 un po\u2019 come il concetto di tempo di S. Agostino che scrisse: \u201cChe cos\u2019\u00e8 dunque il tempo? Quando nessuno me lo chiede, lo so; ma se qualcuno me lo chiede e voglio [&hellip;]","og_url":"https:\/\/www.fondazionepirelli.org\/it\/cultura-dimpresa\/la-stele-di-rosetta-delle-imprese\/","og_site_name":"Fondazione Pirelli","article_published_time":"2014-02-03T00:00:00+00:00","article_modified_time":"2019-05-24T12:59:22+00:00","author":"fondadmin","twitter_card":"summary_large_image","twitter_misc":{"Scritto da":"fondadmin","Tempo di lettura stimato":"2 minuti"},"schema":{"@context":"https:\/\/schema.org","@graph":[{"@type":"WebPage","@id":"https:\/\/www.fondazionepirelli.org\/it\/cultura-dimpresa\/la-stele-di-rosetta-delle-imprese\/","url":"https:\/\/www.fondazionepirelli.org\/it\/cultura-dimpresa\/la-stele-di-rosetta-delle-imprese\/","name":"La Stele di Rosetta delle imprese - Fondazione Pirelli","isPartOf":{"@id":"https:\/\/www.fondazionepirelli.org\/it\/#website"},"datePublished":"2014-02-03T00:00:00+00:00","dateModified":"2019-05-24T12:59:22+00:00","author":{"@id":"https:\/\/www.fondazionepirelli.org\/it\/#\/schema\/person\/f47d097000832c4a6e54538c791fdf25"},"breadcrumb":{"@id":"https:\/\/www.fondazionepirelli.org\/it\/cultura-dimpresa\/la-stele-di-rosetta-delle-imprese\/#breadcrumb"},"inLanguage":"it-IT","potentialAction":[{"@type":"ReadAction","target":["https:\/\/www.fondazionepirelli.org\/it\/cultura-dimpresa\/la-stele-di-rosetta-delle-imprese\/"]}]},{"@type":"BreadcrumbList","@id":"https:\/\/www.fondazionepirelli.org\/it\/cultura-dimpresa\/la-stele-di-rosetta-delle-imprese\/#breadcrumb","itemListElement":[{"@type":"ListItem","position":1,"name":"Home","item":"https:\/\/www.fondazionepirelli.org\/it\/"},{"@type":"ListItem","position":2,"name":"La Stele di Rosetta delle imprese"}]},{"@type":"WebSite","@id":"https:\/\/www.fondazionepirelli.org\/it\/#website","url":"https:\/\/www.fondazionepirelli.org\/it\/","name":"Fondazione Pirelli","description":"","potentialAction":[{"@type":"SearchAction","target":{"@type":"EntryPoint","urlTemplate":"https:\/\/www.fondazionepirelli.org\/it\/?s={search_term_string}"},"query-input":{"@type":"PropertyValueSpecification","valueRequired":true,"valueName":"search_term_string"}}],"inLanguage":"it-IT"},{"@type":"Person","@id":"https:\/\/www.fondazionepirelli.org\/it\/#\/schema\/person\/f47d097000832c4a6e54538c791fdf25","name":"fondadmin","image":{"@type":"ImageObject","inLanguage":"it-IT","@id":"https:\/\/www.fondazionepirelli.org\/it\/#\/schema\/person\/image\/","url":"https:\/\/secure.gravatar.com\/avatar\/e69498a9175ca244966e51e53c88712c024fcebe41f9a05f75657f1bb25e489b?s=96&d=mm&r=g","contentUrl":"https:\/\/secure.gravatar.com\/avatar\/e69498a9175ca244966e51e53c88712c024fcebe41f9a05f75657f1bb25e489b?s=96&d=mm&r=g","caption":"fondadmin"},"url":"https:\/\/www.fondazionepirelli.org\/it\/author\/fondadmin\/"}]}},"_links":{"self":[{"href":"https:\/\/www.fondazionepirelli.org\/it\/wp-json\/wp\/v2\/posts\/50258\/"}],"collection":[{"href":"https:\/\/www.fondazionepirelli.org\/it\/wp-json\/wp\/v2\/posts\/"}],"about":[{"href":"https:\/\/www.fondazionepirelli.org\/it\/wp-json\/wp\/v2\/types\/post\/"}],"author":[{"embeddable":true,"href":"https:\/\/www.fondazionepirelli.org\/it\/wp-json\/wp\/v2\/users\/1\/"}],"replies":[{"embeddable":true,"href":"https:\/\/www.fondazionepirelli.org\/it\/wp-json\/wp\/v2\/comments\/?post=50258"}],"version-history":[{"count":1,"href":"https:\/\/www.fondazionepirelli.org\/it\/wp-json\/wp\/v2\/posts\/50258\/revisions\/"}],"predecessor-version":[{"id":56000,"href":"https:\/\/www.fondazionepirelli.org\/it\/wp-json\/wp\/v2\/posts\/50258\/revisions\/56000\/"}],"wp:attachment":[{"href":"https:\/\/www.fondazionepirelli.org\/it\/wp-json\/wp\/v2\/media\/?parent=50258"}],"wp:term":[{"taxonomy":"category","embeddable":true,"href":"https:\/\/www.fondazionepirelli.org\/it\/wp-json\/wp\/v2\/categories\/?post=50258"},{"taxonomy":"post_tag","embeddable":true,"href":"https:\/\/www.fondazionepirelli.org\/it\/wp-json\/wp\/v2\/tags\/?post=50258"}],"curies":[{"name":"wp","href":"https:\/\/api.w.org\/{rel}","templated":true}]}}