{"id":50269,"date":"2014-01-20T00:00:00","date_gmt":"2014-01-20T00:00:00","guid":{"rendered":"http:\/\/www.fondazionepirelli.org\/fondazione-pirelli\/la-legalita-per-competere-meglio-il-tribunale-insiste-sul-bilancio-sociale\/"},"modified":"2019-05-20T16:25:08","modified_gmt":"2019-05-20T16:25:08","slug":"la-legalita-per-competere-meglio-il-tribunale-insiste-sul-bilancio-sociale","status":"publish","type":"post","link":"https:\/\/www.fondazionepirelli.org\/it\/cultura-dimpresa\/la-legalita-per-competere-meglio-il-tribunale-insiste-sul-bilancio-sociale\/","title":{"rendered":"La legalit\u00e0 per competere meglio:  il Tribunale insiste sul bilancio sociale"},"content":{"rendered":"<p>La <strong>legalit\u00e0<\/strong> \u00e8 un asset fondamentale della competitivit\u00e0 di un territorio, \u201cuna leva essenziale dello sviluppo, non solo economico, ma anche sociale e civile\u201d, come sostiene <strong>Salvatore Rossi<\/strong>, direttore generale della Banca d\u2019Italia. Un principio di buona democrazia, nelle relazioni tra cittadini e istituzioni. Ma anche una condizione di corretta competitivit\u00e0 tra le imprese, dunque di affermazione di una positiva cultura di mercato trasparente e ben regolato. Sta in queste considerazioni l\u2019insistenza di Assolombarda nel considerare, appunto, la legalit\u00e0 come un cardine dei progetti per \u201c<strong>far volare Milano<\/strong>\u201d, facendo dell\u2019area metropolitana il motore dell\u2019innovazione e della crescita economica dell\u2019intero sistema Italia. \u00a0Legalit\u00e0 come efficienza ed efficacia dell\u2019amministrazione della giustizia. E legalit\u00e0 come contrasto alla criminalit\u00e0 organizzata.<\/p><p>I dati del \u201c<strong>Bilancio di responsabilit\u00e0 sociale 2013<\/strong>\u201d del Tribunale di Milano, presentato sabato 18 gennaio dalla presidente <strong>Livia Pomodoro<\/strong>, ha un titolo esemplare, \u201c<strong>Fare giustizia<\/strong>\u201d e una bella immagine di copertina, un cantiere, elemento simbolico di un\u2019attivit\u00e0 in costruzione e conferma di un\u2019attitudine molto milanese, l\u2019impegno a \u201cfare, e fare bene\u201d. Vi si prende atto della relazione tra il funzionamento della giustizia e l\u2019attrattivit\u00e0, la competitivit\u00e0 e la qualit\u00e0 della vita e del lavoro sul territorio. Si insiste sul metodo del confronto aperto tra il Tribunale, le altre istituzioni e gli stakeholders (le associazioni, le imprese, i sindacati dei lavoratori, gli attori sociali in generale). E si confrontano le prestazioni della macchina giudiziaria milanese con la media italiana, ma anche con quelle dei paesi in cui la giustizia funziona meglio che qui.<\/p><p>Un dato per tutti: i tempi di definizione di una controversia civile, a Milano, in primo grado, sono di 296 giorni, sessanta di pi\u00f9 rispetto alla media di 238 giorni nei paesi Ocse, ma ben al di sotto dei 564 giorni della media dell\u2019Italia. Efficienza maggiore ma non sufficiente, insomma, a giudizio del \u201cBilancio sociale\u201d del Tribunale. Ed efficacia da migliorare: servono sentenze rapide, ma anche in grado di assicurare effettivamente giustizia. Si \u00e8 molto lavorato, a Milano, sull\u2019informatizzazione dei procedimenti, sullo stimolo alla definizione concordata di molte controversie, sullo smaltimento delle cause arretrate, sull\u2019efficienza del \u201cTribunale delle imprese\u201d. Ma molto resta ancora da fare. Se ne \u00e8 tutti consapevoli. Le imprese e la loro associazione sono pronte a dare il loro contributo, di critica, di confronto, di proposta.<\/p><p>C\u2019\u00e8 un secondo piano, su cui <strong>Assolombarda<\/strong> insiste, parlando di legalit\u00e0: nell\u2019avviare una serie di iniziative per tutelare le imprese dalla concorrenza sleale delle cosche della criminalit\u00e0 organizzata (\u2018ndrangheta, mafia, camorra), dichiarando (Corriere della Sera, 11 gennaio) l\u2019appoggio alle iniziative antimafia della Procura della Repubblica di Milano nelle indagini contro le relazioni perverse tra cosche della \u2018ndrangheta e disinvolti imprenditori in cerca di scorciatoie illegali d\u2019affari.<\/p><p>La concorrenza \u00e8 un valore chiave di una buona cultura d\u2019impresa. A patto che sia aperta, rispettosa delle regole, giocata secondo i principi costitutivi di un buon mercato: la qualit\u00e0, il miglior prezzo, il prodotto pi\u00f9 innovativo, il servizio pi\u00f9 efficiente. Nulla di quanto avviene nel caso dell\u2019impresa mafiosa, che pu\u00f2 farsi forte di altri elementi: la violenza nell\u2019affrontare i concorrenti e condizionare i fornitori, la corruzione delle pubbliche amministrazioni, l\u2019alterazione delle relazioni industriali, dei rapporti con i dipendenti, fondati su minacce e frequente ricorso al \u201clavoro nero\u201d, l\u2019evasione delle norme sulle tasse e i contributi, il credito \u201cnero\u201d, da riciclaggio, facile e a bassissimo costo. \u201cLa mafia d\u00e0 pane e morte\u201d, scriveva nel 1958 un quotidiano coraggioso, \u201cL\u2019Ora\u201d, nella prima delle sue grandi e documentate inchieste contro la mafia. Il pane di un\u2019economia stentata e distorta, la morte per chi non si adegua.<\/p><p>Nonostante indagini giudiziarie di successo, processi penali, azioni repressive e preventive, l\u2019inquinamento del tessuto economico da parte della criminalit\u00e0 organizzata continua a essere purtroppo d\u2019attualit\u00e0. Non solo nelle regioni del Sud (Sicilia, Calabria, Campania e una parte della Puglia) ma anche nelle grandi aree settentrionali in cui si condensa la maggior ricchezza del Paese (\u201cLa linea della palma sale verso Nord\u201d, aveva ammonito Leonardo Sciascia). E a Milano pu\u00f2 minacciare anche i lavori per Expo2015, grandi investimenti, importanti lavori pubblici, su cui i clan di mafia hanno da tempo puntato l\u2019attenzione. Hanno dunque avuto ragione le istituzioni ad alzare la guardia dell\u2019allarme e delle misure di prevenzione e cautela contro le infiltrazioni criminali. Un impegno da cui non distrarsi e da rafforzare, anche al di l\u00e0 dei normali adempimenti burocratici dei certificati antimafia.<\/p><p>Scelta opportuna di una buona cultura delle imprese e delle associazioni che le rappresentano \u00e8 fare anche un\u2019opera assidua di informazione e sensibilizzazione delle imprese stesse. In tempi di crisi, potr\u00e0 pur esserci qualcuno tentato di ricorrere all\u2019offerta d\u2019aiuto che viene, pi\u00f9 o meno direttamente, da un boss o da una famiglia mafiosa per riscuotere presto un credito, trovare soldi facili al di l\u00e0 del sistema bancario, mettere la sordina a un concorrente temibile o a una rivendicazione sindacale. La scorciatoia \u2013 ha detto con chiarezza Assolombarda \u2013 \u00e8 inammissibile. Ma anche pericolosa. La relazione mafiosa \u00e8 una strada di sola entrata. Una volta accettato il rapporto, non se ne esce pi\u00f9. E l\u2019imprenditore disinvolto \u00e8 condannato. A obbedire agli interessi mafiosi. E spesso a perdere l\u2019azienda. \u201cPane e morte\u201d, appunto.<\/p>\n","protected":false},"excerpt":{"rendered":"<p>La legalit\u00e0 \u00e8 un asset fondamentale della competitivit\u00e0 di un territorio, \u201cuna leva essenziale dello sviluppo, non solo economico, ma anche sociale e civile\u201d, come sostiene Salvatore Rossi, direttore generale della Banca d\u2019Italia. Un principio di buona democrazia, nelle relazioni tra cittadini e istituzioni. Ma anche una condizione di corretta competitivit\u00e0 tra le imprese, dunque [&hellip;]<\/p>\n","protected":false},"author":1,"featured_media":50270,"comment_status":"open","ping_status":"open","sticky":false,"template":"","format":"standard","meta":{"footnotes":""},"categories":[53,52],"tags":[],"class_list":["post-50269","post","type-post","status-publish","format-standard","has-post-thumbnail","hentry","category-blog","category-cultura-dimpresa"],"acf":[],"yoast_head":"<!-- This site is optimized with the Yoast SEO plugin v25.0 - https:\/\/yoast.com\/wordpress\/plugins\/seo\/ -->\n<title>La legalit\u00e0 per competere meglio: il Tribunale insiste sul bilancio sociale - Fondazione Pirelli<\/title>\n<meta name=\"robots\" content=\"index, follow, max-snippet:-1, max-image-preview:large, max-video-preview:-1\" \/>\n<link rel=\"canonical\" href=\"https:\/\/www.fondazionepirelli.org\/it\/cultura-dimpresa\/la-legalita-per-competere-meglio-il-tribunale-insiste-sul-bilancio-sociale\/\" \/>\n<meta property=\"og:locale\" content=\"it_IT\" \/>\n<meta property=\"og:type\" content=\"article\" \/>\n<meta property=\"og:title\" content=\"La legalit\u00e0 per competere meglio: il Tribunale insiste sul bilancio sociale - Fondazione Pirelli\" \/>\n<meta property=\"og:description\" content=\"La legalit\u00e0 \u00e8 un asset fondamentale della competitivit\u00e0 di un territorio, \u201cuna leva essenziale dello sviluppo, non solo economico, ma anche sociale e civile\u201d, come sostiene Salvatore Rossi, direttore generale della Banca d\u2019Italia. Un principio di buona democrazia, nelle relazioni tra cittadini e istituzioni. Ma anche una condizione di corretta competitivit\u00e0 tra le imprese, dunque [&hellip;]\" \/>\n<meta property=\"og:url\" content=\"https:\/\/127.0.0.1\/it\/cultura-dimpresa\/la-legalita-per-competere-meglio-il-tribunale-insiste-sul-bilancio-sociale\/\" \/>\n<meta property=\"og:site_name\" content=\"Fondazione Pirelli\" \/>\n<meta property=\"article:published_time\" content=\"2014-01-20T00:00:00+00:00\" \/>\n<meta property=\"article:modified_time\" content=\"2019-05-20T16:25:08+00:00\" \/>\n<meta property=\"og:image\" content=\"https:\/\/wpsite-assets.fondazionepirelli.org\/wp-content\/uploads\/2019\/05\/20101757\/1390222492744612268.jpg\" \/>\n\t<meta property=\"og:image:width\" content=\"249\" \/>\n\t<meta property=\"og:image:height\" content=\"375\" \/>\n\t<meta property=\"og:image:type\" content=\"image\/jpeg\" \/>\n<meta name=\"author\" content=\"fondadmin\" \/>\n<meta name=\"twitter:card\" content=\"summary_large_image\" \/>\n<meta name=\"twitter:label1\" content=\"Scritto da\" \/>\n\t<meta name=\"twitter:data1\" content=\"fondadmin\" \/>\n\t<meta name=\"twitter:label2\" content=\"Tempo di lettura stimato\" \/>\n\t<meta name=\"twitter:data2\" content=\"4 minuti\" \/>\n<script type=\"application\/ld+json\" class=\"yoast-schema-graph\">{\"@context\":\"https:\/\/schema.org\",\"@graph\":[{\"@type\":\"WebPage\",\"@id\":\"https:\/\/127.0.0.1\/it\/cultura-dimpresa\/la-legalita-per-competere-meglio-il-tribunale-insiste-sul-bilancio-sociale\/\",\"url\":\"https:\/\/127.0.0.1\/it\/cultura-dimpresa\/la-legalita-per-competere-meglio-il-tribunale-insiste-sul-bilancio-sociale\/\",\"name\":\"La legalit\u00e0 per competere meglio: il Tribunale insiste sul bilancio sociale - Fondazione Pirelli\",\"isPartOf\":{\"@id\":\"https:\/\/www.fondazionepirelli.org\/it\/#website\"},\"primaryImageOfPage\":{\"@id\":\"https:\/\/127.0.0.1\/it\/cultura-dimpresa\/la-legalita-per-competere-meglio-il-tribunale-insiste-sul-bilancio-sociale\/#primaryimage\"},\"image\":{\"@id\":\"https:\/\/127.0.0.1\/it\/cultura-dimpresa\/la-legalita-per-competere-meglio-il-tribunale-insiste-sul-bilancio-sociale\/#primaryimage\"},\"thumbnailUrl\":\"https:\/\/wpsite-assets.fondazionepirelli.org\/wp-content\/uploads\/2019\/05\/20101757\/1390222492744612268.jpg\",\"datePublished\":\"2014-01-20T00:00:00+00:00\",\"dateModified\":\"2019-05-20T16:25:08+00:00\",\"author\":{\"@id\":\"https:\/\/www.fondazionepirelli.org\/it\/#\/schema\/person\/f47d097000832c4a6e54538c791fdf25\"},\"breadcrumb\":{\"@id\":\"https:\/\/127.0.0.1\/it\/cultura-dimpresa\/la-legalita-per-competere-meglio-il-tribunale-insiste-sul-bilancio-sociale\/#breadcrumb\"},\"inLanguage\":\"it-IT\",\"potentialAction\":[{\"@type\":\"ReadAction\",\"target\":[\"https:\/\/127.0.0.1\/it\/cultura-dimpresa\/la-legalita-per-competere-meglio-il-tribunale-insiste-sul-bilancio-sociale\/\"]}]},{\"@type\":\"ImageObject\",\"inLanguage\":\"it-IT\",\"@id\":\"https:\/\/127.0.0.1\/it\/cultura-dimpresa\/la-legalita-per-competere-meglio-il-tribunale-insiste-sul-bilancio-sociale\/#primaryimage\",\"url\":\"https:\/\/wpsite-assets.fondazionepirelli.org\/wp-content\/uploads\/2019\/05\/20101757\/1390222492744612268.jpg\",\"contentUrl\":\"https:\/\/wpsite-assets.fondazionepirelli.org\/wp-content\/uploads\/2019\/05\/20101757\/1390222492744612268.jpg\",\"width\":249,\"height\":375},{\"@type\":\"BreadcrumbList\",\"@id\":\"https:\/\/127.0.0.1\/it\/cultura-dimpresa\/la-legalita-per-competere-meglio-il-tribunale-insiste-sul-bilancio-sociale\/#breadcrumb\",\"itemListElement\":[{\"@type\":\"ListItem\",\"position\":1,\"name\":\"Home\",\"item\":\"https:\/\/www.fondazionepirelli.org\/it\/\"},{\"@type\":\"ListItem\",\"position\":2,\"name\":\"La legalit\u00e0 per competere meglio: il Tribunale insiste sul bilancio sociale\"}]},{\"@type\":\"WebSite\",\"@id\":\"https:\/\/www.fondazionepirelli.org\/it\/#website\",\"url\":\"https:\/\/www.fondazionepirelli.org\/it\/\",\"name\":\"Fondazione Pirelli\",\"description\":\"\",\"potentialAction\":[{\"@type\":\"SearchAction\",\"target\":{\"@type\":\"EntryPoint\",\"urlTemplate\":\"https:\/\/www.fondazionepirelli.org\/it\/?s={search_term_string}\"},\"query-input\":{\"@type\":\"PropertyValueSpecification\",\"valueRequired\":true,\"valueName\":\"search_term_string\"}}],\"inLanguage\":\"it-IT\"},{\"@type\":\"Person\",\"@id\":\"https:\/\/www.fondazionepirelli.org\/it\/#\/schema\/person\/f47d097000832c4a6e54538c791fdf25\",\"name\":\"fondadmin\",\"image\":{\"@type\":\"ImageObject\",\"inLanguage\":\"it-IT\",\"@id\":\"https:\/\/www.fondazionepirelli.org\/it\/#\/schema\/person\/image\/\",\"url\":\"https:\/\/secure.gravatar.com\/avatar\/e69498a9175ca244966e51e53c88712c024fcebe41f9a05f75657f1bb25e489b?s=96&d=mm&r=g\",\"contentUrl\":\"https:\/\/secure.gravatar.com\/avatar\/e69498a9175ca244966e51e53c88712c024fcebe41f9a05f75657f1bb25e489b?s=96&d=mm&r=g\",\"caption\":\"fondadmin\"},\"url\":\"https:\/\/www.fondazionepirelli.org\/it\/author\/fondadmin\/\"}]}<\/script>\n<!-- \/ Yoast SEO plugin. -->","yoast_head_json":{"title":"La legalit\u00e0 per competere meglio: il Tribunale insiste sul bilancio sociale - Fondazione Pirelli","robots":{"index":"index","follow":"follow","max-snippet":"max-snippet:-1","max-image-preview":"max-image-preview:large","max-video-preview":"max-video-preview:-1"},"canonical":"https:\/\/www.fondazionepirelli.org\/it\/cultura-dimpresa\/la-legalita-per-competere-meglio-il-tribunale-insiste-sul-bilancio-sociale\/","og_locale":"it_IT","og_type":"article","og_title":"La legalit\u00e0 per competere meglio: il Tribunale insiste sul bilancio sociale - Fondazione Pirelli","og_description":"La legalit\u00e0 \u00e8 un asset fondamentale della competitivit\u00e0 di un territorio, \u201cuna leva essenziale dello sviluppo, non solo economico, ma anche sociale e civile\u201d, come sostiene Salvatore Rossi, direttore generale della Banca d\u2019Italia. Un principio di buona democrazia, nelle relazioni tra cittadini e istituzioni. Ma anche una condizione di corretta competitivit\u00e0 tra le imprese, dunque [&hellip;]","og_url":"https:\/\/127.0.0.1\/it\/cultura-dimpresa\/la-legalita-per-competere-meglio-il-tribunale-insiste-sul-bilancio-sociale\/","og_site_name":"Fondazione Pirelli","article_published_time":"2014-01-20T00:00:00+00:00","article_modified_time":"2019-05-20T16:25:08+00:00","og_image":[{"width":249,"height":375,"url":"https:\/\/wpsite-assets.fondazionepirelli.org\/wp-content\/uploads\/2019\/05\/20101757\/1390222492744612268.jpg","type":"image\/jpeg"}],"author":"fondadmin","twitter_card":"summary_large_image","twitter_misc":{"Scritto da":"fondadmin","Tempo di lettura stimato":"4 minuti"},"schema":{"@context":"https:\/\/schema.org","@graph":[{"@type":"WebPage","@id":"https:\/\/127.0.0.1\/it\/cultura-dimpresa\/la-legalita-per-competere-meglio-il-tribunale-insiste-sul-bilancio-sociale\/","url":"https:\/\/127.0.0.1\/it\/cultura-dimpresa\/la-legalita-per-competere-meglio-il-tribunale-insiste-sul-bilancio-sociale\/","name":"La legalit\u00e0 per competere meglio: il Tribunale insiste sul bilancio sociale - Fondazione Pirelli","isPartOf":{"@id":"https:\/\/www.fondazionepirelli.org\/it\/#website"},"primaryImageOfPage":{"@id":"https:\/\/127.0.0.1\/it\/cultura-dimpresa\/la-legalita-per-competere-meglio-il-tribunale-insiste-sul-bilancio-sociale\/#primaryimage"},"image":{"@id":"https:\/\/127.0.0.1\/it\/cultura-dimpresa\/la-legalita-per-competere-meglio-il-tribunale-insiste-sul-bilancio-sociale\/#primaryimage"},"thumbnailUrl":"https:\/\/wpsite-assets.fondazionepirelli.org\/wp-content\/uploads\/2019\/05\/20101757\/1390222492744612268.jpg","datePublished":"2014-01-20T00:00:00+00:00","dateModified":"2019-05-20T16:25:08+00:00","author":{"@id":"https:\/\/www.fondazionepirelli.org\/it\/#\/schema\/person\/f47d097000832c4a6e54538c791fdf25"},"breadcrumb":{"@id":"https:\/\/127.0.0.1\/it\/cultura-dimpresa\/la-legalita-per-competere-meglio-il-tribunale-insiste-sul-bilancio-sociale\/#breadcrumb"},"inLanguage":"it-IT","potentialAction":[{"@type":"ReadAction","target":["https:\/\/127.0.0.1\/it\/cultura-dimpresa\/la-legalita-per-competere-meglio-il-tribunale-insiste-sul-bilancio-sociale\/"]}]},{"@type":"ImageObject","inLanguage":"it-IT","@id":"https:\/\/127.0.0.1\/it\/cultura-dimpresa\/la-legalita-per-competere-meglio-il-tribunale-insiste-sul-bilancio-sociale\/#primaryimage","url":"https:\/\/wpsite-assets.fondazionepirelli.org\/wp-content\/uploads\/2019\/05\/20101757\/1390222492744612268.jpg","contentUrl":"https:\/\/wpsite-assets.fondazionepirelli.org\/wp-content\/uploads\/2019\/05\/20101757\/1390222492744612268.jpg","width":249,"height":375},{"@type":"BreadcrumbList","@id":"https:\/\/127.0.0.1\/it\/cultura-dimpresa\/la-legalita-per-competere-meglio-il-tribunale-insiste-sul-bilancio-sociale\/#breadcrumb","itemListElement":[{"@type":"ListItem","position":1,"name":"Home","item":"https:\/\/www.fondazionepirelli.org\/it\/"},{"@type":"ListItem","position":2,"name":"La legalit\u00e0 per competere meglio: il Tribunale insiste sul bilancio sociale"}]},{"@type":"WebSite","@id":"https:\/\/www.fondazionepirelli.org\/it\/#website","url":"https:\/\/www.fondazionepirelli.org\/it\/","name":"Fondazione Pirelli","description":"","potentialAction":[{"@type":"SearchAction","target":{"@type":"EntryPoint","urlTemplate":"https:\/\/www.fondazionepirelli.org\/it\/?s={search_term_string}"},"query-input":{"@type":"PropertyValueSpecification","valueRequired":true,"valueName":"search_term_string"}}],"inLanguage":"it-IT"},{"@type":"Person","@id":"https:\/\/www.fondazionepirelli.org\/it\/#\/schema\/person\/f47d097000832c4a6e54538c791fdf25","name":"fondadmin","image":{"@type":"ImageObject","inLanguage":"it-IT","@id":"https:\/\/www.fondazionepirelli.org\/it\/#\/schema\/person\/image\/","url":"https:\/\/secure.gravatar.com\/avatar\/e69498a9175ca244966e51e53c88712c024fcebe41f9a05f75657f1bb25e489b?s=96&d=mm&r=g","contentUrl":"https:\/\/secure.gravatar.com\/avatar\/e69498a9175ca244966e51e53c88712c024fcebe41f9a05f75657f1bb25e489b?s=96&d=mm&r=g","caption":"fondadmin"},"url":"https:\/\/www.fondazionepirelli.org\/it\/author\/fondadmin\/"}]}},"_links":{"self":[{"href":"https:\/\/www.fondazionepirelli.org\/it\/wp-json\/wp\/v2\/posts\/50269\/"}],"collection":[{"href":"https:\/\/www.fondazionepirelli.org\/it\/wp-json\/wp\/v2\/posts\/"}],"about":[{"href":"https:\/\/www.fondazionepirelli.org\/it\/wp-json\/wp\/v2\/types\/post\/"}],"author":[{"embeddable":true,"href":"https:\/\/www.fondazionepirelli.org\/it\/wp-json\/wp\/v2\/users\/1\/"}],"replies":[{"embeddable":true,"href":"https:\/\/www.fondazionepirelli.org\/it\/wp-json\/wp\/v2\/comments\/?post=50269"}],"version-history":[{"count":1,"href":"https:\/\/www.fondazionepirelli.org\/it\/wp-json\/wp\/v2\/posts\/50269\/revisions\/"}],"predecessor-version":[{"id":55639,"href":"https:\/\/www.fondazionepirelli.org\/it\/wp-json\/wp\/v2\/posts\/50269\/revisions\/55639\/"}],"wp:featuredmedia":[{"embeddable":true,"href":"https:\/\/www.fondazionepirelli.org\/it\/wp-json\/wp\/v2\/media\/50270\/"}],"wp:attachment":[{"href":"https:\/\/www.fondazionepirelli.org\/it\/wp-json\/wp\/v2\/media\/?parent=50269"}],"wp:term":[{"taxonomy":"category","embeddable":true,"href":"https:\/\/www.fondazionepirelli.org\/it\/wp-json\/wp\/v2\/categories\/?post=50269"},{"taxonomy":"post_tag","embeddable":true,"href":"https:\/\/www.fondazionepirelli.org\/it\/wp-json\/wp\/v2\/tags\/?post=50269"}],"curies":[{"name":"wp","href":"https:\/\/api.w.org\/{rel}","templated":true}]}}