{"id":50272,"date":"2014-01-20T00:00:00","date_gmt":"2014-01-20T00:00:00","guid":{"rendered":"http:\/\/www.fondazionepirelli.org\/fondazione-pirelli\/imprese-e-web-2-0\/"},"modified":"2019-05-24T12:47:06","modified_gmt":"2019-05-24T12:47:06","slug":"imprese-e-web-2-0","status":"publish","type":"post","link":"https:\/\/www.fondazionepirelli.org\/it\/cultura-dimpresa\/imprese-e-web-2-0\/","title":{"rendered":"Imprese e web 2.0"},"content":{"rendered":"<p>Ormai dovrebbe essere d\u2019abitudine in tutte le aziende, ma non \u00e8 cos\u00ec. Anzi, pare che \u2013 soprattutto in alcuni comparti -, la presenza della \u201crete\u201d sia d\u2019impiccio, un\u2019entit\u00e0 estranea all\u2019organizzazione aziendale, qualcosa che pone interrogativi ai quali l\u2019impresa spesso non sa rispondere. Eppure l\u2019ovvio \u00e8 gi\u00e0 presente in tutte le realt\u00e0 produttive: Internet, il web 2.0 e, adesso, il web 3.0, ci sono e sono imprescindibili.<\/p>\n<p>Ma come fare? Il web pone delle opportunit\u00e0 ma prima ancora delle sfide. A partire dal management d\u2019impresa. Ci\u00f2 che cambia \u00e8 la leadership che viene riconosciuta e l\u2019organizzazione aziendale stessa. \u201c<strong>Leadership challenges in the context of web 2.0 \u00a0solutions<\/strong>\u201d di<strong> Rafa\u0142 Koz\u0142owski<\/strong> e <strong>Krzysztof Kania<\/strong> (dell\u2019Universit\u00e0 di Katowice), \u00e8 una ricerca utile per mettere in fila concetti e soluzioni per affrontare meglio l\u2019argomento.<\/p>\n<p>Secondo i due autori, \u201cse le aziende devono rimanere efficienti e competitive, i leader devono adottare nuovi comportamenti e nuovi strumenti informatici e sviluppare nuove strategie\/soluzioni facendo appello anche alla cosiddetta \u2018Millennium Generation\u2019 e affrontando le sfide del Web 3.0\u201d.<\/p>\n<p>La ricerca individua quindi sette cambiamenti nella cultura d\u2019impresa che dovrebbero aiutare i leader a soddisfare le esigenze aziendali. Prima di tutto, secondo i due ricercatori, con l\u2019avvento e l\u2019uso del web in azienda, la leadership pu\u00f2 essere vista \u201ccome un&#8217;attivit\u00e0 piuttosto che un ruolo\u201d. Ma non solo, perch\u00e9 sempre la leadership viene \u201cormai considerata un fenomeno collettivo\u201d. Ne consegue, terzo passaggio, che i \u201cleader individuali devono ora dotarsi di pi\u00f9 elevati livelli di sviluppo personale\u201d. E\u2019 una sfida nella sfida che porta con se\u2019 una quarta condizione: l\u2019impresa e la sua organizzazione passano dall\u2019avere una struttura centralizzata ad una in cui non c\u2019\u00e8 un solo punto focale che viene sostituito da una \u201crete di leadership\u201d. Tutto questo porta ancora pi\u00f9 in l\u00e0. Per Koz\u0142owski e Kania le organizzazione aziendali devono essere ormai viste come \u201corganismi\u201d e non come \u201cmacchine\u201d (quinto punto) e la &#8220;pianificazione e controllo&#8221; deve essere sostituita da un processo di \u201capprendimento e di adattamento\u201d (sesto passaggio). La condizione finale nella quale le imprese che affrontano il web correttamente devono trovarsi, \u00e8 poi sintetizzata nel settimo passaggio: chi vi lavora, non deve vedere il web come uno strumento per risolvere problemi ma come una parte della sua stessa vita (Generazione Z\/Millennium). Una conclusione che deve far pensare.<\/p><p><strong>Leadership challenges in the context of web 2.0 \u00a0solutions\u00a0<\/strong><\/p>\n<p>Koz\u0142owski R., Kania K.<\/p>\n<p>Polish Journal of Management Studies, vol. 8, 2013<\/p>\n","protected":false},"excerpt":{"rendered":"<p>Ormai dovrebbe essere d\u2019abitudine in tutte le aziende, ma non \u00e8 cos\u00ec. Anzi, pare che \u2013 soprattutto in alcuni comparti -, la presenza della \u201crete\u201d sia d\u2019impiccio, un\u2019entit\u00e0 estranea all\u2019organizzazione aziendale, qualcosa che pone interrogativi ai quali l\u2019impresa spesso non sa rispondere. Eppure l\u2019ovvio \u00e8 gi\u00e0 presente in tutte le realt\u00e0 produttive: Internet, il web [&hellip;]<\/p>\n","protected":false},"author":1,"featured_media":0,"comment_status":"open","ping_status":"open","sticky":false,"template":"","format":"standard","meta":{"footnotes":""},"categories":[54,52],"tags":[],"class_list":["post-50272","post","type-post","status-publish","format-standard","hentry","category-approfondimenti","category-cultura-dimpresa"],"acf":[],"yoast_head":"<!-- This site is optimized with the Yoast SEO plugin v25.0 - https:\/\/yoast.com\/wordpress\/plugins\/seo\/ -->\n<title>Imprese e web 2.0 - Fondazione Pirelli<\/title>\n<meta name=\"robots\" content=\"index, follow, max-snippet:-1, max-image-preview:large, max-video-preview:-1\" \/>\n<link rel=\"canonical\" href=\"https:\/\/www.fondazionepirelli.org\/it\/cultura-dimpresa\/imprese-e-web-2-0\/\" \/>\n<meta property=\"og:locale\" content=\"it_IT\" \/>\n<meta property=\"og:type\" content=\"article\" \/>\n<meta property=\"og:title\" content=\"Imprese e web 2.0 - Fondazione Pirelli\" \/>\n<meta property=\"og:description\" content=\"Ormai dovrebbe essere d\u2019abitudine in tutte le aziende, ma non \u00e8 cos\u00ec. Anzi, pare che \u2013 soprattutto in alcuni comparti -, la presenza della \u201crete\u201d sia d\u2019impiccio, un\u2019entit\u00e0 estranea all\u2019organizzazione aziendale, qualcosa che pone interrogativi ai quali l\u2019impresa spesso non sa rispondere. Eppure l\u2019ovvio \u00e8 gi\u00e0 presente in tutte le realt\u00e0 produttive: Internet, il web [&hellip;]\" \/>\n<meta property=\"og:url\" content=\"https:\/\/127.0.0.1\/it\/cultura-dimpresa\/imprese-e-web-2-0\/\" \/>\n<meta property=\"og:site_name\" content=\"Fondazione Pirelli\" \/>\n<meta property=\"article:published_time\" content=\"2014-01-20T00:00:00+00:00\" \/>\n<meta property=\"article:modified_time\" content=\"2019-05-24T12:47:06+00:00\" \/>\n<meta name=\"author\" content=\"fondadmin\" \/>\n<meta name=\"twitter:card\" content=\"summary_large_image\" \/>\n<meta name=\"twitter:label1\" content=\"Scritto da\" \/>\n\t<meta name=\"twitter:data1\" content=\"fondadmin\" \/>\n\t<meta name=\"twitter:label2\" content=\"Tempo di lettura stimato\" \/>\n\t<meta name=\"twitter:data2\" content=\"2 minuti\" \/>\n<script type=\"application\/ld+json\" class=\"yoast-schema-graph\">{\"@context\":\"https:\/\/schema.org\",\"@graph\":[{\"@type\":\"WebPage\",\"@id\":\"https:\/\/127.0.0.1\/it\/cultura-dimpresa\/imprese-e-web-2-0\/\",\"url\":\"https:\/\/127.0.0.1\/it\/cultura-dimpresa\/imprese-e-web-2-0\/\",\"name\":\"Imprese e web 2.0 - Fondazione Pirelli\",\"isPartOf\":{\"@id\":\"https:\/\/www.fondazionepirelli.org\/it\/#website\"},\"datePublished\":\"2014-01-20T00:00:00+00:00\",\"dateModified\":\"2019-05-24T12:47:06+00:00\",\"author\":{\"@id\":\"https:\/\/www.fondazionepirelli.org\/it\/#\/schema\/person\/f47d097000832c4a6e54538c791fdf25\"},\"breadcrumb\":{\"@id\":\"https:\/\/127.0.0.1\/it\/cultura-dimpresa\/imprese-e-web-2-0\/#breadcrumb\"},\"inLanguage\":\"it-IT\",\"potentialAction\":[{\"@type\":\"ReadAction\",\"target\":[\"https:\/\/127.0.0.1\/it\/cultura-dimpresa\/imprese-e-web-2-0\/\"]}]},{\"@type\":\"BreadcrumbList\",\"@id\":\"https:\/\/127.0.0.1\/it\/cultura-dimpresa\/imprese-e-web-2-0\/#breadcrumb\",\"itemListElement\":[{\"@type\":\"ListItem\",\"position\":1,\"name\":\"Home\",\"item\":\"https:\/\/www.fondazionepirelli.org\/it\/\"},{\"@type\":\"ListItem\",\"position\":2,\"name\":\"Imprese e web 2.0\"}]},{\"@type\":\"WebSite\",\"@id\":\"https:\/\/www.fondazionepirelli.org\/it\/#website\",\"url\":\"https:\/\/www.fondazionepirelli.org\/it\/\",\"name\":\"Fondazione Pirelli\",\"description\":\"\",\"potentialAction\":[{\"@type\":\"SearchAction\",\"target\":{\"@type\":\"EntryPoint\",\"urlTemplate\":\"https:\/\/www.fondazionepirelli.org\/it\/?s={search_term_string}\"},\"query-input\":{\"@type\":\"PropertyValueSpecification\",\"valueRequired\":true,\"valueName\":\"search_term_string\"}}],\"inLanguage\":\"it-IT\"},{\"@type\":\"Person\",\"@id\":\"https:\/\/www.fondazionepirelli.org\/it\/#\/schema\/person\/f47d097000832c4a6e54538c791fdf25\",\"name\":\"fondadmin\",\"image\":{\"@type\":\"ImageObject\",\"inLanguage\":\"it-IT\",\"@id\":\"https:\/\/www.fondazionepirelli.org\/it\/#\/schema\/person\/image\/\",\"url\":\"https:\/\/secure.gravatar.com\/avatar\/e69498a9175ca244966e51e53c88712c024fcebe41f9a05f75657f1bb25e489b?s=96&d=mm&r=g\",\"contentUrl\":\"https:\/\/secure.gravatar.com\/avatar\/e69498a9175ca244966e51e53c88712c024fcebe41f9a05f75657f1bb25e489b?s=96&d=mm&r=g\",\"caption\":\"fondadmin\"},\"url\":\"https:\/\/www.fondazionepirelli.org\/it\/author\/fondadmin\/\"}]}<\/script>\n<!-- \/ Yoast SEO plugin. -->","yoast_head_json":{"title":"Imprese e web 2.0 - Fondazione Pirelli","robots":{"index":"index","follow":"follow","max-snippet":"max-snippet:-1","max-image-preview":"max-image-preview:large","max-video-preview":"max-video-preview:-1"},"canonical":"https:\/\/www.fondazionepirelli.org\/it\/cultura-dimpresa\/imprese-e-web-2-0\/","og_locale":"it_IT","og_type":"article","og_title":"Imprese e web 2.0 - Fondazione Pirelli","og_description":"Ormai dovrebbe essere d\u2019abitudine in tutte le aziende, ma non \u00e8 cos\u00ec. Anzi, pare che \u2013 soprattutto in alcuni comparti -, la presenza della \u201crete\u201d sia d\u2019impiccio, un\u2019entit\u00e0 estranea all\u2019organizzazione aziendale, qualcosa che pone interrogativi ai quali l\u2019impresa spesso non sa rispondere. Eppure l\u2019ovvio \u00e8 gi\u00e0 presente in tutte le realt\u00e0 produttive: Internet, il web [&hellip;]","og_url":"https:\/\/127.0.0.1\/it\/cultura-dimpresa\/imprese-e-web-2-0\/","og_site_name":"Fondazione Pirelli","article_published_time":"2014-01-20T00:00:00+00:00","article_modified_time":"2019-05-24T12:47:06+00:00","author":"fondadmin","twitter_card":"summary_large_image","twitter_misc":{"Scritto da":"fondadmin","Tempo di lettura stimato":"2 minuti"},"schema":{"@context":"https:\/\/schema.org","@graph":[{"@type":"WebPage","@id":"https:\/\/127.0.0.1\/it\/cultura-dimpresa\/imprese-e-web-2-0\/","url":"https:\/\/127.0.0.1\/it\/cultura-dimpresa\/imprese-e-web-2-0\/","name":"Imprese e web 2.0 - Fondazione Pirelli","isPartOf":{"@id":"https:\/\/www.fondazionepirelli.org\/it\/#website"},"datePublished":"2014-01-20T00:00:00+00:00","dateModified":"2019-05-24T12:47:06+00:00","author":{"@id":"https:\/\/www.fondazionepirelli.org\/it\/#\/schema\/person\/f47d097000832c4a6e54538c791fdf25"},"breadcrumb":{"@id":"https:\/\/127.0.0.1\/it\/cultura-dimpresa\/imprese-e-web-2-0\/#breadcrumb"},"inLanguage":"it-IT","potentialAction":[{"@type":"ReadAction","target":["https:\/\/127.0.0.1\/it\/cultura-dimpresa\/imprese-e-web-2-0\/"]}]},{"@type":"BreadcrumbList","@id":"https:\/\/127.0.0.1\/it\/cultura-dimpresa\/imprese-e-web-2-0\/#breadcrumb","itemListElement":[{"@type":"ListItem","position":1,"name":"Home","item":"https:\/\/www.fondazionepirelli.org\/it\/"},{"@type":"ListItem","position":2,"name":"Imprese e web 2.0"}]},{"@type":"WebSite","@id":"https:\/\/www.fondazionepirelli.org\/it\/#website","url":"https:\/\/www.fondazionepirelli.org\/it\/","name":"Fondazione Pirelli","description":"","potentialAction":[{"@type":"SearchAction","target":{"@type":"EntryPoint","urlTemplate":"https:\/\/www.fondazionepirelli.org\/it\/?s={search_term_string}"},"query-input":{"@type":"PropertyValueSpecification","valueRequired":true,"valueName":"search_term_string"}}],"inLanguage":"it-IT"},{"@type":"Person","@id":"https:\/\/www.fondazionepirelli.org\/it\/#\/schema\/person\/f47d097000832c4a6e54538c791fdf25","name":"fondadmin","image":{"@type":"ImageObject","inLanguage":"it-IT","@id":"https:\/\/www.fondazionepirelli.org\/it\/#\/schema\/person\/image\/","url":"https:\/\/secure.gravatar.com\/avatar\/e69498a9175ca244966e51e53c88712c024fcebe41f9a05f75657f1bb25e489b?s=96&d=mm&r=g","contentUrl":"https:\/\/secure.gravatar.com\/avatar\/e69498a9175ca244966e51e53c88712c024fcebe41f9a05f75657f1bb25e489b?s=96&d=mm&r=g","caption":"fondadmin"},"url":"https:\/\/www.fondazionepirelli.org\/it\/author\/fondadmin\/"}]}},"_links":{"self":[{"href":"https:\/\/www.fondazionepirelli.org\/it\/wp-json\/wp\/v2\/posts\/50272\/"}],"collection":[{"href":"https:\/\/www.fondazionepirelli.org\/it\/wp-json\/wp\/v2\/posts\/"}],"about":[{"href":"https:\/\/www.fondazionepirelli.org\/it\/wp-json\/wp\/v2\/types\/post\/"}],"author":[{"embeddable":true,"href":"https:\/\/www.fondazionepirelli.org\/it\/wp-json\/wp\/v2\/users\/1\/"}],"replies":[{"embeddable":true,"href":"https:\/\/www.fondazionepirelli.org\/it\/wp-json\/wp\/v2\/comments\/?post=50272"}],"version-history":[{"count":1,"href":"https:\/\/www.fondazionepirelli.org\/it\/wp-json\/wp\/v2\/posts\/50272\/revisions\/"}],"predecessor-version":[{"id":55994,"href":"https:\/\/www.fondazionepirelli.org\/it\/wp-json\/wp\/v2\/posts\/50272\/revisions\/55994\/"}],"wp:attachment":[{"href":"https:\/\/www.fondazionepirelli.org\/it\/wp-json\/wp\/v2\/media\/?parent=50272"}],"wp:term":[{"taxonomy":"category","embeddable":true,"href":"https:\/\/www.fondazionepirelli.org\/it\/wp-json\/wp\/v2\/categories\/?post=50272"},{"taxonomy":"post_tag","embeddable":true,"href":"https:\/\/www.fondazionepirelli.org\/it\/wp-json\/wp\/v2\/tags\/?post=50272"}],"curies":[{"name":"wp","href":"https:\/\/api.w.org\/{rel}","templated":true}]}}