{"id":50633,"date":"2016-12-13T00:00:00","date_gmt":"2016-12-13T00:00:00","guid":{"rendered":"http:\/\/www.fondazionepirelli.org\/fondazione-pirelli\/fabbrica-darte\/"},"modified":"2019-05-27T13:47:46","modified_gmt":"2019-05-27T13:47:46","slug":"fabbrica-darte","status":"publish","type":"post","link":"https:\/\/www.fondazionepirelli.org\/it\/cultura-dimpresa\/fabbrica-darte\/","title":{"rendered":"Fabbrica d\u2019arte"},"content":{"rendered":"<p><em><del><\/del>Un articolo racconta l\u2019esperienza di vita di un grande imprenditore che \u00e8 stato anche grande collezionista\u00a0 e uomo di cultura. Fino alla creazione di una collezione d\u2019arte contemporanea in quella che una volta era la fabbrica per eccellenza<\/em><\/p><p>Estro e ingegno, ma soprattutto passione. In tutto. Alla fine dei conti, sono queste le cose che staccano un imprenditore dagli altri. Condizione che vale anche per i <em>manager<\/em>, quella dell\u2019entusiasmo per ci\u00f2 che si fa \u00e8 sicuramente uno degli elementi determinanti per il successo d\u2019impresa. Che spesso significa anche successo in altri campi.<\/p>\n<p>E\u2019 il caso di Achille Maramotti: imprenditore e raffinato intenditore oltre che collezionista d\u2019arte. Un personaggio che, alla fine della sua carriera, ha voluto creare una galleria d\u2019arte nel luogo della produzione: la fabbrica.<\/p>\n<p>A raccontare tutto ci ha pensato Chiara Pirozzi con \u201cAchille Maramotti: dalla filosofia dell&#8217;imprenditore al percorso delle scelte del collezionista\u201d, appena pubblicato, che spiega bene il connubio felice fra spirito d\u2019impresa e passione artistica.<\/p>\n<p>Tutto sta, come si \u00e8 accennato e come bene illustra Pirozzi, nell\u2019amore per l\u2019arte, nell\u2019attenzione all\u2019evoluzione dei nuovi linguaggi espressivi, nel desiderio di condivisione con gli appassionati fino ad arrivare alla proposta di un luogo come spazio aperto di ricerca e conoscenza. Maramotti, nato a Reggio Emilia il 7 gennaio 1927, \u00e8 stato uno dei pi\u00f9 importanti e riservati imprenditori italiani, fondatore di un impero del <em>pret-a-porter<\/em> con circa 1200 <em>boutique<\/em> sparse in 90 Paesi. Marina Rinaldi, Max Co., Marella, Sportmax, Pennyblack, Blues, Weekend, Pianoforte e Maxima sono altrettanti marchi nati dalla stessa mente imprenditoriale.<\/p>\n<p>Ci\u00f2 che pi\u00f9 conta, e che Pirozzi fa capire bene, \u00e8 per\u00f2 l\u2019alchimia fra capacit\u00e0 produttiva \u2013 in questo caso tessile e commerciale -, e capacit\u00e0 di raccogliere negli anni una collezione d\u2019arte di alto livello oltre che di offrirla al pubblico negli spazi che erano della fabbrica. Con, fra l\u2019altro, la stessa azienda che crea una societ\u00e0 fatta apposta per sostenere economicamente le attivit\u00e0 artistiche dedicate al pubblico.<\/p>\n<p>Bella \u00e8 la descrizione della trasformazione della fabbrica in luogo d\u2019esposizione artistica: \u201cNel 2003 l\u2019azienda, in espansione, si trasfer\u00ec in una nuova sede edificata alla periferia di Reggio Emilia e, nel 2006, gli spazi della vecchia impresa vennero allora destinati a ospitare, dopo un accurato restauro, la Collezione d\u2019arte contemporanea del fondatore di Max Mara, Achille Maramotti. (\u2026) Per la conversione \u00e8 stato scelto un approccio rispettoso che conserva la cruda essenzialit\u00e0 della costruzione, conformandosi alla logica del progetto originale che la concepiva come struttura adattabile a diversi scopi e capace di trasformarsi secondo mutevoli necessit\u00e0. Da questo progetto, lo spazio espositivo si configura per essere un \u2018luogo della memoria\u2019, in cui i pavimenti macchiati conservano il vissuto delle macchine e del lavoro, i soffitti e le pareti tornano bianchi, il cemento armato \u00e8 a vista, i frangisole e i parapetti delle scale sono quelli di un tempo. Eliminati cos\u00ec gli elementi aggiuntivi prodotti in oltre quarant\u2019anni di attivit\u00e0 industriale, tutto o quasi \u00e8 rimasto com\u2019era, salvo un nuovo orientamento dell\u2019ingresso principale, la creazione di spazi per l\u2019accoglienza delle opere di grandi dimensioni, nuovi lucernai che lasciano filtrare la luce naturale e la disposizione al pian terreno della <em>reception<\/em>, uffici, depositi, sala restauro, biblioteca e sale per le esposizioni temporanee\u201d.<\/p><p><a href=\"\/\/wpsite-assets.fondazionepirelli.org\/wp-content\/uploads\/2016\/12\/27134724\/6368-19001-1-PB.pdf\"><strong>Achille Maramotti: dalla filosofia dell&#8217;imprenditore al percorso delle scelte del collezionista<\/strong><\/a><\/p>\n<p>Chiara Pirozzi<\/p>\n<p>INTRECCI d\u2019arte, n.5,<\/p>\n","protected":false},"excerpt":{"rendered":"<p>Un articolo racconta l\u2019esperienza di vita di un grande imprenditore che \u00e8 stato anche grande collezionista\u00a0 e uomo di cultura. Fino alla creazione di una collezione d\u2019arte contemporanea in quella che una volta era la fabbrica per eccellenzaEstro e ingegno, ma soprattutto passione. In tutto. Alla fine dei conti, sono queste le cose che staccano [&hellip;]<\/p>\n","protected":false},"author":1,"featured_media":0,"comment_status":"open","ping_status":"open","sticky":false,"template":"","format":"standard","meta":{"footnotes":""},"categories":[54,52],"tags":[],"class_list":["post-50633","post","type-post","status-publish","format-standard","hentry","category-approfondimenti","category-cultura-dimpresa"],"acf":[],"yoast_head":"<!-- This site is optimized with the Yoast SEO plugin v25.0 - https:\/\/yoast.com\/wordpress\/plugins\/seo\/ -->\n<title>Fabbrica d\u2019arte - Fondazione Pirelli<\/title>\n<meta name=\"robots\" content=\"index, follow, max-snippet:-1, max-image-preview:large, max-video-preview:-1\" \/>\n<link rel=\"canonical\" href=\"https:\/\/www.fondazionepirelli.org\/it\/cultura-dimpresa\/fabbrica-darte\/\" \/>\n<meta property=\"og:locale\" content=\"it_IT\" \/>\n<meta property=\"og:type\" content=\"article\" \/>\n<meta property=\"og:title\" content=\"Fabbrica d\u2019arte - Fondazione Pirelli\" \/>\n<meta property=\"og:description\" content=\"Un articolo racconta l\u2019esperienza di vita di un grande imprenditore che \u00e8 stato anche grande collezionista\u00a0 e uomo di cultura. Fino alla creazione di una collezione d\u2019arte contemporanea in quella che una volta era la fabbrica per eccellenzaEstro e ingegno, ma soprattutto passione. In tutto. Alla fine dei conti, sono queste le cose che staccano [&hellip;]\" \/>\n<meta property=\"og:url\" content=\"https:\/\/127.0.0.1\/it\/cultura-dimpresa\/fabbrica-darte\/\" \/>\n<meta property=\"og:site_name\" content=\"Fondazione Pirelli\" \/>\n<meta property=\"article:published_time\" content=\"2016-12-13T00:00:00+00:00\" \/>\n<meta property=\"article:modified_time\" content=\"2019-05-27T13:47:46+00:00\" \/>\n<meta name=\"author\" content=\"fondadmin\" \/>\n<meta name=\"twitter:card\" content=\"summary_large_image\" \/>\n<meta name=\"twitter:label1\" content=\"Scritto da\" \/>\n\t<meta name=\"twitter:data1\" content=\"fondadmin\" \/>\n\t<meta name=\"twitter:label2\" content=\"Tempo di lettura stimato\" \/>\n\t<meta name=\"twitter:data2\" content=\"3 minuti\" \/>\n<script type=\"application\/ld+json\" class=\"yoast-schema-graph\">{\"@context\":\"https:\/\/schema.org\",\"@graph\":[{\"@type\":\"WebPage\",\"@id\":\"https:\/\/127.0.0.1\/it\/cultura-dimpresa\/fabbrica-darte\/\",\"url\":\"https:\/\/127.0.0.1\/it\/cultura-dimpresa\/fabbrica-darte\/\",\"name\":\"Fabbrica d\u2019arte - Fondazione Pirelli\",\"isPartOf\":{\"@id\":\"https:\/\/www.fondazionepirelli.org\/it\/#website\"},\"datePublished\":\"2016-12-13T00:00:00+00:00\",\"dateModified\":\"2019-05-27T13:47:46+00:00\",\"author\":{\"@id\":\"https:\/\/www.fondazionepirelli.org\/it\/#\/schema\/person\/f47d097000832c4a6e54538c791fdf25\"},\"breadcrumb\":{\"@id\":\"https:\/\/127.0.0.1\/it\/cultura-dimpresa\/fabbrica-darte\/#breadcrumb\"},\"inLanguage\":\"it-IT\",\"potentialAction\":[{\"@type\":\"ReadAction\",\"target\":[\"https:\/\/127.0.0.1\/it\/cultura-dimpresa\/fabbrica-darte\/\"]}]},{\"@type\":\"BreadcrumbList\",\"@id\":\"https:\/\/127.0.0.1\/it\/cultura-dimpresa\/fabbrica-darte\/#breadcrumb\",\"itemListElement\":[{\"@type\":\"ListItem\",\"position\":1,\"name\":\"Home\",\"item\":\"https:\/\/www.fondazionepirelli.org\/it\/\"},{\"@type\":\"ListItem\",\"position\":2,\"name\":\"Fabbrica d\u2019arte\"}]},{\"@type\":\"WebSite\",\"@id\":\"https:\/\/www.fondazionepirelli.org\/it\/#website\",\"url\":\"https:\/\/www.fondazionepirelli.org\/it\/\",\"name\":\"Fondazione Pirelli\",\"description\":\"\",\"potentialAction\":[{\"@type\":\"SearchAction\",\"target\":{\"@type\":\"EntryPoint\",\"urlTemplate\":\"https:\/\/www.fondazionepirelli.org\/it\/?s={search_term_string}\"},\"query-input\":{\"@type\":\"PropertyValueSpecification\",\"valueRequired\":true,\"valueName\":\"search_term_string\"}}],\"inLanguage\":\"it-IT\"},{\"@type\":\"Person\",\"@id\":\"https:\/\/www.fondazionepirelli.org\/it\/#\/schema\/person\/f47d097000832c4a6e54538c791fdf25\",\"name\":\"fondadmin\",\"image\":{\"@type\":\"ImageObject\",\"inLanguage\":\"it-IT\",\"@id\":\"https:\/\/www.fondazionepirelli.org\/it\/#\/schema\/person\/image\/\",\"url\":\"https:\/\/secure.gravatar.com\/avatar\/e69498a9175ca244966e51e53c88712c024fcebe41f9a05f75657f1bb25e489b?s=96&d=mm&r=g\",\"contentUrl\":\"https:\/\/secure.gravatar.com\/avatar\/e69498a9175ca244966e51e53c88712c024fcebe41f9a05f75657f1bb25e489b?s=96&d=mm&r=g\",\"caption\":\"fondadmin\"},\"url\":\"https:\/\/www.fondazionepirelli.org\/it\/author\/fondadmin\/\"}]}<\/script>\n<!-- \/ Yoast SEO plugin. -->","yoast_head_json":{"title":"Fabbrica d\u2019arte - Fondazione Pirelli","robots":{"index":"index","follow":"follow","max-snippet":"max-snippet:-1","max-image-preview":"max-image-preview:large","max-video-preview":"max-video-preview:-1"},"canonical":"https:\/\/www.fondazionepirelli.org\/it\/cultura-dimpresa\/fabbrica-darte\/","og_locale":"it_IT","og_type":"article","og_title":"Fabbrica d\u2019arte - Fondazione Pirelli","og_description":"Un articolo racconta l\u2019esperienza di vita di un grande imprenditore che \u00e8 stato anche grande collezionista\u00a0 e uomo di cultura. Fino alla creazione di una collezione d\u2019arte contemporanea in quella che una volta era la fabbrica per eccellenzaEstro e ingegno, ma soprattutto passione. In tutto. Alla fine dei conti, sono queste le cose che staccano [&hellip;]","og_url":"https:\/\/127.0.0.1\/it\/cultura-dimpresa\/fabbrica-darte\/","og_site_name":"Fondazione Pirelli","article_published_time":"2016-12-13T00:00:00+00:00","article_modified_time":"2019-05-27T13:47:46+00:00","author":"fondadmin","twitter_card":"summary_large_image","twitter_misc":{"Scritto da":"fondadmin","Tempo di lettura stimato":"3 minuti"},"schema":{"@context":"https:\/\/schema.org","@graph":[{"@type":"WebPage","@id":"https:\/\/127.0.0.1\/it\/cultura-dimpresa\/fabbrica-darte\/","url":"https:\/\/127.0.0.1\/it\/cultura-dimpresa\/fabbrica-darte\/","name":"Fabbrica d\u2019arte - Fondazione Pirelli","isPartOf":{"@id":"https:\/\/www.fondazionepirelli.org\/it\/#website"},"datePublished":"2016-12-13T00:00:00+00:00","dateModified":"2019-05-27T13:47:46+00:00","author":{"@id":"https:\/\/www.fondazionepirelli.org\/it\/#\/schema\/person\/f47d097000832c4a6e54538c791fdf25"},"breadcrumb":{"@id":"https:\/\/127.0.0.1\/it\/cultura-dimpresa\/fabbrica-darte\/#breadcrumb"},"inLanguage":"it-IT","potentialAction":[{"@type":"ReadAction","target":["https:\/\/127.0.0.1\/it\/cultura-dimpresa\/fabbrica-darte\/"]}]},{"@type":"BreadcrumbList","@id":"https:\/\/127.0.0.1\/it\/cultura-dimpresa\/fabbrica-darte\/#breadcrumb","itemListElement":[{"@type":"ListItem","position":1,"name":"Home","item":"https:\/\/www.fondazionepirelli.org\/it\/"},{"@type":"ListItem","position":2,"name":"Fabbrica d\u2019arte"}]},{"@type":"WebSite","@id":"https:\/\/www.fondazionepirelli.org\/it\/#website","url":"https:\/\/www.fondazionepirelli.org\/it\/","name":"Fondazione Pirelli","description":"","potentialAction":[{"@type":"SearchAction","target":{"@type":"EntryPoint","urlTemplate":"https:\/\/www.fondazionepirelli.org\/it\/?s={search_term_string}"},"query-input":{"@type":"PropertyValueSpecification","valueRequired":true,"valueName":"search_term_string"}}],"inLanguage":"it-IT"},{"@type":"Person","@id":"https:\/\/www.fondazionepirelli.org\/it\/#\/schema\/person\/f47d097000832c4a6e54538c791fdf25","name":"fondadmin","image":{"@type":"ImageObject","inLanguage":"it-IT","@id":"https:\/\/www.fondazionepirelli.org\/it\/#\/schema\/person\/image\/","url":"https:\/\/secure.gravatar.com\/avatar\/e69498a9175ca244966e51e53c88712c024fcebe41f9a05f75657f1bb25e489b?s=96&d=mm&r=g","contentUrl":"https:\/\/secure.gravatar.com\/avatar\/e69498a9175ca244966e51e53c88712c024fcebe41f9a05f75657f1bb25e489b?s=96&d=mm&r=g","caption":"fondadmin"},"url":"https:\/\/www.fondazionepirelli.org\/it\/author\/fondadmin\/"}]}},"_links":{"self":[{"href":"https:\/\/www.fondazionepirelli.org\/it\/wp-json\/wp\/v2\/posts\/50633\/"}],"collection":[{"href":"https:\/\/www.fondazionepirelli.org\/it\/wp-json\/wp\/v2\/posts\/"}],"about":[{"href":"https:\/\/www.fondazionepirelli.org\/it\/wp-json\/wp\/v2\/types\/post\/"}],"author":[{"embeddable":true,"href":"https:\/\/www.fondazionepirelli.org\/it\/wp-json\/wp\/v2\/users\/1\/"}],"replies":[{"embeddable":true,"href":"https:\/\/www.fondazionepirelli.org\/it\/wp-json\/wp\/v2\/comments\/?post=50633"}],"version-history":[{"count":2,"href":"https:\/\/www.fondazionepirelli.org\/it\/wp-json\/wp\/v2\/posts\/50633\/revisions\/"}],"predecessor-version":[{"id":56262,"href":"https:\/\/www.fondazionepirelli.org\/it\/wp-json\/wp\/v2\/posts\/50633\/revisions\/56262\/"}],"wp:attachment":[{"href":"https:\/\/www.fondazionepirelli.org\/it\/wp-json\/wp\/v2\/media\/?parent=50633"}],"wp:term":[{"taxonomy":"category","embeddable":true,"href":"https:\/\/www.fondazionepirelli.org\/it\/wp-json\/wp\/v2\/categories\/?post=50633"},{"taxonomy":"post_tag","embeddable":true,"href":"https:\/\/www.fondazionepirelli.org\/it\/wp-json\/wp\/v2\/tags\/?post=50633"}],"curies":[{"name":"wp","href":"https:\/\/api.w.org\/{rel}","templated":true}]}}