{"id":50652,"date":"2016-11-29T00:00:00","date_gmt":"2016-11-29T00:00:00","guid":{"rendered":"http:\/\/www.fondazionepirelli.org\/fondazione-pirelli\/salute-aziendale-e-individuale\/"},"modified":"2019-05-27T13:42:00","modified_gmt":"2019-05-27T13:42:00","slug":"salute-aziendale-e-individuale","status":"publish","type":"post","link":"https:\/\/www.fondazionepirelli.org\/it\/cultura-dimpresa\/salute-aziendale-e-individuale\/","title":{"rendered":"Salute aziendale e individuale"},"content":{"rendered":"<p><em>Pubblicato un articolo che cerca di fondere i concetti di welfare d\u2019impresa e di salute organizzativa<\/em><\/p><p>Pensata e costruita per produrre profitto, l\u2019organizzazione dell\u2019impresa moderna e avveduta si evolve in qualcosa di pi\u00f9 complesso e vario, altro dal semplice meccanismo che dalle materie prime porta al prodotto finito. E\u2019 uno dei risultati dell\u2019era in cui societ\u00e0 e produzione si sono ritrovate ad agire. Condizione complessa, che accanto al profitto e alla razionalit\u00e0 della produzione, pone anche la responsabilit\u00e0 sociale dell\u2019agire produttivo come uno dei cardini organizzativi dell\u2019impresa moderna.<\/p>\n<p>L\u2019articolo di Anna Taglioli (del Dipartimento di Scienze politiche dell\u2019Universit\u00e0 di Pisa), cerca di mettere insieme in un unico ragionamento le spinte verso la crescita del <em>welfare<\/em> aziendale e la migliore \u201csalute organizzativa\u201d possibile.<\/p>\n<p>Il lavoro parte dalla considerazione che l\u2019attuale assetto sociale estende il concetto di salute dal solo aspetto psicofisico, a quello relativo al rischio e alla vulnerabilit\u00e0 sociale. La salute non \u00e8 cos\u00ec solo uno stato individuale, ma ha anche fare con i beni collettivi. In altre parole, si pu\u00f2 pensare che la salute di ogni singolo individuo diventi un bene pubblico. Con altre tutele quindi e altri orizzonti di sviluppo.<\/p>\n<p>In questo ambito, l\u2019organizzazione della produzione e la \u201ccollettivit\u00e0 impresa\u201d rivestono un ruolo importante. E\u2019 l\u00ec che l\u2019individuo passa buona parte della sua vita attiva; ed \u00e8 dall\u2019ambito all\u2019organizzativo che possono nascere spinte positive oppure pressioni negative anche sotto questi profili.<\/p>\n<p>Occorre, \u00e8 la tesi di Anna Taglioli, un nuovo modo di coordinare il sapere sulla salute e il sapere sull\u2019organizzazione.<\/p>\n<p>Scrive\u00a0 l\u2019autrice presentando il suo lavoro: \u201cI cambiamenti economici e sociali e i nuove rischi derivanti dal welfare pubblico e dall&#8217;aumento delle condizioni di stress e di insicurezza, sia a livello europeo e nazionale, rendono il <em>welfare<\/em> aziendale una sfida rilevante per il benessere sociale\u201d. E ancora: \u00e8 possibile migliorare la salute \u201cpsico-fisica e il benessere sociale degli individui e delle comunit\u00e0 di lavoro, nonch\u00e9 dei territori in cui le imprese operano\u201d guardando in modo diverso proprio al <em>welfare <\/em>\u00a0aziendale.<\/p>\n<p>E\u2019 di fatto un aspetto rinnovato della cultura della buona impresa, che osserva il cambiamento sociale che si riflette all\u2019interno dell\u2019organizzazione della produzione e ne fa tesoro per il miglioramento dei risultati finali della produzione stessa, guardando non solamente al profitto puro e semplice.<\/p>\n<p>Il lavoro di Anna Taglioli fornisce cos\u00ec un contributo di approfondimento e chiarimento dei fitti legami fra salute individuale e sociale e organizzazione aziendale.<\/p><p><strong><a href=\"\/\/www.francoangeli.it\/riviste\/Scheda_rivista.aspx?IDArticolo=57545\" target=\"_blank\" rel=\"noopener noreferrer\">Welfare aziendale e salute organizzativa: quale benessere e per chi?<\/a><\/strong><\/p>\n<p>Anna Taglioli<\/p>\n<p>Salute e societ\u00e0, 2016 Fascicolo 3, pag. 75-87<\/p>\n","protected":false},"excerpt":{"rendered":"<p>Pubblicato un articolo che cerca di fondere i concetti di welfare d\u2019impresa e di salute organizzativaPensata e costruita per produrre profitto, l\u2019organizzazione dell\u2019impresa moderna e avveduta si evolve in qualcosa di pi\u00f9 complesso e vario, altro dal semplice meccanismo che dalle materie prime porta al prodotto finito. E\u2019 uno dei risultati dell\u2019era in cui societ\u00e0 [&hellip;]<\/p>\n","protected":false},"author":1,"featured_media":0,"comment_status":"open","ping_status":"open","sticky":false,"template":"","format":"standard","meta":{"footnotes":""},"categories":[54,52],"tags":[],"class_list":["post-50652","post","type-post","status-publish","format-standard","hentry","category-approfondimenti","category-cultura-dimpresa"],"acf":[],"yoast_head":"<!-- This site is optimized with the Yoast SEO plugin v25.0 - https:\/\/yoast.com\/wordpress\/plugins\/seo\/ -->\n<title>Salute aziendale e individuale - Fondazione Pirelli<\/title>\n<meta name=\"robots\" content=\"index, follow, max-snippet:-1, max-image-preview:large, max-video-preview:-1\" \/>\n<link rel=\"canonical\" href=\"https:\/\/www.fondazionepirelli.org\/it\/cultura-dimpresa\/salute-aziendale-e-individuale\/\" \/>\n<meta property=\"og:locale\" content=\"it_IT\" \/>\n<meta property=\"og:type\" content=\"article\" \/>\n<meta property=\"og:title\" content=\"Salute aziendale e individuale - Fondazione Pirelli\" \/>\n<meta property=\"og:description\" content=\"Pubblicato un articolo che cerca di fondere i concetti di welfare d\u2019impresa e di salute organizzativaPensata e costruita per produrre profitto, l\u2019organizzazione dell\u2019impresa moderna e avveduta si evolve in qualcosa di pi\u00f9 complesso e vario, altro dal semplice meccanismo che dalle materie prime porta al prodotto finito. E\u2019 uno dei risultati dell\u2019era in cui societ\u00e0 [&hellip;]\" \/>\n<meta property=\"og:url\" content=\"https:\/\/127.0.0.1\/it\/cultura-dimpresa\/salute-aziendale-e-individuale\/\" \/>\n<meta property=\"og:site_name\" content=\"Fondazione Pirelli\" \/>\n<meta property=\"article:published_time\" content=\"2016-11-29T00:00:00+00:00\" \/>\n<meta property=\"article:modified_time\" content=\"2019-05-27T13:42:00+00:00\" \/>\n<meta name=\"author\" content=\"fondadmin\" \/>\n<meta name=\"twitter:card\" content=\"summary_large_image\" \/>\n<meta name=\"twitter:label1\" content=\"Scritto da\" \/>\n\t<meta name=\"twitter:data1\" content=\"fondadmin\" \/>\n\t<meta name=\"twitter:label2\" content=\"Tempo di lettura stimato\" \/>\n\t<meta name=\"twitter:data2\" content=\"2 minuti\" \/>\n<script type=\"application\/ld+json\" class=\"yoast-schema-graph\">{\"@context\":\"https:\/\/schema.org\",\"@graph\":[{\"@type\":\"WebPage\",\"@id\":\"https:\/\/127.0.0.1\/it\/cultura-dimpresa\/salute-aziendale-e-individuale\/\",\"url\":\"https:\/\/127.0.0.1\/it\/cultura-dimpresa\/salute-aziendale-e-individuale\/\",\"name\":\"Salute aziendale e individuale - Fondazione Pirelli\",\"isPartOf\":{\"@id\":\"https:\/\/www.fondazionepirelli.org\/it\/#website\"},\"datePublished\":\"2016-11-29T00:00:00+00:00\",\"dateModified\":\"2019-05-27T13:42:00+00:00\",\"author\":{\"@id\":\"https:\/\/www.fondazionepirelli.org\/it\/#\/schema\/person\/f47d097000832c4a6e54538c791fdf25\"},\"breadcrumb\":{\"@id\":\"https:\/\/127.0.0.1\/it\/cultura-dimpresa\/salute-aziendale-e-individuale\/#breadcrumb\"},\"inLanguage\":\"it-IT\",\"potentialAction\":[{\"@type\":\"ReadAction\",\"target\":[\"https:\/\/127.0.0.1\/it\/cultura-dimpresa\/salute-aziendale-e-individuale\/\"]}]},{\"@type\":\"BreadcrumbList\",\"@id\":\"https:\/\/127.0.0.1\/it\/cultura-dimpresa\/salute-aziendale-e-individuale\/#breadcrumb\",\"itemListElement\":[{\"@type\":\"ListItem\",\"position\":1,\"name\":\"Home\",\"item\":\"https:\/\/www.fondazionepirelli.org\/it\/\"},{\"@type\":\"ListItem\",\"position\":2,\"name\":\"Salute aziendale e individuale\"}]},{\"@type\":\"WebSite\",\"@id\":\"https:\/\/www.fondazionepirelli.org\/it\/#website\",\"url\":\"https:\/\/www.fondazionepirelli.org\/it\/\",\"name\":\"Fondazione Pirelli\",\"description\":\"\",\"potentialAction\":[{\"@type\":\"SearchAction\",\"target\":{\"@type\":\"EntryPoint\",\"urlTemplate\":\"https:\/\/www.fondazionepirelli.org\/it\/?s={search_term_string}\"},\"query-input\":{\"@type\":\"PropertyValueSpecification\",\"valueRequired\":true,\"valueName\":\"search_term_string\"}}],\"inLanguage\":\"it-IT\"},{\"@type\":\"Person\",\"@id\":\"https:\/\/www.fondazionepirelli.org\/it\/#\/schema\/person\/f47d097000832c4a6e54538c791fdf25\",\"name\":\"fondadmin\",\"image\":{\"@type\":\"ImageObject\",\"inLanguage\":\"it-IT\",\"@id\":\"https:\/\/www.fondazionepirelli.org\/it\/#\/schema\/person\/image\/\",\"url\":\"https:\/\/secure.gravatar.com\/avatar\/e69498a9175ca244966e51e53c88712c024fcebe41f9a05f75657f1bb25e489b?s=96&d=mm&r=g\",\"contentUrl\":\"https:\/\/secure.gravatar.com\/avatar\/e69498a9175ca244966e51e53c88712c024fcebe41f9a05f75657f1bb25e489b?s=96&d=mm&r=g\",\"caption\":\"fondadmin\"},\"url\":\"https:\/\/www.fondazionepirelli.org\/it\/author\/fondadmin\/\"}]}<\/script>\n<!-- \/ Yoast SEO plugin. -->","yoast_head_json":{"title":"Salute aziendale e individuale - Fondazione Pirelli","robots":{"index":"index","follow":"follow","max-snippet":"max-snippet:-1","max-image-preview":"max-image-preview:large","max-video-preview":"max-video-preview:-1"},"canonical":"https:\/\/www.fondazionepirelli.org\/it\/cultura-dimpresa\/salute-aziendale-e-individuale\/","og_locale":"it_IT","og_type":"article","og_title":"Salute aziendale e individuale - Fondazione Pirelli","og_description":"Pubblicato un articolo che cerca di fondere i concetti di welfare d\u2019impresa e di salute organizzativaPensata e costruita per produrre profitto, l\u2019organizzazione dell\u2019impresa moderna e avveduta si evolve in qualcosa di pi\u00f9 complesso e vario, altro dal semplice meccanismo che dalle materie prime porta al prodotto finito. E\u2019 uno dei risultati dell\u2019era in cui societ\u00e0 [&hellip;]","og_url":"https:\/\/127.0.0.1\/it\/cultura-dimpresa\/salute-aziendale-e-individuale\/","og_site_name":"Fondazione Pirelli","article_published_time":"2016-11-29T00:00:00+00:00","article_modified_time":"2019-05-27T13:42:00+00:00","author":"fondadmin","twitter_card":"summary_large_image","twitter_misc":{"Scritto da":"fondadmin","Tempo di lettura stimato":"2 minuti"},"schema":{"@context":"https:\/\/schema.org","@graph":[{"@type":"WebPage","@id":"https:\/\/127.0.0.1\/it\/cultura-dimpresa\/salute-aziendale-e-individuale\/","url":"https:\/\/127.0.0.1\/it\/cultura-dimpresa\/salute-aziendale-e-individuale\/","name":"Salute aziendale e individuale - Fondazione Pirelli","isPartOf":{"@id":"https:\/\/www.fondazionepirelli.org\/it\/#website"},"datePublished":"2016-11-29T00:00:00+00:00","dateModified":"2019-05-27T13:42:00+00:00","author":{"@id":"https:\/\/www.fondazionepirelli.org\/it\/#\/schema\/person\/f47d097000832c4a6e54538c791fdf25"},"breadcrumb":{"@id":"https:\/\/127.0.0.1\/it\/cultura-dimpresa\/salute-aziendale-e-individuale\/#breadcrumb"},"inLanguage":"it-IT","potentialAction":[{"@type":"ReadAction","target":["https:\/\/127.0.0.1\/it\/cultura-dimpresa\/salute-aziendale-e-individuale\/"]}]},{"@type":"BreadcrumbList","@id":"https:\/\/127.0.0.1\/it\/cultura-dimpresa\/salute-aziendale-e-individuale\/#breadcrumb","itemListElement":[{"@type":"ListItem","position":1,"name":"Home","item":"https:\/\/www.fondazionepirelli.org\/it\/"},{"@type":"ListItem","position":2,"name":"Salute aziendale e individuale"}]},{"@type":"WebSite","@id":"https:\/\/www.fondazionepirelli.org\/it\/#website","url":"https:\/\/www.fondazionepirelli.org\/it\/","name":"Fondazione Pirelli","description":"","potentialAction":[{"@type":"SearchAction","target":{"@type":"EntryPoint","urlTemplate":"https:\/\/www.fondazionepirelli.org\/it\/?s={search_term_string}"},"query-input":{"@type":"PropertyValueSpecification","valueRequired":true,"valueName":"search_term_string"}}],"inLanguage":"it-IT"},{"@type":"Person","@id":"https:\/\/www.fondazionepirelli.org\/it\/#\/schema\/person\/f47d097000832c4a6e54538c791fdf25","name":"fondadmin","image":{"@type":"ImageObject","inLanguage":"it-IT","@id":"https:\/\/www.fondazionepirelli.org\/it\/#\/schema\/person\/image\/","url":"https:\/\/secure.gravatar.com\/avatar\/e69498a9175ca244966e51e53c88712c024fcebe41f9a05f75657f1bb25e489b?s=96&d=mm&r=g","contentUrl":"https:\/\/secure.gravatar.com\/avatar\/e69498a9175ca244966e51e53c88712c024fcebe41f9a05f75657f1bb25e489b?s=96&d=mm&r=g","caption":"fondadmin"},"url":"https:\/\/www.fondazionepirelli.org\/it\/author\/fondadmin\/"}]}},"_links":{"self":[{"href":"https:\/\/www.fondazionepirelli.org\/it\/wp-json\/wp\/v2\/posts\/50652\/"}],"collection":[{"href":"https:\/\/www.fondazionepirelli.org\/it\/wp-json\/wp\/v2\/posts\/"}],"about":[{"href":"https:\/\/www.fondazionepirelli.org\/it\/wp-json\/wp\/v2\/types\/post\/"}],"author":[{"embeddable":true,"href":"https:\/\/www.fondazionepirelli.org\/it\/wp-json\/wp\/v2\/users\/1\/"}],"replies":[{"embeddable":true,"href":"https:\/\/www.fondazionepirelli.org\/it\/wp-json\/wp\/v2\/comments\/?post=50652"}],"version-history":[{"count":1,"href":"https:\/\/www.fondazionepirelli.org\/it\/wp-json\/wp\/v2\/posts\/50652\/revisions\/"}],"predecessor-version":[{"id":56255,"href":"https:\/\/www.fondazionepirelli.org\/it\/wp-json\/wp\/v2\/posts\/50652\/revisions\/56255\/"}],"wp:attachment":[{"href":"https:\/\/www.fondazionepirelli.org\/it\/wp-json\/wp\/v2\/media\/?parent=50652"}],"wp:term":[{"taxonomy":"category","embeddable":true,"href":"https:\/\/www.fondazionepirelli.org\/it\/wp-json\/wp\/v2\/categories\/?post=50652"},{"taxonomy":"post_tag","embeddable":true,"href":"https:\/\/www.fondazionepirelli.org\/it\/wp-json\/wp\/v2\/tags\/?post=50652"}],"curies":[{"name":"wp","href":"https:\/\/api.w.org\/{rel}","templated":true}]}}