{"id":50653,"date":"2016-11-29T00:00:00","date_gmt":"2016-11-29T00:00:00","guid":{"rendered":"http:\/\/www.fondazionepirelli.org\/fondazione-pirelli\/esemplare-storia-dimpresa\/"},"modified":"2019-10-29T12:29:16","modified_gmt":"2019-10-29T10:29:16","slug":"esemplare-storia-dimpresa","status":"publish","type":"post","link":"https:\/\/www.fondazionepirelli.org\/it\/cultura-dimpresa\/esemplare-storia-dimpresa\/","title":{"rendered":"Esemplare storia d\u2019impresa"},"content":{"rendered":"<p><em>Appena pubblicata la storia della Olivetti dopo Adriano: racconto di un \u201cmutamento di natura\u201d\u00a0 basato su radici culturali uniche e speciali<\/em><\/p><p>Si apprende molto dall\u2019esperienza degli altri oltre che dalla propria. E\u2019 il succo della storia intesa in senso lato. E vale anche per le imprese e per gli imprenditori. Non si tratta di copiare, ma di capire. Trarre insegnamento da quanto accaduto e accade attorno alla propria impresa \u00e8 importante. Leggere quindi l\u2019ultima fatica letteraria di Paolo Bricco sulla vicenda dell\u2019Olivetti di Carlo De Bendetti, \u00e8 un buon modo per applicare il principio di conoscere per crescere. Bricco \u2013 giornalista e narratore di storie d\u2019impresa -, scrive in maniera precisa e dettagliata ma si fa leggere. E racconta la storia di uno degli esempi d\u2019eccellenza della buona imprenditoria italiana \u2013 quello della Olivetti appunto -, dal momento di grande difficolt\u00e0 seguito alla morte di Adriano, fino alla conclusione della guida di debenedettiana.<\/p>\n<p>Il libro racconto di come sotto la guida dell\u2019Ingegnere l\u2019azienda viva un\u2019intensa stagione di sviluppo, fondata sulla produzione di personal computer (l\u2019M24 \u00e8 il <em>pc<\/em> pi\u00f9 venduto al mondo) e sull\u2019ampliamento dei prodotti: fax, fotocopiatrici, stampanti. Ma a cavallo fra anni Ottanta e Novanta, l\u2019azienda condivide con le altre imprese elettroniche europee di radice fordista la dura rimodulazione dell\u2019informatica, e sperimenta pure la felice metamorfosi nella telefonia con Omnitel. Si tratta, fa notare Bricco, di un mutamento di natura (non solo di pelle), unico nel panorama internazionale: dalla crisi della fabbrica ai nuovi servizi. Poi tutto si conclude nel 1996, quando De Benedetti lascia la guida del gruppo.<\/p>\n<p>L\u2019intera storia \u00e8, come si \u00e8 detto, raccontata con dovizia di particolari e basandosi su pi\u00f9 fonti documentarie: un esempio di storia che si fa leggere che potrebbe dire molto a molti storici. Storia vivace e complessa, a tratti contraddittoria ma sempre utile da ripercorrere. E che appunto ricostruisce una vicenda esemplare del Novecento italiano: quella di un\u2019azienda che molto pi\u00f9 di altre ha saputo coniugare produzione e cultura, alta tecnologia e capacit\u00e0 di intrapresa.<\/p><p><strong>L&#8217;Olivetti dell&#8217;Ingegnere (1978-1996)<\/strong><\/p>\n<p>Paolo Bricco<\/p>\n<p>Il Mulino, 2016<\/p>","protected":false},"excerpt":{"rendered":"<p>Appena pubblicata la storia della Olivetti dopo Adriano: racconto di un \u201cmutamento di natura\u201d\u00a0 basato su radici culturali uniche e specialiSi apprende molto dall\u2019esperienza degli altri oltre che dalla propria. E\u2019 il succo della storia intesa in senso lato. E vale anche per le imprese e per gli imprenditori. Non si tratta di copiare, ma [&hellip;]<\/p>\n","protected":false},"author":1,"featured_media":50654,"comment_status":"open","ping_status":"open","sticky":false,"template":"","format":"standard","meta":{"footnotes":""},"categories":[52,58],"tags":[],"class_list":["post-50653","post","type-post","status-publish","format-standard","has-post-thumbnail","hentry","category-cultura-dimpresa","category-recensioni-libri"],"acf":[],"yoast_head":"<!-- This site is optimized with the Yoast SEO plugin v25.0 - https:\/\/yoast.com\/wordpress\/plugins\/seo\/ -->\n<title>Esemplare storia d\u2019impresa - Fondazione Pirelli<\/title>\n<meta name=\"robots\" content=\"index, follow, max-snippet:-1, max-image-preview:large, max-video-preview:-1\" \/>\n<link rel=\"canonical\" href=\"https:\/\/www.fondazionepirelli.org\/it\/cultura-dimpresa\/esemplare-storia-dimpresa\/\" \/>\n<meta property=\"og:locale\" content=\"it_IT\" \/>\n<meta property=\"og:type\" content=\"article\" \/>\n<meta property=\"og:title\" content=\"Esemplare storia d\u2019impresa - Fondazione Pirelli\" \/>\n<meta property=\"og:description\" content=\"Appena pubblicata la storia della Olivetti dopo Adriano: racconto di un \u201cmutamento di natura\u201d\u00a0 basato su radici culturali uniche e specialiSi apprende molto dall\u2019esperienza degli altri oltre che dalla propria. E\u2019 il succo della storia intesa in senso lato. E vale anche per le imprese e per gli imprenditori. Non si tratta di copiare, ma [&hellip;]\" \/>\n<meta property=\"og:url\" content=\"https:\/\/www.fondazionepirelli.org\/it\/cultura-dimpresa\/esemplare-storia-dimpresa\/\" \/>\n<meta property=\"og:site_name\" content=\"Fondazione Pirelli\" \/>\n<meta property=\"article:published_time\" content=\"2016-11-29T00:00:00+00:00\" \/>\n<meta property=\"article:modified_time\" content=\"2019-10-29T10:29:16+00:00\" \/>\n<meta property=\"og:image\" content=\"https:\/\/wpsite-assets.fondazionepirelli.org\/wp-content\/uploads\/2019\/05\/20101646\/olivetti.jpg\" \/>\n\t<meta property=\"og:image:width\" content=\"258\" \/>\n\t<meta property=\"og:image:height\" content=\"419\" \/>\n\t<meta property=\"og:image:type\" content=\"image\/jpeg\" \/>\n<meta name=\"author\" content=\"fondadmin\" \/>\n<meta name=\"twitter:card\" content=\"summary_large_image\" \/>\n<meta name=\"twitter:label1\" content=\"Scritto da\" \/>\n\t<meta name=\"twitter:data1\" content=\"fondadmin\" \/>\n\t<meta name=\"twitter:label2\" content=\"Tempo di lettura stimato\" \/>\n\t<meta name=\"twitter:data2\" content=\"2 minuti\" \/>\n<script type=\"application\/ld+json\" class=\"yoast-schema-graph\">{\"@context\":\"https:\/\/schema.org\",\"@graph\":[{\"@type\":\"WebPage\",\"@id\":\"https:\/\/www.fondazionepirelli.org\/it\/cultura-dimpresa\/esemplare-storia-dimpresa\/\",\"url\":\"https:\/\/www.fondazionepirelli.org\/it\/cultura-dimpresa\/esemplare-storia-dimpresa\/\",\"name\":\"Esemplare storia d\u2019impresa - Fondazione Pirelli\",\"isPartOf\":{\"@id\":\"https:\/\/www.fondazionepirelli.org\/it\/#website\"},\"primaryImageOfPage\":{\"@id\":\"https:\/\/www.fondazionepirelli.org\/it\/cultura-dimpresa\/esemplare-storia-dimpresa\/#primaryimage\"},\"image\":{\"@id\":\"https:\/\/www.fondazionepirelli.org\/it\/cultura-dimpresa\/esemplare-storia-dimpresa\/#primaryimage\"},\"thumbnailUrl\":\"https:\/\/wpsite-assets.fondazionepirelli.org\/wp-content\/uploads\/2019\/05\/20101646\/olivetti.jpg\",\"datePublished\":\"2016-11-29T00:00:00+00:00\",\"dateModified\":\"2019-10-29T10:29:16+00:00\",\"author\":{\"@id\":\"https:\/\/www.fondazionepirelli.org\/it\/#\/schema\/person\/f47d097000832c4a6e54538c791fdf25\"},\"breadcrumb\":{\"@id\":\"https:\/\/www.fondazionepirelli.org\/it\/cultura-dimpresa\/esemplare-storia-dimpresa\/#breadcrumb\"},\"inLanguage\":\"it-IT\",\"potentialAction\":[{\"@type\":\"ReadAction\",\"target\":[\"https:\/\/www.fondazionepirelli.org\/it\/cultura-dimpresa\/esemplare-storia-dimpresa\/\"]}]},{\"@type\":\"ImageObject\",\"inLanguage\":\"it-IT\",\"@id\":\"https:\/\/www.fondazionepirelli.org\/it\/cultura-dimpresa\/esemplare-storia-dimpresa\/#primaryimage\",\"url\":\"https:\/\/wpsite-assets.fondazionepirelli.org\/wp-content\/uploads\/2019\/05\/20101646\/olivetti.jpg\",\"contentUrl\":\"https:\/\/wpsite-assets.fondazionepirelli.org\/wp-content\/uploads\/2019\/05\/20101646\/olivetti.jpg\",\"width\":258,\"height\":419,\"caption\":\"|\"},{\"@type\":\"BreadcrumbList\",\"@id\":\"https:\/\/www.fondazionepirelli.org\/it\/cultura-dimpresa\/esemplare-storia-dimpresa\/#breadcrumb\",\"itemListElement\":[{\"@type\":\"ListItem\",\"position\":1,\"name\":\"Home\",\"item\":\"https:\/\/www.fondazionepirelli.org\/it\/\"},{\"@type\":\"ListItem\",\"position\":2,\"name\":\"Esemplare storia d\u2019impresa\"}]},{\"@type\":\"WebSite\",\"@id\":\"https:\/\/www.fondazionepirelli.org\/it\/#website\",\"url\":\"https:\/\/www.fondazionepirelli.org\/it\/\",\"name\":\"Fondazione Pirelli\",\"description\":\"\",\"potentialAction\":[{\"@type\":\"SearchAction\",\"target\":{\"@type\":\"EntryPoint\",\"urlTemplate\":\"https:\/\/www.fondazionepirelli.org\/it\/?s={search_term_string}\"},\"query-input\":{\"@type\":\"PropertyValueSpecification\",\"valueRequired\":true,\"valueName\":\"search_term_string\"}}],\"inLanguage\":\"it-IT\"},{\"@type\":\"Person\",\"@id\":\"https:\/\/www.fondazionepirelli.org\/it\/#\/schema\/person\/f47d097000832c4a6e54538c791fdf25\",\"name\":\"fondadmin\",\"image\":{\"@type\":\"ImageObject\",\"inLanguage\":\"it-IT\",\"@id\":\"https:\/\/www.fondazionepirelli.org\/it\/#\/schema\/person\/image\/\",\"url\":\"https:\/\/secure.gravatar.com\/avatar\/e69498a9175ca244966e51e53c88712c024fcebe41f9a05f75657f1bb25e489b?s=96&d=mm&r=g\",\"contentUrl\":\"https:\/\/secure.gravatar.com\/avatar\/e69498a9175ca244966e51e53c88712c024fcebe41f9a05f75657f1bb25e489b?s=96&d=mm&r=g\",\"caption\":\"fondadmin\"},\"url\":\"https:\/\/www.fondazionepirelli.org\/it\/author\/fondadmin\/\"}]}<\/script>\n<!-- \/ Yoast SEO plugin. -->","yoast_head_json":{"title":"Esemplare storia d\u2019impresa - Fondazione Pirelli","robots":{"index":"index","follow":"follow","max-snippet":"max-snippet:-1","max-image-preview":"max-image-preview:large","max-video-preview":"max-video-preview:-1"},"canonical":"https:\/\/www.fondazionepirelli.org\/it\/cultura-dimpresa\/esemplare-storia-dimpresa\/","og_locale":"it_IT","og_type":"article","og_title":"Esemplare storia d\u2019impresa - Fondazione Pirelli","og_description":"Appena pubblicata la storia della Olivetti dopo Adriano: racconto di un \u201cmutamento di natura\u201d\u00a0 basato su radici culturali uniche e specialiSi apprende molto dall\u2019esperienza degli altri oltre che dalla propria. E\u2019 il succo della storia intesa in senso lato. E vale anche per le imprese e per gli imprenditori. Non si tratta di copiare, ma [&hellip;]","og_url":"https:\/\/www.fondazionepirelli.org\/it\/cultura-dimpresa\/esemplare-storia-dimpresa\/","og_site_name":"Fondazione Pirelli","article_published_time":"2016-11-29T00:00:00+00:00","article_modified_time":"2019-10-29T10:29:16+00:00","og_image":[{"width":258,"height":419,"url":"https:\/\/wpsite-assets.fondazionepirelli.org\/wp-content\/uploads\/2019\/05\/20101646\/olivetti.jpg","type":"image\/jpeg"}],"author":"fondadmin","twitter_card":"summary_large_image","twitter_misc":{"Scritto da":"fondadmin","Tempo di lettura stimato":"2 minuti"},"schema":{"@context":"https:\/\/schema.org","@graph":[{"@type":"WebPage","@id":"https:\/\/www.fondazionepirelli.org\/it\/cultura-dimpresa\/esemplare-storia-dimpresa\/","url":"https:\/\/www.fondazionepirelli.org\/it\/cultura-dimpresa\/esemplare-storia-dimpresa\/","name":"Esemplare storia d\u2019impresa - Fondazione Pirelli","isPartOf":{"@id":"https:\/\/www.fondazionepirelli.org\/it\/#website"},"primaryImageOfPage":{"@id":"https:\/\/www.fondazionepirelli.org\/it\/cultura-dimpresa\/esemplare-storia-dimpresa\/#primaryimage"},"image":{"@id":"https:\/\/www.fondazionepirelli.org\/it\/cultura-dimpresa\/esemplare-storia-dimpresa\/#primaryimage"},"thumbnailUrl":"https:\/\/wpsite-assets.fondazionepirelli.org\/wp-content\/uploads\/2019\/05\/20101646\/olivetti.jpg","datePublished":"2016-11-29T00:00:00+00:00","dateModified":"2019-10-29T10:29:16+00:00","author":{"@id":"https:\/\/www.fondazionepirelli.org\/it\/#\/schema\/person\/f47d097000832c4a6e54538c791fdf25"},"breadcrumb":{"@id":"https:\/\/www.fondazionepirelli.org\/it\/cultura-dimpresa\/esemplare-storia-dimpresa\/#breadcrumb"},"inLanguage":"it-IT","potentialAction":[{"@type":"ReadAction","target":["https:\/\/www.fondazionepirelli.org\/it\/cultura-dimpresa\/esemplare-storia-dimpresa\/"]}]},{"@type":"ImageObject","inLanguage":"it-IT","@id":"https:\/\/www.fondazionepirelli.org\/it\/cultura-dimpresa\/esemplare-storia-dimpresa\/#primaryimage","url":"https:\/\/wpsite-assets.fondazionepirelli.org\/wp-content\/uploads\/2019\/05\/20101646\/olivetti.jpg","contentUrl":"https:\/\/wpsite-assets.fondazionepirelli.org\/wp-content\/uploads\/2019\/05\/20101646\/olivetti.jpg","width":258,"height":419,"caption":"|"},{"@type":"BreadcrumbList","@id":"https:\/\/www.fondazionepirelli.org\/it\/cultura-dimpresa\/esemplare-storia-dimpresa\/#breadcrumb","itemListElement":[{"@type":"ListItem","position":1,"name":"Home","item":"https:\/\/www.fondazionepirelli.org\/it\/"},{"@type":"ListItem","position":2,"name":"Esemplare storia d\u2019impresa"}]},{"@type":"WebSite","@id":"https:\/\/www.fondazionepirelli.org\/it\/#website","url":"https:\/\/www.fondazionepirelli.org\/it\/","name":"Fondazione Pirelli","description":"","potentialAction":[{"@type":"SearchAction","target":{"@type":"EntryPoint","urlTemplate":"https:\/\/www.fondazionepirelli.org\/it\/?s={search_term_string}"},"query-input":{"@type":"PropertyValueSpecification","valueRequired":true,"valueName":"search_term_string"}}],"inLanguage":"it-IT"},{"@type":"Person","@id":"https:\/\/www.fondazionepirelli.org\/it\/#\/schema\/person\/f47d097000832c4a6e54538c791fdf25","name":"fondadmin","image":{"@type":"ImageObject","inLanguage":"it-IT","@id":"https:\/\/www.fondazionepirelli.org\/it\/#\/schema\/person\/image\/","url":"https:\/\/secure.gravatar.com\/avatar\/e69498a9175ca244966e51e53c88712c024fcebe41f9a05f75657f1bb25e489b?s=96&d=mm&r=g","contentUrl":"https:\/\/secure.gravatar.com\/avatar\/e69498a9175ca244966e51e53c88712c024fcebe41f9a05f75657f1bb25e489b?s=96&d=mm&r=g","caption":"fondadmin"},"url":"https:\/\/www.fondazionepirelli.org\/it\/author\/fondadmin\/"}]}},"_links":{"self":[{"href":"https:\/\/www.fondazionepirelli.org\/it\/wp-json\/wp\/v2\/posts\/50653\/"}],"collection":[{"href":"https:\/\/www.fondazionepirelli.org\/it\/wp-json\/wp\/v2\/posts\/"}],"about":[{"href":"https:\/\/www.fondazionepirelli.org\/it\/wp-json\/wp\/v2\/types\/post\/"}],"author":[{"embeddable":true,"href":"https:\/\/www.fondazionepirelli.org\/it\/wp-json\/wp\/v2\/users\/1\/"}],"replies":[{"embeddable":true,"href":"https:\/\/www.fondazionepirelli.org\/it\/wp-json\/wp\/v2\/comments\/?post=50653"}],"version-history":[{"count":1,"href":"https:\/\/www.fondazionepirelli.org\/it\/wp-json\/wp\/v2\/posts\/50653\/revisions\/"}],"predecessor-version":[{"id":70516,"href":"https:\/\/www.fondazionepirelli.org\/it\/wp-json\/wp\/v2\/posts\/50653\/revisions\/70516\/"}],"wp:featuredmedia":[{"embeddable":true,"href":"https:\/\/www.fondazionepirelli.org\/it\/wp-json\/wp\/v2\/media\/50654\/"}],"wp:attachment":[{"href":"https:\/\/www.fondazionepirelli.org\/it\/wp-json\/wp\/v2\/media\/?parent=50653"}],"wp:term":[{"taxonomy":"category","embeddable":true,"href":"https:\/\/www.fondazionepirelli.org\/it\/wp-json\/wp\/v2\/categories\/?post=50653"},{"taxonomy":"post_tag","embeddable":true,"href":"https:\/\/www.fondazionepirelli.org\/it\/wp-json\/wp\/v2\/tags\/?post=50653"}],"curies":[{"name":"wp","href":"https:\/\/api.w.org\/{rel}","templated":true}]}}