{"id":50679,"date":"2016-11-15T00:00:00","date_gmt":"2016-11-15T00:00:00","guid":{"rendered":"http:\/\/www.fondazionepirelli.org\/fondazione-pirelli\/musei-vivi-dimpresa\/"},"modified":"2019-05-27T13:39:47","modified_gmt":"2019-05-27T13:39:47","slug":"musei-vivi-dimpresa","status":"publish","type":"post","link":"https:\/\/www.fondazionepirelli.org\/it\/cultura-dimpresa\/musei-vivi-dimpresa\/","title":{"rendered":"Musei vivi d\u2019impresa"},"content":{"rendered":"<p><em>In poche pagine lo schema interpretativo, le realizzazione e le linee guida di uno degli strumenti d\u2019eccellenza per capire la cultura del produrre in Italia<\/em><\/p><p>L\u2019impresa si pu\u00f2 raccontare. L\u2019assunto \u00e8 ormai entrato a far parte del patrimonio culturale di una porzione importante del <em>management <\/em>e dell\u2019imprenditoria italiane. Occorre per\u00f2 continuare sulla strada della scoperta e dell\u2019approfondimento del significato del racconto d\u2019impresa e degli strumenti diversi attraverso i quali questo si pu\u00f2 esplicitare. Serve, quindi, capire meglio e apprendere da ci\u00f2 che \u00e8 gi\u00e0 stato fatto. \u00c8 il caso dei musei d\u2019impresa: raffigurazione materiali del passato aziendale, ma anche, se ben interpretati, del significato della presenza di un fabbrica in un determinato territorio.<\/p>\n<p>Per avere un quadro utile di cosa \u00e8 gi\u00e0 stato fatto, \u00e8 possibile leggere \u201cIl museo d\u2019impresa: rassegna della letteratura\u201d di Andrea Quintiliani.<\/p>\n<p>Si tratta di una analisi chiara e puntuale dei maggiori studi pubblicati negli ultimi anni sul tema dei musei d\u2019impresa, che ha il pregio di fissare gi\u00e0 dalle prime righe il mutamento dei queste attivit\u00e0. \u201cIl museo aziendale \u2013 scrive infatti Quintiliani -, si configura quale strumento poliedrico di marketing capace di attivare e sensibilizzare sistemi valoriali che afferiscono alla pi\u00f9 ampia sfera della riconoscibilit\u00e0 e identit\u00e0 del <em>brand<\/em> d\u2019impresa\u201d. L\u2019autore per\u00f2 rileva il difetto che ha accompagnato molte delle \u201cinterpretazioni\u201d dei musei aziendali fino ad oggi: il loro uso quasi esclusivo come strumenti commerciali.<\/p>\n<p>Il salto di qualit\u00e0 che occorre fare, secondo Quintiliani, \u00e8 proprio qui: far passare i musei d\u2019impresa da strumenti di semplice <em>marketing <\/em>a qualcosa di diverso e pi\u00f9 complesso. \u201cQueste strutture sono espressione dell\u2019orientamento (sociale) dell\u2019azienda nel soddisfare le legittime aspettative degli\u00a0<em>stakeholders<\/em> (in primo luogo, i dipendenti e il territorio\/comunit\u00e0 locale)\u201d. Ma non solo, perch\u00e9 sempre secondo Quintiliani il \u201c museo aziendale svolge una ulteriore funzione di valorizzazione del patrimonio culturale di \u00a0un territorio, in quanto testimone delle capacit\u00e0, conoscenze, risorse, consuetudini e tradizioni che hanno contraddistinto un\u2019area circoscritta del territorio (comunit\u00e0 locale). Ne consegue che il modello comunicativo del museo aziendale si svincola dalla logica di marketing d\u2019impresa per assumere una valenza di ordine superiore in quanto capace di rievocare un processo di sviluppo collettivo che non riguarda unicamente l\u2019azienda ma che abbraccia una intera collettivit\u00e0; da ci\u00f2, ponendosi quale soggetto culturale e strumento complementare ai musei tradizionali nella rappresentazione del progresso culturale ed economico di un territorio\u201d.<\/p>\n<p>Da qui l\u2019analisi della\u00a0 situazione dei principali musei d\u2019impresa (e attivit\u00e0 collaterali), presenti in Italia oltre che lo schema degli obiettivi che iniziative di questo genere si possono porre nei confronti della gestione aziendale.\u00a0 Vengono poi fornite delle linee-guida per la creazione e la valorizzazione della cultura d\u2019impresa attraverso i musei.<\/p>\n<p>Scrive Quintiliani concludendo il suo lavoro che \u00e8 tutto da leggere: \u201cL\u2019impresa capace di ascoltare ed interpretare il proprio territorio \u00e8 quella che coniuga sapientemente gli obblighi di redditivit\u00e0 economica con le aspettative anche immateriali del territorio di riferimento\u201d.<\/p><p><strong>Il museo d\u2019impresa: rassegna della letteratura <\/strong><\/p>\n<p>Andrea Quintiliani (Universit\u00e0 Telematica Pegaso, Napoli)<\/p>\n<p>XXVII Convegno annuale di Sinergie, Heritage, management e impresa: quali sinergie? &#8211; Universit\u00e0 degli Studi del Molise, sede di Termoli<\/p>\n<p>Sinergie Journal, 2016<\/p>\n<p><strong><a href=\"\/\/wpsite-assets.fondazionepirelli.org\/wp-content\/uploads\/2016\/11\/27133914\/1221-1928-1-PB.pdf\">The company museum: review of literature<\/a><\/strong><\/p>\n","protected":false},"excerpt":{"rendered":"<p>In poche pagine lo schema interpretativo, le realizzazione e le linee guida di uno degli strumenti d\u2019eccellenza per capire la cultura del produrre in ItaliaL\u2019impresa si pu\u00f2 raccontare. L\u2019assunto \u00e8 ormai entrato a far parte del patrimonio culturale di una porzione importante del management e dell\u2019imprenditoria italiane. Occorre per\u00f2 continuare sulla strada della scoperta e [&hellip;]<\/p>\n","protected":false},"author":1,"featured_media":0,"comment_status":"open","ping_status":"open","sticky":false,"template":"","format":"standard","meta":{"footnotes":""},"categories":[54,52],"tags":[],"class_list":["post-50679","post","type-post","status-publish","format-standard","hentry","category-approfondimenti","category-cultura-dimpresa"],"acf":[],"yoast_head":"<!-- This site is optimized with the Yoast SEO plugin v25.0 - https:\/\/yoast.com\/wordpress\/plugins\/seo\/ -->\n<title>Musei vivi d\u2019impresa - Fondazione Pirelli<\/title>\n<meta name=\"robots\" content=\"index, follow, max-snippet:-1, max-image-preview:large, max-video-preview:-1\" \/>\n<link rel=\"canonical\" href=\"https:\/\/www.fondazionepirelli.org\/it\/cultura-dimpresa\/musei-vivi-dimpresa\/\" \/>\n<meta property=\"og:locale\" content=\"it_IT\" \/>\n<meta property=\"og:type\" content=\"article\" \/>\n<meta property=\"og:title\" content=\"Musei vivi d\u2019impresa - Fondazione Pirelli\" \/>\n<meta property=\"og:description\" content=\"In poche pagine lo schema interpretativo, le realizzazione e le linee guida di uno degli strumenti d\u2019eccellenza per capire la cultura del produrre in ItaliaL\u2019impresa si pu\u00f2 raccontare. L\u2019assunto \u00e8 ormai entrato a far parte del patrimonio culturale di una porzione importante del management e dell\u2019imprenditoria italiane. Occorre per\u00f2 continuare sulla strada della scoperta e [&hellip;]\" \/>\n<meta property=\"og:url\" content=\"https:\/\/127.0.0.1\/it\/cultura-dimpresa\/musei-vivi-dimpresa\/\" \/>\n<meta property=\"og:site_name\" content=\"Fondazione Pirelli\" \/>\n<meta property=\"article:published_time\" content=\"2016-11-15T00:00:00+00:00\" \/>\n<meta property=\"article:modified_time\" content=\"2019-05-27T13:39:47+00:00\" \/>\n<meta name=\"author\" content=\"fondadmin\" \/>\n<meta name=\"twitter:card\" content=\"summary_large_image\" \/>\n<meta name=\"twitter:label1\" content=\"Scritto da\" \/>\n\t<meta name=\"twitter:data1\" content=\"fondadmin\" \/>\n\t<meta name=\"twitter:label2\" content=\"Tempo di lettura stimato\" \/>\n\t<meta name=\"twitter:data2\" content=\"3 minuti\" \/>\n<script type=\"application\/ld+json\" class=\"yoast-schema-graph\">{\"@context\":\"https:\/\/schema.org\",\"@graph\":[{\"@type\":\"WebPage\",\"@id\":\"https:\/\/127.0.0.1\/it\/cultura-dimpresa\/musei-vivi-dimpresa\/\",\"url\":\"https:\/\/127.0.0.1\/it\/cultura-dimpresa\/musei-vivi-dimpresa\/\",\"name\":\"Musei vivi d\u2019impresa - Fondazione Pirelli\",\"isPartOf\":{\"@id\":\"https:\/\/www.fondazionepirelli.org\/it\/#website\"},\"datePublished\":\"2016-11-15T00:00:00+00:00\",\"dateModified\":\"2019-05-27T13:39:47+00:00\",\"author\":{\"@id\":\"https:\/\/www.fondazionepirelli.org\/it\/#\/schema\/person\/f47d097000832c4a6e54538c791fdf25\"},\"breadcrumb\":{\"@id\":\"https:\/\/127.0.0.1\/it\/cultura-dimpresa\/musei-vivi-dimpresa\/#breadcrumb\"},\"inLanguage\":\"it-IT\",\"potentialAction\":[{\"@type\":\"ReadAction\",\"target\":[\"https:\/\/127.0.0.1\/it\/cultura-dimpresa\/musei-vivi-dimpresa\/\"]}]},{\"@type\":\"BreadcrumbList\",\"@id\":\"https:\/\/127.0.0.1\/it\/cultura-dimpresa\/musei-vivi-dimpresa\/#breadcrumb\",\"itemListElement\":[{\"@type\":\"ListItem\",\"position\":1,\"name\":\"Home\",\"item\":\"https:\/\/www.fondazionepirelli.org\/it\/\"},{\"@type\":\"ListItem\",\"position\":2,\"name\":\"Musei vivi d\u2019impresa\"}]},{\"@type\":\"WebSite\",\"@id\":\"https:\/\/www.fondazionepirelli.org\/it\/#website\",\"url\":\"https:\/\/www.fondazionepirelli.org\/it\/\",\"name\":\"Fondazione Pirelli\",\"description\":\"\",\"potentialAction\":[{\"@type\":\"SearchAction\",\"target\":{\"@type\":\"EntryPoint\",\"urlTemplate\":\"https:\/\/www.fondazionepirelli.org\/it\/?s={search_term_string}\"},\"query-input\":{\"@type\":\"PropertyValueSpecification\",\"valueRequired\":true,\"valueName\":\"search_term_string\"}}],\"inLanguage\":\"it-IT\"},{\"@type\":\"Person\",\"@id\":\"https:\/\/www.fondazionepirelli.org\/it\/#\/schema\/person\/f47d097000832c4a6e54538c791fdf25\",\"name\":\"fondadmin\",\"image\":{\"@type\":\"ImageObject\",\"inLanguage\":\"it-IT\",\"@id\":\"https:\/\/www.fondazionepirelli.org\/it\/#\/schema\/person\/image\/\",\"url\":\"https:\/\/secure.gravatar.com\/avatar\/e69498a9175ca244966e51e53c88712c024fcebe41f9a05f75657f1bb25e489b?s=96&d=mm&r=g\",\"contentUrl\":\"https:\/\/secure.gravatar.com\/avatar\/e69498a9175ca244966e51e53c88712c024fcebe41f9a05f75657f1bb25e489b?s=96&d=mm&r=g\",\"caption\":\"fondadmin\"},\"url\":\"https:\/\/www.fondazionepirelli.org\/it\/author\/fondadmin\/\"}]}<\/script>\n<!-- \/ Yoast SEO plugin. -->","yoast_head_json":{"title":"Musei vivi d\u2019impresa - Fondazione Pirelli","robots":{"index":"index","follow":"follow","max-snippet":"max-snippet:-1","max-image-preview":"max-image-preview:large","max-video-preview":"max-video-preview:-1"},"canonical":"https:\/\/www.fondazionepirelli.org\/it\/cultura-dimpresa\/musei-vivi-dimpresa\/","og_locale":"it_IT","og_type":"article","og_title":"Musei vivi d\u2019impresa - Fondazione Pirelli","og_description":"In poche pagine lo schema interpretativo, le realizzazione e le linee guida di uno degli strumenti d\u2019eccellenza per capire la cultura del produrre in ItaliaL\u2019impresa si pu\u00f2 raccontare. L\u2019assunto \u00e8 ormai entrato a far parte del patrimonio culturale di una porzione importante del management e dell\u2019imprenditoria italiane. Occorre per\u00f2 continuare sulla strada della scoperta e [&hellip;]","og_url":"https:\/\/127.0.0.1\/it\/cultura-dimpresa\/musei-vivi-dimpresa\/","og_site_name":"Fondazione Pirelli","article_published_time":"2016-11-15T00:00:00+00:00","article_modified_time":"2019-05-27T13:39:47+00:00","author":"fondadmin","twitter_card":"summary_large_image","twitter_misc":{"Scritto da":"fondadmin","Tempo di lettura stimato":"3 minuti"},"schema":{"@context":"https:\/\/schema.org","@graph":[{"@type":"WebPage","@id":"https:\/\/127.0.0.1\/it\/cultura-dimpresa\/musei-vivi-dimpresa\/","url":"https:\/\/127.0.0.1\/it\/cultura-dimpresa\/musei-vivi-dimpresa\/","name":"Musei vivi d\u2019impresa - Fondazione Pirelli","isPartOf":{"@id":"https:\/\/www.fondazionepirelli.org\/it\/#website"},"datePublished":"2016-11-15T00:00:00+00:00","dateModified":"2019-05-27T13:39:47+00:00","author":{"@id":"https:\/\/www.fondazionepirelli.org\/it\/#\/schema\/person\/f47d097000832c4a6e54538c791fdf25"},"breadcrumb":{"@id":"https:\/\/127.0.0.1\/it\/cultura-dimpresa\/musei-vivi-dimpresa\/#breadcrumb"},"inLanguage":"it-IT","potentialAction":[{"@type":"ReadAction","target":["https:\/\/127.0.0.1\/it\/cultura-dimpresa\/musei-vivi-dimpresa\/"]}]},{"@type":"BreadcrumbList","@id":"https:\/\/127.0.0.1\/it\/cultura-dimpresa\/musei-vivi-dimpresa\/#breadcrumb","itemListElement":[{"@type":"ListItem","position":1,"name":"Home","item":"https:\/\/www.fondazionepirelli.org\/it\/"},{"@type":"ListItem","position":2,"name":"Musei vivi d\u2019impresa"}]},{"@type":"WebSite","@id":"https:\/\/www.fondazionepirelli.org\/it\/#website","url":"https:\/\/www.fondazionepirelli.org\/it\/","name":"Fondazione Pirelli","description":"","potentialAction":[{"@type":"SearchAction","target":{"@type":"EntryPoint","urlTemplate":"https:\/\/www.fondazionepirelli.org\/it\/?s={search_term_string}"},"query-input":{"@type":"PropertyValueSpecification","valueRequired":true,"valueName":"search_term_string"}}],"inLanguage":"it-IT"},{"@type":"Person","@id":"https:\/\/www.fondazionepirelli.org\/it\/#\/schema\/person\/f47d097000832c4a6e54538c791fdf25","name":"fondadmin","image":{"@type":"ImageObject","inLanguage":"it-IT","@id":"https:\/\/www.fondazionepirelli.org\/it\/#\/schema\/person\/image\/","url":"https:\/\/secure.gravatar.com\/avatar\/e69498a9175ca244966e51e53c88712c024fcebe41f9a05f75657f1bb25e489b?s=96&d=mm&r=g","contentUrl":"https:\/\/secure.gravatar.com\/avatar\/e69498a9175ca244966e51e53c88712c024fcebe41f9a05f75657f1bb25e489b?s=96&d=mm&r=g","caption":"fondadmin"},"url":"https:\/\/www.fondazionepirelli.org\/it\/author\/fondadmin\/"}]}},"_links":{"self":[{"href":"https:\/\/www.fondazionepirelli.org\/it\/wp-json\/wp\/v2\/posts\/50679\/"}],"collection":[{"href":"https:\/\/www.fondazionepirelli.org\/it\/wp-json\/wp\/v2\/posts\/"}],"about":[{"href":"https:\/\/www.fondazionepirelli.org\/it\/wp-json\/wp\/v2\/types\/post\/"}],"author":[{"embeddable":true,"href":"https:\/\/www.fondazionepirelli.org\/it\/wp-json\/wp\/v2\/users\/1\/"}],"replies":[{"embeddable":true,"href":"https:\/\/www.fondazionepirelli.org\/it\/wp-json\/wp\/v2\/comments\/?post=50679"}],"version-history":[{"count":1,"href":"https:\/\/www.fondazionepirelli.org\/it\/wp-json\/wp\/v2\/posts\/50679\/revisions\/"}],"predecessor-version":[{"id":56251,"href":"https:\/\/www.fondazionepirelli.org\/it\/wp-json\/wp\/v2\/posts\/50679\/revisions\/56251\/"}],"wp:attachment":[{"href":"https:\/\/www.fondazionepirelli.org\/it\/wp-json\/wp\/v2\/media\/?parent=50679"}],"wp:term":[{"taxonomy":"category","embeddable":true,"href":"https:\/\/www.fondazionepirelli.org\/it\/wp-json\/wp\/v2\/categories\/?post=50679"},{"taxonomy":"post_tag","embeddable":true,"href":"https:\/\/www.fondazionepirelli.org\/it\/wp-json\/wp\/v2\/tags\/?post=50679"}],"curies":[{"name":"wp","href":"https:\/\/api.w.org\/{rel}","templated":true}]}}