{"id":50703,"date":"2016-10-28T00:00:00","date_gmt":"2016-10-28T00:00:00","guid":{"rendered":"http:\/\/www.fondazionepirelli.org\/fondazione-pirelli\/settimana-della-cultura-dimpresa-2016\/"},"modified":"2022-04-21T16:44:14","modified_gmt":"2022-04-21T15:44:14","slug":"settimana-della-cultura-dimpresa-2016","status":"publish","type":"post","link":"https:\/\/www.fondazionepirelli.org\/it\/iniziative\/settimana-della-cultura-dimpresa-2016\/","title":{"rendered":"Settimana della Cultura d\u2019Impresa 2016"},"content":{"rendered":"<p>Si rinnova l\u2019appuntamento annuale con la\u00a0<strong>Settimana della Cultura d\u2019Impresa<\/strong>, l\u2019evento promosso da\u00a0<strong>Confindustria <\/strong>in collaborazione con\u00a0<strong>Museimpresa<\/strong>\u00a0giunto alla sua<strong>\u00a0<\/strong>XV edizione, che si terr\u00e0 <strong>dal 10 al 24 novembre<\/strong> prossimi sul tema <strong>&#8220;<\/strong><strong>La fabbrica bella: cultura, creativit\u00e0, sostenibilit\u00e0&#8221;.<\/strong> Anche quest\u2019anno\u00a0Fondazione Pirelli\u00a0apre le porte al pubblico, proponendo quattro iniziative per l\u2019occasione. Si parte sabato <strong>12 novembre<\/strong>, con tour guidati all\u2019<strong>Headquarters Pirelli<\/strong>, alla quattrocentesca <strong>Bicocca degli Arcimboldi<\/strong> e alla <strong>Fondazione Pirelli<\/strong> con il suo Archivio storico. Le visite saranno animate dall\u2019incursione di <strong>attori <\/strong>professionisti che interpreteranno storie di <strong>creativit\u00e0<\/strong> e <strong>innovazione<\/strong>.<\/p>\n<p>Si ritorna in Fondazione Pirelli domenica <strong>13<\/strong> <strong>novembre<\/strong>\u00a0con attivit\u00e0 dedicate ai bambini: <strong>\u201cMusica dalla fabbrica!\u201d<\/strong>, per costruire strumenti musicali con oggetti che provengono dal mondo della <strong>produzione<\/strong> e del <strong>lavoro<\/strong>.<\/p>\n<p>Venerd\u00ec <strong>18 novembre<\/strong> l\u2019Auditorium dell\u2019Headquarters Pirelli si trasformer\u00e0 invece in un palcoscenico sul quale gli attori <strong>Giuseppe Cederna<\/strong> e <strong>Sara Bertel\u00e0 <\/strong>interpreteranno testi scritti per la rivista \u201cPirelli\u201d da grandi firme del Novecento, come <strong>Umberto Eco<\/strong>,<strong> Bruno Munari<\/strong>,<strong> Leonardo Sinisgalli<\/strong>, tra gli altri.<\/p>\n<p>Infine domenica <strong>20 novembre<\/strong> la Settimana si chiude un <strong>tour<\/strong> guidato in <strong>bicicletta<\/strong> dal <strong>Pirellone<\/strong> al <strong>quartiere Bicocca<\/strong>, alla scoperta dei luoghi di Milano in cui Pirelli ha lasciato la sua traccia.<\/p>\n<p>Vi aspettiamo!<\/p>\n<p><a href=\"\/\/wpsite-assets.fondazionepirelli.org\/wp-content\/uploads\/2016\/10\/18095712\/Fondazione-Pirelli_Settimana-della-Cultura-dImpresa-2016-1.pdf\">Scarica qui il programma completo delle nostre iniziative<\/a><\/p>\n","protected":false},"excerpt":{"rendered":"<p>Si rinnova l\u2019appuntamento annuale con la\u00a0Settimana della Cultura d\u2019Impresa, l\u2019evento promosso da\u00a0Confindustria in collaborazione con\u00a0Museimpresa\u00a0giunto alla sua\u00a0XV edizione, che si terr\u00e0 dal 10 al 24 novembre prossimi sul tema &#8220;La fabbrica bella: cultura, creativit\u00e0, sostenibilit\u00e0&#8221;. Anche quest\u2019anno\u00a0Fondazione Pirelli\u00a0apre le porte al pubblico, proponendo quattro iniziative per l\u2019occasione. Si parte sabato 12 novembre, con tour guidati [&hellip;]<\/p>\n","protected":false},"author":1,"featured_media":50704,"comment_status":"open","ping_status":"open","sticky":false,"template":"","format":"standard","meta":{"footnotes":""},"categories":[78,60],"tags":[109],"class_list":["post-50703","post","type-post","status-publish","format-standard","has-post-thumbnail","hentry","category-gli-eventi-e-i-percorsi-guidati","category-iniziative","tag-comunicare-limpresa"],"acf":[],"yoast_head":"<!-- This site is optimized with the Yoast SEO plugin v25.0 - https:\/\/yoast.com\/wordpress\/plugins\/seo\/ -->\n<title>Settimana della Cultura d&#039;Impresa | Fondazione Pirelli<\/title>\n<meta name=\"description\" content=\"Per la XV Settimana della Cultura d&#039;Impresa, Pirelli apre le porte dell&#039;Headquarters. Scopri di pi\u00f9 sul nostro sito\" \/>\n<meta name=\"robots\" content=\"index, follow, max-snippet:-1, max-image-preview:large, max-video-preview:-1\" \/>\n<link rel=\"canonical\" href=\"https:\/\/www.fondazionepirelli.org\/it\/iniziative\/settimana-della-cultura-dimpresa-2016\/\" \/>\n<meta property=\"og:locale\" content=\"it_IT\" \/>\n<meta property=\"og:type\" content=\"article\" \/>\n<meta property=\"og:title\" content=\"Settimana della Cultura d&#039;Impresa | Fondazione Pirelli\" \/>\n<meta property=\"og:description\" content=\"Per la XV Settimana della Cultura d&#039;Impresa, Pirelli apre le porte dell&#039;Headquarters. Scopri di pi\u00f9 sul nostro sito\" \/>\n<meta property=\"og:url\" content=\"https:\/\/www.fondazionepirelli.org\/it\/iniziative\/settimana-della-cultura-dimpresa-2016\/\" \/>\n<meta property=\"og:site_name\" content=\"Fondazione Pirelli\" \/>\n<meta property=\"article:published_time\" content=\"2016-10-28T00:00:00+00:00\" \/>\n<meta property=\"article:modified_time\" content=\"2022-04-21T15:44:14+00:00\" \/>\n<meta property=\"og:image\" content=\"https:\/\/wpsite-assets.fondazionepirelli.org\/wp-content\/uploads\/2019\/05\/20101636\/Immagine-Museimpresa.jpg\" \/>\n\t<meta property=\"og:image:width\" content=\"1920\" \/>\n\t<meta property=\"og:image:height\" content=\"808\" \/>\n\t<meta property=\"og:image:type\" content=\"image\/jpeg\" \/>\n<meta name=\"author\" content=\"fondadmin\" \/>\n<meta name=\"twitter:card\" content=\"summary_large_image\" \/>\n<meta name=\"twitter:label1\" content=\"Scritto da\" \/>\n\t<meta name=\"twitter:data1\" content=\"fondadmin\" \/>\n\t<meta name=\"twitter:label2\" content=\"Tempo di lettura stimato\" \/>\n\t<meta name=\"twitter:data2\" content=\"1 minuto\" \/>\n<script type=\"application\/ld+json\" class=\"yoast-schema-graph\">{\"@context\":\"https:\/\/schema.org\",\"@graph\":[{\"@type\":\"WebPage\",\"@id\":\"https:\/\/www.fondazionepirelli.org\/it\/iniziative\/settimana-della-cultura-dimpresa-2016\/\",\"url\":\"https:\/\/www.fondazionepirelli.org\/it\/iniziative\/settimana-della-cultura-dimpresa-2016\/\",\"name\":\"Settimana della Cultura d'Impresa | Fondazione Pirelli\",\"isPartOf\":{\"@id\":\"https:\/\/www.fondazionepirelli.org\/it\/#website\"},\"primaryImageOfPage\":{\"@id\":\"https:\/\/www.fondazionepirelli.org\/it\/iniziative\/settimana-della-cultura-dimpresa-2016\/#primaryimage\"},\"image\":{\"@id\":\"https:\/\/www.fondazionepirelli.org\/it\/iniziative\/settimana-della-cultura-dimpresa-2016\/#primaryimage\"},\"thumbnailUrl\":\"https:\/\/wpsite-assets.fondazionepirelli.org\/wp-content\/uploads\/2019\/05\/20101636\/Immagine-Museimpresa.jpg\",\"datePublished\":\"2016-10-28T00:00:00+00:00\",\"dateModified\":\"2022-04-21T15:44:14+00:00\",\"author\":{\"@id\":\"https:\/\/www.fondazionepirelli.org\/it\/#\/schema\/person\/f47d097000832c4a6e54538c791fdf25\"},\"description\":\"Per la XV Settimana della Cultura d'Impresa, Pirelli apre le porte dell'Headquarters. Scopri di pi\u00f9 sul nostro sito\",\"breadcrumb\":{\"@id\":\"https:\/\/www.fondazionepirelli.org\/it\/iniziative\/settimana-della-cultura-dimpresa-2016\/#breadcrumb\"},\"inLanguage\":\"it-IT\",\"potentialAction\":[{\"@type\":\"ReadAction\",\"target\":[\"https:\/\/www.fondazionepirelli.org\/it\/iniziative\/settimana-della-cultura-dimpresa-2016\/\"]}]},{\"@type\":\"ImageObject\",\"inLanguage\":\"it-IT\",\"@id\":\"https:\/\/www.fondazionepirelli.org\/it\/iniziative\/settimana-della-cultura-dimpresa-2016\/#primaryimage\",\"url\":\"https:\/\/wpsite-assets.fondazionepirelli.org\/wp-content\/uploads\/2019\/05\/20101636\/Immagine-Museimpresa.jpg\",\"contentUrl\":\"https:\/\/wpsite-assets.fondazionepirelli.org\/wp-content\/uploads\/2019\/05\/20101636\/Immagine-Museimpresa.jpg\",\"width\":1920,\"height\":808},{\"@type\":\"BreadcrumbList\",\"@id\":\"https:\/\/www.fondazionepirelli.org\/it\/iniziative\/settimana-della-cultura-dimpresa-2016\/#breadcrumb\",\"itemListElement\":[{\"@type\":\"ListItem\",\"position\":1,\"name\":\"Home\",\"item\":\"https:\/\/www.fondazionepirelli.org\/it\/\"},{\"@type\":\"ListItem\",\"position\":2,\"name\":\"Settimana della Cultura d\u2019Impresa 2016\"}]},{\"@type\":\"WebSite\",\"@id\":\"https:\/\/www.fondazionepirelli.org\/it\/#website\",\"url\":\"https:\/\/www.fondazionepirelli.org\/it\/\",\"name\":\"Fondazione Pirelli\",\"description\":\"\",\"potentialAction\":[{\"@type\":\"SearchAction\",\"target\":{\"@type\":\"EntryPoint\",\"urlTemplate\":\"https:\/\/www.fondazionepirelli.org\/it\/?s={search_term_string}\"},\"query-input\":{\"@type\":\"PropertyValueSpecification\",\"valueRequired\":true,\"valueName\":\"search_term_string\"}}],\"inLanguage\":\"it-IT\"},{\"@type\":\"Person\",\"@id\":\"https:\/\/www.fondazionepirelli.org\/it\/#\/schema\/person\/f47d097000832c4a6e54538c791fdf25\",\"name\":\"fondadmin\",\"image\":{\"@type\":\"ImageObject\",\"inLanguage\":\"it-IT\",\"@id\":\"https:\/\/www.fondazionepirelli.org\/it\/#\/schema\/person\/image\/\",\"url\":\"https:\/\/secure.gravatar.com\/avatar\/e69498a9175ca244966e51e53c88712c024fcebe41f9a05f75657f1bb25e489b?s=96&d=mm&r=g\",\"contentUrl\":\"https:\/\/secure.gravatar.com\/avatar\/e69498a9175ca244966e51e53c88712c024fcebe41f9a05f75657f1bb25e489b?s=96&d=mm&r=g\",\"caption\":\"fondadmin\"},\"url\":\"https:\/\/www.fondazionepirelli.org\/it\/author\/fondadmin\/\"}]}<\/script>\n<!-- \/ Yoast SEO plugin. -->","yoast_head_json":{"title":"Settimana della Cultura d'Impresa | Fondazione Pirelli","description":"Per la XV Settimana della Cultura d'Impresa, Pirelli apre le porte dell'Headquarters. Scopri di pi\u00f9 sul nostro sito","robots":{"index":"index","follow":"follow","max-snippet":"max-snippet:-1","max-image-preview":"max-image-preview:large","max-video-preview":"max-video-preview:-1"},"canonical":"https:\/\/www.fondazionepirelli.org\/it\/iniziative\/settimana-della-cultura-dimpresa-2016\/","og_locale":"it_IT","og_type":"article","og_title":"Settimana della Cultura d'Impresa | Fondazione Pirelli","og_description":"Per la XV Settimana della Cultura d'Impresa, Pirelli apre le porte dell'Headquarters. Scopri di pi\u00f9 sul nostro sito","og_url":"https:\/\/www.fondazionepirelli.org\/it\/iniziative\/settimana-della-cultura-dimpresa-2016\/","og_site_name":"Fondazione Pirelli","article_published_time":"2016-10-28T00:00:00+00:00","article_modified_time":"2022-04-21T15:44:14+00:00","og_image":[{"width":1920,"height":808,"url":"https:\/\/wpsite-assets.fondazionepirelli.org\/wp-content\/uploads\/2019\/05\/20101636\/Immagine-Museimpresa.jpg","type":"image\/jpeg"}],"author":"fondadmin","twitter_card":"summary_large_image","twitter_misc":{"Scritto da":"fondadmin","Tempo di lettura stimato":"1 minuto"},"schema":{"@context":"https:\/\/schema.org","@graph":[{"@type":"WebPage","@id":"https:\/\/www.fondazionepirelli.org\/it\/iniziative\/settimana-della-cultura-dimpresa-2016\/","url":"https:\/\/www.fondazionepirelli.org\/it\/iniziative\/settimana-della-cultura-dimpresa-2016\/","name":"Settimana della Cultura d'Impresa | Fondazione Pirelli","isPartOf":{"@id":"https:\/\/www.fondazionepirelli.org\/it\/#website"},"primaryImageOfPage":{"@id":"https:\/\/www.fondazionepirelli.org\/it\/iniziative\/settimana-della-cultura-dimpresa-2016\/#primaryimage"},"image":{"@id":"https:\/\/www.fondazionepirelli.org\/it\/iniziative\/settimana-della-cultura-dimpresa-2016\/#primaryimage"},"thumbnailUrl":"https:\/\/wpsite-assets.fondazionepirelli.org\/wp-content\/uploads\/2019\/05\/20101636\/Immagine-Museimpresa.jpg","datePublished":"2016-10-28T00:00:00+00:00","dateModified":"2022-04-21T15:44:14+00:00","author":{"@id":"https:\/\/www.fondazionepirelli.org\/it\/#\/schema\/person\/f47d097000832c4a6e54538c791fdf25"},"description":"Per la XV Settimana della Cultura d'Impresa, Pirelli apre le porte dell'Headquarters. Scopri di pi\u00f9 sul nostro sito","breadcrumb":{"@id":"https:\/\/www.fondazionepirelli.org\/it\/iniziative\/settimana-della-cultura-dimpresa-2016\/#breadcrumb"},"inLanguage":"it-IT","potentialAction":[{"@type":"ReadAction","target":["https:\/\/www.fondazionepirelli.org\/it\/iniziative\/settimana-della-cultura-dimpresa-2016\/"]}]},{"@type":"ImageObject","inLanguage":"it-IT","@id":"https:\/\/www.fondazionepirelli.org\/it\/iniziative\/settimana-della-cultura-dimpresa-2016\/#primaryimage","url":"https:\/\/wpsite-assets.fondazionepirelli.org\/wp-content\/uploads\/2019\/05\/20101636\/Immagine-Museimpresa.jpg","contentUrl":"https:\/\/wpsite-assets.fondazionepirelli.org\/wp-content\/uploads\/2019\/05\/20101636\/Immagine-Museimpresa.jpg","width":1920,"height":808},{"@type":"BreadcrumbList","@id":"https:\/\/www.fondazionepirelli.org\/it\/iniziative\/settimana-della-cultura-dimpresa-2016\/#breadcrumb","itemListElement":[{"@type":"ListItem","position":1,"name":"Home","item":"https:\/\/www.fondazionepirelli.org\/it\/"},{"@type":"ListItem","position":2,"name":"Settimana della Cultura d\u2019Impresa 2016"}]},{"@type":"WebSite","@id":"https:\/\/www.fondazionepirelli.org\/it\/#website","url":"https:\/\/www.fondazionepirelli.org\/it\/","name":"Fondazione Pirelli","description":"","potentialAction":[{"@type":"SearchAction","target":{"@type":"EntryPoint","urlTemplate":"https:\/\/www.fondazionepirelli.org\/it\/?s={search_term_string}"},"query-input":{"@type":"PropertyValueSpecification","valueRequired":true,"valueName":"search_term_string"}}],"inLanguage":"it-IT"},{"@type":"Person","@id":"https:\/\/www.fondazionepirelli.org\/it\/#\/schema\/person\/f47d097000832c4a6e54538c791fdf25","name":"fondadmin","image":{"@type":"ImageObject","inLanguage":"it-IT","@id":"https:\/\/www.fondazionepirelli.org\/it\/#\/schema\/person\/image\/","url":"https:\/\/secure.gravatar.com\/avatar\/e69498a9175ca244966e51e53c88712c024fcebe41f9a05f75657f1bb25e489b?s=96&d=mm&r=g","contentUrl":"https:\/\/secure.gravatar.com\/avatar\/e69498a9175ca244966e51e53c88712c024fcebe41f9a05f75657f1bb25e489b?s=96&d=mm&r=g","caption":"fondadmin"},"url":"https:\/\/www.fondazionepirelli.org\/it\/author\/fondadmin\/"}]}},"_links":{"self":[{"href":"https:\/\/www.fondazionepirelli.org\/it\/wp-json\/wp\/v2\/posts\/50703\/"}],"collection":[{"href":"https:\/\/www.fondazionepirelli.org\/it\/wp-json\/wp\/v2\/posts\/"}],"about":[{"href":"https:\/\/www.fondazionepirelli.org\/it\/wp-json\/wp\/v2\/types\/post\/"}],"author":[{"embeddable":true,"href":"https:\/\/www.fondazionepirelli.org\/it\/wp-json\/wp\/v2\/users\/1\/"}],"replies":[{"embeddable":true,"href":"https:\/\/www.fondazionepirelli.org\/it\/wp-json\/wp\/v2\/comments\/?post=50703"}],"version-history":[{"count":2,"href":"https:\/\/www.fondazionepirelli.org\/it\/wp-json\/wp\/v2\/posts\/50703\/revisions\/"}],"predecessor-version":[{"id":61353,"href":"https:\/\/www.fondazionepirelli.org\/it\/wp-json\/wp\/v2\/posts\/50703\/revisions\/61353\/"}],"wp:featuredmedia":[{"embeddable":true,"href":"https:\/\/www.fondazionepirelli.org\/it\/wp-json\/wp\/v2\/media\/50704\/"}],"wp:attachment":[{"href":"https:\/\/www.fondazionepirelli.org\/it\/wp-json\/wp\/v2\/media\/?parent=50703"}],"wp:term":[{"taxonomy":"category","embeddable":true,"href":"https:\/\/www.fondazionepirelli.org\/it\/wp-json\/wp\/v2\/categories\/?post=50703"},{"taxonomy":"post_tag","embeddable":true,"href":"https:\/\/www.fondazionepirelli.org\/it\/wp-json\/wp\/v2\/tags\/?post=50703"}],"curies":[{"name":"wp","href":"https:\/\/api.w.org\/{rel}","templated":true}]}}