{"id":50725,"date":"2016-10-18T00:00:00","date_gmt":"2016-10-18T00:00:00","guid":{"rendered":"http:\/\/www.fondazionepirelli.org\/fondazione-pirelli\/le-tre-biblioteche-aziendali-pirelli-spazi-aperti-e-accoglienti-per-il-piacere-e-la-liberta-della-buona-lettura\/"},"modified":"2019-05-23T16:40:54","modified_gmt":"2019-05-23T16:40:54","slug":"le-tre-biblioteche-aziendali-pirelli-spazi-aperti-e-accoglienti-per-il-piacere-e-la-liberta-della-buona-lettura","status":"publish","type":"post","link":"https:\/\/www.fondazionepirelli.org\/it\/cultura-dimpresa\/le-tre-biblioteche-aziendali-pirelli-spazi-aperti-e-accoglienti-per-il-piacere-e-la-liberta-della-buona-lettura\/","title":{"rendered":"Le tre biblioteche aziendali Pirelli: spazi aperti e accoglienti per il piacere e la libert\u00e0 della buona lettura"},"content":{"rendered":"<p>St\u00e9phane Mallarm\u00e9 aveva probabilmente ragione nel dire che \u201ctutto il mondo \u00e8 fatto per finire in un bel libro. E proprio lui, che dichiarava con un gioco di paradosso e una punta di rammarico \u201cd\u2019aver letto tutti i libri\u201d (e dopo, allora, cos\u2019altro avrebbe mai potuto fare?), non nascondeva comunque la passione per le biblioteche, per quei luoghi carichi d\u2019una certa magia abitati non da libri, ma da persone che amano i libri, li sfogliano con curiosit\u00e0, li prendono in prestito, li leggono e poi, di passione in passione, ne leggono un altro, e un altro ancora\u2026<\/p>\n<p>Viene in mente il giudizio di Mallarm\u00e9 varcando le porte della nuova <strong>Biblioteca Pirelli<\/strong>, inaugurata stamattina, nel grande spazio aperto dell\u2019Headquarters alla Bicocca e guardando gli scaffali bianchi gi\u00e0 carichi di quasi 3mila volumi (la gran parte comprati dall\u2019azienda, alcuni forniti in omaggio dagli editori dell\u2019iniziativa \u201c<strong>Ioleggoperch\u00e9<\/strong>\u201d di cui Pirelli \u00e8 main sponsor, 700 messi a disposizione dalla Rsu (la rappresentanza sindacale aziendale) e parecchi regalati da privati dipendenti Pirelli). Scaffali, naturalmente, pronti a ospitarne, nell\u2019arco di un paio d\u2019anni, sino a 10mila. Una grande stanza dei libri, appunto. Aperta e accogliente.<\/p>\n<p>Una biblioteca aziendale, a disposizione dei dipendenti del gruppo, organizzata appunto come una biblioteca, con bibliotecaria, servizi di prestiti, spazi di consultazione, enciclopedie e libri d\u2019arte ben illustrati da compulsare, romanzi e saggi da scegliere, prendere in prestito, restituire. <strong>Lettura come servizio<\/strong>. Come elemento caratterizzante del \u201c<strong>welfare aziendale<\/strong>\u201d (\u00e8 un bel vivere, quello tra i libri). E come piacere. Continuando a giocare con i \u201cgrandi francesi\u201d, ci si pu\u00f2 ricordare che <strong>Roland Barthes<\/strong> parla di \u201cpiacere del testo\u201d. E che <strong>Daniel Pennac<\/strong>, il divertente geniale creatore d\u2019un personaggio popolarissimo come Benjamin Malauss\u00e8ne (il \u201ccapro espiatorio per eccellenza\u201d de \u201cIl paradiso degli orchi\u201d e \u201cLa fata Carabina\u201d) mette proprio il piacere nel \u201cdecalogo\u201d dei \u201cdiritti del lettore\u201d in quel libro fantastico che \u00e8 \u201cCome un romanzo\u201d. D\u2019altronde, \u00e8 proprio Pennac a scrivere, in elogio della lettura: \u201cL\u2019uomo costruisce case perch\u00e9 \u00e8 vivo ma scrive libri perch\u00e9 si sa mortale. Vive in gruppo perch\u00e9 \u00e8 gregario, ma legge perch\u00e9 si sa solo. La lettura \u00e8 per lui una compagnia che non prende il posto di nessun\u2019altra, ma che nessun\u2019altra potrebbe sostituire\u201d.<\/p>\n<p>Sono <strong>tre<\/strong>, le Biblioteche aziendali di Pirelli. Un primato, nell\u2019universo aziendale italiano.<\/p>\n<p>La prima, a Settimo Torinese, la fabbrica pi\u00f9 moderna e innovativa del gruppo, era attiva da alcuni anni, con circa mille volumi in una grande stanza luminosa della \u201cspina\u201d per servizi e ricerca progettata da Renzo Piano. E dalla fine di marzo \u00e8 stata collegata ai servizi del Comune di Settimo, nell&#8217;ambito del progetto \u201cArchimede fuori di s\u00e9\u201d. E cos\u00ec i dipendenti Pirelli possono avere a disposizione i 110mila volumi, 220 riviste, 14 quotidiani, 4500 film e documentari in Dvd, 4mila Cd musicali e 400 audiolibri, insomma tutto il ricco patrimonio della biblioteca comunale Archimede, che si aggiunge all&#8217;ancor pi\u00f9 ampio patrimonio dello Sbam, il &#8220;sistema bibliotecario dell&#8217;area metropolitana torinese&#8221; (11milioni di libri, rintracciabili e prenotabili in base al catalogo ErasmoNet). Molto da leggere, insomma. E facilmente.<\/p>\n<p>La seconda e la terza sono state inaugurate appunto oggi, luned\u00ec 17 ottobre. All\u2019HQ di Bicocca. E nello stabilimento di <strong>Bollate<\/strong>, alla periferia occidentale di Milano. E anche quella dell\u2019HQ sar\u00e0 collegata con il sistema delle biblioteche comunali di Milano (i colloqui con i responsabili dei servizi del Comune sono gi\u00e0 in corso).<\/p>\n<p>E\u2019 uno spazio ampio, luminoso, ben arredato. Gli scaffali. Un salottino di poltrone e divani per la lettura. E un grande tavolo per la consultazione: un pezzo storico recuperato e restaurato, e cio\u00e8 uno degli arredi protettati negli anni Cinquanta da Gio Ponti per il \u201cPirellone\u201d, il \u201cgrattacielo\u201d accanto alla Stazione Centrale che, pur non essendo pi\u00f9 sede Pirelli (ma della Regione), continua a stare tra i grandi e amati simboli della \u201cMilano industriale\u201d.<\/p>\n<p>Sulle pareti lasciate libere dagli scaffali, le riproduzioni d\u2019una famosa campagna fatta nel 1962 da un grande fotografo, <strong>Ugo Mulas<\/strong>, per uno dei prodotti di punta Pirelli, il \u201c<strong>Cinturato<\/strong>\u201d. C\u2019\u00e8 il pneumatico, in primo piano. Ma subito, proprio l\u00ec accanto, ecco l\u2019immagine ben definita di una ragazza che legge. Nell\u2019Italia del \u201cboom economico\u201d, nell\u2019intuizione acuta e colta di Mulas e in linea con le buone abitudini culturali di Pirelli, anche il libro ha un ruolo essenziale. Nelle mani d\u2019una donna.<\/p>\n<p>Ma perch\u00e9, le biblioteche aziendali? L&#8217;iniziativa rientra nell\u2019ambito del progetto &#8220;Ioleggoperch\u00e9&#8221; organizzata dall&#8217;Aie, l&#8217;Associazione degli editori, con il sostegno del Gruppo Cultura di Confindustria: promuovere le biblioteche aziendali (anche come impegno dell&#8217;azienda) e costruire una relazione positiva con le biblioteche comunali e le biblioteche scolastiche, in un circuito virtuoso che segna un processo attivo di lettura e partecipazione sul territorio. Biblioteca come &#8220;servizio pubblico&#8221;. E fabbriche considerate luoghi speciali in cui, anche proprio lavorando, si fa cultura, la si produce, la si vive insieme. Come i buoni libri, talvolta, raccontano. Ci sono altri esempi, in Italia, oltre quello Pirelli. Alla Zambon, farmaceutica d\u2019avanguardia, negli stabilimenti di Vicenza e di Bresso (Milano), tanto per fare un solo esempio. O nella fabbrica-borgo medioevale di Brunello Cucinelli, in Umbria, luogo simbolo del manifatturiero tessile d\u2019altissima qualit\u00e0. Per stimolo di Confindustria, altre iniziative seguiranno.<\/p>\n<p>Letture per produrre meglio? No. Letture per leggere. Per scoprire altri mondi, altri sentimenti, altre dimensioni della vita. Lettura come viaggio. E avventura. Lettura \u2013 lo ripetiamo \u2013 come piacere. E biblioteca come luogo che rende pi\u00f9 piacevole, accogliente, personale il luogo in cui lavoriamo. Che poi, leggendo, migliori la cultura generale e la qualit\u00e0 del lavoro, \u00e8 un effetto che molto probabilmente verr\u00e0 da s\u00e9.<\/p>\n<p>I libri, in ogni caso, aprono mondi. Vite. Pensieri. Aiutano a capire, ragionare, vedere meglio e di pi\u00f9. Sono strumenti essenziali, oltre che di piacere, anche di comprensione, comunit\u00e0, civilt\u00e0, cultura. Aveva appunto ragione, in fin dei conti, Mallarm\u00e9.<\/p>\n","protected":false},"excerpt":{"rendered":"<p>St\u00e9phane Mallarm\u00e9 aveva probabilmente ragione nel dire che \u201ctutto il mondo \u00e8 fatto per finire in un bel libro. E proprio lui, che dichiarava con un gioco di paradosso e una punta di rammarico \u201cd\u2019aver letto tutti i libri\u201d (e dopo, allora, cos\u2019altro avrebbe mai potuto fare?), non nascondeva comunque la passione per le biblioteche, [&hellip;]<\/p>\n","protected":false},"author":1,"featured_media":50718,"comment_status":"open","ping_status":"open","sticky":false,"template":"","format":"standard","meta":{"footnotes":""},"categories":[53,52],"tags":[],"class_list":["post-50725","post","type-post","status-publish","format-standard","has-post-thumbnail","hentry","category-blog","category-cultura-dimpresa"],"acf":[],"yoast_head":"<!-- This site is optimized with the Yoast SEO plugin v25.0 - https:\/\/yoast.com\/wordpress\/plugins\/seo\/ -->\n<title>Le tre biblioteche aziendali Pirelli: spazi aperti e accoglienti per il piacere e la libert\u00e0 della buona lettura - Fondazione Pirelli<\/title>\n<meta name=\"robots\" content=\"index, follow, max-snippet:-1, max-image-preview:large, max-video-preview:-1\" \/>\n<link rel=\"canonical\" href=\"https:\/\/www.fondazionepirelli.org\/it\/cultura-dimpresa\/le-tre-biblioteche-aziendali-pirelli-spazi-aperti-e-accoglienti-per-il-piacere-e-la-liberta-della-buona-lettura\/\" \/>\n<meta property=\"og:locale\" content=\"it_IT\" \/>\n<meta property=\"og:type\" content=\"article\" \/>\n<meta property=\"og:title\" content=\"Le tre biblioteche aziendali Pirelli: spazi aperti e accoglienti per il piacere e la libert\u00e0 della buona lettura - Fondazione Pirelli\" \/>\n<meta property=\"og:description\" content=\"St\u00e9phane Mallarm\u00e9 aveva probabilmente ragione nel dire che \u201ctutto il mondo \u00e8 fatto per finire in un bel libro. E proprio lui, che dichiarava con un gioco di paradosso e una punta di rammarico \u201cd\u2019aver letto tutti i libri\u201d (e dopo, allora, cos\u2019altro avrebbe mai potuto fare?), non nascondeva comunque la passione per le biblioteche, [&hellip;]\" \/>\n<meta property=\"og:url\" content=\"https:\/\/127.0.0.1\/it\/cultura-dimpresa\/le-tre-biblioteche-aziendali-pirelli-spazi-aperti-e-accoglienti-per-il-piacere-e-la-liberta-della-buona-lettura\/\" \/>\n<meta property=\"og:site_name\" content=\"Fondazione Pirelli\" \/>\n<meta property=\"article:published_time\" content=\"2016-10-18T00:00:00+00:00\" \/>\n<meta property=\"article:modified_time\" content=\"2019-05-23T16:40:54+00:00\" \/>\n<meta property=\"og:image\" content=\"https:\/\/wpsite-assets.fondazionepirelli.org\/wp-content\/uploads\/2019\/05\/20101633\/Biblioteca-Pirelli-Bicocca-2-e1557417565389.jpg\" \/>\n\t<meta property=\"og:image:width\" content=\"700\" \/>\n\t<meta property=\"og:image:height\" content=\"466\" \/>\n\t<meta property=\"og:image:type\" content=\"image\/jpeg\" \/>\n<meta name=\"author\" content=\"fondadmin\" \/>\n<meta name=\"twitter:card\" content=\"summary_large_image\" \/>\n<meta name=\"twitter:label1\" content=\"Scritto da\" \/>\n\t<meta name=\"twitter:data1\" content=\"fondadmin\" \/>\n\t<meta name=\"twitter:label2\" content=\"Tempo di lettura stimato\" \/>\n\t<meta name=\"twitter:data2\" content=\"5 minuti\" \/>\n<script type=\"application\/ld+json\" class=\"yoast-schema-graph\">{\"@context\":\"https:\/\/schema.org\",\"@graph\":[{\"@type\":\"WebPage\",\"@id\":\"https:\/\/127.0.0.1\/it\/cultura-dimpresa\/le-tre-biblioteche-aziendali-pirelli-spazi-aperti-e-accoglienti-per-il-piacere-e-la-liberta-della-buona-lettura\/\",\"url\":\"https:\/\/127.0.0.1\/it\/cultura-dimpresa\/le-tre-biblioteche-aziendali-pirelli-spazi-aperti-e-accoglienti-per-il-piacere-e-la-liberta-della-buona-lettura\/\",\"name\":\"Le tre biblioteche aziendali Pirelli: spazi aperti e accoglienti per il piacere e la libert\u00e0 della buona lettura - Fondazione Pirelli\",\"isPartOf\":{\"@id\":\"https:\/\/www.fondazionepirelli.org\/it\/#website\"},\"primaryImageOfPage\":{\"@id\":\"https:\/\/127.0.0.1\/it\/cultura-dimpresa\/le-tre-biblioteche-aziendali-pirelli-spazi-aperti-e-accoglienti-per-il-piacere-e-la-liberta-della-buona-lettura\/#primaryimage\"},\"image\":{\"@id\":\"https:\/\/127.0.0.1\/it\/cultura-dimpresa\/le-tre-biblioteche-aziendali-pirelli-spazi-aperti-e-accoglienti-per-il-piacere-e-la-liberta-della-buona-lettura\/#primaryimage\"},\"thumbnailUrl\":\"https:\/\/wpsite-assets.fondazionepirelli.org\/wp-content\/uploads\/2019\/05\/20101633\/Biblioteca-Pirelli-Bicocca-2-e1557417565389.jpg\",\"datePublished\":\"2016-10-18T00:00:00+00:00\",\"dateModified\":\"2019-05-23T16:40:54+00:00\",\"author\":{\"@id\":\"https:\/\/www.fondazionepirelli.org\/it\/#\/schema\/person\/f47d097000832c4a6e54538c791fdf25\"},\"breadcrumb\":{\"@id\":\"https:\/\/127.0.0.1\/it\/cultura-dimpresa\/le-tre-biblioteche-aziendali-pirelli-spazi-aperti-e-accoglienti-per-il-piacere-e-la-liberta-della-buona-lettura\/#breadcrumb\"},\"inLanguage\":\"it-IT\",\"potentialAction\":[{\"@type\":\"ReadAction\",\"target\":[\"https:\/\/127.0.0.1\/it\/cultura-dimpresa\/le-tre-biblioteche-aziendali-pirelli-spazi-aperti-e-accoglienti-per-il-piacere-e-la-liberta-della-buona-lettura\/\"]}]},{\"@type\":\"ImageObject\",\"inLanguage\":\"it-IT\",\"@id\":\"https:\/\/127.0.0.1\/it\/cultura-dimpresa\/le-tre-biblioteche-aziendali-pirelli-spazi-aperti-e-accoglienti-per-il-piacere-e-la-liberta-della-buona-lettura\/#primaryimage\",\"url\":\"https:\/\/wpsite-assets.fondazionepirelli.org\/wp-content\/uploads\/2019\/05\/20101633\/Biblioteca-Pirelli-Bicocca-2-e1557417565389.jpg\",\"contentUrl\":\"https:\/\/wpsite-assets.fondazionepirelli.org\/wp-content\/uploads\/2019\/05\/20101633\/Biblioteca-Pirelli-Bicocca-2-e1557417565389.jpg\",\"width\":700,\"height\":466,\"caption\":\"|Federico Motta;Marco Tronchetti Provera;Lella Costa;Antonio Calabro';Filippo del Corno\"},{\"@type\":\"BreadcrumbList\",\"@id\":\"https:\/\/127.0.0.1\/it\/cultura-dimpresa\/le-tre-biblioteche-aziendali-pirelli-spazi-aperti-e-accoglienti-per-il-piacere-e-la-liberta-della-buona-lettura\/#breadcrumb\",\"itemListElement\":[{\"@type\":\"ListItem\",\"position\":1,\"name\":\"Home\",\"item\":\"https:\/\/www.fondazionepirelli.org\/it\/\"},{\"@type\":\"ListItem\",\"position\":2,\"name\":\"Le tre biblioteche aziendali Pirelli: spazi aperti e accoglienti per il piacere e la libert\u00e0 della buona lettura\"}]},{\"@type\":\"WebSite\",\"@id\":\"https:\/\/www.fondazionepirelli.org\/it\/#website\",\"url\":\"https:\/\/www.fondazionepirelli.org\/it\/\",\"name\":\"Fondazione Pirelli\",\"description\":\"\",\"potentialAction\":[{\"@type\":\"SearchAction\",\"target\":{\"@type\":\"EntryPoint\",\"urlTemplate\":\"https:\/\/www.fondazionepirelli.org\/it\/?s={search_term_string}\"},\"query-input\":{\"@type\":\"PropertyValueSpecification\",\"valueRequired\":true,\"valueName\":\"search_term_string\"}}],\"inLanguage\":\"it-IT\"},{\"@type\":\"Person\",\"@id\":\"https:\/\/www.fondazionepirelli.org\/it\/#\/schema\/person\/f47d097000832c4a6e54538c791fdf25\",\"name\":\"fondadmin\",\"image\":{\"@type\":\"ImageObject\",\"inLanguage\":\"it-IT\",\"@id\":\"https:\/\/www.fondazionepirelli.org\/it\/#\/schema\/person\/image\/\",\"url\":\"https:\/\/secure.gravatar.com\/avatar\/e69498a9175ca244966e51e53c88712c024fcebe41f9a05f75657f1bb25e489b?s=96&d=mm&r=g\",\"contentUrl\":\"https:\/\/secure.gravatar.com\/avatar\/e69498a9175ca244966e51e53c88712c024fcebe41f9a05f75657f1bb25e489b?s=96&d=mm&r=g\",\"caption\":\"fondadmin\"},\"url\":\"https:\/\/www.fondazionepirelli.org\/it\/author\/fondadmin\/\"}]}<\/script>\n<!-- \/ Yoast SEO plugin. -->","yoast_head_json":{"title":"Le tre biblioteche aziendali Pirelli: spazi aperti e accoglienti per il piacere e la libert\u00e0 della buona lettura - Fondazione Pirelli","robots":{"index":"index","follow":"follow","max-snippet":"max-snippet:-1","max-image-preview":"max-image-preview:large","max-video-preview":"max-video-preview:-1"},"canonical":"https:\/\/www.fondazionepirelli.org\/it\/cultura-dimpresa\/le-tre-biblioteche-aziendali-pirelli-spazi-aperti-e-accoglienti-per-il-piacere-e-la-liberta-della-buona-lettura\/","og_locale":"it_IT","og_type":"article","og_title":"Le tre biblioteche aziendali Pirelli: spazi aperti e accoglienti per il piacere e la libert\u00e0 della buona lettura - Fondazione Pirelli","og_description":"St\u00e9phane Mallarm\u00e9 aveva probabilmente ragione nel dire che \u201ctutto il mondo \u00e8 fatto per finire in un bel libro. E proprio lui, che dichiarava con un gioco di paradosso e una punta di rammarico \u201cd\u2019aver letto tutti i libri\u201d (e dopo, allora, cos\u2019altro avrebbe mai potuto fare?), non nascondeva comunque la passione per le biblioteche, [&hellip;]","og_url":"https:\/\/127.0.0.1\/it\/cultura-dimpresa\/le-tre-biblioteche-aziendali-pirelli-spazi-aperti-e-accoglienti-per-il-piacere-e-la-liberta-della-buona-lettura\/","og_site_name":"Fondazione Pirelli","article_published_time":"2016-10-18T00:00:00+00:00","article_modified_time":"2019-05-23T16:40:54+00:00","og_image":[{"width":700,"height":466,"url":"https:\/\/wpsite-assets.fondazionepirelli.org\/wp-content\/uploads\/2019\/05\/20101633\/Biblioteca-Pirelli-Bicocca-2-e1557417565389.jpg","type":"image\/jpeg"}],"author":"fondadmin","twitter_card":"summary_large_image","twitter_misc":{"Scritto da":"fondadmin","Tempo di lettura stimato":"5 minuti"},"schema":{"@context":"https:\/\/schema.org","@graph":[{"@type":"WebPage","@id":"https:\/\/127.0.0.1\/it\/cultura-dimpresa\/le-tre-biblioteche-aziendali-pirelli-spazi-aperti-e-accoglienti-per-il-piacere-e-la-liberta-della-buona-lettura\/","url":"https:\/\/127.0.0.1\/it\/cultura-dimpresa\/le-tre-biblioteche-aziendali-pirelli-spazi-aperti-e-accoglienti-per-il-piacere-e-la-liberta-della-buona-lettura\/","name":"Le tre biblioteche aziendali Pirelli: spazi aperti e accoglienti per il piacere e la libert\u00e0 della buona lettura - Fondazione Pirelli","isPartOf":{"@id":"https:\/\/www.fondazionepirelli.org\/it\/#website"},"primaryImageOfPage":{"@id":"https:\/\/127.0.0.1\/it\/cultura-dimpresa\/le-tre-biblioteche-aziendali-pirelli-spazi-aperti-e-accoglienti-per-il-piacere-e-la-liberta-della-buona-lettura\/#primaryimage"},"image":{"@id":"https:\/\/127.0.0.1\/it\/cultura-dimpresa\/le-tre-biblioteche-aziendali-pirelli-spazi-aperti-e-accoglienti-per-il-piacere-e-la-liberta-della-buona-lettura\/#primaryimage"},"thumbnailUrl":"https:\/\/wpsite-assets.fondazionepirelli.org\/wp-content\/uploads\/2019\/05\/20101633\/Biblioteca-Pirelli-Bicocca-2-e1557417565389.jpg","datePublished":"2016-10-18T00:00:00+00:00","dateModified":"2019-05-23T16:40:54+00:00","author":{"@id":"https:\/\/www.fondazionepirelli.org\/it\/#\/schema\/person\/f47d097000832c4a6e54538c791fdf25"},"breadcrumb":{"@id":"https:\/\/127.0.0.1\/it\/cultura-dimpresa\/le-tre-biblioteche-aziendali-pirelli-spazi-aperti-e-accoglienti-per-il-piacere-e-la-liberta-della-buona-lettura\/#breadcrumb"},"inLanguage":"it-IT","potentialAction":[{"@type":"ReadAction","target":["https:\/\/127.0.0.1\/it\/cultura-dimpresa\/le-tre-biblioteche-aziendali-pirelli-spazi-aperti-e-accoglienti-per-il-piacere-e-la-liberta-della-buona-lettura\/"]}]},{"@type":"ImageObject","inLanguage":"it-IT","@id":"https:\/\/127.0.0.1\/it\/cultura-dimpresa\/le-tre-biblioteche-aziendali-pirelli-spazi-aperti-e-accoglienti-per-il-piacere-e-la-liberta-della-buona-lettura\/#primaryimage","url":"https:\/\/wpsite-assets.fondazionepirelli.org\/wp-content\/uploads\/2019\/05\/20101633\/Biblioteca-Pirelli-Bicocca-2-e1557417565389.jpg","contentUrl":"https:\/\/wpsite-assets.fondazionepirelli.org\/wp-content\/uploads\/2019\/05\/20101633\/Biblioteca-Pirelli-Bicocca-2-e1557417565389.jpg","width":700,"height":466,"caption":"|Federico Motta;Marco Tronchetti Provera;Lella Costa;Antonio Calabro';Filippo del Corno"},{"@type":"BreadcrumbList","@id":"https:\/\/127.0.0.1\/it\/cultura-dimpresa\/le-tre-biblioteche-aziendali-pirelli-spazi-aperti-e-accoglienti-per-il-piacere-e-la-liberta-della-buona-lettura\/#breadcrumb","itemListElement":[{"@type":"ListItem","position":1,"name":"Home","item":"https:\/\/www.fondazionepirelli.org\/it\/"},{"@type":"ListItem","position":2,"name":"Le tre biblioteche aziendali Pirelli: spazi aperti e accoglienti per il piacere e la libert\u00e0 della buona lettura"}]},{"@type":"WebSite","@id":"https:\/\/www.fondazionepirelli.org\/it\/#website","url":"https:\/\/www.fondazionepirelli.org\/it\/","name":"Fondazione Pirelli","description":"","potentialAction":[{"@type":"SearchAction","target":{"@type":"EntryPoint","urlTemplate":"https:\/\/www.fondazionepirelli.org\/it\/?s={search_term_string}"},"query-input":{"@type":"PropertyValueSpecification","valueRequired":true,"valueName":"search_term_string"}}],"inLanguage":"it-IT"},{"@type":"Person","@id":"https:\/\/www.fondazionepirelli.org\/it\/#\/schema\/person\/f47d097000832c4a6e54538c791fdf25","name":"fondadmin","image":{"@type":"ImageObject","inLanguage":"it-IT","@id":"https:\/\/www.fondazionepirelli.org\/it\/#\/schema\/person\/image\/","url":"https:\/\/secure.gravatar.com\/avatar\/e69498a9175ca244966e51e53c88712c024fcebe41f9a05f75657f1bb25e489b?s=96&d=mm&r=g","contentUrl":"https:\/\/secure.gravatar.com\/avatar\/e69498a9175ca244966e51e53c88712c024fcebe41f9a05f75657f1bb25e489b?s=96&d=mm&r=g","caption":"fondadmin"},"url":"https:\/\/www.fondazionepirelli.org\/it\/author\/fondadmin\/"}]}},"_links":{"self":[{"href":"https:\/\/www.fondazionepirelli.org\/it\/wp-json\/wp\/v2\/posts\/50725\/"}],"collection":[{"href":"https:\/\/www.fondazionepirelli.org\/it\/wp-json\/wp\/v2\/posts\/"}],"about":[{"href":"https:\/\/www.fondazionepirelli.org\/it\/wp-json\/wp\/v2\/types\/post\/"}],"author":[{"embeddable":true,"href":"https:\/\/www.fondazionepirelli.org\/it\/wp-json\/wp\/v2\/users\/1\/"}],"replies":[{"embeddable":true,"href":"https:\/\/www.fondazionepirelli.org\/it\/wp-json\/wp\/v2\/comments\/?post=50725"}],"version-history":[{"count":1,"href":"https:\/\/www.fondazionepirelli.org\/it\/wp-json\/wp\/v2\/posts\/50725\/revisions\/"}],"predecessor-version":[{"id":55859,"href":"https:\/\/www.fondazionepirelli.org\/it\/wp-json\/wp\/v2\/posts\/50725\/revisions\/55859\/"}],"wp:featuredmedia":[{"embeddable":true,"href":"https:\/\/www.fondazionepirelli.org\/it\/wp-json\/wp\/v2\/media\/50718\/"}],"wp:attachment":[{"href":"https:\/\/www.fondazionepirelli.org\/it\/wp-json\/wp\/v2\/media\/?parent=50725"}],"wp:term":[{"taxonomy":"category","embeddable":true,"href":"https:\/\/www.fondazionepirelli.org\/it\/wp-json\/wp\/v2\/categories\/?post=50725"},{"taxonomy":"post_tag","embeddable":true,"href":"https:\/\/www.fondazionepirelli.org\/it\/wp-json\/wp\/v2\/tags\/?post=50725"}],"curies":[{"name":"wp","href":"https:\/\/api.w.org\/{rel}","templated":true}]}}