{"id":50728,"date":"2016-10-11T00:00:00","date_gmt":"2016-10-11T00:00:00","guid":{"rendered":"http:\/\/www.fondazionepirelli.org\/fondazione-pirelli\/letteratura-di-fabbrica\/"},"modified":"2019-10-29T12:35:57","modified_gmt":"2019-10-29T10:35:57","slug":"letteratura-di-fabbrica","status":"publish","type":"post","link":"https:\/\/www.fondazionepirelli.org\/it\/cultura-dimpresa\/letteratura-di-fabbrica\/","title":{"rendered":"Letteratura di fabbrica"},"content":{"rendered":"<p><em>Un libro appena pubblicato racconta il connubio felice fra lettere e impres<\/em>a<\/p>\n<p>L\u2019impresa come luogo di cultura. La fabbrica come centro di produzione ma anche di pensiero. E il contorno ad essa come ambito per un\u2019efficace produzione d\u2019altro: letteratura, arte, filosofia, politica, scienza. A ben vedere, molte sono ormai le imprese che concretizzano tutto questo. \u00a0Ma ve ne sono alcune che continuano ad essere d\u2019esempio. E\u2019 il caso della Olivetti di Ivrea. Fabbrica per eccellenza eppure centro di una cultura forte, che si \u00e8 tramandata negli anni, ben dopo la fabbrica stessa.<\/p>\n<p>Tutto questo rivive in \u201cLa letteratura al tempo di Adriano Olivetti\u201d, libro scritto da Giuseppe Lupo e appena stampato.<\/p>\n<p>Lupo insegna Letteratura italiana all\u2019Universit\u00e0 Cattolica di Milano, \u00e8 scrittore ma, in questo caso, \u00e8 soprattutto da esperto di letteratura industriale che ha composto un volume che non \u00e8 facile affrontare di getto, ma che va letto con cura (magari riletto in alcuni passaggi), per comprendere quanto la fabbrica \u2013 una certa fabbrica -, possa significare per le buone lettere.<\/p>\n<p>Lupo prima di tutto racconta della vicenda della rivista \u201cComunit\u00e0\u201d. Di come questo esperimento tutto sommato durato molti anni, sia nato, cresciuto e si sia sviluppato con fasi e tempi diversi fra di loro. E\u2019 da l\u00ec che buona parte dell\u2019attivit\u00e0 pi\u00f9 spiccatamente letteraria di Adriano Olivetti ha preso moto e forma. Con tutti i contrasti del caso. Tutto, finemente raccontato da Lupo che riesce ad approfondire quando serve farlo e a fissare in poche riga un\u2019immagine, un\u2019idea importante. Come quando scrive: \u201cIl programma che sostiene il periodico \u00e8 chiaro sin dal primo numero e si presenta con tutta la sua forza propositiva, utopica e profetica, nell\u2019articolo che Ignazio Silone consegna ai lettori sotto un titolo suggestivo, colmo di speranza cristiana: <em>Il mondo che nasce<\/em>\u201d. Gi\u00e0, perch\u00e9 come per altre (poche) imprese, anche attorno alla Olivetti ruotano alcuni dei migliori nomi della letteratura e della cultura italiana e straniera.<\/p>\n<p>Lupo quindi racconta il dipanarsi della vicenda che lega Adriano Olivetti e la sua fabbrica alla letteratura. Dopo\u00a0 \u201cComunit\u00e0\u201d, infatti, Lupo racconta del modo di intendere la letteratura da parte del circolo che Olivetti riesce a costruire e poi di come le influenze di queste sia siano fatte sentire e si siano intrecciate con il resto della letteratura italiana del dopoguerra. Arrivando anche a raccontare come la stessa figura di Adriano Olivetti sia stata colta in vario modo da alcuni dei pi\u00f9 noti testi letterari del dopoguerra.<\/p>\n<p>Lo abbiamo gi\u00e0 detto, il libro di Giuseppe Lupo non sempre \u00e8 di facilissima lettura, ma chi voglia davvero arrivare al succo della cultura d\u2019impresa della Olivetti, cio\u00e8 di una grande azienda, non pu\u00f2 fare\u00a0 a meno di leggerlo. Anche solo per arrivare a pagine dense di significato come quella in cui viene riportato un ritratto di Olivetti per le vie di Roma contenuto in <em>Lessico famigliare<\/em> di Natalia Ginzburg: \u201cEra a piedi; andava solo, col suo passo randagio; gli occhi perduti nei suoi sogni perenni, che li velavano di nebbie azzurre. Era vestito come tutti gli altri, ma sembrava, nella folla, un mendicante; e sembrava, nel tempo stesso, anche un re. Un re in esilio\u201d.<\/p><p><strong>La letteratura ai tempi di Adriano Olivetti<\/strong><\/p>\n<p>Giuseppe Lupo<\/p>\n<p>Edizioni di Comunit\u00e0, 2016<\/p>\n","protected":false},"excerpt":{"rendered":"<p>Un libro appena pubblicato racconta il connubio felice fra lettere e impresa L\u2019impresa come luogo di cultura. La fabbrica come centro di produzione ma anche di pensiero. E il contorno ad essa come ambito per un\u2019efficace produzione d\u2019altro: letteratura, arte, filosofia, politica, scienza. A ben vedere, molte sono ormai le imprese che concretizzano tutto questo. [&hellip;]<\/p>\n","protected":false},"author":1,"featured_media":50729,"comment_status":"open","ping_status":"open","sticky":false,"template":"","format":"standard","meta":{"footnotes":""},"categories":[52,58],"tags":[],"class_list":["post-50728","post","type-post","status-publish","format-standard","has-post-thumbnail","hentry","category-cultura-dimpresa","category-recensioni-libri"],"acf":[],"yoast_head":"<!-- This site is optimized with the Yoast SEO plugin v25.0 - https:\/\/yoast.com\/wordpress\/plugins\/seo\/ -->\n<title>Letteratura di fabbrica - Fondazione Pirelli<\/title>\n<meta name=\"robots\" content=\"index, follow, max-snippet:-1, max-image-preview:large, max-video-preview:-1\" \/>\n<link rel=\"canonical\" href=\"https:\/\/www.fondazionepirelli.org\/it\/cultura-dimpresa\/letteratura-di-fabbrica\/\" \/>\n<meta property=\"og:locale\" content=\"it_IT\" \/>\n<meta property=\"og:type\" content=\"article\" \/>\n<meta property=\"og:title\" content=\"Letteratura di fabbrica - Fondazione Pirelli\" \/>\n<meta property=\"og:description\" content=\"Un libro appena pubblicato racconta il connubio felice fra lettere e impresa L\u2019impresa come luogo di cultura. La fabbrica come centro di produzione ma anche di pensiero. E il contorno ad essa come ambito per un\u2019efficace produzione d\u2019altro: letteratura, arte, filosofia, politica, scienza. A ben vedere, molte sono ormai le imprese che concretizzano tutto questo. [&hellip;]\" \/>\n<meta property=\"og:url\" content=\"https:\/\/www.fondazionepirelli.org\/it\/cultura-dimpresa\/letteratura-di-fabbrica\/\" \/>\n<meta property=\"og:site_name\" content=\"Fondazione Pirelli\" \/>\n<meta property=\"article:published_time\" content=\"2016-10-11T00:00:00+00:00\" \/>\n<meta property=\"article:modified_time\" content=\"2019-10-29T10:35:57+00:00\" \/>\n<meta property=\"og:image\" content=\"https:\/\/wpsite-assets.fondazionepirelli.org\/wp-content\/uploads\/2019\/05\/20101632\/lupo_lettaratura_-1.jpg\" \/>\n\t<meta property=\"og:image:width\" content=\"242\" \/>\n\t<meta property=\"og:image:height\" content=\"404\" \/>\n\t<meta property=\"og:image:type\" content=\"image\/jpeg\" \/>\n<meta name=\"author\" content=\"fondadmin\" \/>\n<meta name=\"twitter:card\" content=\"summary_large_image\" \/>\n<meta name=\"twitter:label1\" content=\"Scritto da\" \/>\n\t<meta name=\"twitter:data1\" content=\"fondadmin\" \/>\n\t<meta name=\"twitter:label2\" content=\"Tempo di lettura stimato\" \/>\n\t<meta name=\"twitter:data2\" content=\"3 minuti\" \/>\n<script type=\"application\/ld+json\" class=\"yoast-schema-graph\">{\"@context\":\"https:\/\/schema.org\",\"@graph\":[{\"@type\":\"WebPage\",\"@id\":\"https:\/\/www.fondazionepirelli.org\/it\/cultura-dimpresa\/letteratura-di-fabbrica\/\",\"url\":\"https:\/\/www.fondazionepirelli.org\/it\/cultura-dimpresa\/letteratura-di-fabbrica\/\",\"name\":\"Letteratura di fabbrica - Fondazione Pirelli\",\"isPartOf\":{\"@id\":\"https:\/\/www.fondazionepirelli.org\/it\/#website\"},\"primaryImageOfPage\":{\"@id\":\"https:\/\/www.fondazionepirelli.org\/it\/cultura-dimpresa\/letteratura-di-fabbrica\/#primaryimage\"},\"image\":{\"@id\":\"https:\/\/www.fondazionepirelli.org\/it\/cultura-dimpresa\/letteratura-di-fabbrica\/#primaryimage\"},\"thumbnailUrl\":\"https:\/\/wpsite-assets.fondazionepirelli.org\/wp-content\/uploads\/2019\/05\/20101632\/lupo_lettaratura_-1.jpg\",\"datePublished\":\"2016-10-11T00:00:00+00:00\",\"dateModified\":\"2019-10-29T10:35:57+00:00\",\"author\":{\"@id\":\"https:\/\/www.fondazionepirelli.org\/it\/#\/schema\/person\/f47d097000832c4a6e54538c791fdf25\"},\"breadcrumb\":{\"@id\":\"https:\/\/www.fondazionepirelli.org\/it\/cultura-dimpresa\/letteratura-di-fabbrica\/#breadcrumb\"},\"inLanguage\":\"it-IT\",\"potentialAction\":[{\"@type\":\"ReadAction\",\"target\":[\"https:\/\/www.fondazionepirelli.org\/it\/cultura-dimpresa\/letteratura-di-fabbrica\/\"]}]},{\"@type\":\"ImageObject\",\"inLanguage\":\"it-IT\",\"@id\":\"https:\/\/www.fondazionepirelli.org\/it\/cultura-dimpresa\/letteratura-di-fabbrica\/#primaryimage\",\"url\":\"https:\/\/wpsite-assets.fondazionepirelli.org\/wp-content\/uploads\/2019\/05\/20101632\/lupo_lettaratura_-1.jpg\",\"contentUrl\":\"https:\/\/wpsite-assets.fondazionepirelli.org\/wp-content\/uploads\/2019\/05\/20101632\/lupo_lettaratura_-1.jpg\",\"width\":242,\"height\":404,\"caption\":\"|\"},{\"@type\":\"BreadcrumbList\",\"@id\":\"https:\/\/www.fondazionepirelli.org\/it\/cultura-dimpresa\/letteratura-di-fabbrica\/#breadcrumb\",\"itemListElement\":[{\"@type\":\"ListItem\",\"position\":1,\"name\":\"Home\",\"item\":\"https:\/\/www.fondazionepirelli.org\/it\/\"},{\"@type\":\"ListItem\",\"position\":2,\"name\":\"Letteratura di fabbrica\"}]},{\"@type\":\"WebSite\",\"@id\":\"https:\/\/www.fondazionepirelli.org\/it\/#website\",\"url\":\"https:\/\/www.fondazionepirelli.org\/it\/\",\"name\":\"Fondazione Pirelli\",\"description\":\"\",\"potentialAction\":[{\"@type\":\"SearchAction\",\"target\":{\"@type\":\"EntryPoint\",\"urlTemplate\":\"https:\/\/www.fondazionepirelli.org\/it\/?s={search_term_string}\"},\"query-input\":{\"@type\":\"PropertyValueSpecification\",\"valueRequired\":true,\"valueName\":\"search_term_string\"}}],\"inLanguage\":\"it-IT\"},{\"@type\":\"Person\",\"@id\":\"https:\/\/www.fondazionepirelli.org\/it\/#\/schema\/person\/f47d097000832c4a6e54538c791fdf25\",\"name\":\"fondadmin\",\"image\":{\"@type\":\"ImageObject\",\"inLanguage\":\"it-IT\",\"@id\":\"https:\/\/www.fondazionepirelli.org\/it\/#\/schema\/person\/image\/\",\"url\":\"https:\/\/secure.gravatar.com\/avatar\/e69498a9175ca244966e51e53c88712c024fcebe41f9a05f75657f1bb25e489b?s=96&d=mm&r=g\",\"contentUrl\":\"https:\/\/secure.gravatar.com\/avatar\/e69498a9175ca244966e51e53c88712c024fcebe41f9a05f75657f1bb25e489b?s=96&d=mm&r=g\",\"caption\":\"fondadmin\"},\"url\":\"https:\/\/www.fondazionepirelli.org\/it\/author\/fondadmin\/\"}]}<\/script>\n<!-- \/ Yoast SEO plugin. -->","yoast_head_json":{"title":"Letteratura di fabbrica - Fondazione Pirelli","robots":{"index":"index","follow":"follow","max-snippet":"max-snippet:-1","max-image-preview":"max-image-preview:large","max-video-preview":"max-video-preview:-1"},"canonical":"https:\/\/www.fondazionepirelli.org\/it\/cultura-dimpresa\/letteratura-di-fabbrica\/","og_locale":"it_IT","og_type":"article","og_title":"Letteratura di fabbrica - Fondazione Pirelli","og_description":"Un libro appena pubblicato racconta il connubio felice fra lettere e impresa L\u2019impresa come luogo di cultura. La fabbrica come centro di produzione ma anche di pensiero. E il contorno ad essa come ambito per un\u2019efficace produzione d\u2019altro: letteratura, arte, filosofia, politica, scienza. A ben vedere, molte sono ormai le imprese che concretizzano tutto questo. [&hellip;]","og_url":"https:\/\/www.fondazionepirelli.org\/it\/cultura-dimpresa\/letteratura-di-fabbrica\/","og_site_name":"Fondazione Pirelli","article_published_time":"2016-10-11T00:00:00+00:00","article_modified_time":"2019-10-29T10:35:57+00:00","og_image":[{"width":242,"height":404,"url":"https:\/\/wpsite-assets.fondazionepirelli.org\/wp-content\/uploads\/2019\/05\/20101632\/lupo_lettaratura_-1.jpg","type":"image\/jpeg"}],"author":"fondadmin","twitter_card":"summary_large_image","twitter_misc":{"Scritto da":"fondadmin","Tempo di lettura stimato":"3 minuti"},"schema":{"@context":"https:\/\/schema.org","@graph":[{"@type":"WebPage","@id":"https:\/\/www.fondazionepirelli.org\/it\/cultura-dimpresa\/letteratura-di-fabbrica\/","url":"https:\/\/www.fondazionepirelli.org\/it\/cultura-dimpresa\/letteratura-di-fabbrica\/","name":"Letteratura di fabbrica - Fondazione Pirelli","isPartOf":{"@id":"https:\/\/www.fondazionepirelli.org\/it\/#website"},"primaryImageOfPage":{"@id":"https:\/\/www.fondazionepirelli.org\/it\/cultura-dimpresa\/letteratura-di-fabbrica\/#primaryimage"},"image":{"@id":"https:\/\/www.fondazionepirelli.org\/it\/cultura-dimpresa\/letteratura-di-fabbrica\/#primaryimage"},"thumbnailUrl":"https:\/\/wpsite-assets.fondazionepirelli.org\/wp-content\/uploads\/2019\/05\/20101632\/lupo_lettaratura_-1.jpg","datePublished":"2016-10-11T00:00:00+00:00","dateModified":"2019-10-29T10:35:57+00:00","author":{"@id":"https:\/\/www.fondazionepirelli.org\/it\/#\/schema\/person\/f47d097000832c4a6e54538c791fdf25"},"breadcrumb":{"@id":"https:\/\/www.fondazionepirelli.org\/it\/cultura-dimpresa\/letteratura-di-fabbrica\/#breadcrumb"},"inLanguage":"it-IT","potentialAction":[{"@type":"ReadAction","target":["https:\/\/www.fondazionepirelli.org\/it\/cultura-dimpresa\/letteratura-di-fabbrica\/"]}]},{"@type":"ImageObject","inLanguage":"it-IT","@id":"https:\/\/www.fondazionepirelli.org\/it\/cultura-dimpresa\/letteratura-di-fabbrica\/#primaryimage","url":"https:\/\/wpsite-assets.fondazionepirelli.org\/wp-content\/uploads\/2019\/05\/20101632\/lupo_lettaratura_-1.jpg","contentUrl":"https:\/\/wpsite-assets.fondazionepirelli.org\/wp-content\/uploads\/2019\/05\/20101632\/lupo_lettaratura_-1.jpg","width":242,"height":404,"caption":"|"},{"@type":"BreadcrumbList","@id":"https:\/\/www.fondazionepirelli.org\/it\/cultura-dimpresa\/letteratura-di-fabbrica\/#breadcrumb","itemListElement":[{"@type":"ListItem","position":1,"name":"Home","item":"https:\/\/www.fondazionepirelli.org\/it\/"},{"@type":"ListItem","position":2,"name":"Letteratura di fabbrica"}]},{"@type":"WebSite","@id":"https:\/\/www.fondazionepirelli.org\/it\/#website","url":"https:\/\/www.fondazionepirelli.org\/it\/","name":"Fondazione Pirelli","description":"","potentialAction":[{"@type":"SearchAction","target":{"@type":"EntryPoint","urlTemplate":"https:\/\/www.fondazionepirelli.org\/it\/?s={search_term_string}"},"query-input":{"@type":"PropertyValueSpecification","valueRequired":true,"valueName":"search_term_string"}}],"inLanguage":"it-IT"},{"@type":"Person","@id":"https:\/\/www.fondazionepirelli.org\/it\/#\/schema\/person\/f47d097000832c4a6e54538c791fdf25","name":"fondadmin","image":{"@type":"ImageObject","inLanguage":"it-IT","@id":"https:\/\/www.fondazionepirelli.org\/it\/#\/schema\/person\/image\/","url":"https:\/\/secure.gravatar.com\/avatar\/e69498a9175ca244966e51e53c88712c024fcebe41f9a05f75657f1bb25e489b?s=96&d=mm&r=g","contentUrl":"https:\/\/secure.gravatar.com\/avatar\/e69498a9175ca244966e51e53c88712c024fcebe41f9a05f75657f1bb25e489b?s=96&d=mm&r=g","caption":"fondadmin"},"url":"https:\/\/www.fondazionepirelli.org\/it\/author\/fondadmin\/"}]}},"_links":{"self":[{"href":"https:\/\/www.fondazionepirelli.org\/it\/wp-json\/wp\/v2\/posts\/50728\/"}],"collection":[{"href":"https:\/\/www.fondazionepirelli.org\/it\/wp-json\/wp\/v2\/posts\/"}],"about":[{"href":"https:\/\/www.fondazionepirelli.org\/it\/wp-json\/wp\/v2\/types\/post\/"}],"author":[{"embeddable":true,"href":"https:\/\/www.fondazionepirelli.org\/it\/wp-json\/wp\/v2\/users\/1\/"}],"replies":[{"embeddable":true,"href":"https:\/\/www.fondazionepirelli.org\/it\/wp-json\/wp\/v2\/comments\/?post=50728"}],"version-history":[{"count":1,"href":"https:\/\/www.fondazionepirelli.org\/it\/wp-json\/wp\/v2\/posts\/50728\/revisions\/"}],"predecessor-version":[{"id":70514,"href":"https:\/\/www.fondazionepirelli.org\/it\/wp-json\/wp\/v2\/posts\/50728\/revisions\/70514\/"}],"wp:featuredmedia":[{"embeddable":true,"href":"https:\/\/www.fondazionepirelli.org\/it\/wp-json\/wp\/v2\/media\/50729\/"}],"wp:attachment":[{"href":"https:\/\/www.fondazionepirelli.org\/it\/wp-json\/wp\/v2\/media\/?parent=50728"}],"wp:term":[{"taxonomy":"category","embeddable":true,"href":"https:\/\/www.fondazionepirelli.org\/it\/wp-json\/wp\/v2\/categories\/?post=50728"},{"taxonomy":"post_tag","embeddable":true,"href":"https:\/\/www.fondazionepirelli.org\/it\/wp-json\/wp\/v2\/tags\/?post=50728"}],"curies":[{"name":"wp","href":"https:\/\/api.w.org\/{rel}","templated":true}]}}