{"id":50733,"date":"2016-10-11T00:00:00","date_gmt":"2016-10-11T00:00:00","guid":{"rendered":"http:\/\/www.fondazionepirelli.org\/fondazione-pirelli\/saggrava-la-fuga-dei-cervelli-anche-se-imprese-e-universita-varano-programmi-per-cambiare-corso\/"},"modified":"2019-05-23T16:38:05","modified_gmt":"2019-05-23T16:38:05","slug":"saggrava-la-fuga-dei-cervelli-anche-se-imprese-e-universita-varano-programmi-per-cambiare-corso","status":"publish","type":"post","link":"https:\/\/www.fondazionepirelli.org\/it\/cultura-dimpresa\/saggrava-la-fuga-dei-cervelli-anche-se-imprese-e-universita-varano-programmi-per-cambiare-corso\/","title":{"rendered":"S\u2019aggrava la \u201cfuga dei cervelli\u201d anche se imprese e universit\u00e0  varano programmi per cambiare corso"},"content":{"rendered":"<p><strong>Partire<\/strong> \u00e8 un po\u2019 morire? Suona strano, a dirsi, in tempi di <strong>globalizzazione<\/strong>, movimenti veloci, scambi frenetici, in un mondo che \u00e8 diventato pi\u00f9 piccolo e interconnesso. Eppure \u00e8 proprio il vecchio modo di dire, l\u2019addio, la ferita dei legami e delle radici, a venire in mente quando si legge che nel 2015 sono andati via dall\u2019Italia oltre 107 mila nostri concittadini, pi\u00f9 di un terzo dei quali nell\u2019et\u00e0 (18-34 anni) in cui si va altrove per cercare maggiori e migliori ragioni di lavoro e di vita. Non sono pi\u00f9, \u00e8 vero, le stagioni antiche degli \u201c<strong>emigranti per sempre<\/strong>\u201d, si partiva ragazzi, si tornava a morire nell\u2019antico paese. Ma il dato, frutto della rilevazione annuale della Fondazione Migrantes (una delle pi\u00f9 attive e autorevoli istituzioni della Chiesa), \u00e8 comunque impressionante.<\/p>\n<p>Per parecchi motivi. Intanto, perch\u00e9 \u00e8 sensibilmente pi\u00f9 alto del dato dell\u2019anno precedente (il 6,2% in pi\u00f9) e perch\u00e9 conferma una tendenza in corso da tempo: nell\u2019Italia che ha sub\u00ecto una durissima recessione e continua a crescere pochissimo, le opportunit\u00e0 d\u2019un buon futuro, soprattutto per le nuove generazioni, sono quanto mai rarefatte. Ne sono preoccupati, giustamente, sia il presidente della Repubblica Sergio Mattarella sia il premier Matteo Renzi, che insistono, ognuno a suo modo, sull\u2019importanza di garantire ai nostri giovani un buon futuro in Italia. Ma, auspici politici a parte, il fenomeno \u00e8 grave.<\/p>\n<p>I motivi del cui si parte sono \u201cle offerte di lavoro all\u2019<strong>estero<\/strong>\u201d (23,8%) ma anche la consapevolezza di \u201cmancanza di opportunit\u00e0 in Italia\u201d (38,3%). E tra chi parte ci sono anche 13.807 ragazzini, da 0 a 9 anni: segno che si trasferiscono interi nuclei familiari.<\/p>\n<p>Da dove si parte? Dalla Lombardia, dalla ricca <strong>Lombardia<\/strong>, innanzitutto: pi\u00f9 di 20 mila persone. Poi, il 10mila dal Nord Est industriale. Al terzo posto, c\u2019\u00e8 la Sicilia, con 9.800 partenze. Poi il Lazio (8.400) e poi ancora l\u2019operoso Piemonte (8.200) persone. Facendo un po\u2019 di somme, potremmo dire che da tre delle aree pi\u00f9 economicamente dinamiche e industriose del paese, vanno via il 40% dei nuovi migranti, dei \u201ccervelli in fuga\u201d. E\u2019 un gigantesco impoverimento dell\u2019intero Paese.<\/p>\n<p>Dove vanno? In<strong> Germania<\/strong>, innanzitutto. Ma anche in Uk (i dati sono precedenti alla sconsiderata scelta della Brexit), in Svizzera (anche in questo caso, i dati si riferiscono al periodo precedente alle scelte del referendum svizzero anti-stranieri), in Francia e Brasile.<\/p>\n<p>Fatte le somme, in 10 anni gli italiani residenti all\u2019estero sono 4,8 milioni, con un aumento, nel periodo considerato, del 55%. Proprio i 10 anni della Grande Crisi.<\/p>\n<p>In realt\u00e0, i dati sono molto pi\u00f9 pesanti. Perch\u00e9 non tutti quelli che se ne vanno si iscrivono all\u2019Aire, l\u2019Anagrafe italiana dei residenti all\u2019estero. La Farnesina stima oltre 5 milioni, attendibili dati tedeschi parlano dei quadruplo degli iscritti all\u2019Aire.<\/p>\n<p>L\u2019Italia insomma, anche le sue citt\u00e0 pi\u00f9 attive, non \u00e8 attrattiva.<\/p>\n<p>Ma il quadro non pu\u00f2 essere tracciato solo con questo colori. Perch\u00e9 per esempio aumenta costantemente il numero degli studenti stranieri che scelgono i corsi di base e i master in Bocconi a Milano e nei Politecnici di Milano e Torino. Perch\u00e9 Apple, a Napoli, con i giovani laureati campani, sta sperimentando un\u2019iniziativa di grande successo. Perch\u00e9 multinazionali come Siemens e Bayer e General Electric proprio sull\u2019Italia e sul suo eccellente capitale umano fanno <strong>leva<\/strong> per investimenti particolarmente innovativi. E perch\u00e9, dopo gli anni del declino, l\u2019Italia (con Milano in prima linea, smart city) \u00e8 tornata a essere attrattiva per gli <strong>investimenti<\/strong> internazionali, mentre pur timidamente in parecchie universit\u00e0 partono iniziative per attrarre professori di livello internazionale, al di fuori delle antiche clientele di casta e famiglia. Qualche \u201ccervello\u201d torna, \u00e8 vero. Ma sempre tra infinite difficolt\u00e0.<\/p>\n<p>Numeri bassi, di fronte all\u2019emorragia di cervelli di cui abbiamo detto. Eppure leva per rifare politica. Investendo molto di pi\u00f9, a livello pubblico, in innovazione, ricerca, formazione. E\u2019 la scommessa del futuro.<\/p>\n","protected":false},"excerpt":{"rendered":"<p>Partire \u00e8 un po\u2019 morire? Suona strano, a dirsi, in tempi di globalizzazione, movimenti veloci, scambi frenetici, in un mondo che \u00e8 diventato pi\u00f9 piccolo e interconnesso. Eppure \u00e8 proprio il vecchio modo di dire, l\u2019addio, la ferita dei legami e delle radici, a venire in mente quando si legge che nel 2015 sono andati [&hellip;]<\/p>\n","protected":false},"author":1,"featured_media":50734,"comment_status":"open","ping_status":"open","sticky":false,"template":"","format":"standard","meta":{"footnotes":""},"categories":[53,52],"tags":[],"class_list":["post-50733","post","type-post","status-publish","format-standard","has-post-thumbnail","hentry","category-blog","category-cultura-dimpresa"],"acf":[],"yoast_head":"<!-- This site is optimized with the Yoast SEO plugin v25.0 - https:\/\/yoast.com\/wordpress\/plugins\/seo\/ -->\n<title>S\u2019aggrava la \u201cfuga dei cervelli\u201d anche se imprese e universit\u00e0 varano programmi per cambiare corso - Fondazione Pirelli<\/title>\n<meta name=\"robots\" content=\"index, follow, max-snippet:-1, max-image-preview:large, max-video-preview:-1\" \/>\n<link rel=\"canonical\" href=\"https:\/\/www.fondazionepirelli.org\/it\/cultura-dimpresa\/saggrava-la-fuga-dei-cervelli-anche-se-imprese-e-universita-varano-programmi-per-cambiare-corso\/\" \/>\n<meta property=\"og:locale\" content=\"it_IT\" \/>\n<meta property=\"og:type\" content=\"article\" \/>\n<meta property=\"og:title\" content=\"S\u2019aggrava la \u201cfuga dei cervelli\u201d anche se imprese e universit\u00e0 varano programmi per cambiare corso - Fondazione Pirelli\" \/>\n<meta property=\"og:description\" content=\"Partire \u00e8 un po\u2019 morire? Suona strano, a dirsi, in tempi di globalizzazione, movimenti veloci, scambi frenetici, in un mondo che \u00e8 diventato pi\u00f9 piccolo e interconnesso. Eppure \u00e8 proprio il vecchio modo di dire, l\u2019addio, la ferita dei legami e delle radici, a venire in mente quando si legge che nel 2015 sono andati [&hellip;]\" \/>\n<meta property=\"og:url\" content=\"https:\/\/127.0.0.1\/it\/cultura-dimpresa\/saggrava-la-fuga-dei-cervelli-anche-se-imprese-e-universita-varano-programmi-per-cambiare-corso\/\" \/>\n<meta property=\"og:site_name\" content=\"Fondazione Pirelli\" \/>\n<meta property=\"article:published_time\" content=\"2016-10-11T00:00:00+00:00\" \/>\n<meta property=\"article:modified_time\" content=\"2019-05-23T16:38:05+00:00\" \/>\n<meta property=\"og:image\" content=\"https:\/\/wpsite-assets.fondazionepirelli.org\/wp-content\/uploads\/2019\/05\/20101629\/valigia-per-lEuropa-Shutterstock-744x445-e1558629470510.jpg\" \/>\n\t<meta property=\"og:image:width\" content=\"600\" \/>\n\t<meta property=\"og:image:height\" content=\"359\" \/>\n\t<meta property=\"og:image:type\" content=\"image\/jpeg\" \/>\n<meta name=\"author\" content=\"fondadmin\" \/>\n<meta name=\"twitter:card\" content=\"summary_large_image\" \/>\n<meta name=\"twitter:label1\" content=\"Scritto da\" \/>\n\t<meta name=\"twitter:data1\" content=\"fondadmin\" \/>\n\t<meta name=\"twitter:label2\" content=\"Tempo di lettura stimato\" \/>\n\t<meta name=\"twitter:data2\" content=\"3 minuti\" \/>\n<script type=\"application\/ld+json\" class=\"yoast-schema-graph\">{\"@context\":\"https:\/\/schema.org\",\"@graph\":[{\"@type\":\"WebPage\",\"@id\":\"https:\/\/127.0.0.1\/it\/cultura-dimpresa\/saggrava-la-fuga-dei-cervelli-anche-se-imprese-e-universita-varano-programmi-per-cambiare-corso\/\",\"url\":\"https:\/\/127.0.0.1\/it\/cultura-dimpresa\/saggrava-la-fuga-dei-cervelli-anche-se-imprese-e-universita-varano-programmi-per-cambiare-corso\/\",\"name\":\"S\u2019aggrava la \u201cfuga dei cervelli\u201d anche se imprese e universit\u00e0 varano programmi per cambiare corso - Fondazione Pirelli\",\"isPartOf\":{\"@id\":\"https:\/\/www.fondazionepirelli.org\/it\/#website\"},\"primaryImageOfPage\":{\"@id\":\"https:\/\/127.0.0.1\/it\/cultura-dimpresa\/saggrava-la-fuga-dei-cervelli-anche-se-imprese-e-universita-varano-programmi-per-cambiare-corso\/#primaryimage\"},\"image\":{\"@id\":\"https:\/\/127.0.0.1\/it\/cultura-dimpresa\/saggrava-la-fuga-dei-cervelli-anche-se-imprese-e-universita-varano-programmi-per-cambiare-corso\/#primaryimage\"},\"thumbnailUrl\":\"https:\/\/wpsite-assets.fondazionepirelli.org\/wp-content\/uploads\/2019\/05\/20101629\/valigia-per-lEuropa-Shutterstock-744x445-e1558629470510.jpg\",\"datePublished\":\"2016-10-11T00:00:00+00:00\",\"dateModified\":\"2019-05-23T16:38:05+00:00\",\"author\":{\"@id\":\"https:\/\/www.fondazionepirelli.org\/it\/#\/schema\/person\/f47d097000832c4a6e54538c791fdf25\"},\"breadcrumb\":{\"@id\":\"https:\/\/127.0.0.1\/it\/cultura-dimpresa\/saggrava-la-fuga-dei-cervelli-anche-se-imprese-e-universita-varano-programmi-per-cambiare-corso\/#breadcrumb\"},\"inLanguage\":\"it-IT\",\"potentialAction\":[{\"@type\":\"ReadAction\",\"target\":[\"https:\/\/127.0.0.1\/it\/cultura-dimpresa\/saggrava-la-fuga-dei-cervelli-anche-se-imprese-e-universita-varano-programmi-per-cambiare-corso\/\"]}]},{\"@type\":\"ImageObject\",\"inLanguage\":\"it-IT\",\"@id\":\"https:\/\/127.0.0.1\/it\/cultura-dimpresa\/saggrava-la-fuga-dei-cervelli-anche-se-imprese-e-universita-varano-programmi-per-cambiare-corso\/#primaryimage\",\"url\":\"https:\/\/wpsite-assets.fondazionepirelli.org\/wp-content\/uploads\/2019\/05\/20101629\/valigia-per-lEuropa-Shutterstock-744x445-e1558629470510.jpg\",\"contentUrl\":\"https:\/\/wpsite-assets.fondazionepirelli.org\/wp-content\/uploads\/2019\/05\/20101629\/valigia-per-lEuropa-Shutterstock-744x445-e1558629470510.jpg\",\"width\":600,\"height\":359},{\"@type\":\"BreadcrumbList\",\"@id\":\"https:\/\/127.0.0.1\/it\/cultura-dimpresa\/saggrava-la-fuga-dei-cervelli-anche-se-imprese-e-universita-varano-programmi-per-cambiare-corso\/#breadcrumb\",\"itemListElement\":[{\"@type\":\"ListItem\",\"position\":1,\"name\":\"Home\",\"item\":\"https:\/\/www.fondazionepirelli.org\/it\/\"},{\"@type\":\"ListItem\",\"position\":2,\"name\":\"S\u2019aggrava la \u201cfuga dei cervelli\u201d anche se imprese e universit\u00e0 varano programmi per cambiare corso\"}]},{\"@type\":\"WebSite\",\"@id\":\"https:\/\/www.fondazionepirelli.org\/it\/#website\",\"url\":\"https:\/\/www.fondazionepirelli.org\/it\/\",\"name\":\"Fondazione Pirelli\",\"description\":\"\",\"potentialAction\":[{\"@type\":\"SearchAction\",\"target\":{\"@type\":\"EntryPoint\",\"urlTemplate\":\"https:\/\/www.fondazionepirelli.org\/it\/?s={search_term_string}\"},\"query-input\":{\"@type\":\"PropertyValueSpecification\",\"valueRequired\":true,\"valueName\":\"search_term_string\"}}],\"inLanguage\":\"it-IT\"},{\"@type\":\"Person\",\"@id\":\"https:\/\/www.fondazionepirelli.org\/it\/#\/schema\/person\/f47d097000832c4a6e54538c791fdf25\",\"name\":\"fondadmin\",\"image\":{\"@type\":\"ImageObject\",\"inLanguage\":\"it-IT\",\"@id\":\"https:\/\/www.fondazionepirelli.org\/it\/#\/schema\/person\/image\/\",\"url\":\"https:\/\/secure.gravatar.com\/avatar\/e69498a9175ca244966e51e53c88712c024fcebe41f9a05f75657f1bb25e489b?s=96&d=mm&r=g\",\"contentUrl\":\"https:\/\/secure.gravatar.com\/avatar\/e69498a9175ca244966e51e53c88712c024fcebe41f9a05f75657f1bb25e489b?s=96&d=mm&r=g\",\"caption\":\"fondadmin\"},\"url\":\"https:\/\/www.fondazionepirelli.org\/it\/author\/fondadmin\/\"}]}<\/script>\n<!-- \/ Yoast SEO plugin. -->","yoast_head_json":{"title":"S\u2019aggrava la \u201cfuga dei cervelli\u201d anche se imprese e universit\u00e0 varano programmi per cambiare corso - Fondazione Pirelli","robots":{"index":"index","follow":"follow","max-snippet":"max-snippet:-1","max-image-preview":"max-image-preview:large","max-video-preview":"max-video-preview:-1"},"canonical":"https:\/\/www.fondazionepirelli.org\/it\/cultura-dimpresa\/saggrava-la-fuga-dei-cervelli-anche-se-imprese-e-universita-varano-programmi-per-cambiare-corso\/","og_locale":"it_IT","og_type":"article","og_title":"S\u2019aggrava la \u201cfuga dei cervelli\u201d anche se imprese e universit\u00e0 varano programmi per cambiare corso - Fondazione Pirelli","og_description":"Partire \u00e8 un po\u2019 morire? Suona strano, a dirsi, in tempi di globalizzazione, movimenti veloci, scambi frenetici, in un mondo che \u00e8 diventato pi\u00f9 piccolo e interconnesso. Eppure \u00e8 proprio il vecchio modo di dire, l\u2019addio, la ferita dei legami e delle radici, a venire in mente quando si legge che nel 2015 sono andati [&hellip;]","og_url":"https:\/\/127.0.0.1\/it\/cultura-dimpresa\/saggrava-la-fuga-dei-cervelli-anche-se-imprese-e-universita-varano-programmi-per-cambiare-corso\/","og_site_name":"Fondazione Pirelli","article_published_time":"2016-10-11T00:00:00+00:00","article_modified_time":"2019-05-23T16:38:05+00:00","og_image":[{"width":600,"height":359,"url":"https:\/\/wpsite-assets.fondazionepirelli.org\/wp-content\/uploads\/2019\/05\/20101629\/valigia-per-lEuropa-Shutterstock-744x445-e1558629470510.jpg","type":"image\/jpeg"}],"author":"fondadmin","twitter_card":"summary_large_image","twitter_misc":{"Scritto da":"fondadmin","Tempo di lettura stimato":"3 minuti"},"schema":{"@context":"https:\/\/schema.org","@graph":[{"@type":"WebPage","@id":"https:\/\/127.0.0.1\/it\/cultura-dimpresa\/saggrava-la-fuga-dei-cervelli-anche-se-imprese-e-universita-varano-programmi-per-cambiare-corso\/","url":"https:\/\/127.0.0.1\/it\/cultura-dimpresa\/saggrava-la-fuga-dei-cervelli-anche-se-imprese-e-universita-varano-programmi-per-cambiare-corso\/","name":"S\u2019aggrava la \u201cfuga dei cervelli\u201d anche se imprese e universit\u00e0 varano programmi per cambiare corso - Fondazione Pirelli","isPartOf":{"@id":"https:\/\/www.fondazionepirelli.org\/it\/#website"},"primaryImageOfPage":{"@id":"https:\/\/127.0.0.1\/it\/cultura-dimpresa\/saggrava-la-fuga-dei-cervelli-anche-se-imprese-e-universita-varano-programmi-per-cambiare-corso\/#primaryimage"},"image":{"@id":"https:\/\/127.0.0.1\/it\/cultura-dimpresa\/saggrava-la-fuga-dei-cervelli-anche-se-imprese-e-universita-varano-programmi-per-cambiare-corso\/#primaryimage"},"thumbnailUrl":"https:\/\/wpsite-assets.fondazionepirelli.org\/wp-content\/uploads\/2019\/05\/20101629\/valigia-per-lEuropa-Shutterstock-744x445-e1558629470510.jpg","datePublished":"2016-10-11T00:00:00+00:00","dateModified":"2019-05-23T16:38:05+00:00","author":{"@id":"https:\/\/www.fondazionepirelli.org\/it\/#\/schema\/person\/f47d097000832c4a6e54538c791fdf25"},"breadcrumb":{"@id":"https:\/\/127.0.0.1\/it\/cultura-dimpresa\/saggrava-la-fuga-dei-cervelli-anche-se-imprese-e-universita-varano-programmi-per-cambiare-corso\/#breadcrumb"},"inLanguage":"it-IT","potentialAction":[{"@type":"ReadAction","target":["https:\/\/127.0.0.1\/it\/cultura-dimpresa\/saggrava-la-fuga-dei-cervelli-anche-se-imprese-e-universita-varano-programmi-per-cambiare-corso\/"]}]},{"@type":"ImageObject","inLanguage":"it-IT","@id":"https:\/\/127.0.0.1\/it\/cultura-dimpresa\/saggrava-la-fuga-dei-cervelli-anche-se-imprese-e-universita-varano-programmi-per-cambiare-corso\/#primaryimage","url":"https:\/\/wpsite-assets.fondazionepirelli.org\/wp-content\/uploads\/2019\/05\/20101629\/valigia-per-lEuropa-Shutterstock-744x445-e1558629470510.jpg","contentUrl":"https:\/\/wpsite-assets.fondazionepirelli.org\/wp-content\/uploads\/2019\/05\/20101629\/valigia-per-lEuropa-Shutterstock-744x445-e1558629470510.jpg","width":600,"height":359},{"@type":"BreadcrumbList","@id":"https:\/\/127.0.0.1\/it\/cultura-dimpresa\/saggrava-la-fuga-dei-cervelli-anche-se-imprese-e-universita-varano-programmi-per-cambiare-corso\/#breadcrumb","itemListElement":[{"@type":"ListItem","position":1,"name":"Home","item":"https:\/\/www.fondazionepirelli.org\/it\/"},{"@type":"ListItem","position":2,"name":"S\u2019aggrava la \u201cfuga dei cervelli\u201d anche se imprese e universit\u00e0 varano programmi per cambiare corso"}]},{"@type":"WebSite","@id":"https:\/\/www.fondazionepirelli.org\/it\/#website","url":"https:\/\/www.fondazionepirelli.org\/it\/","name":"Fondazione Pirelli","description":"","potentialAction":[{"@type":"SearchAction","target":{"@type":"EntryPoint","urlTemplate":"https:\/\/www.fondazionepirelli.org\/it\/?s={search_term_string}"},"query-input":{"@type":"PropertyValueSpecification","valueRequired":true,"valueName":"search_term_string"}}],"inLanguage":"it-IT"},{"@type":"Person","@id":"https:\/\/www.fondazionepirelli.org\/it\/#\/schema\/person\/f47d097000832c4a6e54538c791fdf25","name":"fondadmin","image":{"@type":"ImageObject","inLanguage":"it-IT","@id":"https:\/\/www.fondazionepirelli.org\/it\/#\/schema\/person\/image\/","url":"https:\/\/secure.gravatar.com\/avatar\/e69498a9175ca244966e51e53c88712c024fcebe41f9a05f75657f1bb25e489b?s=96&d=mm&r=g","contentUrl":"https:\/\/secure.gravatar.com\/avatar\/e69498a9175ca244966e51e53c88712c024fcebe41f9a05f75657f1bb25e489b?s=96&d=mm&r=g","caption":"fondadmin"},"url":"https:\/\/www.fondazionepirelli.org\/it\/author\/fondadmin\/"}]}},"_links":{"self":[{"href":"https:\/\/www.fondazionepirelli.org\/it\/wp-json\/wp\/v2\/posts\/50733\/"}],"collection":[{"href":"https:\/\/www.fondazionepirelli.org\/it\/wp-json\/wp\/v2\/posts\/"}],"about":[{"href":"https:\/\/www.fondazionepirelli.org\/it\/wp-json\/wp\/v2\/types\/post\/"}],"author":[{"embeddable":true,"href":"https:\/\/www.fondazionepirelli.org\/it\/wp-json\/wp\/v2\/users\/1\/"}],"replies":[{"embeddable":true,"href":"https:\/\/www.fondazionepirelli.org\/it\/wp-json\/wp\/v2\/comments\/?post=50733"}],"version-history":[{"count":2,"href":"https:\/\/www.fondazionepirelli.org\/it\/wp-json\/wp\/v2\/posts\/50733\/revisions\/"}],"predecessor-version":[{"id":55858,"href":"https:\/\/www.fondazionepirelli.org\/it\/wp-json\/wp\/v2\/posts\/50733\/revisions\/55858\/"}],"wp:featuredmedia":[{"embeddable":true,"href":"https:\/\/www.fondazionepirelli.org\/it\/wp-json\/wp\/v2\/media\/50734\/"}],"wp:attachment":[{"href":"https:\/\/www.fondazionepirelli.org\/it\/wp-json\/wp\/v2\/media\/?parent=50733"}],"wp:term":[{"taxonomy":"category","embeddable":true,"href":"https:\/\/www.fondazionepirelli.org\/it\/wp-json\/wp\/v2\/categories\/?post=50733"},{"taxonomy":"post_tag","embeddable":true,"href":"https:\/\/www.fondazionepirelli.org\/it\/wp-json\/wp\/v2\/tags\/?post=50733"}],"curies":[{"name":"wp","href":"https:\/\/api.w.org\/{rel}","templated":true}]}}