{"id":50749,"date":"2016-10-06T00:00:00","date_gmt":"2016-10-06T00:00:00","guid":{"rendered":"http:\/\/www.fondazionepirelli.org\/fondazione-pirelli\/pirelli-e-la-lettura-dalla-biblioteca-circolante-degli-anni-venti-alle-nuove-biblioteche-di-oggi\/"},"modified":"2021-10-06T08:47:01","modified_gmt":"2021-10-06T07:47:01","slug":"pirelli-e-la-lettura-dalla-biblioteca-circolante-degli-anni-venti-alle-nuove-biblioteche-di-oggi","status":"publish","type":"post","link":"https:\/\/www.fondazionepirelli.org\/it\/biblioteche\/pirelli-e-la-lettura-dalla-biblioteca-circolante-degli-anni-venti-alle-nuove-biblioteche-di-oggi\/","title":{"rendered":"Pirelli e la lettura: dalla Biblioteca Circolante degli anni Venti alle nuove biblioteche di oggi"},"content":{"rendered":"<p style=\"text-align: justify;\">E\u2019 del 23 ottobre <strong>1928<\/strong> il primo documento conservato del nostro Archivio storico in cui si fa riferimento alla biblioteca aziendale: si trattava di una biblioteca circolante a disposizione del personale iscritto al \u201cDopolavoro Aziende Pirelli\u201d, con 800 volumi e un vero e proprio regolamento. La \u201c<em>Ditta, oltre che supportare gli oneri dell\u2019amministrazione della Biblioteca, concorrer\u00e0 al suo incremento con una somma annua per l\u2019acquisto di nuove opere\u201d<\/em>; il prestito non poteva superare i 20 giorni, per un massimo di 2 libri a richiesta. Negli anni successivi la biblioteca trov\u00f2 una sua collocazione all\u2019interno della <strong>Bicocca degli Arcimboldi<\/strong>, e &#8211; dopo un periodo di chiusura durante la guerra \u2013 fu riaperta nell\u2019ottobre del <strong>1945<\/strong> in una nuova sede. Il \u201cNotiziario Pirelli\u201d del 1\u00b0 febbraio 1946 faceva infatti riferimento all\u2019apertura di una \u201cSezione della nostra Biblioteca a Milano-Brusada in un locale al 2\u00b0 piano di Via G.B Pirelli\u201d nata con l\u2019obiettivo\u00a0 di \u201c<em>aumentare il numero dei volumi con opportuni acquisti per fornire a tutti quel <strong>mezzo potente<\/strong> di ricreazione e di educazione che \u00e8 il libro\u201d<\/em>. Nel 1946 erano circa 3000 i volumi della nuova biblioteca, scelti dai lavoratori attraverso i cataloghi messi a disposizione dall\u2019azienda. L\u2019importanza attribuita da Pirelli alla diffusione della lettura tra i suoi dipendenti \u00e8 evidente inoltre nel \u201cNotiziario Pirelli\u201d dal titolo \u201cIl lavoratore non legge\u201d: \u201c<em>bisogna andare incontro al lavoratore dopo le fatiche e i disagi della sua giornata lavorativa e cercare di facilitargli la vita intima suscitando in lui il <strong>desiderio di spaziare<\/strong> al di fuori del clima di fabbrica\u201d<\/em>. E\u2019 in quest\u2019ambito che nasce per iniziativa del Comitato di Redazione del Notiziario il <strong>Centro Culturale Pirelli.<\/strong> Come racconter\u00e0 Silvestro Severgnini, promotore del Centro Culturale, in <em>La cultura come il pane<\/em> per la rivista \u201cPirelli\u201d del 1951, il Centro nacque con lo scopo di \u201c<em>raggruppare e coordinare varie iniziative a carattere educativo gi\u00e0 esistenti nell\u2019ambito della nostra Ditta o tuttora allo studio con lo scopo di tendere al miglioramento del livello medio culturale dei lavoratori\u201d<\/em>. Tra le attivit\u00e0 del Centro: non solo la \u201cbiblioteca Pirelli\u201d, ma anche le \u201criunioni in fabbrica\u201d, la \u201cscuola interna di selezionamento\u201d, eventi musicali e teatrali, mostre e rassegne cinematografiche, convegni a cui erano invitati scrittori e artisti di fama mondiale, come Milan Kundera e Cesare Zavattini.<\/p>\n<p style=\"text-align: justify;\">Negli anni successivi la biblioteca crescer\u00e0 fino a raggiungere i <strong>10.000<\/strong> volumi nel 1956; nel 1957 un\u2019intera pagina di \u201cFatti e notizie\u201d \u00e8 dedicata al rinnovo della biblioteca, che si dota di nuovi spazi in viale Sarca 183, dove rimarr\u00e0 fino al 1972. La novit\u00e0 era la sala di lettura dedicata a giornali e riviste e alla consultazione dei libri direttamente dagli scaffali. I prestiti librari erano saliti a 50.000 unit\u00e0, segno tangibile dell\u2019interesse di moltissimi dipendenti per la lettura. Nel 1972 la biblioteca aziendale venne trasferita dal fabbricato \u201cAttivit\u00e0 Creative\u201d al fabbricato 120, sempre in viale Sarca, dove venne predisposto uno sportello gestito dal \u201cGruppo Attivit\u00e0 sociali\u201d. Per i suoi ricercatori e ingegneri Pirelli aveva messo a disposizione anche una Biblioteca Tecnico-Scientifica composta da circa 16000 volumi sulla tecnologia della gomma e dei cavi dall\u2019Ottocento fino ai nostri giorni. Dal 2010 tale biblioteca \u00e8 consultabile presso la Fondazione Pirelli.<\/p>\n<p style=\"text-align: justify;\">Oggi Pirelli, in linea con questa lunga tradizione e a supporto di <strong>#ioleggoperch\u00e9,<\/strong> iniziativa promossa da AIE (AssociazioneItaliana Editori) a favore della lettura, aprir\u00e0 a breve due nuove biblioteche aziendali nell\u2019<strong>Headquartes di Milano Bicocca<\/strong> e nella fabbrica di<strong> Bollate<\/strong>, sulla scia della positiva esperienza della Biblioteca aziendale del <strong>Polo Industriale di Settimo Torinese<\/strong>, attualmente la prima biblioteca privata inserita nello Sbam (Sistema bibliotecario dell\u2019area metropolitana torinese). I cataloghi delle tre biblioteche aziendali saranno arricchiti annualmente di nuovi volumi, anche con libri di letteratura per l\u2019infanzia.<\/p>\n<p style=\"text-align: justify;\">Lo stesso spirito che ha animato la prima biblioteca circolante del 1928 continua ancora oggi attraverso l\u2019apertura di queste nuove biblioteche aziendali, creando cos\u00ec un nuovo punto di incontro in cui la lettura \u00e8 canale di comunicazione, di scambio e aggregazione. Le iniziative legate alle tre biblioteche Pirelli sono infatti parte integrate dei numerosi progetti dell&#8217;Azienda volti al miglioramento della qualit\u00e0 della vita e dell\u2019ambiente di lavoro.<\/p>\n","protected":false},"excerpt":{"rendered":"<p>E\u2019 del 23 ottobre 1928 il primo documento conservato del nostro Archivio storico in cui si fa riferimento alla biblioteca aziendale: si trattava di una biblioteca circolante a disposizione del personale iscritto al \u201cDopolavoro Aziende Pirelli\u201d, con 800 volumi e un vero e proprio regolamento. La \u201cDitta, oltre che supportare gli oneri dell\u2019amministrazione della Biblioteca, [&hellip;]<\/p>\n","protected":false},"author":1,"featured_media":50750,"comment_status":"open","ping_status":"open","sticky":false,"template":"","format":"standard","meta":{"footnotes":""},"categories":[61,128],"tags":[],"class_list":["post-50749","post","type-post","status-publish","format-standard","has-post-thumbnail","hentry","category-biblioteche","category-la-biblioteca-tecnico-scientifica"],"acf":[],"yoast_head":"<!-- This site is optimized with the Yoast SEO plugin v25.0 - https:\/\/yoast.com\/wordpress\/plugins\/seo\/ -->\n<title>Pirelli e la lettura | Fondazione Pirelli<\/title>\n<meta name=\"description\" content=\"Dalla Biblioteca Circolante degli anni Venti alle biblioteche Pirelli di oggi, scopri di pi\u00f9 sul rapporto tra Pirelli e la lettura su fondazionepirelli.org\" \/>\n<meta name=\"robots\" content=\"index, follow, max-snippet:-1, max-image-preview:large, max-video-preview:-1\" \/>\n<link rel=\"canonical\" href=\"https:\/\/www.fondazionepirelli.org\/it\/biblioteche\/pirelli-e-la-lettura-dalla-biblioteca-circolante-degli-anni-venti-alle-nuove-biblioteche-di-oggi\/\" \/>\n<meta property=\"og:locale\" content=\"it_IT\" \/>\n<meta property=\"og:type\" content=\"article\" \/>\n<meta property=\"og:title\" content=\"Pirelli e la lettura | Fondazione Pirelli\" \/>\n<meta property=\"og:description\" content=\"Dalla Biblioteca Circolante degli anni Venti alle biblioteche Pirelli di oggi, scopri di pi\u00f9 sul rapporto tra Pirelli e la lettura su fondazionepirelli.org\" \/>\n<meta property=\"og:url\" content=\"https:\/\/127.0.0.1\/it\/biblioteche\/pirelli-e-la-lettura-dalla-biblioteca-circolante-degli-anni-venti-alle-nuove-biblioteche-di-oggi\/\" \/>\n<meta property=\"og:site_name\" content=\"Fondazione Pirelli\" \/>\n<meta property=\"article:published_time\" content=\"2016-10-06T00:00:00+00:00\" \/>\n<meta property=\"article:modified_time\" content=\"2021-10-06T07:47:01+00:00\" \/>\n<meta property=\"og:image\" content=\"https:\/\/wpsite-assets.fondazionepirelli.org\/wp-content\/uploads\/2019\/05\/20101627\/1946_1-e1557417380123.jpg\" \/>\n\t<meta property=\"og:image:width\" content=\"700\" \/>\n\t<meta property=\"og:image:height\" content=\"439\" \/>\n\t<meta property=\"og:image:type\" content=\"image\/jpeg\" \/>\n<meta name=\"author\" content=\"fondadmin\" \/>\n<meta name=\"twitter:card\" content=\"summary_large_image\" \/>\n<meta name=\"twitter:label1\" content=\"Scritto da\" \/>\n\t<meta name=\"twitter:data1\" content=\"fondadmin\" \/>\n\t<meta name=\"twitter:label2\" content=\"Tempo di lettura stimato\" \/>\n\t<meta name=\"twitter:data2\" content=\"3 minuti\" \/>\n<script type=\"application\/ld+json\" class=\"yoast-schema-graph\">{\"@context\":\"https:\/\/schema.org\",\"@graph\":[{\"@type\":\"WebPage\",\"@id\":\"https:\/\/127.0.0.1\/it\/biblioteche\/pirelli-e-la-lettura-dalla-biblioteca-circolante-degli-anni-venti-alle-nuove-biblioteche-di-oggi\/\",\"url\":\"https:\/\/127.0.0.1\/it\/biblioteche\/pirelli-e-la-lettura-dalla-biblioteca-circolante-degli-anni-venti-alle-nuove-biblioteche-di-oggi\/\",\"name\":\"Pirelli e la lettura | Fondazione Pirelli\",\"isPartOf\":{\"@id\":\"https:\/\/www.fondazionepirelli.org\/it\/#website\"},\"primaryImageOfPage\":{\"@id\":\"https:\/\/127.0.0.1\/it\/biblioteche\/pirelli-e-la-lettura-dalla-biblioteca-circolante-degli-anni-venti-alle-nuove-biblioteche-di-oggi\/#primaryimage\"},\"image\":{\"@id\":\"https:\/\/127.0.0.1\/it\/biblioteche\/pirelli-e-la-lettura-dalla-biblioteca-circolante-degli-anni-venti-alle-nuove-biblioteche-di-oggi\/#primaryimage\"},\"thumbnailUrl\":\"https:\/\/wpsite-assets.fondazionepirelli.org\/wp-content\/uploads\/2019\/05\/20101627\/1946_1-e1557417380123.jpg\",\"datePublished\":\"2016-10-06T00:00:00+00:00\",\"dateModified\":\"2021-10-06T07:47:01+00:00\",\"author\":{\"@id\":\"https:\/\/www.fondazionepirelli.org\/it\/#\/schema\/person\/f47d097000832c4a6e54538c791fdf25\"},\"description\":\"Dalla Biblioteca Circolante degli anni Venti alle biblioteche Pirelli di oggi, scopri di pi\u00f9 sul rapporto tra Pirelli e la lettura su fondazionepirelli.org\",\"breadcrumb\":{\"@id\":\"https:\/\/127.0.0.1\/it\/biblioteche\/pirelli-e-la-lettura-dalla-biblioteca-circolante-degli-anni-venti-alle-nuove-biblioteche-di-oggi\/#breadcrumb\"},\"inLanguage\":\"it-IT\",\"potentialAction\":[{\"@type\":\"ReadAction\",\"target\":[\"https:\/\/127.0.0.1\/it\/biblioteche\/pirelli-e-la-lettura-dalla-biblioteca-circolante-degli-anni-venti-alle-nuove-biblioteche-di-oggi\/\"]}]},{\"@type\":\"ImageObject\",\"inLanguage\":\"it-IT\",\"@id\":\"https:\/\/127.0.0.1\/it\/biblioteche\/pirelli-e-la-lettura-dalla-biblioteca-circolante-degli-anni-venti-alle-nuove-biblioteche-di-oggi\/#primaryimage\",\"url\":\"https:\/\/wpsite-assets.fondazionepirelli.org\/wp-content\/uploads\/2019\/05\/20101627\/1946_1-e1557417380123.jpg\",\"contentUrl\":\"https:\/\/wpsite-assets.fondazionepirelli.org\/wp-content\/uploads\/2019\/05\/20101627\/1946_1-e1557417380123.jpg\",\"width\":700,\"height\":439},{\"@type\":\"BreadcrumbList\",\"@id\":\"https:\/\/127.0.0.1\/it\/biblioteche\/pirelli-e-la-lettura-dalla-biblioteca-circolante-degli-anni-venti-alle-nuove-biblioteche-di-oggi\/#breadcrumb\",\"itemListElement\":[{\"@type\":\"ListItem\",\"position\":1,\"name\":\"Home\",\"item\":\"https:\/\/www.fondazionepirelli.org\/it\/\"},{\"@type\":\"ListItem\",\"position\":2,\"name\":\"Pirelli e la lettura: dalla Biblioteca Circolante degli anni Venti alle nuove biblioteche di oggi\"}]},{\"@type\":\"WebSite\",\"@id\":\"https:\/\/www.fondazionepirelli.org\/it\/#website\",\"url\":\"https:\/\/www.fondazionepirelli.org\/it\/\",\"name\":\"Fondazione Pirelli\",\"description\":\"\",\"potentialAction\":[{\"@type\":\"SearchAction\",\"target\":{\"@type\":\"EntryPoint\",\"urlTemplate\":\"https:\/\/www.fondazionepirelli.org\/it\/?s={search_term_string}\"},\"query-input\":{\"@type\":\"PropertyValueSpecification\",\"valueRequired\":true,\"valueName\":\"search_term_string\"}}],\"inLanguage\":\"it-IT\"},{\"@type\":\"Person\",\"@id\":\"https:\/\/www.fondazionepirelli.org\/it\/#\/schema\/person\/f47d097000832c4a6e54538c791fdf25\",\"name\":\"fondadmin\",\"image\":{\"@type\":\"ImageObject\",\"inLanguage\":\"it-IT\",\"@id\":\"https:\/\/www.fondazionepirelli.org\/it\/#\/schema\/person\/image\/\",\"url\":\"https:\/\/secure.gravatar.com\/avatar\/e69498a9175ca244966e51e53c88712c024fcebe41f9a05f75657f1bb25e489b?s=96&d=mm&r=g\",\"contentUrl\":\"https:\/\/secure.gravatar.com\/avatar\/e69498a9175ca244966e51e53c88712c024fcebe41f9a05f75657f1bb25e489b?s=96&d=mm&r=g\",\"caption\":\"fondadmin\"},\"url\":\"https:\/\/www.fondazionepirelli.org\/it\/author\/fondadmin\/\"}]}<\/script>\n<!-- \/ Yoast SEO plugin. -->","yoast_head_json":{"title":"Pirelli e la lettura | Fondazione Pirelli","description":"Dalla Biblioteca Circolante degli anni Venti alle biblioteche Pirelli di oggi, scopri di pi\u00f9 sul rapporto tra Pirelli e la lettura su fondazionepirelli.org","robots":{"index":"index","follow":"follow","max-snippet":"max-snippet:-1","max-image-preview":"max-image-preview:large","max-video-preview":"max-video-preview:-1"},"canonical":"https:\/\/www.fondazionepirelli.org\/it\/biblioteche\/pirelli-e-la-lettura-dalla-biblioteca-circolante-degli-anni-venti-alle-nuove-biblioteche-di-oggi\/","og_locale":"it_IT","og_type":"article","og_title":"Pirelli e la lettura | Fondazione Pirelli","og_description":"Dalla Biblioteca Circolante degli anni Venti alle biblioteche Pirelli di oggi, scopri di pi\u00f9 sul rapporto tra Pirelli e la lettura su fondazionepirelli.org","og_url":"https:\/\/127.0.0.1\/it\/biblioteche\/pirelli-e-la-lettura-dalla-biblioteca-circolante-degli-anni-venti-alle-nuove-biblioteche-di-oggi\/","og_site_name":"Fondazione Pirelli","article_published_time":"2016-10-06T00:00:00+00:00","article_modified_time":"2021-10-06T07:47:01+00:00","og_image":[{"width":700,"height":439,"url":"https:\/\/wpsite-assets.fondazionepirelli.org\/wp-content\/uploads\/2019\/05\/20101627\/1946_1-e1557417380123.jpg","type":"image\/jpeg"}],"author":"fondadmin","twitter_card":"summary_large_image","twitter_misc":{"Scritto da":"fondadmin","Tempo di lettura stimato":"3 minuti"},"schema":{"@context":"https:\/\/schema.org","@graph":[{"@type":"WebPage","@id":"https:\/\/127.0.0.1\/it\/biblioteche\/pirelli-e-la-lettura-dalla-biblioteca-circolante-degli-anni-venti-alle-nuove-biblioteche-di-oggi\/","url":"https:\/\/127.0.0.1\/it\/biblioteche\/pirelli-e-la-lettura-dalla-biblioteca-circolante-degli-anni-venti-alle-nuove-biblioteche-di-oggi\/","name":"Pirelli e la lettura | Fondazione Pirelli","isPartOf":{"@id":"https:\/\/www.fondazionepirelli.org\/it\/#website"},"primaryImageOfPage":{"@id":"https:\/\/127.0.0.1\/it\/biblioteche\/pirelli-e-la-lettura-dalla-biblioteca-circolante-degli-anni-venti-alle-nuove-biblioteche-di-oggi\/#primaryimage"},"image":{"@id":"https:\/\/127.0.0.1\/it\/biblioteche\/pirelli-e-la-lettura-dalla-biblioteca-circolante-degli-anni-venti-alle-nuove-biblioteche-di-oggi\/#primaryimage"},"thumbnailUrl":"https:\/\/wpsite-assets.fondazionepirelli.org\/wp-content\/uploads\/2019\/05\/20101627\/1946_1-e1557417380123.jpg","datePublished":"2016-10-06T00:00:00+00:00","dateModified":"2021-10-06T07:47:01+00:00","author":{"@id":"https:\/\/www.fondazionepirelli.org\/it\/#\/schema\/person\/f47d097000832c4a6e54538c791fdf25"},"description":"Dalla Biblioteca Circolante degli anni Venti alle biblioteche Pirelli di oggi, scopri di pi\u00f9 sul rapporto tra Pirelli e la lettura su fondazionepirelli.org","breadcrumb":{"@id":"https:\/\/127.0.0.1\/it\/biblioteche\/pirelli-e-la-lettura-dalla-biblioteca-circolante-degli-anni-venti-alle-nuove-biblioteche-di-oggi\/#breadcrumb"},"inLanguage":"it-IT","potentialAction":[{"@type":"ReadAction","target":["https:\/\/127.0.0.1\/it\/biblioteche\/pirelli-e-la-lettura-dalla-biblioteca-circolante-degli-anni-venti-alle-nuove-biblioteche-di-oggi\/"]}]},{"@type":"ImageObject","inLanguage":"it-IT","@id":"https:\/\/127.0.0.1\/it\/biblioteche\/pirelli-e-la-lettura-dalla-biblioteca-circolante-degli-anni-venti-alle-nuove-biblioteche-di-oggi\/#primaryimage","url":"https:\/\/wpsite-assets.fondazionepirelli.org\/wp-content\/uploads\/2019\/05\/20101627\/1946_1-e1557417380123.jpg","contentUrl":"https:\/\/wpsite-assets.fondazionepirelli.org\/wp-content\/uploads\/2019\/05\/20101627\/1946_1-e1557417380123.jpg","width":700,"height":439},{"@type":"BreadcrumbList","@id":"https:\/\/127.0.0.1\/it\/biblioteche\/pirelli-e-la-lettura-dalla-biblioteca-circolante-degli-anni-venti-alle-nuove-biblioteche-di-oggi\/#breadcrumb","itemListElement":[{"@type":"ListItem","position":1,"name":"Home","item":"https:\/\/www.fondazionepirelli.org\/it\/"},{"@type":"ListItem","position":2,"name":"Pirelli e la lettura: dalla Biblioteca Circolante degli anni Venti alle nuove biblioteche di oggi"}]},{"@type":"WebSite","@id":"https:\/\/www.fondazionepirelli.org\/it\/#website","url":"https:\/\/www.fondazionepirelli.org\/it\/","name":"Fondazione Pirelli","description":"","potentialAction":[{"@type":"SearchAction","target":{"@type":"EntryPoint","urlTemplate":"https:\/\/www.fondazionepirelli.org\/it\/?s={search_term_string}"},"query-input":{"@type":"PropertyValueSpecification","valueRequired":true,"valueName":"search_term_string"}}],"inLanguage":"it-IT"},{"@type":"Person","@id":"https:\/\/www.fondazionepirelli.org\/it\/#\/schema\/person\/f47d097000832c4a6e54538c791fdf25","name":"fondadmin","image":{"@type":"ImageObject","inLanguage":"it-IT","@id":"https:\/\/www.fondazionepirelli.org\/it\/#\/schema\/person\/image\/","url":"https:\/\/secure.gravatar.com\/avatar\/e69498a9175ca244966e51e53c88712c024fcebe41f9a05f75657f1bb25e489b?s=96&d=mm&r=g","contentUrl":"https:\/\/secure.gravatar.com\/avatar\/e69498a9175ca244966e51e53c88712c024fcebe41f9a05f75657f1bb25e489b?s=96&d=mm&r=g","caption":"fondadmin"},"url":"https:\/\/www.fondazionepirelli.org\/it\/author\/fondadmin\/"}]}},"_links":{"self":[{"href":"https:\/\/www.fondazionepirelli.org\/it\/wp-json\/wp\/v2\/posts\/50749\/"}],"collection":[{"href":"https:\/\/www.fondazionepirelli.org\/it\/wp-json\/wp\/v2\/posts\/"}],"about":[{"href":"https:\/\/www.fondazionepirelli.org\/it\/wp-json\/wp\/v2\/types\/post\/"}],"author":[{"embeddable":true,"href":"https:\/\/www.fondazionepirelli.org\/it\/wp-json\/wp\/v2\/users\/1\/"}],"replies":[{"embeddable":true,"href":"https:\/\/www.fondazionepirelli.org\/it\/wp-json\/wp\/v2\/comments\/?post=50749"}],"version-history":[{"count":4,"href":"https:\/\/www.fondazionepirelli.org\/it\/wp-json\/wp\/v2\/posts\/50749\/revisions\/"}],"predecessor-version":[{"id":57013,"href":"https:\/\/www.fondazionepirelli.org\/it\/wp-json\/wp\/v2\/posts\/50749\/revisions\/57013\/"}],"wp:featuredmedia":[{"embeddable":true,"href":"https:\/\/www.fondazionepirelli.org\/it\/wp-json\/wp\/v2\/media\/50750\/"}],"wp:attachment":[{"href":"https:\/\/www.fondazionepirelli.org\/it\/wp-json\/wp\/v2\/media\/?parent=50749"}],"wp:term":[{"taxonomy":"category","embeddable":true,"href":"https:\/\/www.fondazionepirelli.org\/it\/wp-json\/wp\/v2\/categories\/?post=50749"},{"taxonomy":"post_tag","embeddable":true,"href":"https:\/\/www.fondazionepirelli.org\/it\/wp-json\/wp\/v2\/tags\/?post=50749"}],"curies":[{"name":"wp","href":"https:\/\/api.w.org\/{rel}","templated":true}]}}