{"id":50759,"date":"2016-09-27T00:00:00","date_gmt":"2016-09-27T00:00:00","guid":{"rendered":"http:\/\/www.fondazionepirelli.org\/fondazione-pirelli\/capitalismo-allitaliana\/"},"modified":"2019-10-29T12:38:06","modified_gmt":"2019-10-29T10:38:06","slug":"capitalismo-allitaliana","status":"publish","type":"post","link":"https:\/\/www.fondazionepirelli.org\/it\/cultura-dimpresa\/capitalismo-allitaliana\/","title":{"rendered":"Capitalismo all\u2019italiana"},"content":{"rendered":"<p><em>Nell\u2019ultimo libro di Giuseppe Berta delineata la storia e la realt\u00e0 d\u2019oggi del modo di fare industria nel nostro Paese<\/em><\/p><p>Ogni impresa \u00e8 fatta a suo modo. E le imprese di ogni Paese sono fatte a modo loro. Con una base comune naturale: quella legata allo spirito dell\u2019imprenditore che conserva tratti comuni al di l\u00e0 del luogo in cui si applica. Capire per\u00f2 come si caratterizza il modo di fare impresa in un Paese \u00e8 importante. Soprattutto se questo Paese \u00e8 l\u2019Italia.<\/p>\n<p>A questo seve leggere l\u2019ultima fatica letteraria di Giuseppe Berta: \u201cChe fine ha fatto il capitalismo italiano?\u201d, viaggio ampio ma racchiuso in nemmeno duecento pagine, lungo la storia dell\u2019industria nazionale a partire dall\u2019Iri fino ai giorni nostri. Un viaggio che, fra l\u2019altro, parte da una domanda netta e chiara &#8211; \u201cEsiste ancora un capitalismo italiano?\u201d \u2013 per rispondere alla quale Berta fa ricorso ad un ragionamento che parte da un grande storico dell\u2019economia come \u00e8 stato Fernand Braudel ma che subito dopo si cala nella realt\u00e0 odierna di un capitalismo complesso e vario, spesso contraddittorio, in cerca di una identit\u00e0 difficile da individuare con certezza.<\/p>\n<p>La realt\u00e0 industriale italiana \u2013 \u00e8 il ragionamento dell\u2019autore -, \u00a0presenta continuamente casi di imprese virtuose, che operano con successo sui mercati internazionali. Si tratta di imprese di taglia intermedia, che animano un\u2019imprenditorialit\u00e0 vigorosa ma non hanno la forza di sostituirsi ai campioni del passato. E proprio passato e presente nel testo di Berta si rincorrono per spiegarsi a vicenda, usando protagonisti del passato e attuale capitalismo, cos\u00ec come alcuni dei grandi nomi della storiografia economica nazionale e internazionale.<\/p>\n<p>Il libro quindi invita a una riconsiderazione coraggiosa degli assetti imprenditoriali dell\u2019Italia d\u2019oggi e a una valutazione realistica del nostro potenziale economico e industriale. \u00a0\u201cLe imprese italiane \u2013 scrive nelle conclusioni Berta -, sono distanti dai vertici dell\u2019economia internazionale. Stanno a loro agio in una fascia pi\u00f9 bassa, in cui praticano il presidio di segmenti particolari o di snodi cruciali del ciclo del prodotto. Non sono e non possono essere le incarnazioni di un capitalismo che oggi si muove con rapidit\u00e0 estrema e con la mobilitazione di capitali immensi, fuori della portata degli operatori italiani. Tener conto di questa realt\u00e0 non equivale a sminuire i ruoli imprenditoriali n\u00e9 a negare le specializzazioni di cui essi sono portatori\u201d. Cos\u00ec come non si pu\u00f2 vivere nella nostalgia di un capitalismo che non c\u2019\u00e8 pi\u00f9. Ma allora che fare?\u00a0 Scrive l\u2019autore: \u201cPer tornare a scorgere il proprio domani, l\u2019Italia economica deve ridimensionare l\u2019immagine di s\u00e9 e delle sue aspettative. Potr\u00e0 riscoprire il proprio posto nel mondo e i propri margini di manovra, soltanto a patto di elaborare una nozione pi\u00f9 concreta della sua struttura autentica e delle opportunit\u00e0 che a essa si offrono, come risultanti della storia recente e profonda del nostro paese\u201d.<\/p>\n<p>Il libro di Giuseppe Berta rappresenta un aggiornato buon strumento di approfondimento della realt\u00e0 attorno alle imprese. Da leggere.<\/p><p><strong>Che fine ha fatto il capitalismo italiano?<\/strong><\/p>\n<p>Giuseppe Berta<\/p>\n<p>Il Mulino, 2016<\/p>\n","protected":false},"excerpt":{"rendered":"<p>Nell\u2019ultimo libro di Giuseppe Berta delineata la storia e la realt\u00e0 d\u2019oggi del modo di fare industria nel nostro PaeseOgni impresa \u00e8 fatta a suo modo. E le imprese di ogni Paese sono fatte a modo loro. Con una base comune naturale: quella legata allo spirito dell\u2019imprenditore che conserva tratti comuni al di l\u00e0 del [&hellip;]<\/p>\n","protected":false},"author":1,"featured_media":50760,"comment_status":"open","ping_status":"open","sticky":false,"template":"","format":"standard","meta":{"footnotes":""},"categories":[52,58],"tags":[],"class_list":["post-50759","post","type-post","status-publish","format-standard","has-post-thumbnail","hentry","category-cultura-dimpresa","category-recensioni-libri"],"acf":[],"yoast_head":"<!-- This site is optimized with the Yoast SEO plugin v25.0 - https:\/\/yoast.com\/wordpress\/plugins\/seo\/ -->\n<title>Capitalismo all\u2019italiana - Fondazione Pirelli<\/title>\n<meta name=\"robots\" content=\"index, follow, max-snippet:-1, max-image-preview:large, max-video-preview:-1\" \/>\n<link rel=\"canonical\" href=\"https:\/\/www.fondazionepirelli.org\/it\/cultura-dimpresa\/capitalismo-allitaliana\/\" \/>\n<meta property=\"og:locale\" content=\"it_IT\" \/>\n<meta property=\"og:type\" content=\"article\" \/>\n<meta property=\"og:title\" content=\"Capitalismo all\u2019italiana - Fondazione Pirelli\" \/>\n<meta property=\"og:description\" content=\"Nell\u2019ultimo libro di Giuseppe Berta delineata la storia e la realt\u00e0 d\u2019oggi del modo di fare industria nel nostro PaeseOgni impresa \u00e8 fatta a suo modo. E le imprese di ogni Paese sono fatte a modo loro. Con una base comune naturale: quella legata allo spirito dell\u2019imprenditore che conserva tratti comuni al di l\u00e0 del [&hellip;]\" \/>\n<meta property=\"og:url\" content=\"https:\/\/127.0.0.1\/it\/cultura-dimpresa\/capitalismo-allitaliana\/\" \/>\n<meta property=\"og:site_name\" content=\"Fondazione Pirelli\" \/>\n<meta property=\"article:published_time\" content=\"2016-09-27T00:00:00+00:00\" \/>\n<meta property=\"article:modified_time\" content=\"2019-10-29T10:38:06+00:00\" \/>\n<meta property=\"og:image\" content=\"https:\/\/wpsite-assets.fondazionepirelli.org\/wp-content\/uploads\/2019\/05\/20101626\/berta.jpg\" \/>\n\t<meta property=\"og:image:width\" content=\"438\" \/>\n\t<meta property=\"og:image:height\" content=\"702\" \/>\n\t<meta property=\"og:image:type\" content=\"image\/jpeg\" \/>\n<meta name=\"author\" content=\"fondadmin\" \/>\n<meta name=\"twitter:card\" content=\"summary_large_image\" \/>\n<meta name=\"twitter:label1\" content=\"Scritto da\" \/>\n\t<meta name=\"twitter:data1\" content=\"fondadmin\" \/>\n\t<meta name=\"twitter:label2\" content=\"Tempo di lettura stimato\" \/>\n\t<meta name=\"twitter:data2\" content=\"3 minuti\" \/>\n<script type=\"application\/ld+json\" class=\"yoast-schema-graph\">{\"@context\":\"https:\/\/schema.org\",\"@graph\":[{\"@type\":\"WebPage\",\"@id\":\"https:\/\/127.0.0.1\/it\/cultura-dimpresa\/capitalismo-allitaliana\/\",\"url\":\"https:\/\/127.0.0.1\/it\/cultura-dimpresa\/capitalismo-allitaliana\/\",\"name\":\"Capitalismo all\u2019italiana - Fondazione Pirelli\",\"isPartOf\":{\"@id\":\"https:\/\/www.fondazionepirelli.org\/it\/#website\"},\"primaryImageOfPage\":{\"@id\":\"https:\/\/127.0.0.1\/it\/cultura-dimpresa\/capitalismo-allitaliana\/#primaryimage\"},\"image\":{\"@id\":\"https:\/\/127.0.0.1\/it\/cultura-dimpresa\/capitalismo-allitaliana\/#primaryimage\"},\"thumbnailUrl\":\"https:\/\/wpsite-assets.fondazionepirelli.org\/wp-content\/uploads\/2019\/05\/20101626\/berta.jpg\",\"datePublished\":\"2016-09-27T00:00:00+00:00\",\"dateModified\":\"2019-10-29T10:38:06+00:00\",\"author\":{\"@id\":\"https:\/\/www.fondazionepirelli.org\/it\/#\/schema\/person\/f47d097000832c4a6e54538c791fdf25\"},\"breadcrumb\":{\"@id\":\"https:\/\/127.0.0.1\/it\/cultura-dimpresa\/capitalismo-allitaliana\/#breadcrumb\"},\"inLanguage\":\"it-IT\",\"potentialAction\":[{\"@type\":\"ReadAction\",\"target\":[\"https:\/\/127.0.0.1\/it\/cultura-dimpresa\/capitalismo-allitaliana\/\"]}]},{\"@type\":\"ImageObject\",\"inLanguage\":\"it-IT\",\"@id\":\"https:\/\/127.0.0.1\/it\/cultura-dimpresa\/capitalismo-allitaliana\/#primaryimage\",\"url\":\"https:\/\/wpsite-assets.fondazionepirelli.org\/wp-content\/uploads\/2019\/05\/20101626\/berta.jpg\",\"contentUrl\":\"https:\/\/wpsite-assets.fondazionepirelli.org\/wp-content\/uploads\/2019\/05\/20101626\/berta.jpg\",\"width\":438,\"height\":702},{\"@type\":\"BreadcrumbList\",\"@id\":\"https:\/\/127.0.0.1\/it\/cultura-dimpresa\/capitalismo-allitaliana\/#breadcrumb\",\"itemListElement\":[{\"@type\":\"ListItem\",\"position\":1,\"name\":\"Home\",\"item\":\"https:\/\/www.fondazionepirelli.org\/it\/\"},{\"@type\":\"ListItem\",\"position\":2,\"name\":\"Capitalismo all\u2019italiana\"}]},{\"@type\":\"WebSite\",\"@id\":\"https:\/\/www.fondazionepirelli.org\/it\/#website\",\"url\":\"https:\/\/www.fondazionepirelli.org\/it\/\",\"name\":\"Fondazione Pirelli\",\"description\":\"\",\"potentialAction\":[{\"@type\":\"SearchAction\",\"target\":{\"@type\":\"EntryPoint\",\"urlTemplate\":\"https:\/\/www.fondazionepirelli.org\/it\/?s={search_term_string}\"},\"query-input\":{\"@type\":\"PropertyValueSpecification\",\"valueRequired\":true,\"valueName\":\"search_term_string\"}}],\"inLanguage\":\"it-IT\"},{\"@type\":\"Person\",\"@id\":\"https:\/\/www.fondazionepirelli.org\/it\/#\/schema\/person\/f47d097000832c4a6e54538c791fdf25\",\"name\":\"fondadmin\",\"image\":{\"@type\":\"ImageObject\",\"inLanguage\":\"it-IT\",\"@id\":\"https:\/\/www.fondazionepirelli.org\/it\/#\/schema\/person\/image\/\",\"url\":\"https:\/\/secure.gravatar.com\/avatar\/e69498a9175ca244966e51e53c88712c024fcebe41f9a05f75657f1bb25e489b?s=96&d=mm&r=g\",\"contentUrl\":\"https:\/\/secure.gravatar.com\/avatar\/e69498a9175ca244966e51e53c88712c024fcebe41f9a05f75657f1bb25e489b?s=96&d=mm&r=g\",\"caption\":\"fondadmin\"},\"url\":\"https:\/\/www.fondazionepirelli.org\/it\/author\/fondadmin\/\"}]}<\/script>\n<!-- \/ Yoast SEO plugin. -->","yoast_head_json":{"title":"Capitalismo all\u2019italiana - Fondazione Pirelli","robots":{"index":"index","follow":"follow","max-snippet":"max-snippet:-1","max-image-preview":"max-image-preview:large","max-video-preview":"max-video-preview:-1"},"canonical":"https:\/\/www.fondazionepirelli.org\/it\/cultura-dimpresa\/capitalismo-allitaliana\/","og_locale":"it_IT","og_type":"article","og_title":"Capitalismo all\u2019italiana - Fondazione Pirelli","og_description":"Nell\u2019ultimo libro di Giuseppe Berta delineata la storia e la realt\u00e0 d\u2019oggi del modo di fare industria nel nostro PaeseOgni impresa \u00e8 fatta a suo modo. E le imprese di ogni Paese sono fatte a modo loro. Con una base comune naturale: quella legata allo spirito dell\u2019imprenditore che conserva tratti comuni al di l\u00e0 del [&hellip;]","og_url":"https:\/\/127.0.0.1\/it\/cultura-dimpresa\/capitalismo-allitaliana\/","og_site_name":"Fondazione Pirelli","article_published_time":"2016-09-27T00:00:00+00:00","article_modified_time":"2019-10-29T10:38:06+00:00","og_image":[{"width":438,"height":702,"url":"https:\/\/wpsite-assets.fondazionepirelli.org\/wp-content\/uploads\/2019\/05\/20101626\/berta.jpg","type":"image\/jpeg"}],"author":"fondadmin","twitter_card":"summary_large_image","twitter_misc":{"Scritto da":"fondadmin","Tempo di lettura stimato":"3 minuti"},"schema":{"@context":"https:\/\/schema.org","@graph":[{"@type":"WebPage","@id":"https:\/\/127.0.0.1\/it\/cultura-dimpresa\/capitalismo-allitaliana\/","url":"https:\/\/127.0.0.1\/it\/cultura-dimpresa\/capitalismo-allitaliana\/","name":"Capitalismo all\u2019italiana - Fondazione Pirelli","isPartOf":{"@id":"https:\/\/www.fondazionepirelli.org\/it\/#website"},"primaryImageOfPage":{"@id":"https:\/\/127.0.0.1\/it\/cultura-dimpresa\/capitalismo-allitaliana\/#primaryimage"},"image":{"@id":"https:\/\/127.0.0.1\/it\/cultura-dimpresa\/capitalismo-allitaliana\/#primaryimage"},"thumbnailUrl":"https:\/\/wpsite-assets.fondazionepirelli.org\/wp-content\/uploads\/2019\/05\/20101626\/berta.jpg","datePublished":"2016-09-27T00:00:00+00:00","dateModified":"2019-10-29T10:38:06+00:00","author":{"@id":"https:\/\/www.fondazionepirelli.org\/it\/#\/schema\/person\/f47d097000832c4a6e54538c791fdf25"},"breadcrumb":{"@id":"https:\/\/127.0.0.1\/it\/cultura-dimpresa\/capitalismo-allitaliana\/#breadcrumb"},"inLanguage":"it-IT","potentialAction":[{"@type":"ReadAction","target":["https:\/\/127.0.0.1\/it\/cultura-dimpresa\/capitalismo-allitaliana\/"]}]},{"@type":"ImageObject","inLanguage":"it-IT","@id":"https:\/\/127.0.0.1\/it\/cultura-dimpresa\/capitalismo-allitaliana\/#primaryimage","url":"https:\/\/wpsite-assets.fondazionepirelli.org\/wp-content\/uploads\/2019\/05\/20101626\/berta.jpg","contentUrl":"https:\/\/wpsite-assets.fondazionepirelli.org\/wp-content\/uploads\/2019\/05\/20101626\/berta.jpg","width":438,"height":702},{"@type":"BreadcrumbList","@id":"https:\/\/127.0.0.1\/it\/cultura-dimpresa\/capitalismo-allitaliana\/#breadcrumb","itemListElement":[{"@type":"ListItem","position":1,"name":"Home","item":"https:\/\/www.fondazionepirelli.org\/it\/"},{"@type":"ListItem","position":2,"name":"Capitalismo all\u2019italiana"}]},{"@type":"WebSite","@id":"https:\/\/www.fondazionepirelli.org\/it\/#website","url":"https:\/\/www.fondazionepirelli.org\/it\/","name":"Fondazione Pirelli","description":"","potentialAction":[{"@type":"SearchAction","target":{"@type":"EntryPoint","urlTemplate":"https:\/\/www.fondazionepirelli.org\/it\/?s={search_term_string}"},"query-input":{"@type":"PropertyValueSpecification","valueRequired":true,"valueName":"search_term_string"}}],"inLanguage":"it-IT"},{"@type":"Person","@id":"https:\/\/www.fondazionepirelli.org\/it\/#\/schema\/person\/f47d097000832c4a6e54538c791fdf25","name":"fondadmin","image":{"@type":"ImageObject","inLanguage":"it-IT","@id":"https:\/\/www.fondazionepirelli.org\/it\/#\/schema\/person\/image\/","url":"https:\/\/secure.gravatar.com\/avatar\/e69498a9175ca244966e51e53c88712c024fcebe41f9a05f75657f1bb25e489b?s=96&d=mm&r=g","contentUrl":"https:\/\/secure.gravatar.com\/avatar\/e69498a9175ca244966e51e53c88712c024fcebe41f9a05f75657f1bb25e489b?s=96&d=mm&r=g","caption":"fondadmin"},"url":"https:\/\/www.fondazionepirelli.org\/it\/author\/fondadmin\/"}]}},"_links":{"self":[{"href":"https:\/\/www.fondazionepirelli.org\/it\/wp-json\/wp\/v2\/posts\/50759\/"}],"collection":[{"href":"https:\/\/www.fondazionepirelli.org\/it\/wp-json\/wp\/v2\/posts\/"}],"about":[{"href":"https:\/\/www.fondazionepirelli.org\/it\/wp-json\/wp\/v2\/types\/post\/"}],"author":[{"embeddable":true,"href":"https:\/\/www.fondazionepirelli.org\/it\/wp-json\/wp\/v2\/users\/1\/"}],"replies":[{"embeddable":true,"href":"https:\/\/www.fondazionepirelli.org\/it\/wp-json\/wp\/v2\/comments\/?post=50759"}],"version-history":[{"count":1,"href":"https:\/\/www.fondazionepirelli.org\/it\/wp-json\/wp\/v2\/posts\/50759\/revisions\/"}],"predecessor-version":[{"id":70506,"href":"https:\/\/www.fondazionepirelli.org\/it\/wp-json\/wp\/v2\/posts\/50759\/revisions\/70506\/"}],"wp:featuredmedia":[{"embeddable":true,"href":"https:\/\/www.fondazionepirelli.org\/it\/wp-json\/wp\/v2\/media\/50760\/"}],"wp:attachment":[{"href":"https:\/\/www.fondazionepirelli.org\/it\/wp-json\/wp\/v2\/media\/?parent=50759"}],"wp:term":[{"taxonomy":"category","embeddable":true,"href":"https:\/\/www.fondazionepirelli.org\/it\/wp-json\/wp\/v2\/categories\/?post=50759"},{"taxonomy":"post_tag","embeddable":true,"href":"https:\/\/www.fondazionepirelli.org\/it\/wp-json\/wp\/v2\/tags\/?post=50759"}],"curies":[{"name":"wp","href":"https:\/\/api.w.org\/{rel}","templated":true}]}}