{"id":50774,"date":"2016-09-20T00:00:00","date_gmt":"2016-09-20T00:00:00","guid":{"rendered":"http:\/\/www.fondazionepirelli.org\/fondazione-pirelli\/lagire-sostenibile-anche-per-le-imprese\/"},"modified":"2019-05-27T13:20:42","modified_gmt":"2019-05-27T13:20:42","slug":"lagire-sostenibile-anche-per-le-imprese","status":"publish","type":"post","link":"https:\/\/www.fondazionepirelli.org\/it\/cultura-dimpresa\/lagire-sostenibile-anche-per-le-imprese\/","title":{"rendered":"L\u2019agire sostenibile. Anche per le imprese"},"content":{"rendered":"<p><em>Una serie di ricerche d\u2019accademia contribuiscono alla consapevolezza dell\u2019ambiente in cui agisce la produzione<\/em><\/p><p>Rendersi conto dell\u2019ambiente in cui si agisce, coglierne gli aspetti cruciali, possibilmente lavorare per migliorarlo. Anche tutto questo fa parte del <em>pedigree <\/em>del vero imprenditore e del <em>manager <\/em>\u00a0attento. Non \u00e8 solo questione di cultura generale, ma anche di cultura d\u2019impresa completa , a tutto tondo, che sa cogliere quanto di immateriali esiste nella produzione. Leggere \u201cDialoghi sulla sostenibilit\u00e0. Roma 2016\u201d, la raccolta di saggi derivanti da quattro convegni progettati dagli Atenei del Lazio, coordinati dal CRUL (Comitato Regionale di Coordinamento delle Universit\u00e0 del Lazio), in occasione del Giubileo Straordinario 2015-2016, \u00e8 un eccellente strada da percorrere lungo questa direzione.<\/p>\n<p>Gli\u00a0 autori \u2013 un folto gruppo di docenti e ricercatori delle Universit\u00e0 di Roma -, partono dalla definizione accademica di sostenibilit\u00e0 che, tuttavia, \u00e8 sovrapponibile a quella che ogni impresa potrebbe darsi. Si legge nell\u2019introduzione alla serie di ricerche che il termine \u201csostenibilit\u00e0\u201d pu\u00f2 essere letto attraverso i suoi sinonimi, emergono quindi\u00a0 \u201cda un lato, i concetti di \u2018accettabile\u2019 e \u2018sopportabile\u2019, dall\u2019altro, di \u2018durevole\u2019 e \u2018fattibile\u2019, che proiettano l\u2019attenzione sull\u2019effetto delle azioni compiute, ma lasciano in ombra la componente dell\u2019impegno soggettivo. Per tale ragione i termini \u2018sostenibile\u2019 e \u2018sostenibilit\u00e0\u2019 si devono integrare con i termini \u2018responsabile\u2019e \u2018responsabilit\u00e0\u2019\u201d.<\/p>\n<p>E\u2019 possibile pensare che l\u2019idea di responsabilit\u00e0 accademica sia simile o pressoch\u00e9 uguale a quella di responsabilit\u00e0 d\u2019impresa nel momento in cui l\u2019agire di entrambe queste organizzazioni tocca l\u2019ambiente che le circonda. E ancora di pi\u00f9 quando ricerca e produzione lavorano insieme per raggiungere risultati comuni. Ed \u00e8 su questa base che si sviluppano le numerose ricerche raccolte poi in un solo volume.<\/p>\n<p>I \u201cDialoghi\u201d cos\u00ec \u00a0rappresentano studi, tratteggiano visioni, suscitano domande sul futuro della nostra societ\u00e0 e del nostro ambiente. \u00a0In fila l\u2019uno dietro l\u2019altro argomenti come lo sviluppo sostenibile visto in termini globali e poi calato sul territorio, nelle citt\u00e0, nelle nuove tecnologie, nella formazione, ma anche i legami fra scienze e benessere visti dal punto di vista dell\u2019economia, dell\u2019alimentazione, della medicina, dell\u2019invecchiamento; poi ancora i temi dello sport e del capitale umano, della cultura e dell\u2019informazione, degli investimenti e delle loro tipologie\u00a0 \u201csostenibili\u201d, della <em>governance <\/em>necessaria per il tutto.<\/p>\n<p>\u201cDialoghi sulla sostenibilit\u00e0. Roma 2016\u201d arriva ad essere un contributo di ricerca unico seppur fatto da numerosi contributi. Un buon vademecum per capire il contesto e il senso da dare ad una cultura d\u2019impresa avveduta.<\/p><p><strong>Dialoghi sulla sostenibilit\u00e0. Roma 2016<br \/>\n<\/strong><strong><a href=\"\/\/wpsite-assets.fondazionepirelli.org\/wp-content\/uploads\/2016\/09\/27131942\/938-1778-1-SM.pdf\">Dialogues about sustainability. Rome 2016<\/a><\/strong><\/p>\n<p>AA.VV.<\/p>\n<p>Roma TrE-Press, 2016<\/p>\n","protected":false},"excerpt":{"rendered":"<p>Una serie di ricerche d\u2019accademia contribuiscono alla consapevolezza dell\u2019ambiente in cui agisce la produzioneRendersi conto dell\u2019ambiente in cui si agisce, coglierne gli aspetti cruciali, possibilmente lavorare per migliorarlo. Anche tutto questo fa parte del pedigree del vero imprenditore e del manager \u00a0attento. Non \u00e8 solo questione di cultura generale, ma anche di cultura d\u2019impresa completa [&hellip;]<\/p>\n","protected":false},"author":1,"featured_media":0,"comment_status":"open","ping_status":"open","sticky":false,"template":"","format":"standard","meta":{"footnotes":""},"categories":[54,52],"tags":[],"class_list":["post-50774","post","type-post","status-publish","format-standard","hentry","category-approfondimenti","category-cultura-dimpresa"],"acf":[],"yoast_head":"<!-- This site is optimized with the Yoast SEO plugin v25.0 - https:\/\/yoast.com\/wordpress\/plugins\/seo\/ -->\n<title>L\u2019agire sostenibile. Anche per le imprese - Fondazione Pirelli<\/title>\n<meta name=\"robots\" content=\"index, follow, max-snippet:-1, max-image-preview:large, max-video-preview:-1\" \/>\n<link rel=\"canonical\" href=\"https:\/\/www.fondazionepirelli.org\/it\/cultura-dimpresa\/lagire-sostenibile-anche-per-le-imprese\/\" \/>\n<meta property=\"og:locale\" content=\"it_IT\" \/>\n<meta property=\"og:type\" content=\"article\" \/>\n<meta property=\"og:title\" content=\"L\u2019agire sostenibile. Anche per le imprese - Fondazione Pirelli\" \/>\n<meta property=\"og:description\" content=\"Una serie di ricerche d\u2019accademia contribuiscono alla consapevolezza dell\u2019ambiente in cui agisce la produzioneRendersi conto dell\u2019ambiente in cui si agisce, coglierne gli aspetti cruciali, possibilmente lavorare per migliorarlo. Anche tutto questo fa parte del pedigree del vero imprenditore e del manager \u00a0attento. Non \u00e8 solo questione di cultura generale, ma anche di cultura d\u2019impresa completa [&hellip;]\" \/>\n<meta property=\"og:url\" content=\"https:\/\/127.0.0.1\/it\/cultura-dimpresa\/lagire-sostenibile-anche-per-le-imprese\/\" \/>\n<meta property=\"og:site_name\" content=\"Fondazione Pirelli\" \/>\n<meta property=\"article:published_time\" content=\"2016-09-20T00:00:00+00:00\" \/>\n<meta property=\"article:modified_time\" content=\"2019-05-27T13:20:42+00:00\" \/>\n<meta name=\"author\" content=\"fondadmin\" \/>\n<meta name=\"twitter:card\" content=\"summary_large_image\" \/>\n<meta name=\"twitter:label1\" content=\"Scritto da\" \/>\n\t<meta name=\"twitter:data1\" content=\"fondadmin\" \/>\n\t<meta name=\"twitter:label2\" content=\"Tempo di lettura stimato\" \/>\n\t<meta name=\"twitter:data2\" content=\"2 minuti\" \/>\n<script type=\"application\/ld+json\" class=\"yoast-schema-graph\">{\"@context\":\"https:\/\/schema.org\",\"@graph\":[{\"@type\":\"WebPage\",\"@id\":\"https:\/\/127.0.0.1\/it\/cultura-dimpresa\/lagire-sostenibile-anche-per-le-imprese\/\",\"url\":\"https:\/\/127.0.0.1\/it\/cultura-dimpresa\/lagire-sostenibile-anche-per-le-imprese\/\",\"name\":\"L\u2019agire sostenibile. Anche per le imprese - Fondazione Pirelli\",\"isPartOf\":{\"@id\":\"https:\/\/www.fondazionepirelli.org\/it\/#website\"},\"datePublished\":\"2016-09-20T00:00:00+00:00\",\"dateModified\":\"2019-05-27T13:20:42+00:00\",\"author\":{\"@id\":\"https:\/\/www.fondazionepirelli.org\/it\/#\/schema\/person\/f47d097000832c4a6e54538c791fdf25\"},\"breadcrumb\":{\"@id\":\"https:\/\/127.0.0.1\/it\/cultura-dimpresa\/lagire-sostenibile-anche-per-le-imprese\/#breadcrumb\"},\"inLanguage\":\"it-IT\",\"potentialAction\":[{\"@type\":\"ReadAction\",\"target\":[\"https:\/\/127.0.0.1\/it\/cultura-dimpresa\/lagire-sostenibile-anche-per-le-imprese\/\"]}]},{\"@type\":\"BreadcrumbList\",\"@id\":\"https:\/\/127.0.0.1\/it\/cultura-dimpresa\/lagire-sostenibile-anche-per-le-imprese\/#breadcrumb\",\"itemListElement\":[{\"@type\":\"ListItem\",\"position\":1,\"name\":\"Home\",\"item\":\"https:\/\/www.fondazionepirelli.org\/it\/\"},{\"@type\":\"ListItem\",\"position\":2,\"name\":\"L\u2019agire sostenibile. Anche per le imprese\"}]},{\"@type\":\"WebSite\",\"@id\":\"https:\/\/www.fondazionepirelli.org\/it\/#website\",\"url\":\"https:\/\/www.fondazionepirelli.org\/it\/\",\"name\":\"Fondazione Pirelli\",\"description\":\"\",\"potentialAction\":[{\"@type\":\"SearchAction\",\"target\":{\"@type\":\"EntryPoint\",\"urlTemplate\":\"https:\/\/www.fondazionepirelli.org\/it\/?s={search_term_string}\"},\"query-input\":{\"@type\":\"PropertyValueSpecification\",\"valueRequired\":true,\"valueName\":\"search_term_string\"}}],\"inLanguage\":\"it-IT\"},{\"@type\":\"Person\",\"@id\":\"https:\/\/www.fondazionepirelli.org\/it\/#\/schema\/person\/f47d097000832c4a6e54538c791fdf25\",\"name\":\"fondadmin\",\"image\":{\"@type\":\"ImageObject\",\"inLanguage\":\"it-IT\",\"@id\":\"https:\/\/www.fondazionepirelli.org\/it\/#\/schema\/person\/image\/\",\"url\":\"https:\/\/secure.gravatar.com\/avatar\/e69498a9175ca244966e51e53c88712c024fcebe41f9a05f75657f1bb25e489b?s=96&d=mm&r=g\",\"contentUrl\":\"https:\/\/secure.gravatar.com\/avatar\/e69498a9175ca244966e51e53c88712c024fcebe41f9a05f75657f1bb25e489b?s=96&d=mm&r=g\",\"caption\":\"fondadmin\"},\"url\":\"https:\/\/www.fondazionepirelli.org\/it\/author\/fondadmin\/\"}]}<\/script>\n<!-- \/ Yoast SEO plugin. -->","yoast_head_json":{"title":"L\u2019agire sostenibile. Anche per le imprese - Fondazione Pirelli","robots":{"index":"index","follow":"follow","max-snippet":"max-snippet:-1","max-image-preview":"max-image-preview:large","max-video-preview":"max-video-preview:-1"},"canonical":"https:\/\/www.fondazionepirelli.org\/it\/cultura-dimpresa\/lagire-sostenibile-anche-per-le-imprese\/","og_locale":"it_IT","og_type":"article","og_title":"L\u2019agire sostenibile. Anche per le imprese - Fondazione Pirelli","og_description":"Una serie di ricerche d\u2019accademia contribuiscono alla consapevolezza dell\u2019ambiente in cui agisce la produzioneRendersi conto dell\u2019ambiente in cui si agisce, coglierne gli aspetti cruciali, possibilmente lavorare per migliorarlo. Anche tutto questo fa parte del pedigree del vero imprenditore e del manager \u00a0attento. Non \u00e8 solo questione di cultura generale, ma anche di cultura d\u2019impresa completa [&hellip;]","og_url":"https:\/\/127.0.0.1\/it\/cultura-dimpresa\/lagire-sostenibile-anche-per-le-imprese\/","og_site_name":"Fondazione Pirelli","article_published_time":"2016-09-20T00:00:00+00:00","article_modified_time":"2019-05-27T13:20:42+00:00","author":"fondadmin","twitter_card":"summary_large_image","twitter_misc":{"Scritto da":"fondadmin","Tempo di lettura stimato":"2 minuti"},"schema":{"@context":"https:\/\/schema.org","@graph":[{"@type":"WebPage","@id":"https:\/\/127.0.0.1\/it\/cultura-dimpresa\/lagire-sostenibile-anche-per-le-imprese\/","url":"https:\/\/127.0.0.1\/it\/cultura-dimpresa\/lagire-sostenibile-anche-per-le-imprese\/","name":"L\u2019agire sostenibile. Anche per le imprese - Fondazione Pirelli","isPartOf":{"@id":"https:\/\/www.fondazionepirelli.org\/it\/#website"},"datePublished":"2016-09-20T00:00:00+00:00","dateModified":"2019-05-27T13:20:42+00:00","author":{"@id":"https:\/\/www.fondazionepirelli.org\/it\/#\/schema\/person\/f47d097000832c4a6e54538c791fdf25"},"breadcrumb":{"@id":"https:\/\/127.0.0.1\/it\/cultura-dimpresa\/lagire-sostenibile-anche-per-le-imprese\/#breadcrumb"},"inLanguage":"it-IT","potentialAction":[{"@type":"ReadAction","target":["https:\/\/127.0.0.1\/it\/cultura-dimpresa\/lagire-sostenibile-anche-per-le-imprese\/"]}]},{"@type":"BreadcrumbList","@id":"https:\/\/127.0.0.1\/it\/cultura-dimpresa\/lagire-sostenibile-anche-per-le-imprese\/#breadcrumb","itemListElement":[{"@type":"ListItem","position":1,"name":"Home","item":"https:\/\/www.fondazionepirelli.org\/it\/"},{"@type":"ListItem","position":2,"name":"L\u2019agire sostenibile. Anche per le imprese"}]},{"@type":"WebSite","@id":"https:\/\/www.fondazionepirelli.org\/it\/#website","url":"https:\/\/www.fondazionepirelli.org\/it\/","name":"Fondazione Pirelli","description":"","potentialAction":[{"@type":"SearchAction","target":{"@type":"EntryPoint","urlTemplate":"https:\/\/www.fondazionepirelli.org\/it\/?s={search_term_string}"},"query-input":{"@type":"PropertyValueSpecification","valueRequired":true,"valueName":"search_term_string"}}],"inLanguage":"it-IT"},{"@type":"Person","@id":"https:\/\/www.fondazionepirelli.org\/it\/#\/schema\/person\/f47d097000832c4a6e54538c791fdf25","name":"fondadmin","image":{"@type":"ImageObject","inLanguage":"it-IT","@id":"https:\/\/www.fondazionepirelli.org\/it\/#\/schema\/person\/image\/","url":"https:\/\/secure.gravatar.com\/avatar\/e69498a9175ca244966e51e53c88712c024fcebe41f9a05f75657f1bb25e489b?s=96&d=mm&r=g","contentUrl":"https:\/\/secure.gravatar.com\/avatar\/e69498a9175ca244966e51e53c88712c024fcebe41f9a05f75657f1bb25e489b?s=96&d=mm&r=g","caption":"fondadmin"},"url":"https:\/\/www.fondazionepirelli.org\/it\/author\/fondadmin\/"}]}},"_links":{"self":[{"href":"https:\/\/www.fondazionepirelli.org\/it\/wp-json\/wp\/v2\/posts\/50774\/"}],"collection":[{"href":"https:\/\/www.fondazionepirelli.org\/it\/wp-json\/wp\/v2\/posts\/"}],"about":[{"href":"https:\/\/www.fondazionepirelli.org\/it\/wp-json\/wp\/v2\/types\/post\/"}],"author":[{"embeddable":true,"href":"https:\/\/www.fondazionepirelli.org\/it\/wp-json\/wp\/v2\/users\/1\/"}],"replies":[{"embeddable":true,"href":"https:\/\/www.fondazionepirelli.org\/it\/wp-json\/wp\/v2\/comments\/?post=50774"}],"version-history":[{"count":2,"href":"https:\/\/www.fondazionepirelli.org\/it\/wp-json\/wp\/v2\/posts\/50774\/revisions\/"}],"predecessor-version":[{"id":56222,"href":"https:\/\/www.fondazionepirelli.org\/it\/wp-json\/wp\/v2\/posts\/50774\/revisions\/56222\/"}],"wp:attachment":[{"href":"https:\/\/www.fondazionepirelli.org\/it\/wp-json\/wp\/v2\/media\/?parent=50774"}],"wp:term":[{"taxonomy":"category","embeddable":true,"href":"https:\/\/www.fondazionepirelli.org\/it\/wp-json\/wp\/v2\/categories\/?post=50774"},{"taxonomy":"post_tag","embeddable":true,"href":"https:\/\/www.fondazionepirelli.org\/it\/wp-json\/wp\/v2\/tags\/?post=50774"}],"curies":[{"name":"wp","href":"https:\/\/api.w.org\/{rel}","templated":true}]}}