{"id":50794,"date":"2016-09-06T00:00:00","date_gmt":"2016-09-06T00:00:00","guid":{"rendered":"http:\/\/www.fondazionepirelli.org\/fondazione-pirelli\/musica-dimpresa\/"},"modified":"2019-10-29T12:41:17","modified_gmt":"2019-10-29T10:41:17","slug":"musica-dimpresa","status":"publish","type":"post","link":"https:\/\/www.fondazionepirelli.org\/it\/cultura-dimpresa\/musica-dimpresa\/","title":{"rendered":"Musica d\u2019impresa"},"content":{"rendered":"<p><em>Un volume appena aggiornato e ripubblicato, accosta con efficacia esperienze di imprenditori, manager e muscisti<\/em><\/p>\n<p>Organizzare, gestire, creare, entusiasmare, raggiungere risultati sempre pi\u00f9 importanti. Possono anche essere questi alcuni dei termini utili a definire l\u2019azione del buon imprenditore e del <em>manager <\/em>\u00a0accorto. Ma non solo. Chiunque abbia a che fare con organizzazioni create per raggiungere uno scopo pu\u00f2, con buona ragione, fare riferimento a concetti di questo genere. E\u2019 per questo che pu\u00f2 essere pi\u00f9 che utile leggere di esperienze apparentemente lontane ma in realt\u00e0 accomunate da tratti uguali dell\u2019agire.<\/p>\n<p>E\u2019 il caso di \u201cO l\u2019impresa, o la vita. Storie organizzative ed epiche\u201d di Luigi Maria Sicca aggiornato e ripubblicato poche settimane fa.<\/p>\n<p>Sicca \u2013 Professore Ordinario di Organizzazione aziendale e di Organizzazione gestione delle risorse umane presso l\u2019Universit\u00e0 Federico II di Napoli -, affronta il tema del <em>management<\/em> e dell\u2019agire d\u2019impresa da un punto di vista doppiamente originale. Niente o quasi teoria, prima di tutto. Molta pratica, invece. Quella che viene racconta da una serie di imprenditori e<em> manager<\/em> da un lato e da una serie di musicisti dall\u2019altro.<\/p>\n<p>Accostamento irriverente e inconsueto \u2013 in apparenza -, ma molto utile, quello compiuto da Sicca \u00e8 un viaggio parallelo fra esperienze he hanno molto in comune. Dopo nemmeno venti pagine di introduzione teorica (basate sui <em>Critical Management Studies<\/em>), Sicca d\u00e0 spazio ad un\u2019alternanza di testi scritti da <em>manager<\/em>, imprenditori e artisti. Tutti accomunati da \u201cun\u2019impresa\u201d. Scorrono quindi esperienze legate alla formazione, alla mediazione, all\u2019internazionalizzazione, all\u2019improvvisazione, al cambiamento, alla motivazione, all\u2019innovazione, alla sottrazione intesa come ricerca dell\u2019essenziale, alla crescita, alla progettualit\u00e0; racconti che fanno riferimento anche alle esperienze da presidente, da direttore d\u2019orchestra, da compositore, <em>manager<\/em> di vertice o \u201cdi fila\u201d, da orchestrale e cos\u00ec via.<\/p>\n<p>Il libro di Sicca si inserisce bene e con originalit\u00e0 in un ambito di analisi della realt\u00e0 d\u2019impresa che fa capo all\u2019imprevedibilit\u00e0 delle situazioni da affrontare, alla necessit\u00e0 di conoscenze\u00a0 interdisciplinari e all\u2019esercizio della fantasia che paiono essere alcuni dei nuovi elementi fondamentali della buona gestione organizzativa. \u00a0Da leggere e meditare.<\/p><p><strong>O l\u2019impresa, o la vita. Storie organizzative ed epiche<\/strong><\/p>\n<p>Luigi Maria Sicca<\/p>\n<p>Egea, 2016<\/p>\n","protected":false},"excerpt":{"rendered":"<p>Un volume appena aggiornato e ripubblicato, accosta con efficacia esperienze di imprenditori, manager e muscisti Organizzare, gestire, creare, entusiasmare, raggiungere risultati sempre pi\u00f9 importanti. Possono anche essere questi alcuni dei termini utili a definire l\u2019azione del buon imprenditore e del manager \u00a0accorto. Ma non solo. Chiunque abbia a che fare con organizzazioni create per raggiungere [&hellip;]<\/p>\n","protected":false},"author":1,"featured_media":50795,"comment_status":"open","ping_status":"open","sticky":false,"template":"","format":"standard","meta":{"footnotes":""},"categories":[52,58],"tags":[],"class_list":["post-50794","post","type-post","status-publish","format-standard","has-post-thumbnail","hentry","category-cultura-dimpresa","category-recensioni-libri"],"acf":[],"yoast_head":"<!-- This site is optimized with the Yoast SEO plugin v25.0 - https:\/\/yoast.com\/wordpress\/plugins\/seo\/ -->\n<title>Musica d\u2019impresa - Fondazione Pirelli<\/title>\n<meta name=\"robots\" content=\"index, follow, max-snippet:-1, max-image-preview:large, max-video-preview:-1\" \/>\n<link rel=\"canonical\" href=\"https:\/\/www.fondazionepirelli.org\/it\/cultura-dimpresa\/musica-dimpresa\/\" \/>\n<meta property=\"og:locale\" content=\"it_IT\" \/>\n<meta property=\"og:type\" content=\"article\" \/>\n<meta property=\"og:title\" content=\"Musica d\u2019impresa - Fondazione Pirelli\" \/>\n<meta property=\"og:description\" content=\"Un volume appena aggiornato e ripubblicato, accosta con efficacia esperienze di imprenditori, manager e muscisti Organizzare, gestire, creare, entusiasmare, raggiungere risultati sempre pi\u00f9 importanti. Possono anche essere questi alcuni dei termini utili a definire l\u2019azione del buon imprenditore e del manager \u00a0accorto. Ma non solo. Chiunque abbia a che fare con organizzazioni create per raggiungere [&hellip;]\" \/>\n<meta property=\"og:url\" content=\"https:\/\/127.0.0.1\/it\/cultura-dimpresa\/musica-dimpresa\/\" \/>\n<meta property=\"og:site_name\" content=\"Fondazione Pirelli\" \/>\n<meta property=\"article:published_time\" content=\"2016-09-06T00:00:00+00:00\" \/>\n<meta property=\"article:modified_time\" content=\"2019-10-29T10:41:17+00:00\" \/>\n<meta property=\"og:image\" content=\"https:\/\/wpsite-assets.fondazionepirelli.org\/wp-content\/uploads\/2019\/05\/20101618\/libro1.jpg\" \/>\n\t<meta property=\"og:image:width\" content=\"359\" \/>\n\t<meta property=\"og:image:height\" content=\"520\" \/>\n\t<meta property=\"og:image:type\" content=\"image\/jpeg\" \/>\n<meta name=\"author\" content=\"fondadmin\" \/>\n<meta name=\"twitter:card\" content=\"summary_large_image\" \/>\n<meta name=\"twitter:label1\" content=\"Scritto da\" \/>\n\t<meta name=\"twitter:data1\" content=\"fondadmin\" \/>\n\t<meta name=\"twitter:label2\" content=\"Tempo di lettura stimato\" \/>\n\t<meta name=\"twitter:data2\" content=\"2 minuti\" \/>\n<script type=\"application\/ld+json\" class=\"yoast-schema-graph\">{\"@context\":\"https:\/\/schema.org\",\"@graph\":[{\"@type\":\"WebPage\",\"@id\":\"https:\/\/127.0.0.1\/it\/cultura-dimpresa\/musica-dimpresa\/\",\"url\":\"https:\/\/127.0.0.1\/it\/cultura-dimpresa\/musica-dimpresa\/\",\"name\":\"Musica d\u2019impresa - Fondazione Pirelli\",\"isPartOf\":{\"@id\":\"https:\/\/www.fondazionepirelli.org\/it\/#website\"},\"primaryImageOfPage\":{\"@id\":\"https:\/\/127.0.0.1\/it\/cultura-dimpresa\/musica-dimpresa\/#primaryimage\"},\"image\":{\"@id\":\"https:\/\/127.0.0.1\/it\/cultura-dimpresa\/musica-dimpresa\/#primaryimage\"},\"thumbnailUrl\":\"https:\/\/wpsite-assets.fondazionepirelli.org\/wp-content\/uploads\/2019\/05\/20101618\/libro1.jpg\",\"datePublished\":\"2016-09-06T00:00:00+00:00\",\"dateModified\":\"2019-10-29T10:41:17+00:00\",\"author\":{\"@id\":\"https:\/\/www.fondazionepirelli.org\/it\/#\/schema\/person\/f47d097000832c4a6e54538c791fdf25\"},\"breadcrumb\":{\"@id\":\"https:\/\/127.0.0.1\/it\/cultura-dimpresa\/musica-dimpresa\/#breadcrumb\"},\"inLanguage\":\"it-IT\",\"potentialAction\":[{\"@type\":\"ReadAction\",\"target\":[\"https:\/\/127.0.0.1\/it\/cultura-dimpresa\/musica-dimpresa\/\"]}]},{\"@type\":\"ImageObject\",\"inLanguage\":\"it-IT\",\"@id\":\"https:\/\/127.0.0.1\/it\/cultura-dimpresa\/musica-dimpresa\/#primaryimage\",\"url\":\"https:\/\/wpsite-assets.fondazionepirelli.org\/wp-content\/uploads\/2019\/05\/20101618\/libro1.jpg\",\"contentUrl\":\"https:\/\/wpsite-assets.fondazionepirelli.org\/wp-content\/uploads\/2019\/05\/20101618\/libro1.jpg\",\"width\":359,\"height\":520},{\"@type\":\"BreadcrumbList\",\"@id\":\"https:\/\/127.0.0.1\/it\/cultura-dimpresa\/musica-dimpresa\/#breadcrumb\",\"itemListElement\":[{\"@type\":\"ListItem\",\"position\":1,\"name\":\"Home\",\"item\":\"https:\/\/www.fondazionepirelli.org\/it\/\"},{\"@type\":\"ListItem\",\"position\":2,\"name\":\"Musica d\u2019impresa\"}]},{\"@type\":\"WebSite\",\"@id\":\"https:\/\/www.fondazionepirelli.org\/it\/#website\",\"url\":\"https:\/\/www.fondazionepirelli.org\/it\/\",\"name\":\"Fondazione Pirelli\",\"description\":\"\",\"potentialAction\":[{\"@type\":\"SearchAction\",\"target\":{\"@type\":\"EntryPoint\",\"urlTemplate\":\"https:\/\/www.fondazionepirelli.org\/it\/?s={search_term_string}\"},\"query-input\":{\"@type\":\"PropertyValueSpecification\",\"valueRequired\":true,\"valueName\":\"search_term_string\"}}],\"inLanguage\":\"it-IT\"},{\"@type\":\"Person\",\"@id\":\"https:\/\/www.fondazionepirelli.org\/it\/#\/schema\/person\/f47d097000832c4a6e54538c791fdf25\",\"name\":\"fondadmin\",\"image\":{\"@type\":\"ImageObject\",\"inLanguage\":\"it-IT\",\"@id\":\"https:\/\/www.fondazionepirelli.org\/it\/#\/schema\/person\/image\/\",\"url\":\"https:\/\/secure.gravatar.com\/avatar\/e69498a9175ca244966e51e53c88712c024fcebe41f9a05f75657f1bb25e489b?s=96&d=mm&r=g\",\"contentUrl\":\"https:\/\/secure.gravatar.com\/avatar\/e69498a9175ca244966e51e53c88712c024fcebe41f9a05f75657f1bb25e489b?s=96&d=mm&r=g\",\"caption\":\"fondadmin\"},\"url\":\"https:\/\/www.fondazionepirelli.org\/it\/author\/fondadmin\/\"}]}<\/script>\n<!-- \/ Yoast SEO plugin. -->","yoast_head_json":{"title":"Musica d\u2019impresa - Fondazione Pirelli","robots":{"index":"index","follow":"follow","max-snippet":"max-snippet:-1","max-image-preview":"max-image-preview:large","max-video-preview":"max-video-preview:-1"},"canonical":"https:\/\/www.fondazionepirelli.org\/it\/cultura-dimpresa\/musica-dimpresa\/","og_locale":"it_IT","og_type":"article","og_title":"Musica d\u2019impresa - Fondazione Pirelli","og_description":"Un volume appena aggiornato e ripubblicato, accosta con efficacia esperienze di imprenditori, manager e muscisti Organizzare, gestire, creare, entusiasmare, raggiungere risultati sempre pi\u00f9 importanti. Possono anche essere questi alcuni dei termini utili a definire l\u2019azione del buon imprenditore e del manager \u00a0accorto. Ma non solo. Chiunque abbia a che fare con organizzazioni create per raggiungere [&hellip;]","og_url":"https:\/\/127.0.0.1\/it\/cultura-dimpresa\/musica-dimpresa\/","og_site_name":"Fondazione Pirelli","article_published_time":"2016-09-06T00:00:00+00:00","article_modified_time":"2019-10-29T10:41:17+00:00","og_image":[{"width":359,"height":520,"url":"https:\/\/wpsite-assets.fondazionepirelli.org\/wp-content\/uploads\/2019\/05\/20101618\/libro1.jpg","type":"image\/jpeg"}],"author":"fondadmin","twitter_card":"summary_large_image","twitter_misc":{"Scritto da":"fondadmin","Tempo di lettura stimato":"2 minuti"},"schema":{"@context":"https:\/\/schema.org","@graph":[{"@type":"WebPage","@id":"https:\/\/127.0.0.1\/it\/cultura-dimpresa\/musica-dimpresa\/","url":"https:\/\/127.0.0.1\/it\/cultura-dimpresa\/musica-dimpresa\/","name":"Musica d\u2019impresa - Fondazione Pirelli","isPartOf":{"@id":"https:\/\/www.fondazionepirelli.org\/it\/#website"},"primaryImageOfPage":{"@id":"https:\/\/127.0.0.1\/it\/cultura-dimpresa\/musica-dimpresa\/#primaryimage"},"image":{"@id":"https:\/\/127.0.0.1\/it\/cultura-dimpresa\/musica-dimpresa\/#primaryimage"},"thumbnailUrl":"https:\/\/wpsite-assets.fondazionepirelli.org\/wp-content\/uploads\/2019\/05\/20101618\/libro1.jpg","datePublished":"2016-09-06T00:00:00+00:00","dateModified":"2019-10-29T10:41:17+00:00","author":{"@id":"https:\/\/www.fondazionepirelli.org\/it\/#\/schema\/person\/f47d097000832c4a6e54538c791fdf25"},"breadcrumb":{"@id":"https:\/\/127.0.0.1\/it\/cultura-dimpresa\/musica-dimpresa\/#breadcrumb"},"inLanguage":"it-IT","potentialAction":[{"@type":"ReadAction","target":["https:\/\/127.0.0.1\/it\/cultura-dimpresa\/musica-dimpresa\/"]}]},{"@type":"ImageObject","inLanguage":"it-IT","@id":"https:\/\/127.0.0.1\/it\/cultura-dimpresa\/musica-dimpresa\/#primaryimage","url":"https:\/\/wpsite-assets.fondazionepirelli.org\/wp-content\/uploads\/2019\/05\/20101618\/libro1.jpg","contentUrl":"https:\/\/wpsite-assets.fondazionepirelli.org\/wp-content\/uploads\/2019\/05\/20101618\/libro1.jpg","width":359,"height":520},{"@type":"BreadcrumbList","@id":"https:\/\/127.0.0.1\/it\/cultura-dimpresa\/musica-dimpresa\/#breadcrumb","itemListElement":[{"@type":"ListItem","position":1,"name":"Home","item":"https:\/\/www.fondazionepirelli.org\/it\/"},{"@type":"ListItem","position":2,"name":"Musica d\u2019impresa"}]},{"@type":"WebSite","@id":"https:\/\/www.fondazionepirelli.org\/it\/#website","url":"https:\/\/www.fondazionepirelli.org\/it\/","name":"Fondazione Pirelli","description":"","potentialAction":[{"@type":"SearchAction","target":{"@type":"EntryPoint","urlTemplate":"https:\/\/www.fondazionepirelli.org\/it\/?s={search_term_string}"},"query-input":{"@type":"PropertyValueSpecification","valueRequired":true,"valueName":"search_term_string"}}],"inLanguage":"it-IT"},{"@type":"Person","@id":"https:\/\/www.fondazionepirelli.org\/it\/#\/schema\/person\/f47d097000832c4a6e54538c791fdf25","name":"fondadmin","image":{"@type":"ImageObject","inLanguage":"it-IT","@id":"https:\/\/www.fondazionepirelli.org\/it\/#\/schema\/person\/image\/","url":"https:\/\/secure.gravatar.com\/avatar\/e69498a9175ca244966e51e53c88712c024fcebe41f9a05f75657f1bb25e489b?s=96&d=mm&r=g","contentUrl":"https:\/\/secure.gravatar.com\/avatar\/e69498a9175ca244966e51e53c88712c024fcebe41f9a05f75657f1bb25e489b?s=96&d=mm&r=g","caption":"fondadmin"},"url":"https:\/\/www.fondazionepirelli.org\/it\/author\/fondadmin\/"}]}},"_links":{"self":[{"href":"https:\/\/www.fondazionepirelli.org\/it\/wp-json\/wp\/v2\/posts\/50794\/"}],"collection":[{"href":"https:\/\/www.fondazionepirelli.org\/it\/wp-json\/wp\/v2\/posts\/"}],"about":[{"href":"https:\/\/www.fondazionepirelli.org\/it\/wp-json\/wp\/v2\/types\/post\/"}],"author":[{"embeddable":true,"href":"https:\/\/www.fondazionepirelli.org\/it\/wp-json\/wp\/v2\/users\/1\/"}],"replies":[{"embeddable":true,"href":"https:\/\/www.fondazionepirelli.org\/it\/wp-json\/wp\/v2\/comments\/?post=50794"}],"version-history":[{"count":1,"href":"https:\/\/www.fondazionepirelli.org\/it\/wp-json\/wp\/v2\/posts\/50794\/revisions\/"}],"predecessor-version":[{"id":70511,"href":"https:\/\/www.fondazionepirelli.org\/it\/wp-json\/wp\/v2\/posts\/50794\/revisions\/70511\/"}],"wp:featuredmedia":[{"embeddable":true,"href":"https:\/\/www.fondazionepirelli.org\/it\/wp-json\/wp\/v2\/media\/50795\/"}],"wp:attachment":[{"href":"https:\/\/www.fondazionepirelli.org\/it\/wp-json\/wp\/v2\/media\/?parent=50794"}],"wp:term":[{"taxonomy":"category","embeddable":true,"href":"https:\/\/www.fondazionepirelli.org\/it\/wp-json\/wp\/v2\/categories\/?post=50794"},{"taxonomy":"post_tag","embeddable":true,"href":"https:\/\/www.fondazionepirelli.org\/it\/wp-json\/wp\/v2\/tags\/?post=50794"}],"curies":[{"name":"wp","href":"https:\/\/api.w.org\/{rel}","templated":true}]}}