{"id":50797,"date":"2016-09-06T00:00:00","date_gmt":"2016-09-06T00:00:00","guid":{"rendered":"http:\/\/www.fondazionepirelli.org\/fondazione-pirelli\/complesse-immagini-dimpresa\/"},"modified":"2019-05-27T13:16:19","modified_gmt":"2019-05-27T13:16:19","slug":"complesse-immagini-dimpresa","status":"publish","type":"post","link":"https:\/\/www.fondazionepirelli.org\/it\/cultura-dimpresa\/complesse-immagini-dimpresa\/","title":{"rendered":"Complesse immagini d\u2019impresa"},"content":{"rendered":"<p><em>Un saggio pubblicato dalla Fondazione Marco Biagi affronta il tema del racconto visivo della produzione e del lavoro<\/em><\/p>\n<p>L\u2019impresa e il lavoro si possono raccontare anche per immagini. Anzi, l\u2019immagine \u2013 insieme al racconto -, oggi \u00e8 uno degli strumenti pi\u00f9 utili per sintetizzare al meglio\u00a0 quella cultura del produrre che tanto caratterizza l\u2019industria italiana.\u00a0 Ma le immagini occorre saperle creare e utilizzare bene. Cosa non semplice proprio in un\u2019epoca caratterizzata da una numerosit\u00e0 elevata di sollecitazioni visive come mai prima \u00a0\u00e8 capitato. Occorre quindi sistematizzare, capire, comprendere.<\/p>\n<p>A questo serve \u201cImmagini del lavoro, lavoro con le immagini\u201d di Tommaso M. Fabbri dell\u2019Universit\u00e0 di Modena e Reggio Emilia, articolo appena pubblicato\u00a0 nella Sezione Saggi dei\u00a0 Quaderni Fondazione Marco Biagi.<\/p>\n<p>Fabbri compie un\u2019opera difficile: spiegare con parole l\u2019uso delle immagini nel tempo e soprattutto oggi, con una particolare attenzione alla loro applicazione nell\u2019impresa e nell\u2019illustrazione del lavoro. Rifacendosi ai fondamenti della sociologia e dell\u2019antropologia (le uniche due scienze sociali\u00a0 che sono riuscite anche a studiare l\u2019immagine e il suo uso), Fabbri ripercorre quindi l\u2019apparato teorico sottostante all\u2019uso degli strumenti visivi e ne spiega le peculiarit\u00e0, le caratteristiche, i limiti. Occorre fare attenzione_ l\u2019immagine, spiega l\u2019autore, non \u00e8 lo specchio della realt\u00e0, ma rappresenta sempre \u201cun punto-di-vista\u201d.\u00a0 Arrivando pesino a ricordare il principio di indeterminatezza, Fabbri quindi circostanzia bene il significato che si pu\u00f2 attribuire alle immagini che descrivono la cultura d\u2019impresa, l\u2019impresa nel suo produrre, il lavoro nell\u2019impresa. Partendo, per esempio, dalla fatto che chi fissa delle immagini \u00e8 influenzato dal contesto sociale in cui vive e lavora, oltre che dall\u2019ambiente che riprende; ma anche dal contrario: le immagini prodotte possono influenzare chi le ha prodotte e l\u2019ambiente che le ha originate. \u00a0Fabbri, poi, individua due categorie di strumenti visivi che calzano bene sul lavoro e sulla produzione: il documentario sociale e il documentario d\u2019impresa.<\/p>\n<p>Immagini come strumenti da usare ma con attenzione, quindi.\u00a0 Anche nel racconto delle culture d\u2019impresa cos\u00ec come del lavoro. Mettendo insieme ragionamenti sociologici e antropologici con l\u2019osservazione della realt\u00e0 odierna, Fabbri\u00a0 conclude osservando una \u00a0\u201cpeculiare comunanza tra pratiche (e discipline) altrimenti distanti come la realizzazione di un\u2019opera audiovisiva (<em>video making<\/em>, <em>video research<\/em>), la definizione dell\u2019organizzazione di un\u2019azienda, (<em>organizational design<\/em>), la definizione di una politica economica (<em>policy making<\/em>), la scrittura di una norma giuridica\u201d.<\/p>\n<p>L\u2019intervento di Fabbri non \u00e8 sempre facile da leggere; \u00e8 anzi denso e in alcuni passaggi da riprendere pi\u00f9 volte: ma \u00e8 utile da affrontare.<\/p><p><strong>Immagini del lavoro, lavoro con le immagini<\/strong><\/p>\n<p>Tommaso M. Fabbri<\/p>\n<p>Quaderni Fondazione Marco Biagi, Saggi, 5.I 2015, Agosto 2016<\/p>\n","protected":false},"excerpt":{"rendered":"<p>Un saggio pubblicato dalla Fondazione Marco Biagi affronta il tema del racconto visivo della produzione e del lavoro L\u2019impresa e il lavoro si possono raccontare anche per immagini. Anzi, l\u2019immagine \u2013 insieme al racconto -, oggi \u00e8 uno degli strumenti pi\u00f9 utili per sintetizzare al meglio\u00a0 quella cultura del produrre che tanto caratterizza l\u2019industria italiana.\u00a0 [&hellip;]<\/p>\n","protected":false},"author":1,"featured_media":0,"comment_status":"open","ping_status":"open","sticky":false,"template":"","format":"standard","meta":{"footnotes":""},"categories":[54,52],"tags":[],"class_list":["post-50797","post","type-post","status-publish","format-standard","hentry","category-approfondimenti","category-cultura-dimpresa"],"acf":[],"yoast_head":"<!-- This site is optimized with the Yoast SEO plugin v25.0 - https:\/\/yoast.com\/wordpress\/plugins\/seo\/ -->\n<title>Complesse immagini d\u2019impresa - Fondazione Pirelli<\/title>\n<meta name=\"robots\" content=\"index, follow, max-snippet:-1, max-image-preview:large, max-video-preview:-1\" \/>\n<link rel=\"canonical\" href=\"https:\/\/www.fondazionepirelli.org\/it\/cultura-dimpresa\/complesse-immagini-dimpresa\/\" \/>\n<meta property=\"og:locale\" content=\"it_IT\" \/>\n<meta property=\"og:type\" content=\"article\" \/>\n<meta property=\"og:title\" content=\"Complesse immagini d\u2019impresa - Fondazione Pirelli\" \/>\n<meta property=\"og:description\" content=\"Un saggio pubblicato dalla Fondazione Marco Biagi affronta il tema del racconto visivo della produzione e del lavoro L\u2019impresa e il lavoro si possono raccontare anche per immagini. Anzi, l\u2019immagine \u2013 insieme al racconto -, oggi \u00e8 uno degli strumenti pi\u00f9 utili per sintetizzare al meglio\u00a0 quella cultura del produrre che tanto caratterizza l\u2019industria italiana.\u00a0 [&hellip;]\" \/>\n<meta property=\"og:url\" content=\"https:\/\/127.0.0.1\/it\/cultura-dimpresa\/complesse-immagini-dimpresa\/\" \/>\n<meta property=\"og:site_name\" content=\"Fondazione Pirelli\" \/>\n<meta property=\"article:published_time\" content=\"2016-09-06T00:00:00+00:00\" \/>\n<meta property=\"article:modified_time\" content=\"2019-05-27T13:16:19+00:00\" \/>\n<meta name=\"author\" content=\"fondadmin\" \/>\n<meta name=\"twitter:card\" content=\"summary_large_image\" \/>\n<meta name=\"twitter:label1\" content=\"Scritto da\" \/>\n\t<meta name=\"twitter:data1\" content=\"fondadmin\" \/>\n\t<meta name=\"twitter:label2\" content=\"Tempo di lettura stimato\" \/>\n\t<meta name=\"twitter:data2\" content=\"2 minuti\" \/>\n<script type=\"application\/ld+json\" class=\"yoast-schema-graph\">{\"@context\":\"https:\/\/schema.org\",\"@graph\":[{\"@type\":\"WebPage\",\"@id\":\"https:\/\/127.0.0.1\/it\/cultura-dimpresa\/complesse-immagini-dimpresa\/\",\"url\":\"https:\/\/127.0.0.1\/it\/cultura-dimpresa\/complesse-immagini-dimpresa\/\",\"name\":\"Complesse immagini d\u2019impresa - Fondazione Pirelli\",\"isPartOf\":{\"@id\":\"https:\/\/www.fondazionepirelli.org\/it\/#website\"},\"datePublished\":\"2016-09-06T00:00:00+00:00\",\"dateModified\":\"2019-05-27T13:16:19+00:00\",\"author\":{\"@id\":\"https:\/\/www.fondazionepirelli.org\/it\/#\/schema\/person\/f47d097000832c4a6e54538c791fdf25\"},\"breadcrumb\":{\"@id\":\"https:\/\/127.0.0.1\/it\/cultura-dimpresa\/complesse-immagini-dimpresa\/#breadcrumb\"},\"inLanguage\":\"it-IT\",\"potentialAction\":[{\"@type\":\"ReadAction\",\"target\":[\"https:\/\/127.0.0.1\/it\/cultura-dimpresa\/complesse-immagini-dimpresa\/\"]}]},{\"@type\":\"BreadcrumbList\",\"@id\":\"https:\/\/127.0.0.1\/it\/cultura-dimpresa\/complesse-immagini-dimpresa\/#breadcrumb\",\"itemListElement\":[{\"@type\":\"ListItem\",\"position\":1,\"name\":\"Home\",\"item\":\"https:\/\/www.fondazionepirelli.org\/it\/\"},{\"@type\":\"ListItem\",\"position\":2,\"name\":\"Complesse immagini d\u2019impresa\"}]},{\"@type\":\"WebSite\",\"@id\":\"https:\/\/www.fondazionepirelli.org\/it\/#website\",\"url\":\"https:\/\/www.fondazionepirelli.org\/it\/\",\"name\":\"Fondazione Pirelli\",\"description\":\"\",\"potentialAction\":[{\"@type\":\"SearchAction\",\"target\":{\"@type\":\"EntryPoint\",\"urlTemplate\":\"https:\/\/www.fondazionepirelli.org\/it\/?s={search_term_string}\"},\"query-input\":{\"@type\":\"PropertyValueSpecification\",\"valueRequired\":true,\"valueName\":\"search_term_string\"}}],\"inLanguage\":\"it-IT\"},{\"@type\":\"Person\",\"@id\":\"https:\/\/www.fondazionepirelli.org\/it\/#\/schema\/person\/f47d097000832c4a6e54538c791fdf25\",\"name\":\"fondadmin\",\"image\":{\"@type\":\"ImageObject\",\"inLanguage\":\"it-IT\",\"@id\":\"https:\/\/www.fondazionepirelli.org\/it\/#\/schema\/person\/image\/\",\"url\":\"https:\/\/secure.gravatar.com\/avatar\/e69498a9175ca244966e51e53c88712c024fcebe41f9a05f75657f1bb25e489b?s=96&d=mm&r=g\",\"contentUrl\":\"https:\/\/secure.gravatar.com\/avatar\/e69498a9175ca244966e51e53c88712c024fcebe41f9a05f75657f1bb25e489b?s=96&d=mm&r=g\",\"caption\":\"fondadmin\"},\"url\":\"https:\/\/www.fondazionepirelli.org\/it\/author\/fondadmin\/\"}]}<\/script>\n<!-- \/ Yoast SEO plugin. -->","yoast_head_json":{"title":"Complesse immagini d\u2019impresa - Fondazione Pirelli","robots":{"index":"index","follow":"follow","max-snippet":"max-snippet:-1","max-image-preview":"max-image-preview:large","max-video-preview":"max-video-preview:-1"},"canonical":"https:\/\/www.fondazionepirelli.org\/it\/cultura-dimpresa\/complesse-immagini-dimpresa\/","og_locale":"it_IT","og_type":"article","og_title":"Complesse immagini d\u2019impresa - Fondazione Pirelli","og_description":"Un saggio pubblicato dalla Fondazione Marco Biagi affronta il tema del racconto visivo della produzione e del lavoro L\u2019impresa e il lavoro si possono raccontare anche per immagini. Anzi, l\u2019immagine \u2013 insieme al racconto -, oggi \u00e8 uno degli strumenti pi\u00f9 utili per sintetizzare al meglio\u00a0 quella cultura del produrre che tanto caratterizza l\u2019industria italiana.\u00a0 [&hellip;]","og_url":"https:\/\/127.0.0.1\/it\/cultura-dimpresa\/complesse-immagini-dimpresa\/","og_site_name":"Fondazione Pirelli","article_published_time":"2016-09-06T00:00:00+00:00","article_modified_time":"2019-05-27T13:16:19+00:00","author":"fondadmin","twitter_card":"summary_large_image","twitter_misc":{"Scritto da":"fondadmin","Tempo di lettura stimato":"2 minuti"},"schema":{"@context":"https:\/\/schema.org","@graph":[{"@type":"WebPage","@id":"https:\/\/127.0.0.1\/it\/cultura-dimpresa\/complesse-immagini-dimpresa\/","url":"https:\/\/127.0.0.1\/it\/cultura-dimpresa\/complesse-immagini-dimpresa\/","name":"Complesse immagini d\u2019impresa - Fondazione Pirelli","isPartOf":{"@id":"https:\/\/www.fondazionepirelli.org\/it\/#website"},"datePublished":"2016-09-06T00:00:00+00:00","dateModified":"2019-05-27T13:16:19+00:00","author":{"@id":"https:\/\/www.fondazionepirelli.org\/it\/#\/schema\/person\/f47d097000832c4a6e54538c791fdf25"},"breadcrumb":{"@id":"https:\/\/127.0.0.1\/it\/cultura-dimpresa\/complesse-immagini-dimpresa\/#breadcrumb"},"inLanguage":"it-IT","potentialAction":[{"@type":"ReadAction","target":["https:\/\/127.0.0.1\/it\/cultura-dimpresa\/complesse-immagini-dimpresa\/"]}]},{"@type":"BreadcrumbList","@id":"https:\/\/127.0.0.1\/it\/cultura-dimpresa\/complesse-immagini-dimpresa\/#breadcrumb","itemListElement":[{"@type":"ListItem","position":1,"name":"Home","item":"https:\/\/www.fondazionepirelli.org\/it\/"},{"@type":"ListItem","position":2,"name":"Complesse immagini d\u2019impresa"}]},{"@type":"WebSite","@id":"https:\/\/www.fondazionepirelli.org\/it\/#website","url":"https:\/\/www.fondazionepirelli.org\/it\/","name":"Fondazione Pirelli","description":"","potentialAction":[{"@type":"SearchAction","target":{"@type":"EntryPoint","urlTemplate":"https:\/\/www.fondazionepirelli.org\/it\/?s={search_term_string}"},"query-input":{"@type":"PropertyValueSpecification","valueRequired":true,"valueName":"search_term_string"}}],"inLanguage":"it-IT"},{"@type":"Person","@id":"https:\/\/www.fondazionepirelli.org\/it\/#\/schema\/person\/f47d097000832c4a6e54538c791fdf25","name":"fondadmin","image":{"@type":"ImageObject","inLanguage":"it-IT","@id":"https:\/\/www.fondazionepirelli.org\/it\/#\/schema\/person\/image\/","url":"https:\/\/secure.gravatar.com\/avatar\/e69498a9175ca244966e51e53c88712c024fcebe41f9a05f75657f1bb25e489b?s=96&d=mm&r=g","contentUrl":"https:\/\/secure.gravatar.com\/avatar\/e69498a9175ca244966e51e53c88712c024fcebe41f9a05f75657f1bb25e489b?s=96&d=mm&r=g","caption":"fondadmin"},"url":"https:\/\/www.fondazionepirelli.org\/it\/author\/fondadmin\/"}]}},"_links":{"self":[{"href":"https:\/\/www.fondazionepirelli.org\/it\/wp-json\/wp\/v2\/posts\/50797\/"}],"collection":[{"href":"https:\/\/www.fondazionepirelli.org\/it\/wp-json\/wp\/v2\/posts\/"}],"about":[{"href":"https:\/\/www.fondazionepirelli.org\/it\/wp-json\/wp\/v2\/types\/post\/"}],"author":[{"embeddable":true,"href":"https:\/\/www.fondazionepirelli.org\/it\/wp-json\/wp\/v2\/users\/1\/"}],"replies":[{"embeddable":true,"href":"https:\/\/www.fondazionepirelli.org\/it\/wp-json\/wp\/v2\/comments\/?post=50797"}],"version-history":[{"count":1,"href":"https:\/\/www.fondazionepirelli.org\/it\/wp-json\/wp\/v2\/posts\/50797\/revisions\/"}],"predecessor-version":[{"id":56212,"href":"https:\/\/www.fondazionepirelli.org\/it\/wp-json\/wp\/v2\/posts\/50797\/revisions\/56212\/"}],"wp:attachment":[{"href":"https:\/\/www.fondazionepirelli.org\/it\/wp-json\/wp\/v2\/media\/?parent=50797"}],"wp:term":[{"taxonomy":"category","embeddable":true,"href":"https:\/\/www.fondazionepirelli.org\/it\/wp-json\/wp\/v2\/categories\/?post=50797"},{"taxonomy":"post_tag","embeddable":true,"href":"https:\/\/www.fondazionepirelli.org\/it\/wp-json\/wp\/v2\/tags\/?post=50797"}],"curies":[{"name":"wp","href":"https:\/\/api.w.org\/{rel}","templated":true}]}}