{"id":50799,"date":"2016-09-06T00:00:00","date_gmt":"2016-09-06T00:00:00","guid":{"rendered":"http:\/\/www.fondazionepirelli.org\/fondazione-pirelli\/le-disuguaglianze-rallentano-la-crescita-economica-dopo-i-buoni-libri-finalmente-se-ne-parla-anche-al-g20\/"},"modified":"2019-05-23T16:18:30","modified_gmt":"2019-05-23T16:18:30","slug":"le-disuguaglianze-rallentano-la-crescita-economica-dopo-i-buoni-libri-finalmente-se-ne-parla-anche-al-g20","status":"publish","type":"post","link":"https:\/\/www.fondazionepirelli.org\/it\/cultura-dimpresa\/le-disuguaglianze-rallentano-la-crescita-economica-dopo-i-buoni-libri-finalmente-se-ne-parla-anche-al-g20\/","title":{"rendered":"Le disuguaglianze rallentano la crescita economica dopo i buoni libri finalmente se ne parla  anche al G20"},"content":{"rendered":"<p>La parola \u00e8 forte: <strong>disuguaglianza<\/strong>. E risuona sempre pi\u00f9 spesso, nei summit politici mondiali e negli incontri elitari tra uomini di governo, economisti e capi d\u2019impresa. Disuguaglianza come questione sociale. Ma anche come freno potente alla crescita dell\u2019economia. Lo ha ricordato Christine Lagarde, direttrice generale del Fmi, al G20 di Hangzhou in Cina, aprendo un\u2019importante finestra di riflessione accanto ai grandi temi della difesa dell\u2019ambiente (facilitata dai nuovi impegni di Usa e Cina) e della ripresa degli scambi internazionali. E ne hanno parlato a lungo anche il ministro dell\u2019Economia italiano Piercarlo Padoan, il vicepresidente della Commissione Ue Frans Timmermans e il ministro delle Finanze olandese e presidente dell\u2019Eurogruppo Jeroen Dijsselbloem al Forum Ambrosetti di Cernobbio, rilevando la relazione perversa tra malessere sociale crescente, disuguaglianze in aumento (tra redditi, opportunit\u00e0 di lavoro e qualit\u00e0 di vita, aspettative delle nuove generazioni, blocco dell\u2019\u201dascensore sociale\u201d, crisi di reddito e di ruolo dei ceti medi, etc.) e bassa crescita economica. Altro che trionfo delle politiche di rigore o turbocapitalismo o globalizzazione comunque benefica, i miti degli anni Novanta e primi Duemila. Adesso, si va in cerca, finalmente, di nuovi equilibri per una \u201ceconomia pi\u00f9 giusta\u201d, equilibrata, sostenibile. Accogliendo, con spessore di analisi economiche e, si spera, di rapide, lungimiranti ed efficaci scelte politiche ed economiche, l\u2019incitamento morale e civile di Papa Francesco. \u201cCome combattere la stagnazione? Solo la lotta alle diseguaglianze porter\u00e0 i paesi oltre questa crisi economica secolare\u201d sostiene Michael Spence, premio Nobel per l\u2019economia (Il Sole24Ore 4 settembre).<\/p>\n<p>La novit\u00e0 di tendenza importante \u00e8 che la questione della disuguaglianza, gi\u00e0 messa da tempo in luce da economisti di gran livello, adesso comincia a trovare posto in cima alle agende economiche di organismi internazionali e di governo. Meglio tardi che mai. Purch\u00e9 non ci si fermi alle generiche raccomandazioni e alle buone intenzioni.<\/p>\n<p>Varrebbe semmai che pena che \u201ci potenti del mondo\u201d dedicassero un po\u2019 pi\u00f9 di tempo ad andare in biblioteca e leggere attentamente quello che Sen e Stiglitz, Spence, Krugman, Fitoussi e tanti altri ancora hanno detto e documentato con grande chiarezza sul tema. \u201cLe nuove regole dell\u2019economia. Sconfiggere le disuguaglianze per tornare a crescere\u201d, ha scritto Stiglitz (premio Nobel per l\u2019economia nel 2001 con il gi\u00e0 citato Spence e con Akerlof, di cui parleremo tra poco, per i loro lavori sulle \u201casimmetrie informative, un esempio classico di diseguaglianza tra chi sa, investe e si arriccisce e chi non sa, non sa scegliere ed \u00e8 vittima delle spceculazioni). Il libro \u00e8 pubblicato in Italia da Il Saggiatore, \u00e8 uno dei tanti scritti da Stiglitz sul tema (uno dei pi\u00f9 chiari) e documenta la tesi che la \u201cGrande Recessione\u201d cominciata nel 2008 ha aggravato le disuguaglianze di reddito, ricchezza e opportunit\u00e0 in tutto l&#8217;Occidente. Stiglitz insiste sul fatto che la disuguaglianza \u00e8 allo stesso tempo causa ed effetto della crisi. Gli Stati Uniti ne rappresentano il caso pi\u00f9 indicativo. E il libro fornisce il quadro completo delle distorsioni ideologiche, delle deregolamentazioni e delle norme tributarie che hanno favorito il settore finanziario e arricchito i pi\u00f9 ricchi a spese di tutti gli altri, strangolando la classe media e discriminando i lavoratori, in particolare le donne, gli afroamericani e gli immigrati. E portando l&#8217;economia al collasso. La disuguaglianza dipende da potenti forze globali, ma \u00e8 in primo luogo una scelta deliberata, frutto \u2013 insiste Stiglitz &#8211; delle sconsiderate politiche neoliberiste affermatesi fin dagli anni Settanta. La piena applicazione di queste politiche ha ucciso il sogno americano, trasformando gli Stati Uniti &#8211; da proverbiale terra delle opportunit\u00e0 qual era &#8211; in un paese oligarchico dalla scarsissima mobilit\u00e0 sociale, in cui sanit\u00e0, istruzione e casa di propriet\u00e0 sono inaccessibili a una larga fetta della popolazione e un quinto dei bambini vive in povert\u00e0, mentre l&#8217;1 per cento pi\u00f9 ricco \u00e8 uscito persino rafforzato dalla crisi. Temi antichi. E d\u2019attualit\u00e0. Che infiammano, per esempio, la campagna elettorale Usa per il nuovo presidente ma sono anche stati al centro dell\u2019attenzione delle attivit\u00e0 di governo dell\u2019amministrazione Obama.<\/p>\n<p>Bisogna appunto <strong>ripensare l\u2019economia<\/strong>. Le sue regole e le pratiche. I suoi valori. I suoi paradigmi, soprattutto quando diventano dogmi, elementi ideologici. Perch\u00e9 proprio in tempi di Grande Crisi, alla ricerca di quell\u2019\u201deconomia giusta\u201d sollecitata da <strong>Papa Francesco<\/strong>, ma anche dagli autorevoli economisti citate e da altri di cui diremo, \u00e8 indispensabile che attori sociali, studiosi, politici riflettano criticamente su \u201cmercato\u201d, \u201cproduttivit\u00e0\u201d, \u201cconsumo\u201d, \u201cbenessere\u201d. Sull\u2019idea stessa di \u201ccrescita\u201d, guardando un po\u2019 meno alla quantit\u00e0 e un po\u2019 di pi\u00f9 alla qualit\u00e0. Temi di fondo per il G20. Ma anche per la ridefinizione delle scelte dell\u2019Ocse e delle nuove strategie Ue in chiave di crescita.<\/p>\n<p>Ci sono altri buoni libri che aiutano a riflettere. Come \u201c<strong>Ci prendono per fessi<\/strong>\u201d ovvero \u201cL\u2019economia della manipolazione e dell\u2019inganno\u201d, Mondadori. Il titolo \u00e8 provocatorio, brutale. Le firme degli autori, di grande prestigio: George A. Akerlof (gi\u00e0 citato) e Robert J. Shiller, entrambi premi Nobel per l\u2019economia. In copertina, l\u2019immagine di un\u2019esca con gli ami, per pescare. E \u201cphishing\u201d \u00e8 la parola chiave del titolo americano, la pratica del raggiro. Idilliaco, il mercato teorizzato da Adam Smith, conciliando interesse personale e benessere generale. La realt\u00e0 \u00e8 tutt\u2019altro. Disseminata da \u201ctrappole ed esche cui finiamo per abboccare\u201d perch\u00e9 \u201cogni volta che c\u2019\u00e8 un profitto da ricavare, i venditori non esitano a sfruttare le nostre debolezze psicologiche, la nostra superficialit\u00e0, la nostra ignoranza per manipolarci e piazzarci la loro merce al prezzo pi\u00f9 alto\u201d. Regole da rivedere, dunque. Consapevolezza e conoscenza da rafforzare, tra i consumatori e i cittadini. Ma anche criteri economici da ridiscutere, per sottrarsi \u201cal paradosso per cui in un\u2019epoca come la nostra, in cui la produzione di ricchezza ha raggiunto livelli senza precedenti, tanti continuano a condurre una vita di miseria e di silenziosa disperazione\u201d. Come? \u201cCircular economy \u2013 Dallo spreco al valore\u201d, suggeriscono Peter Lacy, Jacob Rutqvist e Beatrice Lamonica in un brillante saggio pubblicato da Egea. Sempre pi\u00f9 limitate, le risorse della Terra. Sempre pi\u00f9 alti, i bisogni da soddisfare. E dunque vanno usate meno e meglio acqua, aria, territorio, va prodotta energia rinnovabile. Gli autori parlano di \u201cmodelli di business\u201d per \u201c<strong>la crescita circolare<\/strong>\u201d e propongono idee e progetti \u201cdal ridisegno delle filiere produttive a una diversa gestione degli scarti, dall\u2019estensione del ciclo di vita dei prodotti alla sharing economy, dall\u2019impiego di risorse sostenibili alla concezione del prodotto come servizio\u201d. Equilibri di sviluppo, appunto. Con forte valore sociale. Non solo profitto, dunque. Come racconta Ina Praetorius, antropologa e teologa, in \u201cL\u2019economia \u00e8 cura\u201d, IOD Edizioni (a cura di Adriana Maestro, con acuta prefazione di Luisa Cavaliere): si va oltre l\u2019idea che abbia valore economico solo ci\u00f2 che \u00e8 \u201cproduttivo\u201d e oggetto di scambio, s\u2019insiste sulle relazioni tra le persone che sono ben pi\u00f9 che soggetti economici, si parla di \u201csenso ampio di cura per il mondo\u201d e \u201cimpegno per una trasformazione culturale\u201d, si mette in primo piano il valore di \u201cculture femminili\u201d al di l\u00e0 della lettura riduttiva dello stesso Adam Smith come economista e non come filosofo morale. Economia \u201ccome soddisfazione del bisogno umano di preservare la vita e la qualit\u00e0 della vita\u201d. Va proprio in questa direzione pure \u201c<strong>Disuguaglianze \u2013 Quante sono, come combatterle<\/strong>\u201d di Maurizio Franzini e Mario Pianta, Laterza: disparit\u00e0 di reddito, ricchezza, opportunit\u00e0 di lavoro e di migliore futuro. Le responsabilit\u00e0 stanno in \u201cun capitalismo oligarchico\u201d. Le chiavi di riforma, in una migliore cultura dello sviluppo e in una politica responsabile. Si torna alla \u201ceconomia giusta\u201d. Speriamo che lo capiscano presto, i governi.<\/p>\n","protected":false},"excerpt":{"rendered":"<p>La parola \u00e8 forte: disuguaglianza. E risuona sempre pi\u00f9 spesso, nei summit politici mondiali e negli incontri elitari tra uomini di governo, economisti e capi d\u2019impresa. Disuguaglianza come questione sociale. Ma anche come freno potente alla crescita dell\u2019economia. Lo ha ricordato Christine Lagarde, direttrice generale del Fmi, al G20 di Hangzhou in Cina, aprendo un\u2019importante [&hellip;]<\/p>\n","protected":false},"author":1,"featured_media":50800,"comment_status":"open","ping_status":"open","sticky":false,"template":"","format":"standard","meta":{"footnotes":""},"categories":[53,52],"tags":[],"class_list":["post-50799","post","type-post","status-publish","format-standard","has-post-thumbnail","hentry","category-blog","category-cultura-dimpresa"],"acf":[],"yoast_head":"<!-- This site is optimized with the Yoast SEO plugin v25.0 - https:\/\/yoast.com\/wordpress\/plugins\/seo\/ -->\n<title>Le disuguaglianze rallentano la crescita economica dopo i buoni libri finalmente se ne parla anche al G20 - Fondazione Pirelli<\/title>\n<meta name=\"robots\" content=\"index, follow, max-snippet:-1, max-image-preview:large, max-video-preview:-1\" \/>\n<link rel=\"canonical\" href=\"https:\/\/www.fondazionepirelli.org\/it\/cultura-dimpresa\/le-disuguaglianze-rallentano-la-crescita-economica-dopo-i-buoni-libri-finalmente-se-ne-parla-anche-al-g20\/\" \/>\n<meta property=\"og:locale\" content=\"it_IT\" \/>\n<meta property=\"og:type\" content=\"article\" \/>\n<meta property=\"og:title\" content=\"Le disuguaglianze rallentano la crescita economica dopo i buoni libri finalmente se ne parla anche al G20 - Fondazione Pirelli\" \/>\n<meta property=\"og:description\" content=\"La parola \u00e8 forte: disuguaglianza. E risuona sempre pi\u00f9 spesso, nei summit politici mondiali e negli incontri elitari tra uomini di governo, economisti e capi d\u2019impresa. Disuguaglianza come questione sociale. Ma anche come freno potente alla crescita dell\u2019economia. Lo ha ricordato Christine Lagarde, direttrice generale del Fmi, al G20 di Hangzhou in Cina, aprendo un\u2019importante [&hellip;]\" \/>\n<meta property=\"og:url\" content=\"https:\/\/www.fondazionepirelli.org\/it\/cultura-dimpresa\/le-disuguaglianze-rallentano-la-crescita-economica-dopo-i-buoni-libri-finalmente-se-ne-parla-anche-al-g20\/\" \/>\n<meta property=\"og:site_name\" content=\"Fondazione Pirelli\" \/>\n<meta property=\"article:published_time\" content=\"2016-09-06T00:00:00+00:00\" \/>\n<meta property=\"article:modified_time\" content=\"2019-05-23T16:18:30+00:00\" \/>\n<meta property=\"og:image\" content=\"https:\/\/wpsite-assets.fondazionepirelli.org\/wp-content\/uploads\/2019\/05\/20101618\/disuguale.jpg\" \/>\n\t<meta property=\"og:image:width\" content=\"591\" \/>\n\t<meta property=\"og:image:height\" content=\"429\" \/>\n\t<meta property=\"og:image:type\" content=\"image\/jpeg\" \/>\n<meta name=\"author\" content=\"fondadmin\" \/>\n<meta name=\"twitter:card\" content=\"summary_large_image\" \/>\n<meta name=\"twitter:label1\" content=\"Scritto da\" \/>\n\t<meta name=\"twitter:data1\" content=\"fondadmin\" \/>\n\t<meta name=\"twitter:label2\" content=\"Tempo di lettura stimato\" \/>\n\t<meta name=\"twitter:data2\" content=\"6 minuti\" \/>\n<script type=\"application\/ld+json\" class=\"yoast-schema-graph\">{\"@context\":\"https:\/\/schema.org\",\"@graph\":[{\"@type\":\"WebPage\",\"@id\":\"https:\/\/www.fondazionepirelli.org\/it\/cultura-dimpresa\/le-disuguaglianze-rallentano-la-crescita-economica-dopo-i-buoni-libri-finalmente-se-ne-parla-anche-al-g20\/\",\"url\":\"https:\/\/www.fondazionepirelli.org\/it\/cultura-dimpresa\/le-disuguaglianze-rallentano-la-crescita-economica-dopo-i-buoni-libri-finalmente-se-ne-parla-anche-al-g20\/\",\"name\":\"Le disuguaglianze rallentano la crescita economica dopo i buoni libri finalmente se ne parla anche al G20 - Fondazione Pirelli\",\"isPartOf\":{\"@id\":\"https:\/\/www.fondazionepirelli.org\/it\/#website\"},\"primaryImageOfPage\":{\"@id\":\"https:\/\/www.fondazionepirelli.org\/it\/cultura-dimpresa\/le-disuguaglianze-rallentano-la-crescita-economica-dopo-i-buoni-libri-finalmente-se-ne-parla-anche-al-g20\/#primaryimage\"},\"image\":{\"@id\":\"https:\/\/www.fondazionepirelli.org\/it\/cultura-dimpresa\/le-disuguaglianze-rallentano-la-crescita-economica-dopo-i-buoni-libri-finalmente-se-ne-parla-anche-al-g20\/#primaryimage\"},\"thumbnailUrl\":\"https:\/\/wpsite-assets.fondazionepirelli.org\/wp-content\/uploads\/2019\/05\/20101618\/disuguale.jpg\",\"datePublished\":\"2016-09-06T00:00:00+00:00\",\"dateModified\":\"2019-05-23T16:18:30+00:00\",\"author\":{\"@id\":\"https:\/\/www.fondazionepirelli.org\/it\/#\/schema\/person\/f47d097000832c4a6e54538c791fdf25\"},\"breadcrumb\":{\"@id\":\"https:\/\/www.fondazionepirelli.org\/it\/cultura-dimpresa\/le-disuguaglianze-rallentano-la-crescita-economica-dopo-i-buoni-libri-finalmente-se-ne-parla-anche-al-g20\/#breadcrumb\"},\"inLanguage\":\"it-IT\",\"potentialAction\":[{\"@type\":\"ReadAction\",\"target\":[\"https:\/\/www.fondazionepirelli.org\/it\/cultura-dimpresa\/le-disuguaglianze-rallentano-la-crescita-economica-dopo-i-buoni-libri-finalmente-se-ne-parla-anche-al-g20\/\"]}]},{\"@type\":\"ImageObject\",\"inLanguage\":\"it-IT\",\"@id\":\"https:\/\/www.fondazionepirelli.org\/it\/cultura-dimpresa\/le-disuguaglianze-rallentano-la-crescita-economica-dopo-i-buoni-libri-finalmente-se-ne-parla-anche-al-g20\/#primaryimage\",\"url\":\"https:\/\/wpsite-assets.fondazionepirelli.org\/wp-content\/uploads\/2019\/05\/20101618\/disuguale.jpg\",\"contentUrl\":\"https:\/\/wpsite-assets.fondazionepirelli.org\/wp-content\/uploads\/2019\/05\/20101618\/disuguale.jpg\",\"width\":591,\"height\":429,\"caption\":\"|||\"},{\"@type\":\"BreadcrumbList\",\"@id\":\"https:\/\/www.fondazionepirelli.org\/it\/cultura-dimpresa\/le-disuguaglianze-rallentano-la-crescita-economica-dopo-i-buoni-libri-finalmente-se-ne-parla-anche-al-g20\/#breadcrumb\",\"itemListElement\":[{\"@type\":\"ListItem\",\"position\":1,\"name\":\"Home\",\"item\":\"https:\/\/www.fondazionepirelli.org\/it\/\"},{\"@type\":\"ListItem\",\"position\":2,\"name\":\"Le disuguaglianze rallentano la crescita economica dopo i buoni libri finalmente se ne parla anche al G20\"}]},{\"@type\":\"WebSite\",\"@id\":\"https:\/\/www.fondazionepirelli.org\/it\/#website\",\"url\":\"https:\/\/www.fondazionepirelli.org\/it\/\",\"name\":\"Fondazione Pirelli\",\"description\":\"\",\"potentialAction\":[{\"@type\":\"SearchAction\",\"target\":{\"@type\":\"EntryPoint\",\"urlTemplate\":\"https:\/\/www.fondazionepirelli.org\/it\/?s={search_term_string}\"},\"query-input\":{\"@type\":\"PropertyValueSpecification\",\"valueRequired\":true,\"valueName\":\"search_term_string\"}}],\"inLanguage\":\"it-IT\"},{\"@type\":\"Person\",\"@id\":\"https:\/\/www.fondazionepirelli.org\/it\/#\/schema\/person\/f47d097000832c4a6e54538c791fdf25\",\"name\":\"fondadmin\",\"image\":{\"@type\":\"ImageObject\",\"inLanguage\":\"it-IT\",\"@id\":\"https:\/\/www.fondazionepirelli.org\/it\/#\/schema\/person\/image\/\",\"url\":\"https:\/\/secure.gravatar.com\/avatar\/e69498a9175ca244966e51e53c88712c024fcebe41f9a05f75657f1bb25e489b?s=96&d=mm&r=g\",\"contentUrl\":\"https:\/\/secure.gravatar.com\/avatar\/e69498a9175ca244966e51e53c88712c024fcebe41f9a05f75657f1bb25e489b?s=96&d=mm&r=g\",\"caption\":\"fondadmin\"},\"url\":\"https:\/\/www.fondazionepirelli.org\/it\/author\/fondadmin\/\"}]}<\/script>\n<!-- \/ Yoast SEO plugin. -->","yoast_head_json":{"title":"Le disuguaglianze rallentano la crescita economica dopo i buoni libri finalmente se ne parla anche al G20 - Fondazione Pirelli","robots":{"index":"index","follow":"follow","max-snippet":"max-snippet:-1","max-image-preview":"max-image-preview:large","max-video-preview":"max-video-preview:-1"},"canonical":"https:\/\/www.fondazionepirelli.org\/it\/cultura-dimpresa\/le-disuguaglianze-rallentano-la-crescita-economica-dopo-i-buoni-libri-finalmente-se-ne-parla-anche-al-g20\/","og_locale":"it_IT","og_type":"article","og_title":"Le disuguaglianze rallentano la crescita economica dopo i buoni libri finalmente se ne parla anche al G20 - Fondazione Pirelli","og_description":"La parola \u00e8 forte: disuguaglianza. E risuona sempre pi\u00f9 spesso, nei summit politici mondiali e negli incontri elitari tra uomini di governo, economisti e capi d\u2019impresa. Disuguaglianza come questione sociale. Ma anche come freno potente alla crescita dell\u2019economia. Lo ha ricordato Christine Lagarde, direttrice generale del Fmi, al G20 di Hangzhou in Cina, aprendo un\u2019importante [&hellip;]","og_url":"https:\/\/www.fondazionepirelli.org\/it\/cultura-dimpresa\/le-disuguaglianze-rallentano-la-crescita-economica-dopo-i-buoni-libri-finalmente-se-ne-parla-anche-al-g20\/","og_site_name":"Fondazione Pirelli","article_published_time":"2016-09-06T00:00:00+00:00","article_modified_time":"2019-05-23T16:18:30+00:00","og_image":[{"width":591,"height":429,"url":"https:\/\/wpsite-assets.fondazionepirelli.org\/wp-content\/uploads\/2019\/05\/20101618\/disuguale.jpg","type":"image\/jpeg"}],"author":"fondadmin","twitter_card":"summary_large_image","twitter_misc":{"Scritto da":"fondadmin","Tempo di lettura stimato":"6 minuti"},"schema":{"@context":"https:\/\/schema.org","@graph":[{"@type":"WebPage","@id":"https:\/\/www.fondazionepirelli.org\/it\/cultura-dimpresa\/le-disuguaglianze-rallentano-la-crescita-economica-dopo-i-buoni-libri-finalmente-se-ne-parla-anche-al-g20\/","url":"https:\/\/www.fondazionepirelli.org\/it\/cultura-dimpresa\/le-disuguaglianze-rallentano-la-crescita-economica-dopo-i-buoni-libri-finalmente-se-ne-parla-anche-al-g20\/","name":"Le disuguaglianze rallentano la crescita economica dopo i buoni libri finalmente se ne parla anche al G20 - Fondazione Pirelli","isPartOf":{"@id":"https:\/\/www.fondazionepirelli.org\/it\/#website"},"primaryImageOfPage":{"@id":"https:\/\/www.fondazionepirelli.org\/it\/cultura-dimpresa\/le-disuguaglianze-rallentano-la-crescita-economica-dopo-i-buoni-libri-finalmente-se-ne-parla-anche-al-g20\/#primaryimage"},"image":{"@id":"https:\/\/www.fondazionepirelli.org\/it\/cultura-dimpresa\/le-disuguaglianze-rallentano-la-crescita-economica-dopo-i-buoni-libri-finalmente-se-ne-parla-anche-al-g20\/#primaryimage"},"thumbnailUrl":"https:\/\/wpsite-assets.fondazionepirelli.org\/wp-content\/uploads\/2019\/05\/20101618\/disuguale.jpg","datePublished":"2016-09-06T00:00:00+00:00","dateModified":"2019-05-23T16:18:30+00:00","author":{"@id":"https:\/\/www.fondazionepirelli.org\/it\/#\/schema\/person\/f47d097000832c4a6e54538c791fdf25"},"breadcrumb":{"@id":"https:\/\/www.fondazionepirelli.org\/it\/cultura-dimpresa\/le-disuguaglianze-rallentano-la-crescita-economica-dopo-i-buoni-libri-finalmente-se-ne-parla-anche-al-g20\/#breadcrumb"},"inLanguage":"it-IT","potentialAction":[{"@type":"ReadAction","target":["https:\/\/www.fondazionepirelli.org\/it\/cultura-dimpresa\/le-disuguaglianze-rallentano-la-crescita-economica-dopo-i-buoni-libri-finalmente-se-ne-parla-anche-al-g20\/"]}]},{"@type":"ImageObject","inLanguage":"it-IT","@id":"https:\/\/www.fondazionepirelli.org\/it\/cultura-dimpresa\/le-disuguaglianze-rallentano-la-crescita-economica-dopo-i-buoni-libri-finalmente-se-ne-parla-anche-al-g20\/#primaryimage","url":"https:\/\/wpsite-assets.fondazionepirelli.org\/wp-content\/uploads\/2019\/05\/20101618\/disuguale.jpg","contentUrl":"https:\/\/wpsite-assets.fondazionepirelli.org\/wp-content\/uploads\/2019\/05\/20101618\/disuguale.jpg","width":591,"height":429,"caption":"|||"},{"@type":"BreadcrumbList","@id":"https:\/\/www.fondazionepirelli.org\/it\/cultura-dimpresa\/le-disuguaglianze-rallentano-la-crescita-economica-dopo-i-buoni-libri-finalmente-se-ne-parla-anche-al-g20\/#breadcrumb","itemListElement":[{"@type":"ListItem","position":1,"name":"Home","item":"https:\/\/www.fondazionepirelli.org\/it\/"},{"@type":"ListItem","position":2,"name":"Le disuguaglianze rallentano la crescita economica dopo i buoni libri finalmente se ne parla anche al G20"}]},{"@type":"WebSite","@id":"https:\/\/www.fondazionepirelli.org\/it\/#website","url":"https:\/\/www.fondazionepirelli.org\/it\/","name":"Fondazione Pirelli","description":"","potentialAction":[{"@type":"SearchAction","target":{"@type":"EntryPoint","urlTemplate":"https:\/\/www.fondazionepirelli.org\/it\/?s={search_term_string}"},"query-input":{"@type":"PropertyValueSpecification","valueRequired":true,"valueName":"search_term_string"}}],"inLanguage":"it-IT"},{"@type":"Person","@id":"https:\/\/www.fondazionepirelli.org\/it\/#\/schema\/person\/f47d097000832c4a6e54538c791fdf25","name":"fondadmin","image":{"@type":"ImageObject","inLanguage":"it-IT","@id":"https:\/\/www.fondazionepirelli.org\/it\/#\/schema\/person\/image\/","url":"https:\/\/secure.gravatar.com\/avatar\/e69498a9175ca244966e51e53c88712c024fcebe41f9a05f75657f1bb25e489b?s=96&d=mm&r=g","contentUrl":"https:\/\/secure.gravatar.com\/avatar\/e69498a9175ca244966e51e53c88712c024fcebe41f9a05f75657f1bb25e489b?s=96&d=mm&r=g","caption":"fondadmin"},"url":"https:\/\/www.fondazionepirelli.org\/it\/author\/fondadmin\/"}]}},"_links":{"self":[{"href":"https:\/\/www.fondazionepirelli.org\/it\/wp-json\/wp\/v2\/posts\/50799\/"}],"collection":[{"href":"https:\/\/www.fondazionepirelli.org\/it\/wp-json\/wp\/v2\/posts\/"}],"about":[{"href":"https:\/\/www.fondazionepirelli.org\/it\/wp-json\/wp\/v2\/types\/post\/"}],"author":[{"embeddable":true,"href":"https:\/\/www.fondazionepirelli.org\/it\/wp-json\/wp\/v2\/users\/1\/"}],"replies":[{"embeddable":true,"href":"https:\/\/www.fondazionepirelli.org\/it\/wp-json\/wp\/v2\/comments\/?post=50799"}],"version-history":[{"count":2,"href":"https:\/\/www.fondazionepirelli.org\/it\/wp-json\/wp\/v2\/posts\/50799\/revisions\/"}],"predecessor-version":[{"id":55827,"href":"https:\/\/www.fondazionepirelli.org\/it\/wp-json\/wp\/v2\/posts\/50799\/revisions\/55827\/"}],"wp:featuredmedia":[{"embeddable":true,"href":"https:\/\/www.fondazionepirelli.org\/it\/wp-json\/wp\/v2\/media\/50800\/"}],"wp:attachment":[{"href":"https:\/\/www.fondazionepirelli.org\/it\/wp-json\/wp\/v2\/media\/?parent=50799"}],"wp:term":[{"taxonomy":"category","embeddable":true,"href":"https:\/\/www.fondazionepirelli.org\/it\/wp-json\/wp\/v2\/categories\/?post=50799"},{"taxonomy":"post_tag","embeddable":true,"href":"https:\/\/www.fondazionepirelli.org\/it\/wp-json\/wp\/v2\/tags\/?post=50799"}],"curies":[{"name":"wp","href":"https:\/\/api.w.org\/{rel}","templated":true}]}}