{"id":50816,"date":"2016-08-02T00:00:00","date_gmt":"2016-08-02T00:00:00","guid":{"rendered":"http:\/\/www.fondazionepirelli.org\/fondazione-pirelli\/piu-sviluppo-meno-rigore-adesso-anche-il-g20-ha-capito-che-servono-politiche-e-investimenti-per-la-crescita\/"},"modified":"2019-05-23T16:13:01","modified_gmt":"2019-05-23T16:13:01","slug":"piu-sviluppo-meno-rigore-adesso-anche-il-g20-ha-capito-che-servono-politiche-e-investimenti-per-la-crescita","status":"publish","type":"post","link":"https:\/\/www.fondazionepirelli.org\/it\/cultura-dimpresa\/piu-sviluppo-meno-rigore-adesso-anche-il-g20-ha-capito-che-servono-politiche-e-investimenti-per-la-crescita\/","title":{"rendered":"Pi\u00f9 sviluppo, meno rigore: adesso anche il G20 ha capito che servono politiche e investimenti  per la crescita"},"content":{"rendered":"<p>Pi\u00f9 sviluppo, meno rigore. Anzi, per dirla ancora meglio, una nuova cultura economica che guardi alla quantit\u00e0 e alla qualit\u00e0 della crescita e proprio in questa dimensione trovi la chiave migliore per cercare di fare quadrare la battaglia contro le diseguaglianze e l\u2019equilibrio dei conti pubblici. Miraggi? Illusioni? Favole post keynesiane? Un\u2019ampia letteratura economica dice che \u201csi pu\u00f2 fare\u201d (ultimi titoli: \u201cIl nostro futuro\u201d di Alec Ross, un \u201ctech guru\u201d caro ad Obama e ai Clinton, ma anche nel nostro piccolo a Matteo Renzi, pubblicato da Feltrinelli e \u201cLa verit\u00e0 sul capitalismo\u201d di John Plender, editorialita del \u201cFinancial Times\u201d, edito da Bollati Boringhieri: l\u2019intreccio appassionante tra economia ed etica). Ma anche nel mondo della politica qualcosa d\u2019importante si muove.<\/p>\n<p>Nell\u2019et\u00e0 delle incertezze sempre pi\u00f9 profonde e allarmanti, i maggiori paesi dell\u2019economia mondiale, infatti, cominciano finalmente a capire che la via d\u2019uscita da una crisi che ancora continua non sta nel rigore finanziario dei conti pubblici a ogni costo, ma nelle politiche di crescita, negli investimenti pubblici, nella battaglia contro squilibri e diseguaglianze. \u201cIl senso generale \u00e8 che le prospettive restano incerte. Vi \u00e8 un ampio consenso che ci\u00f2 di cui l\u2019economia globale ha bisogno \u00e8 la crescita, non l\u2019austerity\u201d, sostiene Jacob Lew, segretario del Tesoro Usa. L\u2019uomo di governo americano parla al termine del vertice del G20 a Chengdu, in Cina, alla fine di luglio (presenti i ministri dell\u2019Economia e i governatori delle Banche centrali). E aggiunge: \u201cLe discussioni qui si sono concentrate sul modo migliore per ottenere quel risultato\u201d. \u201cUn altro passo verso l\u2019addio all\u2019era del rigore\u201d, sintetizzano autorevoli commentatori.<\/p>\n<p>Sei anni fa, al G20 di Toronto, s\u2019era pensato che la Grande Crisi esplosa nel 2008 fosse in via di superamento e che dunque, archiviata la congiuntura negativa, si potesse continuare come prima: portare i bilanci in pareggio, ridurre i debiti, lasciar fare alle tradizionali scelte, sintesi di austerity pubblica e dinamiche di mercato. Un grave errore. La crisi era strutturale, non congiunturale. E pur in presenza di un\u2019abbondante autorevole letteratura economica sulla necessit\u00e0 di cambiare radicalmente paradigmi di produzione, consumi, rapporti con l\u2019ambiente, relazioni sociali, i governi non si sono mossi pi\u00f9 di tanto. L\u2019austerity \u00e8 rimasta un dogma, soprattutto nella Ue a trazione tedesca.<\/p>\n<p>La crescita per\u00f2 non \u00e8 arrivata. Anzi, le prospettive mondiali sono via via peggiorate, anche a causa di fattori non strettamente economici, ma geo-politici: il terrorismo, le gigantesche migrazioni di massa, gli allarmi sul clima. Contro le grandi, diffuse paure che incidono drammaticamente sull\u2019economia, sarebbero state necessarie coraggiose riforme. Non credenze rituali, cattive politiche di bilancio, scarsa attenzione agli investimenti.<\/p>\n<p>La previsione di crescita mondiale per il 2016, secondo il Fmi, \u00e8 del 3,1%. Poco. E in via di riduzione. I Paesi Ue sono al palo. La Brexit avr\u00e0 effetti negativi non solo in Gran Bretagna e nell\u2019area della Ue, ma anche sul commercio internazionale (dopo la Brexit il Fmi ha tagliato le sue stime di 0,1%). Servono, appunto, nuove scelte politiche.<\/p>\n<p>Il documento finale del G20 ne riconosce la necessit\u00e0 (un buon segno politico) ma non ne indica i contenuti (pur insistendo sulla necessit\u00e0 di un impegno contro \u201cil protezionismo\u201d, scorciatoia impraticabile, anche se purtroppo molto cara al potente candidato alla Casa Bianca Donald Trump). Gli organismi internazionali perdono peso, a vantaggio di un misero e volgare neo-nazionalismo. L\u2019incertezza generale si aggrava.<\/p>\n<p>Se si guarda a parecchi paesi del G20, Usa e Ue compresi, si deve prendere atto di alcune tendenze oramai chiare: la produttivit\u00e0 ristagna, pur in presenza di grandi innovazioni tecnologiche (ne abbiamo parlato sul blog di due settimane fa); le timide \u201cripresine\u201d non portano nuovi posti di lavoro; l\u2019export (e cio\u00e8 un vero e proprio \u201crubare la crescita\u201d ai paesi pi\u00f9 fragili dentro l\u2019area Ue, sport in cui la Germania \u00e8 campione) non \u00e8 soluzione di ampio respiro; le diseguaglianze economiche e sociali aumentano anche all\u2019interno dei Paesi pi\u00f9 ricchi, colpendo i ceti medi; le condizioni di vita di ampi settori popolari peggiorano e le aspettative di benessere vengono deluse (soprattutto tra le nuove generazioni). L\u2019economia ristagna. La politica non sa farla ripartire.<\/p>\n<p>Ma quelle diseguaglianze e quella frustrazione diffusa non sono prive di conseguenze politiche. Le \u00e9lite di governo e quelle economiche e sociali pi\u00f9 in generale perdono la scommessa di fiducia sul futuro. Il \u201cpopulismo\u201d cresce, con una ferita (tra disinteresse e protesta radicale) ai tradizionali assetti di \u201cgovernance\u201d della democrazia.<\/p>\n<p>Anche per questo, bisogna tornare a parlare di politiche di crescita. Ampliare, nei singoli Paesi, le svolte del G20. Mettere in soffitta l\u2019ideologia del rigore, dell\u2019austerity (senza comunque coltivare demagogiche inclinazioni al \u201cdeficit spending\u201d sulla parte corrente e \u201cassistenziale\u201d della spesa). E passare con decisione a forti \u201cpolitiche dell\u2019offerta\u201d: investimenti pubblici in innovazione, ricerca, formazione, infrastrutture, energia, ambiente, anche per stimolare gli investimenti privati. Non pi\u00f9 le sanzioni su chi non ha \u201cbilanci in regola\u201d (le scelte di Bruxelles di non sanzionare Spagna e Portogallo per i loro squilibri di finanza pubblica vanno nella giusta direzione, ma non le scelte verso la Grecia sempre in ginocchio). Semmai, una lungimirante strategia Ue di sviluppo. Una svolta, appunto. Una sorta di \u201cnuovo Piano Delors\u201d.\u00a0 Senza dogmi n\u00e9 ortodossie che sinora hanno fallito. Ma con sapienti politiche di \u201csviluppo sostenibile\u201d. La virt\u00f9 sta nella crescita, non nel ristagno.<\/p>\n","protected":false},"excerpt":{"rendered":"<p>Pi\u00f9 sviluppo, meno rigore. Anzi, per dirla ancora meglio, una nuova cultura economica che guardi alla quantit\u00e0 e alla qualit\u00e0 della crescita e proprio in questa dimensione trovi la chiave migliore per cercare di fare quadrare la battaglia contro le diseguaglianze e l\u2019equilibrio dei conti pubblici. Miraggi? Illusioni? Favole post keynesiane? Un\u2019ampia letteratura economica dice [&hellip;]<\/p>\n","protected":false},"author":1,"featured_media":50817,"comment_status":"open","ping_status":"open","sticky":false,"template":"","format":"standard","meta":{"footnotes":""},"categories":[53,52],"tags":[],"class_list":["post-50816","post","type-post","status-publish","format-standard","has-post-thumbnail","hentry","category-blog","category-cultura-dimpresa"],"acf":[],"yoast_head":"<!-- This site is optimized with the Yoast SEO plugin v25.0 - https:\/\/yoast.com\/wordpress\/plugins\/seo\/ -->\n<title>Pi\u00f9 sviluppo, meno rigore: adesso anche il G20 ha capito che servono politiche e investimenti per la crescita - Fondazione Pirelli<\/title>\n<meta name=\"robots\" content=\"index, follow, max-snippet:-1, max-image-preview:large, max-video-preview:-1\" \/>\n<link rel=\"canonical\" href=\"https:\/\/www.fondazionepirelli.org\/it\/cultura-dimpresa\/piu-sviluppo-meno-rigore-adesso-anche-il-g20-ha-capito-che-servono-politiche-e-investimenti-per-la-crescita\/\" \/>\n<meta property=\"og:locale\" content=\"it_IT\" \/>\n<meta property=\"og:type\" content=\"article\" \/>\n<meta property=\"og:title\" content=\"Pi\u00f9 sviluppo, meno rigore: adesso anche il G20 ha capito che servono politiche e investimenti per la crescita - Fondazione Pirelli\" \/>\n<meta property=\"og:description\" content=\"Pi\u00f9 sviluppo, meno rigore. Anzi, per dirla ancora meglio, una nuova cultura economica che guardi alla quantit\u00e0 e alla qualit\u00e0 della crescita e proprio in questa dimensione trovi la chiave migliore per cercare di fare quadrare la battaglia contro le diseguaglianze e l\u2019equilibrio dei conti pubblici. Miraggi? Illusioni? Favole post keynesiane? Un\u2019ampia letteratura economica dice [&hellip;]\" \/>\n<meta property=\"og:url\" content=\"https:\/\/127.0.0.1\/it\/cultura-dimpresa\/piu-sviluppo-meno-rigore-adesso-anche-il-g20-ha-capito-che-servono-politiche-e-investimenti-per-la-crescita\/\" \/>\n<meta property=\"og:site_name\" content=\"Fondazione Pirelli\" \/>\n<meta property=\"article:published_time\" content=\"2016-08-02T00:00:00+00:00\" \/>\n<meta property=\"article:modified_time\" content=\"2019-05-23T16:13:01+00:00\" \/>\n<meta property=\"og:image\" content=\"https:\/\/wpsite-assets.fondazionepirelli.org\/wp-content\/uploads\/2019\/05\/20101612\/arton13499.jpg\" \/>\n\t<meta property=\"og:image:width\" content=\"450\" \/>\n\t<meta property=\"og:image:height\" content=\"336\" \/>\n\t<meta property=\"og:image:type\" content=\"image\/jpeg\" \/>\n<meta name=\"author\" content=\"fondadmin\" \/>\n<meta name=\"twitter:card\" content=\"summary_large_image\" \/>\n<meta name=\"twitter:label1\" content=\"Scritto da\" \/>\n\t<meta name=\"twitter:data1\" content=\"fondadmin\" \/>\n\t<meta name=\"twitter:label2\" content=\"Tempo di lettura stimato\" \/>\n\t<meta name=\"twitter:data2\" content=\"4 minuti\" \/>\n<script type=\"application\/ld+json\" class=\"yoast-schema-graph\">{\"@context\":\"https:\/\/schema.org\",\"@graph\":[{\"@type\":\"WebPage\",\"@id\":\"https:\/\/127.0.0.1\/it\/cultura-dimpresa\/piu-sviluppo-meno-rigore-adesso-anche-il-g20-ha-capito-che-servono-politiche-e-investimenti-per-la-crescita\/\",\"url\":\"https:\/\/127.0.0.1\/it\/cultura-dimpresa\/piu-sviluppo-meno-rigore-adesso-anche-il-g20-ha-capito-che-servono-politiche-e-investimenti-per-la-crescita\/\",\"name\":\"Pi\u00f9 sviluppo, meno rigore: adesso anche il G20 ha capito che servono politiche e investimenti per la crescita - Fondazione Pirelli\",\"isPartOf\":{\"@id\":\"https:\/\/www.fondazionepirelli.org\/it\/#website\"},\"primaryImageOfPage\":{\"@id\":\"https:\/\/127.0.0.1\/it\/cultura-dimpresa\/piu-sviluppo-meno-rigore-adesso-anche-il-g20-ha-capito-che-servono-politiche-e-investimenti-per-la-crescita\/#primaryimage\"},\"image\":{\"@id\":\"https:\/\/127.0.0.1\/it\/cultura-dimpresa\/piu-sviluppo-meno-rigore-adesso-anche-il-g20-ha-capito-che-servono-politiche-e-investimenti-per-la-crescita\/#primaryimage\"},\"thumbnailUrl\":\"https:\/\/wpsite-assets.fondazionepirelli.org\/wp-content\/uploads\/2019\/05\/20101612\/arton13499.jpg\",\"datePublished\":\"2016-08-02T00:00:00+00:00\",\"dateModified\":\"2019-05-23T16:13:01+00:00\",\"author\":{\"@id\":\"https:\/\/www.fondazionepirelli.org\/it\/#\/schema\/person\/f47d097000832c4a6e54538c791fdf25\"},\"breadcrumb\":{\"@id\":\"https:\/\/127.0.0.1\/it\/cultura-dimpresa\/piu-sviluppo-meno-rigore-adesso-anche-il-g20-ha-capito-che-servono-politiche-e-investimenti-per-la-crescita\/#breadcrumb\"},\"inLanguage\":\"it-IT\",\"potentialAction\":[{\"@type\":\"ReadAction\",\"target\":[\"https:\/\/127.0.0.1\/it\/cultura-dimpresa\/piu-sviluppo-meno-rigore-adesso-anche-il-g20-ha-capito-che-servono-politiche-e-investimenti-per-la-crescita\/\"]}]},{\"@type\":\"ImageObject\",\"inLanguage\":\"it-IT\",\"@id\":\"https:\/\/127.0.0.1\/it\/cultura-dimpresa\/piu-sviluppo-meno-rigore-adesso-anche-il-g20-ha-capito-che-servono-politiche-e-investimenti-per-la-crescita\/#primaryimage\",\"url\":\"https:\/\/wpsite-assets.fondazionepirelli.org\/wp-content\/uploads\/2019\/05\/20101612\/arton13499.jpg\",\"contentUrl\":\"https:\/\/wpsite-assets.fondazionepirelli.org\/wp-content\/uploads\/2019\/05\/20101612\/arton13499.jpg\",\"width\":450,\"height\":336},{\"@type\":\"BreadcrumbList\",\"@id\":\"https:\/\/127.0.0.1\/it\/cultura-dimpresa\/piu-sviluppo-meno-rigore-adesso-anche-il-g20-ha-capito-che-servono-politiche-e-investimenti-per-la-crescita\/#breadcrumb\",\"itemListElement\":[{\"@type\":\"ListItem\",\"position\":1,\"name\":\"Home\",\"item\":\"https:\/\/www.fondazionepirelli.org\/it\/\"},{\"@type\":\"ListItem\",\"position\":2,\"name\":\"Pi\u00f9 sviluppo, meno rigore: adesso anche il G20 ha capito che servono politiche e investimenti per la crescita\"}]},{\"@type\":\"WebSite\",\"@id\":\"https:\/\/www.fondazionepirelli.org\/it\/#website\",\"url\":\"https:\/\/www.fondazionepirelli.org\/it\/\",\"name\":\"Fondazione Pirelli\",\"description\":\"\",\"potentialAction\":[{\"@type\":\"SearchAction\",\"target\":{\"@type\":\"EntryPoint\",\"urlTemplate\":\"https:\/\/www.fondazionepirelli.org\/it\/?s={search_term_string}\"},\"query-input\":{\"@type\":\"PropertyValueSpecification\",\"valueRequired\":true,\"valueName\":\"search_term_string\"}}],\"inLanguage\":\"it-IT\"},{\"@type\":\"Person\",\"@id\":\"https:\/\/www.fondazionepirelli.org\/it\/#\/schema\/person\/f47d097000832c4a6e54538c791fdf25\",\"name\":\"fondadmin\",\"image\":{\"@type\":\"ImageObject\",\"inLanguage\":\"it-IT\",\"@id\":\"https:\/\/www.fondazionepirelli.org\/it\/#\/schema\/person\/image\/\",\"url\":\"https:\/\/secure.gravatar.com\/avatar\/e69498a9175ca244966e51e53c88712c024fcebe41f9a05f75657f1bb25e489b?s=96&d=mm&r=g\",\"contentUrl\":\"https:\/\/secure.gravatar.com\/avatar\/e69498a9175ca244966e51e53c88712c024fcebe41f9a05f75657f1bb25e489b?s=96&d=mm&r=g\",\"caption\":\"fondadmin\"},\"url\":\"https:\/\/www.fondazionepirelli.org\/it\/author\/fondadmin\/\"}]}<\/script>\n<!-- \/ Yoast SEO plugin. -->","yoast_head_json":{"title":"Pi\u00f9 sviluppo, meno rigore: adesso anche il G20 ha capito che servono politiche e investimenti per la crescita - Fondazione Pirelli","robots":{"index":"index","follow":"follow","max-snippet":"max-snippet:-1","max-image-preview":"max-image-preview:large","max-video-preview":"max-video-preview:-1"},"canonical":"https:\/\/www.fondazionepirelli.org\/it\/cultura-dimpresa\/piu-sviluppo-meno-rigore-adesso-anche-il-g20-ha-capito-che-servono-politiche-e-investimenti-per-la-crescita\/","og_locale":"it_IT","og_type":"article","og_title":"Pi\u00f9 sviluppo, meno rigore: adesso anche il G20 ha capito che servono politiche e investimenti per la crescita - Fondazione Pirelli","og_description":"Pi\u00f9 sviluppo, meno rigore. Anzi, per dirla ancora meglio, una nuova cultura economica che guardi alla quantit\u00e0 e alla qualit\u00e0 della crescita e proprio in questa dimensione trovi la chiave migliore per cercare di fare quadrare la battaglia contro le diseguaglianze e l\u2019equilibrio dei conti pubblici. Miraggi? Illusioni? Favole post keynesiane? Un\u2019ampia letteratura economica dice [&hellip;]","og_url":"https:\/\/127.0.0.1\/it\/cultura-dimpresa\/piu-sviluppo-meno-rigore-adesso-anche-il-g20-ha-capito-che-servono-politiche-e-investimenti-per-la-crescita\/","og_site_name":"Fondazione Pirelli","article_published_time":"2016-08-02T00:00:00+00:00","article_modified_time":"2019-05-23T16:13:01+00:00","og_image":[{"width":450,"height":336,"url":"https:\/\/wpsite-assets.fondazionepirelli.org\/wp-content\/uploads\/2019\/05\/20101612\/arton13499.jpg","type":"image\/jpeg"}],"author":"fondadmin","twitter_card":"summary_large_image","twitter_misc":{"Scritto da":"fondadmin","Tempo di lettura stimato":"4 minuti"},"schema":{"@context":"https:\/\/schema.org","@graph":[{"@type":"WebPage","@id":"https:\/\/127.0.0.1\/it\/cultura-dimpresa\/piu-sviluppo-meno-rigore-adesso-anche-il-g20-ha-capito-che-servono-politiche-e-investimenti-per-la-crescita\/","url":"https:\/\/127.0.0.1\/it\/cultura-dimpresa\/piu-sviluppo-meno-rigore-adesso-anche-il-g20-ha-capito-che-servono-politiche-e-investimenti-per-la-crescita\/","name":"Pi\u00f9 sviluppo, meno rigore: adesso anche il G20 ha capito che servono politiche e investimenti per la crescita - Fondazione Pirelli","isPartOf":{"@id":"https:\/\/www.fondazionepirelli.org\/it\/#website"},"primaryImageOfPage":{"@id":"https:\/\/127.0.0.1\/it\/cultura-dimpresa\/piu-sviluppo-meno-rigore-adesso-anche-il-g20-ha-capito-che-servono-politiche-e-investimenti-per-la-crescita\/#primaryimage"},"image":{"@id":"https:\/\/127.0.0.1\/it\/cultura-dimpresa\/piu-sviluppo-meno-rigore-adesso-anche-il-g20-ha-capito-che-servono-politiche-e-investimenti-per-la-crescita\/#primaryimage"},"thumbnailUrl":"https:\/\/wpsite-assets.fondazionepirelli.org\/wp-content\/uploads\/2019\/05\/20101612\/arton13499.jpg","datePublished":"2016-08-02T00:00:00+00:00","dateModified":"2019-05-23T16:13:01+00:00","author":{"@id":"https:\/\/www.fondazionepirelli.org\/it\/#\/schema\/person\/f47d097000832c4a6e54538c791fdf25"},"breadcrumb":{"@id":"https:\/\/127.0.0.1\/it\/cultura-dimpresa\/piu-sviluppo-meno-rigore-adesso-anche-il-g20-ha-capito-che-servono-politiche-e-investimenti-per-la-crescita\/#breadcrumb"},"inLanguage":"it-IT","potentialAction":[{"@type":"ReadAction","target":["https:\/\/127.0.0.1\/it\/cultura-dimpresa\/piu-sviluppo-meno-rigore-adesso-anche-il-g20-ha-capito-che-servono-politiche-e-investimenti-per-la-crescita\/"]}]},{"@type":"ImageObject","inLanguage":"it-IT","@id":"https:\/\/127.0.0.1\/it\/cultura-dimpresa\/piu-sviluppo-meno-rigore-adesso-anche-il-g20-ha-capito-che-servono-politiche-e-investimenti-per-la-crescita\/#primaryimage","url":"https:\/\/wpsite-assets.fondazionepirelli.org\/wp-content\/uploads\/2019\/05\/20101612\/arton13499.jpg","contentUrl":"https:\/\/wpsite-assets.fondazionepirelli.org\/wp-content\/uploads\/2019\/05\/20101612\/arton13499.jpg","width":450,"height":336},{"@type":"BreadcrumbList","@id":"https:\/\/127.0.0.1\/it\/cultura-dimpresa\/piu-sviluppo-meno-rigore-adesso-anche-il-g20-ha-capito-che-servono-politiche-e-investimenti-per-la-crescita\/#breadcrumb","itemListElement":[{"@type":"ListItem","position":1,"name":"Home","item":"https:\/\/www.fondazionepirelli.org\/it\/"},{"@type":"ListItem","position":2,"name":"Pi\u00f9 sviluppo, meno rigore: adesso anche il G20 ha capito che servono politiche e investimenti per la crescita"}]},{"@type":"WebSite","@id":"https:\/\/www.fondazionepirelli.org\/it\/#website","url":"https:\/\/www.fondazionepirelli.org\/it\/","name":"Fondazione Pirelli","description":"","potentialAction":[{"@type":"SearchAction","target":{"@type":"EntryPoint","urlTemplate":"https:\/\/www.fondazionepirelli.org\/it\/?s={search_term_string}"},"query-input":{"@type":"PropertyValueSpecification","valueRequired":true,"valueName":"search_term_string"}}],"inLanguage":"it-IT"},{"@type":"Person","@id":"https:\/\/www.fondazionepirelli.org\/it\/#\/schema\/person\/f47d097000832c4a6e54538c791fdf25","name":"fondadmin","image":{"@type":"ImageObject","inLanguage":"it-IT","@id":"https:\/\/www.fondazionepirelli.org\/it\/#\/schema\/person\/image\/","url":"https:\/\/secure.gravatar.com\/avatar\/e69498a9175ca244966e51e53c88712c024fcebe41f9a05f75657f1bb25e489b?s=96&d=mm&r=g","contentUrl":"https:\/\/secure.gravatar.com\/avatar\/e69498a9175ca244966e51e53c88712c024fcebe41f9a05f75657f1bb25e489b?s=96&d=mm&r=g","caption":"fondadmin"},"url":"https:\/\/www.fondazionepirelli.org\/it\/author\/fondadmin\/"}]}},"_links":{"self":[{"href":"https:\/\/www.fondazionepirelli.org\/it\/wp-json\/wp\/v2\/posts\/50816\/"}],"collection":[{"href":"https:\/\/www.fondazionepirelli.org\/it\/wp-json\/wp\/v2\/posts\/"}],"about":[{"href":"https:\/\/www.fondazionepirelli.org\/it\/wp-json\/wp\/v2\/types\/post\/"}],"author":[{"embeddable":true,"href":"https:\/\/www.fondazionepirelli.org\/it\/wp-json\/wp\/v2\/users\/1\/"}],"replies":[{"embeddable":true,"href":"https:\/\/www.fondazionepirelli.org\/it\/wp-json\/wp\/v2\/comments\/?post=50816"}],"version-history":[{"count":1,"href":"https:\/\/www.fondazionepirelli.org\/it\/wp-json\/wp\/v2\/posts\/50816\/revisions\/"}],"predecessor-version":[{"id":55822,"href":"https:\/\/www.fondazionepirelli.org\/it\/wp-json\/wp\/v2\/posts\/50816\/revisions\/55822\/"}],"wp:featuredmedia":[{"embeddable":true,"href":"https:\/\/www.fondazionepirelli.org\/it\/wp-json\/wp\/v2\/media\/50817\/"}],"wp:attachment":[{"href":"https:\/\/www.fondazionepirelli.org\/it\/wp-json\/wp\/v2\/media\/?parent=50816"}],"wp:term":[{"taxonomy":"category","embeddable":true,"href":"https:\/\/www.fondazionepirelli.org\/it\/wp-json\/wp\/v2\/categories\/?post=50816"},{"taxonomy":"post_tag","embeddable":true,"href":"https:\/\/www.fondazionepirelli.org\/it\/wp-json\/wp\/v2\/tags\/?post=50816"}],"curies":[{"name":"wp","href":"https:\/\/api.w.org\/{rel}","templated":true}]}}