{"id":50822,"date":"2016-08-02T00:00:00","date_gmt":"2016-08-02T00:00:00","guid":{"rendered":"http:\/\/www.fondazionepirelli.org\/fondazione-pirelli\/imprese-di-fronte-alle-crisi\/"},"modified":"2019-05-27T13:13:07","modified_gmt":"2019-05-27T13:13:07","slug":"imprese-di-fronte-alle-crisi","status":"publish","type":"post","link":"https:\/\/www.fondazionepirelli.org\/it\/cultura-dimpresa\/imprese-di-fronte-alle-crisi\/","title":{"rendered":"Imprese di fronte alle crisi"},"content":{"rendered":"<p><em>Una ricerca di Banca d\u2019Italia analizza le reazioni delle aziende di fronte alle recessioni sulla base della loro et\u00e0 e dimensione<\/em><\/p><p>L\u2019impresa produce e crea occupazione. Occorre per\u00f2 comprendere a fondo le modalit\u00e0 della crescita e della creazione di lavoro, per individuare possibili ulteriori percorsi di sviluppo. Questione di tecnica organizzativa e gestionale, ma anche di cultura d\u2019impresa, di approccio alla produzione che pu\u00f2 cambiare a seconda della tipologia d\u2019azienda con la quale si ha a che fare.<\/p>\n<p>Leggere\u00a0 \u201cNet employment growth by firm size and age in Italy\u201d di Francesco Manaresi (ricercatore in Banca d\u2019Italia), \u00e8 utile per affrontare il tema della crescita aziendale correlata alla creazione di occupazione da un punto di vista analitico.<\/p>\n<p>Il lavoro \u2013 apparso recentemente nei quaderni di Questioni di economia e finanza della Banca centrale italiana -, studia come la crescita dell\u2019occupazione possa cambiare tra imprese di diversa et\u00e0 e dimensione. La ricerca \u00e8 condotta su tutte le imprese private italiane con almeno un dipendente (nel periodo che va dal 1991 al 2009 e su dati Inps), e mostra che la dimensione delle imprese non \u00e8 una determinante rilevante della crescita delle aziende, una volta che si controlla questo parametro correlandolo all\u2019et\u00e0 delle stesse.<\/p>\n<p>Il nocciolo dell\u2019argomentazione di Manaresi, \u00e8 che le imprese nei primi 3 anni di vita mostrano tassi di crescita pi\u00f9 elevati e tassi di uscita leggermente superiori rispetto alle imprese pi\u00f9 vecchie. Ma anche che, di fronte alla crisi, le imprese pi\u00f9 vecchie riducono maggiormente la loro crescita occupazionale. L\u2019impatto delle recessioni sulle imprese pi\u00f9 giovani, invece, \u00e8 parzialmente limitato da una loro maggiore selezione alla nascita. A parit\u00e0 di et\u00e0, poi, la dimensione non \u00e8 significativamente correlata con l\u2019andamento occupazionale durante le recessioni.<\/p>\n<p>L\u2019elaborazione dei dati Inps da parte di Banca d\u2019Italia, fornisce cos\u00ec una \u201cprova quantitativa\u201d del significato diverso che per le imprese pu\u00f2 avere l\u2019impatto delle crisi. Un significato che dipende dalle strutture aziendali e dalla loro storia, ma dietro la quale soggiace una differente impostazione culturale della produzione.<\/p><p><strong><a href=\"\/\/wpsite-assets.fondazionepirelli.org\/wp-content\/uploads\/2016\/08\/27131217\/QEF_298_15-1.pdf\" target=\"_blank\" rel=\"noopener noreferrer\"> Net employment growth by firm size and age in Italy<\/a><\/strong><\/p>\n<p>Francesco Manaresi<\/p>\n<p>Questioni di economia e finanza Banca d\u2019Italia, n. 298, 2015<\/p>\n","protected":false},"excerpt":{"rendered":"<p>Una ricerca di Banca d\u2019Italia analizza le reazioni delle aziende di fronte alle recessioni sulla base della loro et\u00e0 e dimensioneL\u2019impresa produce e crea occupazione. Occorre per\u00f2 comprendere a fondo le modalit\u00e0 della crescita e della creazione di lavoro, per individuare possibili ulteriori percorsi di sviluppo. Questione di tecnica organizzativa e gestionale, ma anche di [&hellip;]<\/p>\n","protected":false},"author":1,"featured_media":0,"comment_status":"open","ping_status":"open","sticky":false,"template":"","format":"standard","meta":{"footnotes":""},"categories":[54,52],"tags":[],"class_list":["post-50822","post","type-post","status-publish","format-standard","hentry","category-approfondimenti","category-cultura-dimpresa"],"acf":[],"yoast_head":"<!-- This site is optimized with the Yoast SEO plugin v25.0 - https:\/\/yoast.com\/wordpress\/plugins\/seo\/ -->\n<title>Imprese di fronte alle crisi - Fondazione Pirelli<\/title>\n<meta name=\"robots\" content=\"index, follow, max-snippet:-1, max-image-preview:large, max-video-preview:-1\" \/>\n<link rel=\"canonical\" href=\"https:\/\/www.fondazionepirelli.org\/it\/cultura-dimpresa\/imprese-di-fronte-alle-crisi\/\" \/>\n<meta property=\"og:locale\" content=\"it_IT\" \/>\n<meta property=\"og:type\" content=\"article\" \/>\n<meta property=\"og:title\" content=\"Imprese di fronte alle crisi - Fondazione Pirelli\" \/>\n<meta property=\"og:description\" content=\"Una ricerca di Banca d\u2019Italia analizza le reazioni delle aziende di fronte alle recessioni sulla base della loro et\u00e0 e dimensioneL\u2019impresa produce e crea occupazione. Occorre per\u00f2 comprendere a fondo le modalit\u00e0 della crescita e della creazione di lavoro, per individuare possibili ulteriori percorsi di sviluppo. Questione di tecnica organizzativa e gestionale, ma anche di [&hellip;]\" \/>\n<meta property=\"og:url\" content=\"https:\/\/127.0.0.1\/it\/cultura-dimpresa\/imprese-di-fronte-alle-crisi\/\" \/>\n<meta property=\"og:site_name\" content=\"Fondazione Pirelli\" \/>\n<meta property=\"article:published_time\" content=\"2016-08-02T00:00:00+00:00\" \/>\n<meta property=\"article:modified_time\" content=\"2019-05-27T13:13:07+00:00\" \/>\n<meta name=\"author\" content=\"fondadmin\" \/>\n<meta name=\"twitter:card\" content=\"summary_large_image\" \/>\n<meta name=\"twitter:label1\" content=\"Scritto da\" \/>\n\t<meta name=\"twitter:data1\" content=\"fondadmin\" \/>\n\t<meta name=\"twitter:label2\" content=\"Tempo di lettura stimato\" \/>\n\t<meta name=\"twitter:data2\" content=\"2 minuti\" \/>\n<script type=\"application\/ld+json\" class=\"yoast-schema-graph\">{\"@context\":\"https:\/\/schema.org\",\"@graph\":[{\"@type\":\"WebPage\",\"@id\":\"https:\/\/127.0.0.1\/it\/cultura-dimpresa\/imprese-di-fronte-alle-crisi\/\",\"url\":\"https:\/\/127.0.0.1\/it\/cultura-dimpresa\/imprese-di-fronte-alle-crisi\/\",\"name\":\"Imprese di fronte alle crisi - Fondazione Pirelli\",\"isPartOf\":{\"@id\":\"https:\/\/www.fondazionepirelli.org\/it\/#website\"},\"datePublished\":\"2016-08-02T00:00:00+00:00\",\"dateModified\":\"2019-05-27T13:13:07+00:00\",\"author\":{\"@id\":\"https:\/\/www.fondazionepirelli.org\/it\/#\/schema\/person\/f47d097000832c4a6e54538c791fdf25\"},\"breadcrumb\":{\"@id\":\"https:\/\/127.0.0.1\/it\/cultura-dimpresa\/imprese-di-fronte-alle-crisi\/#breadcrumb\"},\"inLanguage\":\"it-IT\",\"potentialAction\":[{\"@type\":\"ReadAction\",\"target\":[\"https:\/\/127.0.0.1\/it\/cultura-dimpresa\/imprese-di-fronte-alle-crisi\/\"]}]},{\"@type\":\"BreadcrumbList\",\"@id\":\"https:\/\/127.0.0.1\/it\/cultura-dimpresa\/imprese-di-fronte-alle-crisi\/#breadcrumb\",\"itemListElement\":[{\"@type\":\"ListItem\",\"position\":1,\"name\":\"Home\",\"item\":\"https:\/\/www.fondazionepirelli.org\/it\/\"},{\"@type\":\"ListItem\",\"position\":2,\"name\":\"Imprese di fronte alle crisi\"}]},{\"@type\":\"WebSite\",\"@id\":\"https:\/\/www.fondazionepirelli.org\/it\/#website\",\"url\":\"https:\/\/www.fondazionepirelli.org\/it\/\",\"name\":\"Fondazione Pirelli\",\"description\":\"\",\"potentialAction\":[{\"@type\":\"SearchAction\",\"target\":{\"@type\":\"EntryPoint\",\"urlTemplate\":\"https:\/\/www.fondazionepirelli.org\/it\/?s={search_term_string}\"},\"query-input\":{\"@type\":\"PropertyValueSpecification\",\"valueRequired\":true,\"valueName\":\"search_term_string\"}}],\"inLanguage\":\"it-IT\"},{\"@type\":\"Person\",\"@id\":\"https:\/\/www.fondazionepirelli.org\/it\/#\/schema\/person\/f47d097000832c4a6e54538c791fdf25\",\"name\":\"fondadmin\",\"image\":{\"@type\":\"ImageObject\",\"inLanguage\":\"it-IT\",\"@id\":\"https:\/\/www.fondazionepirelli.org\/it\/#\/schema\/person\/image\/\",\"url\":\"https:\/\/secure.gravatar.com\/avatar\/e69498a9175ca244966e51e53c88712c024fcebe41f9a05f75657f1bb25e489b?s=96&d=mm&r=g\",\"contentUrl\":\"https:\/\/secure.gravatar.com\/avatar\/e69498a9175ca244966e51e53c88712c024fcebe41f9a05f75657f1bb25e489b?s=96&d=mm&r=g\",\"caption\":\"fondadmin\"},\"url\":\"https:\/\/www.fondazionepirelli.org\/it\/author\/fondadmin\/\"}]}<\/script>\n<!-- \/ Yoast SEO plugin. -->","yoast_head_json":{"title":"Imprese di fronte alle crisi - Fondazione Pirelli","robots":{"index":"index","follow":"follow","max-snippet":"max-snippet:-1","max-image-preview":"max-image-preview:large","max-video-preview":"max-video-preview:-1"},"canonical":"https:\/\/www.fondazionepirelli.org\/it\/cultura-dimpresa\/imprese-di-fronte-alle-crisi\/","og_locale":"it_IT","og_type":"article","og_title":"Imprese di fronte alle crisi - Fondazione Pirelli","og_description":"Una ricerca di Banca d\u2019Italia analizza le reazioni delle aziende di fronte alle recessioni sulla base della loro et\u00e0 e dimensioneL\u2019impresa produce e crea occupazione. Occorre per\u00f2 comprendere a fondo le modalit\u00e0 della crescita e della creazione di lavoro, per individuare possibili ulteriori percorsi di sviluppo. Questione di tecnica organizzativa e gestionale, ma anche di [&hellip;]","og_url":"https:\/\/127.0.0.1\/it\/cultura-dimpresa\/imprese-di-fronte-alle-crisi\/","og_site_name":"Fondazione Pirelli","article_published_time":"2016-08-02T00:00:00+00:00","article_modified_time":"2019-05-27T13:13:07+00:00","author":"fondadmin","twitter_card":"summary_large_image","twitter_misc":{"Scritto da":"fondadmin","Tempo di lettura stimato":"2 minuti"},"schema":{"@context":"https:\/\/schema.org","@graph":[{"@type":"WebPage","@id":"https:\/\/127.0.0.1\/it\/cultura-dimpresa\/imprese-di-fronte-alle-crisi\/","url":"https:\/\/127.0.0.1\/it\/cultura-dimpresa\/imprese-di-fronte-alle-crisi\/","name":"Imprese di fronte alle crisi - Fondazione Pirelli","isPartOf":{"@id":"https:\/\/www.fondazionepirelli.org\/it\/#website"},"datePublished":"2016-08-02T00:00:00+00:00","dateModified":"2019-05-27T13:13:07+00:00","author":{"@id":"https:\/\/www.fondazionepirelli.org\/it\/#\/schema\/person\/f47d097000832c4a6e54538c791fdf25"},"breadcrumb":{"@id":"https:\/\/127.0.0.1\/it\/cultura-dimpresa\/imprese-di-fronte-alle-crisi\/#breadcrumb"},"inLanguage":"it-IT","potentialAction":[{"@type":"ReadAction","target":["https:\/\/127.0.0.1\/it\/cultura-dimpresa\/imprese-di-fronte-alle-crisi\/"]}]},{"@type":"BreadcrumbList","@id":"https:\/\/127.0.0.1\/it\/cultura-dimpresa\/imprese-di-fronte-alle-crisi\/#breadcrumb","itemListElement":[{"@type":"ListItem","position":1,"name":"Home","item":"https:\/\/www.fondazionepirelli.org\/it\/"},{"@type":"ListItem","position":2,"name":"Imprese di fronte alle crisi"}]},{"@type":"WebSite","@id":"https:\/\/www.fondazionepirelli.org\/it\/#website","url":"https:\/\/www.fondazionepirelli.org\/it\/","name":"Fondazione Pirelli","description":"","potentialAction":[{"@type":"SearchAction","target":{"@type":"EntryPoint","urlTemplate":"https:\/\/www.fondazionepirelli.org\/it\/?s={search_term_string}"},"query-input":{"@type":"PropertyValueSpecification","valueRequired":true,"valueName":"search_term_string"}}],"inLanguage":"it-IT"},{"@type":"Person","@id":"https:\/\/www.fondazionepirelli.org\/it\/#\/schema\/person\/f47d097000832c4a6e54538c791fdf25","name":"fondadmin","image":{"@type":"ImageObject","inLanguage":"it-IT","@id":"https:\/\/www.fondazionepirelli.org\/it\/#\/schema\/person\/image\/","url":"https:\/\/secure.gravatar.com\/avatar\/e69498a9175ca244966e51e53c88712c024fcebe41f9a05f75657f1bb25e489b?s=96&d=mm&r=g","contentUrl":"https:\/\/secure.gravatar.com\/avatar\/e69498a9175ca244966e51e53c88712c024fcebe41f9a05f75657f1bb25e489b?s=96&d=mm&r=g","caption":"fondadmin"},"url":"https:\/\/www.fondazionepirelli.org\/it\/author\/fondadmin\/"}]}},"_links":{"self":[{"href":"https:\/\/www.fondazionepirelli.org\/it\/wp-json\/wp\/v2\/posts\/50822\/"}],"collection":[{"href":"https:\/\/www.fondazionepirelli.org\/it\/wp-json\/wp\/v2\/posts\/"}],"about":[{"href":"https:\/\/www.fondazionepirelli.org\/it\/wp-json\/wp\/v2\/types\/post\/"}],"author":[{"embeddable":true,"href":"https:\/\/www.fondazionepirelli.org\/it\/wp-json\/wp\/v2\/users\/1\/"}],"replies":[{"embeddable":true,"href":"https:\/\/www.fondazionepirelli.org\/it\/wp-json\/wp\/v2\/comments\/?post=50822"}],"version-history":[{"count":3,"href":"https:\/\/www.fondazionepirelli.org\/it\/wp-json\/wp\/v2\/posts\/50822\/revisions\/"}],"predecessor-version":[{"id":56208,"href":"https:\/\/www.fondazionepirelli.org\/it\/wp-json\/wp\/v2\/posts\/50822\/revisions\/56208\/"}],"wp:attachment":[{"href":"https:\/\/www.fondazionepirelli.org\/it\/wp-json\/wp\/v2\/media\/?parent=50822"}],"wp:term":[{"taxonomy":"category","embeddable":true,"href":"https:\/\/www.fondazionepirelli.org\/it\/wp-json\/wp\/v2\/categories\/?post=50822"},{"taxonomy":"post_tag","embeddable":true,"href":"https:\/\/www.fondazionepirelli.org\/it\/wp-json\/wp\/v2\/tags\/?post=50822"}],"curies":[{"name":"wp","href":"https:\/\/api.w.org\/{rel}","templated":true}]}}