{"id":50823,"date":"2016-07-29T00:00:00","date_gmt":"2016-07-29T00:00:00","guid":{"rendered":"http:\/\/www.fondazionepirelli.org\/fondazione-pirelli\/la-p-lunga-e-i-cinque-cerchi\/"},"modified":"2022-01-28T12:52:49","modified_gmt":"2022-01-28T11:52:49","slug":"la-p-lunga-e-i-cinque-cerchi","status":"publish","type":"post","link":"https:\/\/www.fondazionepirelli.org\/it\/iniziative\/storie-dal-mondo-pirelli\/la-p-lunga-e-i-cinque-cerchi\/","title":{"rendered":"La P Lunga e i Cinque Cerchi, tra Consolini e Carl Lewis"},"content":{"rendered":"<p>Venerd\u00ec<strong> 5 agosto 2016<\/strong>: prendono ufficialmente il via a<strong> Rio de Janeiro<\/strong> i <strong>XXXI Giochi Olimpici<\/strong>. Tradizionalmente impegnata in tutti i campi delle attivit\u00e0 sportive, Pirelli ha sempre avuto un feeling particolare con i Cinque Cerchi.<\/p>\n<p>Vuoi perch\u00e8 gli atleti hanno spesso gareggiato con attrezzi e strumenti di produzione del Gruppo, o perch\u00e8 ispirate alle Olimpiadi sono state varie campagne pubblicitarie, o perch\u00e8 era dedicato a specialissimi giochi di Olimpia un famoso Calendario\u2026 O ancora perch\u00e8 <strong>pirelliani sono stati alcuni fra i pi\u00f9 grandi campioni olimpici<\/strong>. Uno di questi \u2013 forse il pi\u00f9 grande \u2013 si chiamava <strong>Adolfo Consolini<\/strong> e a Londra \u201948 fu medaglia d\u2019oro.<\/p>\n<p><strong><em>Il disco d\u2019oro di Adolfo Consolini<\/em><\/strong><\/p>\n<p><strong>2 agosto 1948<\/strong>, Olimpiadi di <strong>Londra<\/strong>. Con una distanza di 52,23 metri, l\u2019atleta italiano <a href=\"https:\/\/www.fondazionepirelli.org\/archivio-storico\/bookreader\/pubblicazioni-e-riviste\/RivistaPirelli\/1948_1.html?q=Consolini&amp;start=16&amp;lang=it#page\/16\/mode\/2up\" target=\"_blank\" rel=\"noopener noreferrer\"><strong>Adolfo Consolini<\/strong> <\/a>si aggiudica la medaglia d\u2019oro nel <strong>lancio del disco<\/strong>: \u00e8 nel pieno di una carriera che lo porter\u00e0 ad essere uno dei pi\u00f9 grandi atleti che il nostro Paese abbia mai avuto. Ma quando non veste la maglia azzurra della Nazionale, il \u201cgigante buono\u201d Consolini indossa la divisa con la P lunga del <strong>Gruppo Sportivo Pirelli<\/strong>, e si allena sul campo di atletica della Pro Patria, proprio di fronte allo stabilimento di <strong>Bicocca<\/strong>. Quattro Olimpiadi, tre record mondiali, detentore del record italiano per 17 anni, 375 concorsi vinti in trent\u2019anni di carriera: il discobolo Adolfo Consolini ha impresso in modo indelebile il marchio della P lunga sui Cinque Cerchi olimpici.<\/p><p><strong><em>Tutte in gomma le Olimpiadi di Roma<\/em><\/strong><\/p>\n<p>Lo sport e gli eventi ad esso correlati hanno favorito la produzione di nuovi <strong>articoli in gomma<\/strong> e nuovi <strong>materiali per l\u2019edilizia<\/strong>, in previsione della costruzione dei <strong>moderni complessi sportivi<\/strong>. Per le <a href=\"https:\/\/www.fondazionepirelli.org\/archivio-storico\/bookreader\/pubblicazioni-e-riviste\/RivistaPirelli\/1960_5.html#page\/38\/mode\/2up\" target=\"_blank\" rel=\"noopener noreferrer\"><strong>Olimpiadi di Roma del 1960<\/strong><\/a>, la Pirelli partecipa alla costruzione del viadotto di Corso Francia, il collegamento che dal Ponte Flaminio conduce alla zona stadi, con la posa di 1200 apparecchi in gomma al neoprene tipo \u201c<strong>Cargo<\/strong>\u201d. Lo Stadio del Nuoto al Foro Italico e alcuni interni del Palazzo dello Sport vengono pavimentati con il \u201c<strong>Miplac<\/strong>\u201d della societ\u00e0 <strong>Linoleum<\/strong>. Anche il grande scalo internazionale Leonardo da Vinci, inaugurato nello stesso anno \u00e8 dotato di 230 metri quadrati di <strong>pannelli fonoassorbenti<\/strong> \u201c<strong>Afolin<\/strong>\u201d e di 32.585 metri di <strong>pavimenti in gomma<\/strong> per dare il benvenuto agli atleti di tutto il mondo.<\/p><p><strong><em>Babbut, Mammut e Figliut cartoons olimpici<\/em><\/strong><\/p>\n<p>Sulla copertina di \u201c<strong>Pivendere<\/strong>\u201d \u2013 una sorta di newsletter Pirelli dedicata ai rivenditori \u2013 del luglio <strong>1964<\/strong>, l\u2019atleta olimpico tenta un improbabile salto con l\u2019asta che si presume gi\u00e0 finir\u00e0 con un bernoccolo in testa. Perch\u00e8 l\u2019atleta in questione \u00e8 Babbut, cavernicolo pasticcione che assieme alla moglie Mammut e al piccolo Figliut impazza gi\u00e0 da un paio d\u2019anni nelle <strong>pubblicit\u00e0 televisive Pirelli<\/strong>. Chi non \u00e8 pi\u00f9 giovanissimo si ricorder\u00e0 di questo cartone animato che girava a <a href=\"https:\/\/www.fondazionepirelli.org\/archivio-storico\/audiovisivi\/search\/result.html?query=Mammut+Babbut+Figliut+Olimpiadi&amp;jsonVal=%7B%22jsonVal%22%3A%7B%22startDate%22%3A%22%22%2C%22endDate%22%3A%22%22%2C%22fieldDate%22%3A%22dataNormal%22%2C%22_perPage%22%3A20%2C%22collanaName%22%3A%22%5C%22Carosello%5C%22%22%7D%7D&amp;lang=it\" target=\"_blank\" rel=\"noopener noreferrer\"><strong>Carosello<\/strong><\/a> con il milanesissimo vigile (arbitro, in versione olimpica) che alla fine ammoniva i tre combinaguai dicendo \u201cu\u00e9 cavernicoli, non siamo pi\u00f9 all\u2019et\u00e0 della pietra!\u201d, spiegando che con l\u2019era moderna Pirelli aveva portato la gommapiuma e il <strong>pneumatico Sempione<\/strong> spalla di sicurezza.<\/p><p><strong><em>Magico il piede di gomma di Carl Lewis<\/em><\/strong><\/p>\n<p>Quando \u2013 siamo nel <strong>1994<\/strong> \u2013 la fotografa <strong>Annie Leibowitz<\/strong> lo ritrae ai blocchi di partenza dei 100 metri e il campione indossa le famose <strong>scarpette rosse<\/strong> di \u201c<strong>La potenza \u00e8 nulla senza controllo<\/strong>\u201d, <a href=\"https:\/\/www.fondazionepirelli.org\/archivio-storico\/audiovisivi\/detail\/IT-PIRELLI-AV0001-000024\/power-is-nothing-without-control.html?jsonVal={%22jsonVal%22:{%22query%22:%22Carl%20Lewis%22,%22startDate%22:%22%22,%22endDate%22:%22%22,%22fieldDate%22:%22dataNormal%22,%22_perPage%22:20}}&amp;attachmentMisc=undefined&amp;lang=it\" target=\"_blank\" rel=\"noopener noreferrer\"><strong>Carl Lewis<\/strong><\/a> \u00e8 uno degli atleti olimpici pi\u00f9 grandi di tutti i tempi. Salto in lungo e velocit\u00e0 le discipline in cui King Carl vince tutto il possibile: 4 medaglie d\u2019oro a Los Angeles \u201984, 2 ori e un argento a Seul \u201988, altri 2 ori a Barcellona \u201992. La medaglia d\u2019oro numero 9 sarebbe arrivata di l\u00ec a due anni, alle Olimpiadi di Atlanta 1996. Quattro olimpiadi, dieci medaglie: tra Pirelli e i Cinque Cerchi, c\u2019\u00e8 la corsa del \u201cfiglio del vento\u201d.<\/p>\n<p>Nel <strong>1997<\/strong>, Carl Lewis passa la staffetta di testimonial olimpico di Pirelli alla velocista francese <strong>Marie-Jos\u00e9 P\u00e9rec<\/strong>. E\u2019 lei che, nello spot pubblicitario realizzato da <strong>Gerard de Thame<\/strong>, continua la corsa iniziata dal \u201cfiglio del vento\u201d: tra ghiacciai e vulcani, sull\u2019acqua e sulla sabbia, sempre inseguita da effetti speciali in forma di terribili mostri. E lei che alla fine si salva, riuscendo a saltare in cima al Totem Pole, la monumentale colonna di roccia che sta nella Monument Valley, Utah. Si salva, ancora una volta, perch\u00e8 \u2013 come Carl Lewis \u2013 <strong>il suo piede alato poggia su un battistrada Pirelli<\/strong>. Che il piede di Marie-Jos\u00e9 fosse davvero alato lo avevano confermato le Olimpiadi di Barcellona 1992, con la medaglia d\u2019oro sui 400 metri, e poi di Atlanta 1996, con doppietta sui 200 e 400 metri. Nel 1997, dunque, era ancora una volta un\u2019atleta olimpica all\u2019apice del successo quella che ricordava al mondo intero che \u201cLa potenza \u00e8 nulla senza controllo\u201d.<\/p><p><strong><em>Ritorno -d\u2019autore- ad Olimpia<\/em><\/strong><\/p>\n<p>Firmato da <strong>Arthur Elgort<\/strong> e fisicamente realizzato a Siviglia, il <strong>Calendario 1990<\/strong> fu un\u2019<strong>ode allo spirito di Olimpia<\/strong> e alla sua fisicit\u00e0, naturalmente tutta declinata al femminile. Corsa e scherma, disco e giavellotto, arco e staffetta, e in copertina la fiaccola sul gradino pi\u00f9 alto del podio: i muri dello stadio sono grigi e ciclopici, e la corsa \u00e8 tra polvere e sterpi. Il premio, una corona d\u2019alloro. Le atlete del Calendario Pirelli 1990 vestono solo un gonnellino decorato con simboli magici, che sicuramente raccontano di Olimpia e del <strong>mito dei Giochi<\/strong>. E chi va a pensare che \u00e8 il disegno battistrada del <strong>Pirelli P600<\/strong>.<\/p>\n","protected":false},"excerpt":{"rendered":"<p>Venerd\u00ec 5 agosto 2016: prendono ufficialmente il via a Rio de Janeiro i XXXI Giochi Olimpici. Tradizionalmente impegnata in tutti i campi delle attivit\u00e0 sportive, Pirelli ha sempre avuto un feeling particolare con i Cinque Cerchi. Vuoi perch\u00e8 gli atleti hanno spesso gareggiato con attrezzi e strumenti di produzione del Gruppo, o perch\u00e8 ispirate alle [&hellip;]<\/p>\n","protected":false},"author":1,"featured_media":50824,"comment_status":"open","ping_status":"open","sticky":false,"template":"","format":"standard","meta":{"footnotes":""},"categories":[62],"tags":[117],"class_list":["post-50823","post","type-post","status-publish","format-standard","has-post-thumbnail","hentry","category-storie-dal-mondo-pirelli","tag-sport"],"acf":[],"yoast_head":"<!-- This site is optimized with the Yoast SEO plugin v25.0 - https:\/\/yoast.com\/wordpress\/plugins\/seo\/ -->\n<title>La P lunga e i Cinque Cerchi | Fondazione Pirelli<\/title>\n<meta name=\"description\" content=\"Da Adolfo Consolini a Carl Lewis, scopri di pi\u00f9 su Pirelli e la storia dei &quot;Cinque Cerchi&quot; su fondazionepirelli.org\" \/>\n<meta name=\"robots\" content=\"index, follow, max-snippet:-1, max-image-preview:large, max-video-preview:-1\" \/>\n<link rel=\"canonical\" href=\"https:\/\/www.fondazionepirelli.org\/it\/iniziative\/storie-dal-mondo-pirelli\/la-p-lunga-e-i-cinque-cerchi\/\" \/>\n<meta property=\"og:locale\" content=\"it_IT\" \/>\n<meta property=\"og:type\" content=\"article\" \/>\n<meta property=\"og:title\" content=\"La P lunga e i Cinque Cerchi | Fondazione Pirelli\" \/>\n<meta property=\"og:description\" content=\"Da Adolfo Consolini a Carl Lewis, scopri di pi\u00f9 su Pirelli e la storia dei &quot;Cinque Cerchi&quot; su fondazionepirelli.org\" \/>\n<meta property=\"og:url\" content=\"https:\/\/127.0.0.1\/it\/iniziative\/storie-dal-mondo-pirelli\/la-p-lunga-e-i-cinque-cerchi\/\" \/>\n<meta property=\"og:site_name\" content=\"Fondazione Pirelli\" \/>\n<meta property=\"article:published_time\" content=\"2016-07-29T00:00:00+00:00\" \/>\n<meta property=\"article:modified_time\" content=\"2022-01-28T11:52:49+00:00\" \/>\n<meta property=\"og:image\" content=\"https:\/\/wpsite-assets.fondazionepirelli.org\/wp-content\/uploads\/2019\/05\/20101612\/Prop2_50_Consolini_1956_20938_472_foto-Bianchi-e1574074612835.jpg\" \/>\n\t<meta property=\"og:image:width\" content=\"400\" \/>\n\t<meta property=\"og:image:height\" content=\"520\" \/>\n\t<meta property=\"og:image:type\" content=\"image\/jpeg\" \/>\n<meta name=\"author\" content=\"fondadmin\" \/>\n<meta name=\"twitter:card\" content=\"summary_large_image\" \/>\n<meta name=\"twitter:label1\" content=\"Scritto da\" \/>\n\t<meta name=\"twitter:data1\" content=\"fondadmin\" \/>\n\t<meta name=\"twitter:label2\" content=\"Tempo di lettura stimato\" \/>\n\t<meta name=\"twitter:data2\" content=\"4 minuti\" \/>\n<script type=\"application\/ld+json\" class=\"yoast-schema-graph\">{\"@context\":\"https:\/\/schema.org\",\"@graph\":[{\"@type\":\"WebPage\",\"@id\":\"https:\/\/127.0.0.1\/it\/iniziative\/storie-dal-mondo-pirelli\/la-p-lunga-e-i-cinque-cerchi\/\",\"url\":\"https:\/\/127.0.0.1\/it\/iniziative\/storie-dal-mondo-pirelli\/la-p-lunga-e-i-cinque-cerchi\/\",\"name\":\"La P lunga e i Cinque Cerchi | Fondazione Pirelli\",\"isPartOf\":{\"@id\":\"https:\/\/www.fondazionepirelli.org\/it\/#website\"},\"primaryImageOfPage\":{\"@id\":\"https:\/\/127.0.0.1\/it\/iniziative\/storie-dal-mondo-pirelli\/la-p-lunga-e-i-cinque-cerchi\/#primaryimage\"},\"image\":{\"@id\":\"https:\/\/127.0.0.1\/it\/iniziative\/storie-dal-mondo-pirelli\/la-p-lunga-e-i-cinque-cerchi\/#primaryimage\"},\"thumbnailUrl\":\"https:\/\/wpsite-assets.fondazionepirelli.org\/wp-content\/uploads\/2019\/05\/20101612\/Prop2_50_Consolini_1956_20938_472_foto-Bianchi-e1574074612835.jpg\",\"datePublished\":\"2016-07-29T00:00:00+00:00\",\"dateModified\":\"2022-01-28T11:52:49+00:00\",\"author\":{\"@id\":\"https:\/\/www.fondazionepirelli.org\/it\/#\/schema\/person\/f47d097000832c4a6e54538c791fdf25\"},\"description\":\"Da Adolfo Consolini a Carl Lewis, scopri di pi\u00f9 su Pirelli e la storia dei \\\"Cinque Cerchi\\\" su fondazionepirelli.org\",\"breadcrumb\":{\"@id\":\"https:\/\/127.0.0.1\/it\/iniziative\/storie-dal-mondo-pirelli\/la-p-lunga-e-i-cinque-cerchi\/#breadcrumb\"},\"inLanguage\":\"it-IT\",\"potentialAction\":[{\"@type\":\"ReadAction\",\"target\":[\"https:\/\/127.0.0.1\/it\/iniziative\/storie-dal-mondo-pirelli\/la-p-lunga-e-i-cinque-cerchi\/\"]}]},{\"@type\":\"ImageObject\",\"inLanguage\":\"it-IT\",\"@id\":\"https:\/\/127.0.0.1\/it\/iniziative\/storie-dal-mondo-pirelli\/la-p-lunga-e-i-cinque-cerchi\/#primaryimage\",\"url\":\"https:\/\/wpsite-assets.fondazionepirelli.org\/wp-content\/uploads\/2019\/05\/20101612\/Prop2_50_Consolini_1956_20938_472_foto-Bianchi-e1574074612835.jpg\",\"contentUrl\":\"https:\/\/wpsite-assets.fondazionepirelli.org\/wp-content\/uploads\/2019\/05\/20101612\/Prop2_50_Consolini_1956_20938_472_foto-Bianchi-e1574074612835.jpg\",\"width\":400,\"height\":520,\"caption\":\"||||||||\"},{\"@type\":\"BreadcrumbList\",\"@id\":\"https:\/\/127.0.0.1\/it\/iniziative\/storie-dal-mondo-pirelli\/la-p-lunga-e-i-cinque-cerchi\/#breadcrumb\",\"itemListElement\":[{\"@type\":\"ListItem\",\"position\":1,\"name\":\"Home\",\"item\":\"https:\/\/www.fondazionepirelli.org\/it\/\"},{\"@type\":\"ListItem\",\"position\":2,\"name\":\"La P Lunga e i Cinque Cerchi, tra Consolini e Carl Lewis\"}]},{\"@type\":\"WebSite\",\"@id\":\"https:\/\/www.fondazionepirelli.org\/it\/#website\",\"url\":\"https:\/\/www.fondazionepirelli.org\/it\/\",\"name\":\"Fondazione Pirelli\",\"description\":\"\",\"potentialAction\":[{\"@type\":\"SearchAction\",\"target\":{\"@type\":\"EntryPoint\",\"urlTemplate\":\"https:\/\/www.fondazionepirelli.org\/it\/?s={search_term_string}\"},\"query-input\":{\"@type\":\"PropertyValueSpecification\",\"valueRequired\":true,\"valueName\":\"search_term_string\"}}],\"inLanguage\":\"it-IT\"},{\"@type\":\"Person\",\"@id\":\"https:\/\/www.fondazionepirelli.org\/it\/#\/schema\/person\/f47d097000832c4a6e54538c791fdf25\",\"name\":\"fondadmin\",\"image\":{\"@type\":\"ImageObject\",\"inLanguage\":\"it-IT\",\"@id\":\"https:\/\/www.fondazionepirelli.org\/it\/#\/schema\/person\/image\/\",\"url\":\"https:\/\/secure.gravatar.com\/avatar\/e69498a9175ca244966e51e53c88712c024fcebe41f9a05f75657f1bb25e489b?s=96&d=mm&r=g\",\"contentUrl\":\"https:\/\/secure.gravatar.com\/avatar\/e69498a9175ca244966e51e53c88712c024fcebe41f9a05f75657f1bb25e489b?s=96&d=mm&r=g\",\"caption\":\"fondadmin\"},\"url\":\"https:\/\/www.fondazionepirelli.org\/it\/author\/fondadmin\/\"}]}<\/script>\n<!-- \/ Yoast SEO plugin. -->","yoast_head_json":{"title":"La P lunga e i Cinque Cerchi | Fondazione Pirelli","description":"Da Adolfo Consolini a Carl Lewis, scopri di pi\u00f9 su Pirelli e la storia dei \"Cinque Cerchi\" su fondazionepirelli.org","robots":{"index":"index","follow":"follow","max-snippet":"max-snippet:-1","max-image-preview":"max-image-preview:large","max-video-preview":"max-video-preview:-1"},"canonical":"https:\/\/www.fondazionepirelli.org\/it\/iniziative\/storie-dal-mondo-pirelli\/la-p-lunga-e-i-cinque-cerchi\/","og_locale":"it_IT","og_type":"article","og_title":"La P lunga e i Cinque Cerchi | Fondazione Pirelli","og_description":"Da Adolfo Consolini a Carl Lewis, scopri di pi\u00f9 su Pirelli e la storia dei \"Cinque Cerchi\" su fondazionepirelli.org","og_url":"https:\/\/127.0.0.1\/it\/iniziative\/storie-dal-mondo-pirelli\/la-p-lunga-e-i-cinque-cerchi\/","og_site_name":"Fondazione Pirelli","article_published_time":"2016-07-29T00:00:00+00:00","article_modified_time":"2022-01-28T11:52:49+00:00","og_image":[{"width":400,"height":520,"url":"https:\/\/wpsite-assets.fondazionepirelli.org\/wp-content\/uploads\/2019\/05\/20101612\/Prop2_50_Consolini_1956_20938_472_foto-Bianchi-e1574074612835.jpg","type":"image\/jpeg"}],"author":"fondadmin","twitter_card":"summary_large_image","twitter_misc":{"Scritto da":"fondadmin","Tempo di lettura stimato":"4 minuti"},"schema":{"@context":"https:\/\/schema.org","@graph":[{"@type":"WebPage","@id":"https:\/\/127.0.0.1\/it\/iniziative\/storie-dal-mondo-pirelli\/la-p-lunga-e-i-cinque-cerchi\/","url":"https:\/\/127.0.0.1\/it\/iniziative\/storie-dal-mondo-pirelli\/la-p-lunga-e-i-cinque-cerchi\/","name":"La P lunga e i Cinque Cerchi | Fondazione Pirelli","isPartOf":{"@id":"https:\/\/www.fondazionepirelli.org\/it\/#website"},"primaryImageOfPage":{"@id":"https:\/\/127.0.0.1\/it\/iniziative\/storie-dal-mondo-pirelli\/la-p-lunga-e-i-cinque-cerchi\/#primaryimage"},"image":{"@id":"https:\/\/127.0.0.1\/it\/iniziative\/storie-dal-mondo-pirelli\/la-p-lunga-e-i-cinque-cerchi\/#primaryimage"},"thumbnailUrl":"https:\/\/wpsite-assets.fondazionepirelli.org\/wp-content\/uploads\/2019\/05\/20101612\/Prop2_50_Consolini_1956_20938_472_foto-Bianchi-e1574074612835.jpg","datePublished":"2016-07-29T00:00:00+00:00","dateModified":"2022-01-28T11:52:49+00:00","author":{"@id":"https:\/\/www.fondazionepirelli.org\/it\/#\/schema\/person\/f47d097000832c4a6e54538c791fdf25"},"description":"Da Adolfo Consolini a Carl Lewis, scopri di pi\u00f9 su Pirelli e la storia dei \"Cinque Cerchi\" su fondazionepirelli.org","breadcrumb":{"@id":"https:\/\/127.0.0.1\/it\/iniziative\/storie-dal-mondo-pirelli\/la-p-lunga-e-i-cinque-cerchi\/#breadcrumb"},"inLanguage":"it-IT","potentialAction":[{"@type":"ReadAction","target":["https:\/\/127.0.0.1\/it\/iniziative\/storie-dal-mondo-pirelli\/la-p-lunga-e-i-cinque-cerchi\/"]}]},{"@type":"ImageObject","inLanguage":"it-IT","@id":"https:\/\/127.0.0.1\/it\/iniziative\/storie-dal-mondo-pirelli\/la-p-lunga-e-i-cinque-cerchi\/#primaryimage","url":"https:\/\/wpsite-assets.fondazionepirelli.org\/wp-content\/uploads\/2019\/05\/20101612\/Prop2_50_Consolini_1956_20938_472_foto-Bianchi-e1574074612835.jpg","contentUrl":"https:\/\/wpsite-assets.fondazionepirelli.org\/wp-content\/uploads\/2019\/05\/20101612\/Prop2_50_Consolini_1956_20938_472_foto-Bianchi-e1574074612835.jpg","width":400,"height":520,"caption":"||||||||"},{"@type":"BreadcrumbList","@id":"https:\/\/127.0.0.1\/it\/iniziative\/storie-dal-mondo-pirelli\/la-p-lunga-e-i-cinque-cerchi\/#breadcrumb","itemListElement":[{"@type":"ListItem","position":1,"name":"Home","item":"https:\/\/www.fondazionepirelli.org\/it\/"},{"@type":"ListItem","position":2,"name":"La P Lunga e i Cinque Cerchi, tra Consolini e Carl Lewis"}]},{"@type":"WebSite","@id":"https:\/\/www.fondazionepirelli.org\/it\/#website","url":"https:\/\/www.fondazionepirelli.org\/it\/","name":"Fondazione Pirelli","description":"","potentialAction":[{"@type":"SearchAction","target":{"@type":"EntryPoint","urlTemplate":"https:\/\/www.fondazionepirelli.org\/it\/?s={search_term_string}"},"query-input":{"@type":"PropertyValueSpecification","valueRequired":true,"valueName":"search_term_string"}}],"inLanguage":"it-IT"},{"@type":"Person","@id":"https:\/\/www.fondazionepirelli.org\/it\/#\/schema\/person\/f47d097000832c4a6e54538c791fdf25","name":"fondadmin","image":{"@type":"ImageObject","inLanguage":"it-IT","@id":"https:\/\/www.fondazionepirelli.org\/it\/#\/schema\/person\/image\/","url":"https:\/\/secure.gravatar.com\/avatar\/e69498a9175ca244966e51e53c88712c024fcebe41f9a05f75657f1bb25e489b?s=96&d=mm&r=g","contentUrl":"https:\/\/secure.gravatar.com\/avatar\/e69498a9175ca244966e51e53c88712c024fcebe41f9a05f75657f1bb25e489b?s=96&d=mm&r=g","caption":"fondadmin"},"url":"https:\/\/www.fondazionepirelli.org\/it\/author\/fondadmin\/"}]}},"_links":{"self":[{"href":"https:\/\/www.fondazionepirelli.org\/it\/wp-json\/wp\/v2\/posts\/50823\/"}],"collection":[{"href":"https:\/\/www.fondazionepirelli.org\/it\/wp-json\/wp\/v2\/posts\/"}],"about":[{"href":"https:\/\/www.fondazionepirelli.org\/it\/wp-json\/wp\/v2\/types\/post\/"}],"author":[{"embeddable":true,"href":"https:\/\/www.fondazionepirelli.org\/it\/wp-json\/wp\/v2\/users\/1\/"}],"replies":[{"embeddable":true,"href":"https:\/\/www.fondazionepirelli.org\/it\/wp-json\/wp\/v2\/comments\/?post=50823"}],"version-history":[{"count":9,"href":"https:\/\/www.fondazionepirelli.org\/it\/wp-json\/wp\/v2\/posts\/50823\/revisions\/"}],"predecessor-version":[{"id":73119,"href":"https:\/\/www.fondazionepirelli.org\/it\/wp-json\/wp\/v2\/posts\/50823\/revisions\/73119\/"}],"wp:featuredmedia":[{"embeddable":true,"href":"https:\/\/www.fondazionepirelli.org\/it\/wp-json\/wp\/v2\/media\/50824\/"}],"wp:attachment":[{"href":"https:\/\/www.fondazionepirelli.org\/it\/wp-json\/wp\/v2\/media\/?parent=50823"}],"wp:term":[{"taxonomy":"category","embeddable":true,"href":"https:\/\/www.fondazionepirelli.org\/it\/wp-json\/wp\/v2\/categories\/?post=50823"},{"taxonomy":"post_tag","embeddable":true,"href":"https:\/\/www.fondazionepirelli.org\/it\/wp-json\/wp\/v2\/tags\/?post=50823"}],"curies":[{"name":"wp","href":"https:\/\/api.w.org\/{rel}","templated":true}]}}