{"id":50831,"date":"2016-07-26T00:00:00","date_gmt":"2016-07-26T00:00:00","guid":{"rendered":"http:\/\/www.fondazionepirelli.org\/fondazione-pirelli\/milano-smart-city-e-steam-con-universita-statale-e-human-technopole-nellarea-post-expo\/"},"modified":"2019-07-09T10:33:00","modified_gmt":"2019-07-09T10:33:00","slug":"milano-smart-city-e-steam-con-universita-statale-e-human-technopole-nellarea-post-expo","status":"publish","type":"post","link":"https:\/\/www.fondazionepirelli.org\/it\/cultura-dimpresa\/milano-smart-city-e-steam-con-universita-statale-e-human-technopole-nellarea-post-expo\/","title":{"rendered":"Milano smart city e &#8220;steam&#8221; con Universit\u00e0 Statale e Human Technopole nell&#8217;area post Expo"},"content":{"rendered":"<p>Un passo avanti, per Milano metropoli \u201csmart\u201d e \u201csteam&#8221;, \u201ccitt\u00e0 intelligente\u201de innovativa. Ma anche citt\u00e0 attrattiva, per le grandi agenzie Ue e per gli investimenti internazionali dopo la crisi Brexit. Quale passo avanti? L\u2019Universit\u00e0 Statale, con le sue facolt\u00e0 scientifiche, ha deciso la scorsa settimana che andr\u00e0 nell\u2019area dell\u2019Expo, accanto a Human Technopole, il grande centro specializzato in scienze della vita e genomica, nanotecnologie e big data. E cos\u00ec eccola, la prospettiva di sviluppo tra innovazione, ricerca e formazione, la nuova sintesi tra \u201csapere\u201d e \u201cfare\u201d che nella storia ha sempre caratterizzato Milano e adesso sa cogliere il senso dei tempi nuovi. \u00c8 appunto il futuro della \u201ccitt\u00e0 STEAM\u201d, per usare l\u2019acronimo caro ad Assolombarda (ne abbiamo gi\u00e0 scritto altre volte, in questo blog), parlando di <em>science<\/em>, <em>technology<\/em>, <em>environment<\/em> ma anche <em>education<\/em>, <em>arts<\/em> (tutto il sofisticato complesso dei saperi umanistici e della creativit\u00e0) e <em>manifacturing<\/em>: un insieme di conoscenze, competenze e funzioni di sviluppo che coinvolgono istituzioni pubbliche e private, imprese, centri di ricerca, un \u201ccapitale sociale\u201d che s\u2019arricchisce di \u201ccapitale scientifico\u201d e pu\u00f2 avere una straordinaria forza competitiva, nel contesto di un\u2019Europa che ridisegna ruoli, poteri, funzioni.<\/p>\n<p>La decisione di procedere concretamente con la nuova sede universitaria, presa il 19 luglio dal consiglio d\u2019amministrazione della Statale e dal Senato accademico, prevede investimenti da 380 milioni (fondi pubblici universitari, ma anche un intervento della Cassa Depositi e Prestiti) per costruire un grande campus con aule, laboratori e strutture per 18 mila studenti e circa 2mila ricercatori, su un\u2019area di 150mila metri quadri. Tutto pronto per il 2020\/2021. Una forte scommessa urbanistica, progettuale, scientifica. Con la consapevolezza forte che nei nuovi panorami della competizione internazionale, le universit\u00e0 sono una forte leva di sviluppo: giovani ben preparati, scienziati, ricercatori, creativi. Persone che dell\u2019intelligenza e dell\u2019intraprendenza fanno una chiave di crescita. Milano di universit\u00e0 ne ha dieci, in gran parte d\u2019eccellenza. Con circa 200mila studenti, 13mila dei quali stranieri (una cifra destinata rapidamente ad aumentare).<\/p>\n<p>L\u2019universit\u00e0 Statale sar\u00e0 dunque l\u2019inquilino principale dell\u2019area di Rho-Pero, dando cos\u00ec corpo a un progetto di utilizzo di grandi spazi che, dopo il successo di Expo2015, rappresentano una leva di sviluppo in termini di infrastrutture materiali e immateriali, collegamenti e trasporti, servizi, lungo l\u2019asse strategico tra Milano e Torino, cuore del produttivissimo, innovativo Nord Ovest. Ma, insieme all\u2019universit\u00e0, ci sar\u00e0 Human Technopole, con tutte le sue piattaforme tecnologiche che mettono insieme diverse competenze della genomica (oncologia, malattie neurovegetative, scienza dell\u2019alimentazione, farmaceutica d\u2019avanguardia, ma anche gestione di tutti i mega-dati che riguardano societ\u00e0, medicina, ricerca). Le sedi di multinazionali con Bayer, Roche e Ibm (riecco le competenze farmaceutiche, chimiche e informatiche). I centri per start up, con forte capacit\u00e0 di attrazione di talenti scientifici e imprenditoriali di respiro internazionale. E i luoghi della cultura: la Scala potrebbe portare l\u00ec magazzini, laboratori di produzione, attivit\u00e0 dell\u2019Accademia. Un mix originale. Con buone probabilit\u00e0 di diventare un\u2019eccellenza europea.<\/p>\n<p>La sfida sta a cuore a molti soggetti, locali, nazionali e internazionali. Il governo Renzi, innanzitutto, che dello Human Technopole nell\u2019area Expo \u00e8 stato tra i primi sostenitori, destinando al progetto 150 milioni per la ricerca (pur tra mille polemiche negli ambienti scientifici). L\u2019universit\u00e0 Statale, che ha via via conquistato il consenso delle altre universit\u00e0 milanesi. L\u2019Assolombarda, pronta a cogliere le opportunit\u00e0 per la manifattura innovativa legata a formazione e ricerca e al rilancio della \u201cfiliera della salute\u201d, industria e qualit\u00e0 della vita e dell\u2019ambiente. Un qualificato gruppo di multinazionali. Ma anche la Regione Lombardia. E il Comune di Milano, con l\u2019impegno convinto del nuovo sindaco Beppe Sala.<\/p>\n<p>Sfida difficile, naturalmente. Da giocare sul piano dei tempi (tutto pronto nell\u2019arco breve di un quinquennio), della qualit\u00e0 delle realizzazioni (l\u2019Anac, l\u2019Autorit\u00e0 anticorruzione guidata da Raffaele Cantone ha promesso il suo impegno per vigilare sulla correttezza e la legalit\u00e0 degli appalti, come ha gi\u00e0 fatto per l\u2019Expo). Delle prospettive economiche. Ma anche sfida possibile, in una metropoli che ha robuste carte di attrattivit\u00e0 da giocare, per investimenti produttivi e finanziari, ma anche per la collocazione di grandi agenzie Ue, dopo la crisi della Brexit.<\/p>\n<p>Milano, \u201cthe place to be\u201d, come dicevano i media internazionali durante la stagione dell\u2019Expo. L\u2019attrattivit\u00e0 resta e con i nuovi programmi, di cui abbiamo detto, pu\u00f2 continuare a crescere. Milano, insomma, capitale europea.<\/p>\n","protected":false},"excerpt":{"rendered":"<p>Un passo avanti, per Milano metropoli \u201csmart\u201d e \u201csteam&#8221;, \u201ccitt\u00e0 intelligente\u201de innovativa. Ma anche citt\u00e0 attrattiva, per le grandi agenzie Ue e per gli investimenti internazionali dopo la crisi Brexit. Quale passo avanti? L\u2019Universit\u00e0 Statale, con le sue facolt\u00e0 scientifiche, ha deciso la scorsa settimana che andr\u00e0 nell\u2019area dell\u2019Expo, accanto a Human Technopole, il grande [&hellip;]<\/p>\n","protected":false},"author":1,"featured_media":50832,"comment_status":"open","ping_status":"open","sticky":false,"template":"","format":"standard","meta":{"footnotes":""},"categories":[53,52],"tags":[],"class_list":["post-50831","post","type-post","status-publish","format-standard","has-post-thumbnail","hentry","category-blog","category-cultura-dimpresa"],"acf":[],"yoast_head":"<!-- This site is optimized with the Yoast SEO plugin v25.0 - https:\/\/yoast.com\/wordpress\/plugins\/seo\/ -->\n<title>Milano smart city e &quot;steam&quot; con Universit\u00e0 Statale e Human Technopole nell&#039;area post Expo - Fondazione Pirelli<\/title>\n<meta name=\"robots\" content=\"index, follow, max-snippet:-1, max-image-preview:large, max-video-preview:-1\" \/>\n<link rel=\"canonical\" href=\"https:\/\/www.fondazionepirelli.org\/it\/cultura-dimpresa\/milano-smart-city-e-steam-con-universita-statale-e-human-technopole-nellarea-post-expo\/\" \/>\n<meta property=\"og:locale\" content=\"it_IT\" \/>\n<meta property=\"og:type\" content=\"article\" \/>\n<meta property=\"og:title\" content=\"Milano smart city e &quot;steam&quot; con Universit\u00e0 Statale e Human Technopole nell&#039;area post Expo - Fondazione Pirelli\" \/>\n<meta property=\"og:description\" content=\"Un passo avanti, per Milano metropoli \u201csmart\u201d e \u201csteam&#8221;, \u201ccitt\u00e0 intelligente\u201de innovativa. Ma anche citt\u00e0 attrattiva, per le grandi agenzie Ue e per gli investimenti internazionali dopo la crisi Brexit. Quale passo avanti? L\u2019Universit\u00e0 Statale, con le sue facolt\u00e0 scientifiche, ha deciso la scorsa settimana che andr\u00e0 nell\u2019area dell\u2019Expo, accanto a Human Technopole, il grande [&hellip;]\" \/>\n<meta property=\"og:url\" content=\"https:\/\/www.fondazionepirelli.org\/it\/cultura-dimpresa\/milano-smart-city-e-steam-con-universita-statale-e-human-technopole-nellarea-post-expo\/\" \/>\n<meta property=\"og:site_name\" content=\"Fondazione Pirelli\" \/>\n<meta property=\"article:published_time\" content=\"2016-07-26T00:00:00+00:00\" \/>\n<meta property=\"article:modified_time\" content=\"2019-07-09T10:33:00+00:00\" \/>\n<meta property=\"og:image\" content=\"https:\/\/wpsite-assets.fondazionepirelli.org\/wp-content\/uploads\/2019\/05\/20101611\/milano-skyline-e1558627775988.jpg\" \/>\n\t<meta property=\"og:image:width\" content=\"600\" \/>\n\t<meta property=\"og:image:height\" content=\"375\" \/>\n\t<meta property=\"og:image:type\" content=\"image\/jpeg\" \/>\n<meta name=\"author\" content=\"fondadmin\" \/>\n<meta name=\"twitter:card\" content=\"summary_large_image\" \/>\n<meta name=\"twitter:label1\" content=\"Scritto da\" \/>\n\t<meta name=\"twitter:data1\" content=\"fondadmin\" \/>\n\t<meta name=\"twitter:label2\" content=\"Tempo di lettura stimato\" \/>\n\t<meta name=\"twitter:data2\" content=\"4 minuti\" \/>\n<script type=\"application\/ld+json\" class=\"yoast-schema-graph\">{\"@context\":\"https:\/\/schema.org\",\"@graph\":[{\"@type\":\"WebPage\",\"@id\":\"https:\/\/www.fondazionepirelli.org\/it\/cultura-dimpresa\/milano-smart-city-e-steam-con-universita-statale-e-human-technopole-nellarea-post-expo\/\",\"url\":\"https:\/\/www.fondazionepirelli.org\/it\/cultura-dimpresa\/milano-smart-city-e-steam-con-universita-statale-e-human-technopole-nellarea-post-expo\/\",\"name\":\"Milano smart city e \\\"steam\\\" con Universit\u00e0 Statale e Human Technopole nell'area post Expo - Fondazione Pirelli\",\"isPartOf\":{\"@id\":\"https:\/\/www.fondazionepirelli.org\/it\/#website\"},\"primaryImageOfPage\":{\"@id\":\"https:\/\/www.fondazionepirelli.org\/it\/cultura-dimpresa\/milano-smart-city-e-steam-con-universita-statale-e-human-technopole-nellarea-post-expo\/#primaryimage\"},\"image\":{\"@id\":\"https:\/\/www.fondazionepirelli.org\/it\/cultura-dimpresa\/milano-smart-city-e-steam-con-universita-statale-e-human-technopole-nellarea-post-expo\/#primaryimage\"},\"thumbnailUrl\":\"https:\/\/wpsite-assets.fondazionepirelli.org\/wp-content\/uploads\/2019\/05\/20101611\/milano-skyline-e1558627775988.jpg\",\"datePublished\":\"2016-07-26T00:00:00+00:00\",\"dateModified\":\"2019-07-09T10:33:00+00:00\",\"author\":{\"@id\":\"https:\/\/www.fondazionepirelli.org\/it\/#\/schema\/person\/f47d097000832c4a6e54538c791fdf25\"},\"breadcrumb\":{\"@id\":\"https:\/\/www.fondazionepirelli.org\/it\/cultura-dimpresa\/milano-smart-city-e-steam-con-universita-statale-e-human-technopole-nellarea-post-expo\/#breadcrumb\"},\"inLanguage\":\"it-IT\",\"potentialAction\":[{\"@type\":\"ReadAction\",\"target\":[\"https:\/\/www.fondazionepirelli.org\/it\/cultura-dimpresa\/milano-smart-city-e-steam-con-universita-statale-e-human-technopole-nellarea-post-expo\/\"]}]},{\"@type\":\"ImageObject\",\"inLanguage\":\"it-IT\",\"@id\":\"https:\/\/www.fondazionepirelli.org\/it\/cultura-dimpresa\/milano-smart-city-e-steam-con-universita-statale-e-human-technopole-nellarea-post-expo\/#primaryimage\",\"url\":\"https:\/\/wpsite-assets.fondazionepirelli.org\/wp-content\/uploads\/2019\/05\/20101611\/milano-skyline-e1558627775988.jpg\",\"contentUrl\":\"https:\/\/wpsite-assets.fondazionepirelli.org\/wp-content\/uploads\/2019\/05\/20101611\/milano-skyline-e1558627775988.jpg\",\"width\":600,\"height\":375},{\"@type\":\"BreadcrumbList\",\"@id\":\"https:\/\/www.fondazionepirelli.org\/it\/cultura-dimpresa\/milano-smart-city-e-steam-con-universita-statale-e-human-technopole-nellarea-post-expo\/#breadcrumb\",\"itemListElement\":[{\"@type\":\"ListItem\",\"position\":1,\"name\":\"Home\",\"item\":\"https:\/\/www.fondazionepirelli.org\/it\/\"},{\"@type\":\"ListItem\",\"position\":2,\"name\":\"Milano smart city e &#8220;steam&#8221; con Universit\u00e0 Statale e Human Technopole nell&#8217;area post Expo\"}]},{\"@type\":\"WebSite\",\"@id\":\"https:\/\/www.fondazionepirelli.org\/it\/#website\",\"url\":\"https:\/\/www.fondazionepirelli.org\/it\/\",\"name\":\"Fondazione Pirelli\",\"description\":\"\",\"potentialAction\":[{\"@type\":\"SearchAction\",\"target\":{\"@type\":\"EntryPoint\",\"urlTemplate\":\"https:\/\/www.fondazionepirelli.org\/it\/?s={search_term_string}\"},\"query-input\":{\"@type\":\"PropertyValueSpecification\",\"valueRequired\":true,\"valueName\":\"search_term_string\"}}],\"inLanguage\":\"it-IT\"},{\"@type\":\"Person\",\"@id\":\"https:\/\/www.fondazionepirelli.org\/it\/#\/schema\/person\/f47d097000832c4a6e54538c791fdf25\",\"name\":\"fondadmin\",\"image\":{\"@type\":\"ImageObject\",\"inLanguage\":\"it-IT\",\"@id\":\"https:\/\/www.fondazionepirelli.org\/it\/#\/schema\/person\/image\/\",\"url\":\"https:\/\/secure.gravatar.com\/avatar\/e69498a9175ca244966e51e53c88712c024fcebe41f9a05f75657f1bb25e489b?s=96&d=mm&r=g\",\"contentUrl\":\"https:\/\/secure.gravatar.com\/avatar\/e69498a9175ca244966e51e53c88712c024fcebe41f9a05f75657f1bb25e489b?s=96&d=mm&r=g\",\"caption\":\"fondadmin\"},\"url\":\"https:\/\/www.fondazionepirelli.org\/it\/author\/fondadmin\/\"}]}<\/script>\n<!-- \/ Yoast SEO plugin. -->","yoast_head_json":{"title":"Milano smart city e \"steam\" con Universit\u00e0 Statale e Human Technopole nell'area post Expo - Fondazione Pirelli","robots":{"index":"index","follow":"follow","max-snippet":"max-snippet:-1","max-image-preview":"max-image-preview:large","max-video-preview":"max-video-preview:-1"},"canonical":"https:\/\/www.fondazionepirelli.org\/it\/cultura-dimpresa\/milano-smart-city-e-steam-con-universita-statale-e-human-technopole-nellarea-post-expo\/","og_locale":"it_IT","og_type":"article","og_title":"Milano smart city e \"steam\" con Universit\u00e0 Statale e Human Technopole nell'area post Expo - Fondazione Pirelli","og_description":"Un passo avanti, per Milano metropoli \u201csmart\u201d e \u201csteam&#8221;, \u201ccitt\u00e0 intelligente\u201de innovativa. Ma anche citt\u00e0 attrattiva, per le grandi agenzie Ue e per gli investimenti internazionali dopo la crisi Brexit. Quale passo avanti? L\u2019Universit\u00e0 Statale, con le sue facolt\u00e0 scientifiche, ha deciso la scorsa settimana che andr\u00e0 nell\u2019area dell\u2019Expo, accanto a Human Technopole, il grande [&hellip;]","og_url":"https:\/\/www.fondazionepirelli.org\/it\/cultura-dimpresa\/milano-smart-city-e-steam-con-universita-statale-e-human-technopole-nellarea-post-expo\/","og_site_name":"Fondazione Pirelli","article_published_time":"2016-07-26T00:00:00+00:00","article_modified_time":"2019-07-09T10:33:00+00:00","og_image":[{"width":600,"height":375,"url":"https:\/\/wpsite-assets.fondazionepirelli.org\/wp-content\/uploads\/2019\/05\/20101611\/milano-skyline-e1558627775988.jpg","type":"image\/jpeg"}],"author":"fondadmin","twitter_card":"summary_large_image","twitter_misc":{"Scritto da":"fondadmin","Tempo di lettura stimato":"4 minuti"},"schema":{"@context":"https:\/\/schema.org","@graph":[{"@type":"WebPage","@id":"https:\/\/www.fondazionepirelli.org\/it\/cultura-dimpresa\/milano-smart-city-e-steam-con-universita-statale-e-human-technopole-nellarea-post-expo\/","url":"https:\/\/www.fondazionepirelli.org\/it\/cultura-dimpresa\/milano-smart-city-e-steam-con-universita-statale-e-human-technopole-nellarea-post-expo\/","name":"Milano smart city e \"steam\" con Universit\u00e0 Statale e Human Technopole nell'area post Expo - Fondazione Pirelli","isPartOf":{"@id":"https:\/\/www.fondazionepirelli.org\/it\/#website"},"primaryImageOfPage":{"@id":"https:\/\/www.fondazionepirelli.org\/it\/cultura-dimpresa\/milano-smart-city-e-steam-con-universita-statale-e-human-technopole-nellarea-post-expo\/#primaryimage"},"image":{"@id":"https:\/\/www.fondazionepirelli.org\/it\/cultura-dimpresa\/milano-smart-city-e-steam-con-universita-statale-e-human-technopole-nellarea-post-expo\/#primaryimage"},"thumbnailUrl":"https:\/\/wpsite-assets.fondazionepirelli.org\/wp-content\/uploads\/2019\/05\/20101611\/milano-skyline-e1558627775988.jpg","datePublished":"2016-07-26T00:00:00+00:00","dateModified":"2019-07-09T10:33:00+00:00","author":{"@id":"https:\/\/www.fondazionepirelli.org\/it\/#\/schema\/person\/f47d097000832c4a6e54538c791fdf25"},"breadcrumb":{"@id":"https:\/\/www.fondazionepirelli.org\/it\/cultura-dimpresa\/milano-smart-city-e-steam-con-universita-statale-e-human-technopole-nellarea-post-expo\/#breadcrumb"},"inLanguage":"it-IT","potentialAction":[{"@type":"ReadAction","target":["https:\/\/www.fondazionepirelli.org\/it\/cultura-dimpresa\/milano-smart-city-e-steam-con-universita-statale-e-human-technopole-nellarea-post-expo\/"]}]},{"@type":"ImageObject","inLanguage":"it-IT","@id":"https:\/\/www.fondazionepirelli.org\/it\/cultura-dimpresa\/milano-smart-city-e-steam-con-universita-statale-e-human-technopole-nellarea-post-expo\/#primaryimage","url":"https:\/\/wpsite-assets.fondazionepirelli.org\/wp-content\/uploads\/2019\/05\/20101611\/milano-skyline-e1558627775988.jpg","contentUrl":"https:\/\/wpsite-assets.fondazionepirelli.org\/wp-content\/uploads\/2019\/05\/20101611\/milano-skyline-e1558627775988.jpg","width":600,"height":375},{"@type":"BreadcrumbList","@id":"https:\/\/www.fondazionepirelli.org\/it\/cultura-dimpresa\/milano-smart-city-e-steam-con-universita-statale-e-human-technopole-nellarea-post-expo\/#breadcrumb","itemListElement":[{"@type":"ListItem","position":1,"name":"Home","item":"https:\/\/www.fondazionepirelli.org\/it\/"},{"@type":"ListItem","position":2,"name":"Milano smart city e &#8220;steam&#8221; con Universit\u00e0 Statale e Human Technopole nell&#8217;area post Expo"}]},{"@type":"WebSite","@id":"https:\/\/www.fondazionepirelli.org\/it\/#website","url":"https:\/\/www.fondazionepirelli.org\/it\/","name":"Fondazione Pirelli","description":"","potentialAction":[{"@type":"SearchAction","target":{"@type":"EntryPoint","urlTemplate":"https:\/\/www.fondazionepirelli.org\/it\/?s={search_term_string}"},"query-input":{"@type":"PropertyValueSpecification","valueRequired":true,"valueName":"search_term_string"}}],"inLanguage":"it-IT"},{"@type":"Person","@id":"https:\/\/www.fondazionepirelli.org\/it\/#\/schema\/person\/f47d097000832c4a6e54538c791fdf25","name":"fondadmin","image":{"@type":"ImageObject","inLanguage":"it-IT","@id":"https:\/\/www.fondazionepirelli.org\/it\/#\/schema\/person\/image\/","url":"https:\/\/secure.gravatar.com\/avatar\/e69498a9175ca244966e51e53c88712c024fcebe41f9a05f75657f1bb25e489b?s=96&d=mm&r=g","contentUrl":"https:\/\/secure.gravatar.com\/avatar\/e69498a9175ca244966e51e53c88712c024fcebe41f9a05f75657f1bb25e489b?s=96&d=mm&r=g","caption":"fondadmin"},"url":"https:\/\/www.fondazionepirelli.org\/it\/author\/fondadmin\/"}]}},"_links":{"self":[{"href":"https:\/\/www.fondazionepirelli.org\/it\/wp-json\/wp\/v2\/posts\/50831\/"}],"collection":[{"href":"https:\/\/www.fondazionepirelli.org\/it\/wp-json\/wp\/v2\/posts\/"}],"about":[{"href":"https:\/\/www.fondazionepirelli.org\/it\/wp-json\/wp\/v2\/types\/post\/"}],"author":[{"embeddable":true,"href":"https:\/\/www.fondazionepirelli.org\/it\/wp-json\/wp\/v2\/users\/1\/"}],"replies":[{"embeddable":true,"href":"https:\/\/www.fondazionepirelli.org\/it\/wp-json\/wp\/v2\/comments\/?post=50831"}],"version-history":[{"count":2,"href":"https:\/\/www.fondazionepirelli.org\/it\/wp-json\/wp\/v2\/posts\/50831\/revisions\/"}],"predecessor-version":[{"id":63789,"href":"https:\/\/www.fondazionepirelli.org\/it\/wp-json\/wp\/v2\/posts\/50831\/revisions\/63789\/"}],"wp:featuredmedia":[{"embeddable":true,"href":"https:\/\/www.fondazionepirelli.org\/it\/wp-json\/wp\/v2\/media\/50832\/"}],"wp:attachment":[{"href":"https:\/\/www.fondazionepirelli.org\/it\/wp-json\/wp\/v2\/media\/?parent=50831"}],"wp:term":[{"taxonomy":"category","embeddable":true,"href":"https:\/\/www.fondazionepirelli.org\/it\/wp-json\/wp\/v2\/categories\/?post=50831"},{"taxonomy":"post_tag","embeddable":true,"href":"https:\/\/www.fondazionepirelli.org\/it\/wp-json\/wp\/v2\/tags\/?post=50831"}],"curies":[{"name":"wp","href":"https:\/\/api.w.org\/{rel}","templated":true}]}}