{"id":50836,"date":"2016-07-19T00:00:00","date_gmt":"2016-07-19T00:00:00","guid":{"rendered":"http:\/\/www.fondazionepirelli.org\/fondazione-pirelli\/luminose-visioni-dimpresa\/"},"modified":"2019-10-29T12:50:22","modified_gmt":"2019-10-29T10:50:22","slug":"luminose-visioni-dimpresa","status":"publish","type":"post","link":"https:\/\/www.fondazionepirelli.org\/it\/cultura-dimpresa\/luminose-visioni-dimpresa\/","title":{"rendered":"Luminose visioni d\u2019impresa"},"content":{"rendered":"<p><em>In un libro raccontate numerose storie di attivit\u00e0 inusuali fra economia e societ\u00e0, fra produzione e altro<\/em><\/p><p>Un po\u2019 di incoscienza alla quale aggiungere la capacit\u00e0 di valutare i rischi (magari senza accorgersene), e rispondere alle sorprese. Anche tutto questo fa parte del codice genetico di ogni buon imprenditore \u2013 ma anche manager -, che si ritrovi a pensare un\u2019impresa e poi a realizzarla. Anche oggi. Anche se proprio oggi gli strumenti di calcolo e di previsione, gli apparati di gestione e di pianificazione, appaiono ben pi\u00f9 potenti e importanti che nel passato. Anche se tutto appare gi\u00e0 fatto e inventato. La consapevolezza che c\u2019\u00e8 invece ancora molto da fare e inventare si rafforza leggendo\u00a0 \u201cPortami oltre il buio. Viaggio nell&#8217;Italia che non ha paura\u201d di Giorgio Boatti \u2013 giornalista e scrittore, osservatore della storia contemporanea -, appena pubblicato. Il libro racconta di un&#8217;Italia irrequieta ma non domata dalle difficolt\u00e0 di questi anni. Un Paese che si mette alla prova, con grinta e speranza, afferra i cambiamenti e supera timori e autodenigrazioni.<\/p>\n<p>Quanto scritto da Boatti \u00e8 un insieme di storie reali e positive. Oltre il buio, appunto.\u00a0 Nella presentazione del volume si legge: \u201c\u00c8 stata cos\u00ec lunga e severa la crisi che immaginare la vita degli italiani \u2018dopo\u2019 pareva una sfida impossibile\u201d. Invece no. Il viaggio compiuto da Boati alla ricerca di chi \u00e8 riuscito a guardare e fare qualcosa oltre la crisi, fa scoprire al lettore una serie di storie a cavallo fra la societ\u00e0 e l\u2019economia, fra la produzione e qualcosa d\u2019altro. Geograficamente, i punti toccati passano dal Piemonte del Monferrato al Parco dei Paduli nel Salento,\u00a0 da Matera alle periferie di Genova, e poi ancora tra il Chianti e l\u2019Amiata, e Roma, e il cuore della cosiddetta Food Valley emiliana, e poi l\u2019Astigiano e le colline di Jesi. In fila attivit\u00e0 varie: ristorazione, ospitalit\u00e0, produzione non solo artigianale, accoglienza, cultura. Tutti esempi anche di una cultura d\u2019impresa inaspettata. Ad ogni tappa una storia diversa \u2013 tutte storie vere, con nomi e cognomi di persone reale a fare da protagoniste -, che insegna sostanzialmente due cose diverse. Prima di tutto che l\u2019Italia non \u00e8 un disastro e che il futuro \u00e8 davvero gi\u00e0 iniziato. Poi, che questo futuro non deve essere fatto obbligatoriamente solo di grandi tecnologie e nutrito di investimenti per pochi.<\/p>\n<p>Il libro di Giorgio Boatti \u00e8 certamente un racconto visionario, si inizia a leggere si \u00e8 presi fino alla fine. Ma \u00e8 un libro positivo che sta con i piedi per terra. E che si conclude con una frase bellissima: \u201cEra l\u2019alba e del buio non c\u2019era pi\u00f9 nessuna traccia\u201d.<\/p><p><strong>\u00a0<\/strong><strong>Portami oltre il buio. Viaggio nell&#8217;Italia che non ha paura<\/strong><\/p>\n<p>Giorgio Boatti<\/p>\n<p>Laterza, 2016<\/p>\n","protected":false},"excerpt":{"rendered":"<p>In un libro raccontate numerose storie di attivit\u00e0 inusuali fra economia e societ\u00e0, fra produzione e altroUn po\u2019 di incoscienza alla quale aggiungere la capacit\u00e0 di valutare i rischi (magari senza accorgersene), e rispondere alle sorprese. Anche tutto questo fa parte del codice genetico di ogni buon imprenditore \u2013 ma anche manager -, che si [&hellip;]<\/p>\n","protected":false},"author":1,"featured_media":50837,"comment_status":"open","ping_status":"open","sticky":false,"template":"","format":"standard","meta":{"footnotes":""},"categories":[52,58],"tags":[],"class_list":["post-50836","post","type-post","status-publish","format-standard","has-post-thumbnail","hentry","category-cultura-dimpresa","category-recensioni-libri"],"acf":[],"yoast_head":"<!-- This site is optimized with the Yoast SEO plugin v25.0 - https:\/\/yoast.com\/wordpress\/plugins\/seo\/ -->\n<title>Luminose visioni d\u2019impresa - Fondazione Pirelli<\/title>\n<meta name=\"robots\" content=\"index, follow, max-snippet:-1, max-image-preview:large, max-video-preview:-1\" \/>\n<link rel=\"canonical\" href=\"https:\/\/www.fondazionepirelli.org\/it\/cultura-dimpresa\/luminose-visioni-dimpresa\/\" \/>\n<meta property=\"og:locale\" content=\"it_IT\" \/>\n<meta property=\"og:type\" content=\"article\" \/>\n<meta property=\"og:title\" content=\"Luminose visioni d\u2019impresa - Fondazione Pirelli\" \/>\n<meta property=\"og:description\" content=\"In un libro raccontate numerose storie di attivit\u00e0 inusuali fra economia e societ\u00e0, fra produzione e altroUn po\u2019 di incoscienza alla quale aggiungere la capacit\u00e0 di valutare i rischi (magari senza accorgersene), e rispondere alle sorprese. Anche tutto questo fa parte del codice genetico di ogni buon imprenditore \u2013 ma anche manager -, che si [&hellip;]\" \/>\n<meta property=\"og:url\" content=\"https:\/\/www.fondazionepirelli.org\/it\/cultura-dimpresa\/luminose-visioni-dimpresa\/\" \/>\n<meta property=\"og:site_name\" content=\"Fondazione Pirelli\" \/>\n<meta property=\"article:published_time\" content=\"2016-07-19T00:00:00+00:00\" \/>\n<meta property=\"article:modified_time\" content=\"2019-10-29T10:50:22+00:00\" \/>\n<meta property=\"og:image\" content=\"https:\/\/wpsite-assets.fondazionepirelli.org\/wp-content\/uploads\/2019\/05\/20101609\/81piCz083IL-1.jpg\" \/>\n\t<meta property=\"og:image:width\" content=\"371\" \/>\n\t<meta property=\"og:image:height\" content=\"567\" \/>\n\t<meta property=\"og:image:type\" content=\"image\/jpeg\" \/>\n<meta name=\"author\" content=\"fondadmin\" \/>\n<meta name=\"twitter:card\" content=\"summary_large_image\" \/>\n<meta name=\"twitter:label1\" content=\"Scritto da\" \/>\n\t<meta name=\"twitter:data1\" content=\"fondadmin\" \/>\n\t<meta name=\"twitter:label2\" content=\"Tempo di lettura stimato\" \/>\n\t<meta name=\"twitter:data2\" content=\"2 minuti\" \/>\n<script type=\"application\/ld+json\" class=\"yoast-schema-graph\">{\"@context\":\"https:\/\/schema.org\",\"@graph\":[{\"@type\":\"WebPage\",\"@id\":\"https:\/\/www.fondazionepirelli.org\/it\/cultura-dimpresa\/luminose-visioni-dimpresa\/\",\"url\":\"https:\/\/www.fondazionepirelli.org\/it\/cultura-dimpresa\/luminose-visioni-dimpresa\/\",\"name\":\"Luminose visioni d\u2019impresa - Fondazione Pirelli\",\"isPartOf\":{\"@id\":\"https:\/\/www.fondazionepirelli.org\/it\/#website\"},\"primaryImageOfPage\":{\"@id\":\"https:\/\/www.fondazionepirelli.org\/it\/cultura-dimpresa\/luminose-visioni-dimpresa\/#primaryimage\"},\"image\":{\"@id\":\"https:\/\/www.fondazionepirelli.org\/it\/cultura-dimpresa\/luminose-visioni-dimpresa\/#primaryimage\"},\"thumbnailUrl\":\"https:\/\/wpsite-assets.fondazionepirelli.org\/wp-content\/uploads\/2019\/05\/20101609\/81piCz083IL-1.jpg\",\"datePublished\":\"2016-07-19T00:00:00+00:00\",\"dateModified\":\"2019-10-29T10:50:22+00:00\",\"author\":{\"@id\":\"https:\/\/www.fondazionepirelli.org\/it\/#\/schema\/person\/f47d097000832c4a6e54538c791fdf25\"},\"breadcrumb\":{\"@id\":\"https:\/\/www.fondazionepirelli.org\/it\/cultura-dimpresa\/luminose-visioni-dimpresa\/#breadcrumb\"},\"inLanguage\":\"it-IT\",\"potentialAction\":[{\"@type\":\"ReadAction\",\"target\":[\"https:\/\/www.fondazionepirelli.org\/it\/cultura-dimpresa\/luminose-visioni-dimpresa\/\"]}]},{\"@type\":\"ImageObject\",\"inLanguage\":\"it-IT\",\"@id\":\"https:\/\/www.fondazionepirelli.org\/it\/cultura-dimpresa\/luminose-visioni-dimpresa\/#primaryimage\",\"url\":\"https:\/\/wpsite-assets.fondazionepirelli.org\/wp-content\/uploads\/2019\/05\/20101609\/81piCz083IL-1.jpg\",\"contentUrl\":\"https:\/\/wpsite-assets.fondazionepirelli.org\/wp-content\/uploads\/2019\/05\/20101609\/81piCz083IL-1.jpg\",\"width\":371,\"height\":567,\"caption\":\"|\"},{\"@type\":\"BreadcrumbList\",\"@id\":\"https:\/\/www.fondazionepirelli.org\/it\/cultura-dimpresa\/luminose-visioni-dimpresa\/#breadcrumb\",\"itemListElement\":[{\"@type\":\"ListItem\",\"position\":1,\"name\":\"Home\",\"item\":\"https:\/\/www.fondazionepirelli.org\/it\/\"},{\"@type\":\"ListItem\",\"position\":2,\"name\":\"Luminose visioni d\u2019impresa\"}]},{\"@type\":\"WebSite\",\"@id\":\"https:\/\/www.fondazionepirelli.org\/it\/#website\",\"url\":\"https:\/\/www.fondazionepirelli.org\/it\/\",\"name\":\"Fondazione Pirelli\",\"description\":\"\",\"potentialAction\":[{\"@type\":\"SearchAction\",\"target\":{\"@type\":\"EntryPoint\",\"urlTemplate\":\"https:\/\/www.fondazionepirelli.org\/it\/?s={search_term_string}\"},\"query-input\":{\"@type\":\"PropertyValueSpecification\",\"valueRequired\":true,\"valueName\":\"search_term_string\"}}],\"inLanguage\":\"it-IT\"},{\"@type\":\"Person\",\"@id\":\"https:\/\/www.fondazionepirelli.org\/it\/#\/schema\/person\/f47d097000832c4a6e54538c791fdf25\",\"name\":\"fondadmin\",\"image\":{\"@type\":\"ImageObject\",\"inLanguage\":\"it-IT\",\"@id\":\"https:\/\/www.fondazionepirelli.org\/it\/#\/schema\/person\/image\/\",\"url\":\"https:\/\/secure.gravatar.com\/avatar\/e69498a9175ca244966e51e53c88712c024fcebe41f9a05f75657f1bb25e489b?s=96&d=mm&r=g\",\"contentUrl\":\"https:\/\/secure.gravatar.com\/avatar\/e69498a9175ca244966e51e53c88712c024fcebe41f9a05f75657f1bb25e489b?s=96&d=mm&r=g\",\"caption\":\"fondadmin\"},\"url\":\"https:\/\/www.fondazionepirelli.org\/it\/author\/fondadmin\/\"}]}<\/script>\n<!-- \/ Yoast SEO plugin. -->","yoast_head_json":{"title":"Luminose visioni d\u2019impresa - Fondazione Pirelli","robots":{"index":"index","follow":"follow","max-snippet":"max-snippet:-1","max-image-preview":"max-image-preview:large","max-video-preview":"max-video-preview:-1"},"canonical":"https:\/\/www.fondazionepirelli.org\/it\/cultura-dimpresa\/luminose-visioni-dimpresa\/","og_locale":"it_IT","og_type":"article","og_title":"Luminose visioni d\u2019impresa - Fondazione Pirelli","og_description":"In un libro raccontate numerose storie di attivit\u00e0 inusuali fra economia e societ\u00e0, fra produzione e altroUn po\u2019 di incoscienza alla quale aggiungere la capacit\u00e0 di valutare i rischi (magari senza accorgersene), e rispondere alle sorprese. Anche tutto questo fa parte del codice genetico di ogni buon imprenditore \u2013 ma anche manager -, che si [&hellip;]","og_url":"https:\/\/www.fondazionepirelli.org\/it\/cultura-dimpresa\/luminose-visioni-dimpresa\/","og_site_name":"Fondazione Pirelli","article_published_time":"2016-07-19T00:00:00+00:00","article_modified_time":"2019-10-29T10:50:22+00:00","og_image":[{"width":371,"height":567,"url":"https:\/\/wpsite-assets.fondazionepirelli.org\/wp-content\/uploads\/2019\/05\/20101609\/81piCz083IL-1.jpg","type":"image\/jpeg"}],"author":"fondadmin","twitter_card":"summary_large_image","twitter_misc":{"Scritto da":"fondadmin","Tempo di lettura stimato":"2 minuti"},"schema":{"@context":"https:\/\/schema.org","@graph":[{"@type":"WebPage","@id":"https:\/\/www.fondazionepirelli.org\/it\/cultura-dimpresa\/luminose-visioni-dimpresa\/","url":"https:\/\/www.fondazionepirelli.org\/it\/cultura-dimpresa\/luminose-visioni-dimpresa\/","name":"Luminose visioni d\u2019impresa - Fondazione Pirelli","isPartOf":{"@id":"https:\/\/www.fondazionepirelli.org\/it\/#website"},"primaryImageOfPage":{"@id":"https:\/\/www.fondazionepirelli.org\/it\/cultura-dimpresa\/luminose-visioni-dimpresa\/#primaryimage"},"image":{"@id":"https:\/\/www.fondazionepirelli.org\/it\/cultura-dimpresa\/luminose-visioni-dimpresa\/#primaryimage"},"thumbnailUrl":"https:\/\/wpsite-assets.fondazionepirelli.org\/wp-content\/uploads\/2019\/05\/20101609\/81piCz083IL-1.jpg","datePublished":"2016-07-19T00:00:00+00:00","dateModified":"2019-10-29T10:50:22+00:00","author":{"@id":"https:\/\/www.fondazionepirelli.org\/it\/#\/schema\/person\/f47d097000832c4a6e54538c791fdf25"},"breadcrumb":{"@id":"https:\/\/www.fondazionepirelli.org\/it\/cultura-dimpresa\/luminose-visioni-dimpresa\/#breadcrumb"},"inLanguage":"it-IT","potentialAction":[{"@type":"ReadAction","target":["https:\/\/www.fondazionepirelli.org\/it\/cultura-dimpresa\/luminose-visioni-dimpresa\/"]}]},{"@type":"ImageObject","inLanguage":"it-IT","@id":"https:\/\/www.fondazionepirelli.org\/it\/cultura-dimpresa\/luminose-visioni-dimpresa\/#primaryimage","url":"https:\/\/wpsite-assets.fondazionepirelli.org\/wp-content\/uploads\/2019\/05\/20101609\/81piCz083IL-1.jpg","contentUrl":"https:\/\/wpsite-assets.fondazionepirelli.org\/wp-content\/uploads\/2019\/05\/20101609\/81piCz083IL-1.jpg","width":371,"height":567,"caption":"|"},{"@type":"BreadcrumbList","@id":"https:\/\/www.fondazionepirelli.org\/it\/cultura-dimpresa\/luminose-visioni-dimpresa\/#breadcrumb","itemListElement":[{"@type":"ListItem","position":1,"name":"Home","item":"https:\/\/www.fondazionepirelli.org\/it\/"},{"@type":"ListItem","position":2,"name":"Luminose visioni d\u2019impresa"}]},{"@type":"WebSite","@id":"https:\/\/www.fondazionepirelli.org\/it\/#website","url":"https:\/\/www.fondazionepirelli.org\/it\/","name":"Fondazione Pirelli","description":"","potentialAction":[{"@type":"SearchAction","target":{"@type":"EntryPoint","urlTemplate":"https:\/\/www.fondazionepirelli.org\/it\/?s={search_term_string}"},"query-input":{"@type":"PropertyValueSpecification","valueRequired":true,"valueName":"search_term_string"}}],"inLanguage":"it-IT"},{"@type":"Person","@id":"https:\/\/www.fondazionepirelli.org\/it\/#\/schema\/person\/f47d097000832c4a6e54538c791fdf25","name":"fondadmin","image":{"@type":"ImageObject","inLanguage":"it-IT","@id":"https:\/\/www.fondazionepirelli.org\/it\/#\/schema\/person\/image\/","url":"https:\/\/secure.gravatar.com\/avatar\/e69498a9175ca244966e51e53c88712c024fcebe41f9a05f75657f1bb25e489b?s=96&d=mm&r=g","contentUrl":"https:\/\/secure.gravatar.com\/avatar\/e69498a9175ca244966e51e53c88712c024fcebe41f9a05f75657f1bb25e489b?s=96&d=mm&r=g","caption":"fondadmin"},"url":"https:\/\/www.fondazionepirelli.org\/it\/author\/fondadmin\/"}]}},"_links":{"self":[{"href":"https:\/\/www.fondazionepirelli.org\/it\/wp-json\/wp\/v2\/posts\/50836\/"}],"collection":[{"href":"https:\/\/www.fondazionepirelli.org\/it\/wp-json\/wp\/v2\/posts\/"}],"about":[{"href":"https:\/\/www.fondazionepirelli.org\/it\/wp-json\/wp\/v2\/types\/post\/"}],"author":[{"embeddable":true,"href":"https:\/\/www.fondazionepirelli.org\/it\/wp-json\/wp\/v2\/users\/1\/"}],"replies":[{"embeddable":true,"href":"https:\/\/www.fondazionepirelli.org\/it\/wp-json\/wp\/v2\/comments\/?post=50836"}],"version-history":[{"count":2,"href":"https:\/\/www.fondazionepirelli.org\/it\/wp-json\/wp\/v2\/posts\/50836\/revisions\/"}],"predecessor-version":[{"id":70906,"href":"https:\/\/www.fondazionepirelli.org\/it\/wp-json\/wp\/v2\/posts\/50836\/revisions\/70906\/"}],"wp:featuredmedia":[{"embeddable":true,"href":"https:\/\/www.fondazionepirelli.org\/it\/wp-json\/wp\/v2\/media\/50837\/"}],"wp:attachment":[{"href":"https:\/\/www.fondazionepirelli.org\/it\/wp-json\/wp\/v2\/media\/?parent=50836"}],"wp:term":[{"taxonomy":"category","embeddable":true,"href":"https:\/\/www.fondazionepirelli.org\/it\/wp-json\/wp\/v2\/categories\/?post=50836"},{"taxonomy":"post_tag","embeddable":true,"href":"https:\/\/www.fondazionepirelli.org\/it\/wp-json\/wp\/v2\/tags\/?post=50836"}],"curies":[{"name":"wp","href":"https:\/\/api.w.org\/{rel}","templated":true}]}}