{"id":50856,"date":"2016-07-05T00:00:00","date_gmt":"2016-07-05T00:00:00","guid":{"rendered":"http:\/\/www.fondazionepirelli.org\/fondazione-pirelli\/cultura-come-fabbrica-innovativa-teatro-e-inclusione-sociale-ecco-perche-settimo-torinese-vuole-essere-capitale-2018\/"},"modified":"2019-05-23T15:56:39","modified_gmt":"2019-05-23T15:56:39","slug":"cultura-come-fabbrica-innovativa-teatro-e-inclusione-sociale-ecco-perche-settimo-torinese-vuole-essere-capitale-2018","status":"publish","type":"post","link":"https:\/\/www.fondazionepirelli.org\/it\/cultura-dimpresa\/cultura-come-fabbrica-innovativa-teatro-e-inclusione-sociale-ecco-perche-settimo-torinese-vuole-essere-capitale-2018\/","title":{"rendered":"Cultura come fabbrica innovativa, teatro e inclusione sociale: ecco perch\u00e9  Settimo Torinese vuole essere \u201ccapitale 2018\u201d"},"content":{"rendered":"<p style=\"text-align: justify;\">Cultura come <strong>innovazione<\/strong>, accoglienza, tecnologia. E come racconto, a cominciare dal teatro. Stanno qui le motivazioni di fondo della candidatura di Settimo Torinese a \u201c<strong>capitale della cultura 2018<\/strong>\u201d, con un dossier presentato ufficialmente al Ministero dei Beni Culturali gioved\u00ec 30 giugno. Una candidatura impegnativa, una sfida, da parte d\u2019una citt\u00e0 che &#8220;non ha una reggia, non ha castelli, non ha cattedrali rinomate, non ha affreschi rinascimentali, non ha residenze sabaude\u201d, ma pu\u00f2 fare leva su fabbriche, laboratori di ricerca, centri d\u2019accoglienza per migranti, biblioteche pubbliche e private affollatissime, tradizioni di teatro. \u201cCultura politecnica\u201d. E \u201c<strong>umanesimo industriale<\/strong>\u201d (ne avevamo gi\u00e0 parlato nel blog del 14 giugno).<\/p>\n<p style=\"text-align: justify;\">Dopo Mantova quest\u2019anno e Pistoia per il 2017, ecco la proposta di Settimo Torinese. Forte, originale, provocatoria, \u201canomala\u201d, come dice Elena Piastra, vicesindaco di Settimo con delega alla Cultura, motore dell\u2019iniziativa. Utilissima, comunque vadano le cose, per discutere sulle relazioni tra cultura, industria, architetture, trasformazioni urbane e sociali, periferie che, proprio attraverso la cultura, costruiscono una via d\u2019uscita dalla marginalit\u00e0. Come ha fatto e continua a fare appunto Settimo.<\/p>\n<p style=\"text-align: justify;\">\u201cEravamo un ex dormitorio ai margini di Torino, adesso vogliamo diventare una capitale della cultura italiana\u201d, spiegano i promotori. La candidatura, infatti, &#8220;fa leva sulla cultura non come eredit\u00e0 di un passato, ma sui valori di una periferia che accoglie migranti, crea innovazione e ricerca, studia soluzioni d\u2019integrazione culturale e di sviluppo economico\u201d.<\/p>\n<p style=\"text-align: justify;\">Ecco una parola chiave: innovazione. Nel senso pi\u00f9 ampio del termine. Non solo hi tech e \u201cdigital\u201d. Ma <strong>innovazione produttiva<\/strong> (le fabbriche, appunto). E innovazione sociale. \u201cSettimo Torinese era un borgo di lavandai di circa 13mila abitanti, che tra gli anni Cinquanta e Sessanta vide arrivare 30mila persone provenienti prevalentemente dal Polesine e dal Sud Italia&#8221;, dicono al Comune. E \u201coggi la storia si\u00a0ripete, con altre ondate migratorie. Qui a Settimo c&#8217;\u00e8 il Centro Fenoglio, il pi\u00f9 grande hub di Prima Accoglienza e Richiedenti Asilo del Nord Italia. Ed \u00e8 impressionante la somiglianza tra le foto scattate negli anni Cinquanta, con gli emigrati veneti e meridionali in arrivo con pacchi, valigie sulla testa, bambini in braccio, e le immagini di oggi, con i migranti che scendono dai pullman: stessi pacchi, bambini, valigie, destinazione Settimo Torinese. &#8220;E&#8217; come se l&#8217;accoglienza dei migranti fosse nel Dna di Settimo Torinese&#8221;, affermano i promotori. Cultura popolare.<\/p>\n<p style=\"text-align: justify;\">Con immigrazioni cos\u00ec massicce c&#8217;erano tutte le premesse perch\u00e9\u00a0la citt\u00e0 diventasse una polveriera sociale. E invece proprio grazie alla cultura come motore della coesione sociale, la periferia ha avviato un suo percorso di riscatto. Teatro, letteratura, immagini. Alla fine degli anni Settanta nasce proprio a Settimo l&#8217;esperienza del \u201cTeatro Laboratorio Settimo\u201d fondato da Gabriele Vacis e dove crescono i talenti di Laura Curino, Marco Paolini, Alessandro Baricco, Roberto Tarasco e tanti altri. La cultura diventa rapidamente uno straordinario strumento di aggregazione, integrazione, crescita e sviluppo del territorio. Innovazione, appunto. &#8220;Da decenni \u2013 sostiene Vacis \u2013 qui abbiamo cercato di praticare una cultura che non fosse solo effimero ed eventi. Ma una cultura come memoria e innovazione nell&#8217;industria. Una cultura come creazione di relazioni, di comunit\u00e0, di societ\u00e0. Una cultura come bellezza che non \u00e8 soltanto invenzione di forme, ma interazione, inclusione, partecipazione. Tutto questo ha salvato una periferia che aveva tutte le condizioni per diventare una banlieue invivibile. E adesso Settimo pu\u00f2 essere vissuta e considerata come punta dell&#8217;iceberg di tante periferie che hanno fatto e continuano a fare cultura&#8221;. Teatro che parla di lavoro. E lavoro che anima il grande palcoscenico. Come testimonia appunto \u201c<strong>Settimo \u2013 La fabbrica e il lavoro<\/strong>\u201d, uno spettacolo del Piccolo Teatro di Milano, regia di Serena Sinigaglia, sostegno della Fondazione Pirelli, nato dalle testimonianze di operai, tecnici e ingegneri del Polo Industriale Pirelli e diventato un successo di critica e di pubblico, nella stagione 2012.<\/p>\n<p style=\"text-align: justify;\">Cultura anche come sostenibilit\u00e0 e \u201cgreen economy\u201d. Vale la pena ricordare \u2013 dicono i promotori &#8211; che nel 2007 Woodrow Clarke, vincitore con Al Gore del premio Nobel per la Pace, ha inserito Settimo Torinese tra i 10 centri mondiali\u00a0 (e unico esempio italiano) per le pratiche di risparmio energetico e di sfruttamento delle fonti rinnovabili. \u201cGreen\u201d il territorio. \u201cGreen\u201d le imprese. Dopo la crisi degli anni Ottanta, in tempi recenti la collaborazione pubblico-privato ha portato \u201ca un nuovo modello di reindustrializzazione in chiave moderna, puntata su ricerca, innovazione e sostenibilit\u00e0. Tre grandi marchi multinazionali come Pirelli, Lavazza e L&#8217;Oreal non solo non hanno delocalizzato ma hanno investito centinaia di milioni di euro proprio a Settimo per rinnovare e riqualificare le loro fabbriche\u201d. \u201cFabbrica bella\u201d, dice la vicesindaco Elena Piastra. Per riprendere un tema caro alla migliore cultura d\u2019impresa e indicare un percorso virtuoso tra qualit\u00e0 architettonica, vivibilit\u00e0, produttivit\u00e0 e competitivit\u00e0 degli impianti industriali, in chiave di sostenibilit\u00e0 ambientale e sociale. Il Polo Industriale Pirelli, con \u201cla spina\u201d di servizi e laboratori di ricerca progettata da Renzo Piano ne \u00e8 un esempio. E proprio Piano \u00e8 tra i sostenitori principali della candidatura di Settimo a \u201ccapitale della cultura\u201d.<\/p>\n<p style=\"text-align: justify;\">Da alcune fabbriche dismesse sono nati nuovi, stimolanti luoghi culturali. La Siva, la fabbrica chimica dove aveva lavorato Primo Levi, il grande scrittore maestro non solo del tragico disagio dei sopravvissuti all\u2019Olocausto, ma anche dell\u2019orgoglio operaio e tecnico del boom economico, diventa \u201cun nuovo spazio culturale della citt\u00e0 dedicato al Levi chimico e fantastico de \u201c<strong>La chiave a stella<\/strong>\u201d e del \u201c<strong>Sistema periodico<\/strong>\u201d. E la Biblioteca Archimede, che ha sede nell\u2019ex fabbrica di vernici Paramatti, \u00e8 una delle strutture pi\u00f9 importanti e innovative del Piemonte, con oltre 400.000 utenti all\u2019anno\u00a0(quasi quattro volte la media\u00a0nazionale) e 140.000 prestiti\u00a0 (circa tre volte la media nazionale). Un sistema collegato alle biblioteche aziendali (quella dello stabilimento Pirelli di Settimo, innanzitutto). Cultura come lettura, socialit\u00e0, relazioni. Un sistema che merita d\u2019essere riconosciuto e, perch\u00e9 no? premiato come \u201ccapitale\u201d.<\/p>\n<p style=\"text-align: justify;\"><em>(nella foto &#8220;Polo industriale di Settimo Torinese, foto di Carlo Furgeri Gilbert)<\/em><\/p>\n","protected":false},"excerpt":{"rendered":"<p>Cultura come innovazione, accoglienza, tecnologia. E come racconto, a cominciare dal teatro. Stanno qui le motivazioni di fondo della candidatura di Settimo Torinese a \u201ccapitale della cultura 2018\u201d, con un dossier presentato ufficialmente al Ministero dei Beni Culturali gioved\u00ec 30 giugno. Una candidatura impegnativa, una sfida, da parte d\u2019una citt\u00e0 che &#8220;non ha una reggia, [&hellip;]<\/p>\n","protected":false},"author":1,"featured_media":50857,"comment_status":"open","ping_status":"open","sticky":false,"template":"","format":"standard","meta":{"footnotes":""},"categories":[53,52],"tags":[],"class_list":["post-50856","post","type-post","status-publish","format-standard","has-post-thumbnail","hentry","category-blog","category-cultura-dimpresa"],"acf":[],"yoast_head":"<!-- This site is optimized with the Yoast SEO plugin v25.0 - https:\/\/yoast.com\/wordpress\/plugins\/seo\/ -->\n<title>Cultura come fabbrica innovativa, teatro e inclusione sociale: ecco perch\u00e9 Settimo Torinese vuole essere \u201ccapitale 2018\u201d - Fondazione Pirelli<\/title>\n<meta name=\"robots\" content=\"index, follow, max-snippet:-1, max-image-preview:large, max-video-preview:-1\" \/>\n<link rel=\"canonical\" href=\"https:\/\/www.fondazionepirelli.org\/it\/cultura-dimpresa\/cultura-come-fabbrica-innovativa-teatro-e-inclusione-sociale-ecco-perche-settimo-torinese-vuole-essere-capitale-2018\/\" \/>\n<meta property=\"og:locale\" content=\"it_IT\" \/>\n<meta property=\"og:type\" content=\"article\" \/>\n<meta property=\"og:title\" content=\"Cultura come fabbrica innovativa, teatro e inclusione sociale: ecco perch\u00e9 Settimo Torinese vuole essere \u201ccapitale 2018\u201d - Fondazione Pirelli\" \/>\n<meta property=\"og:description\" content=\"Cultura come innovazione, accoglienza, tecnologia. E come racconto, a cominciare dal teatro. Stanno qui le motivazioni di fondo della candidatura di Settimo Torinese a \u201ccapitale della cultura 2018\u201d, con un dossier presentato ufficialmente al Ministero dei Beni Culturali gioved\u00ec 30 giugno. Una candidatura impegnativa, una sfida, da parte d\u2019una citt\u00e0 che &#8220;non ha una reggia, [&hellip;]\" \/>\n<meta property=\"og:url\" content=\"https:\/\/www.fondazionepirelli.org\/it\/cultura-dimpresa\/cultura-come-fabbrica-innovativa-teatro-e-inclusione-sociale-ecco-perche-settimo-torinese-vuole-essere-capitale-2018\/\" \/>\n<meta property=\"og:site_name\" content=\"Fondazione Pirelli\" \/>\n<meta property=\"article:published_time\" content=\"2016-07-05T00:00:00+00:00\" \/>\n<meta property=\"article:modified_time\" content=\"2019-05-23T15:56:39+00:00\" \/>\n<meta property=\"og:image\" content=\"https:\/\/wpsite-assets.fondazionepirelli.org\/wp-content\/uploads\/2019\/05\/20101605\/PIRELLI_D02_12908-e1558626987480.jpg\" \/>\n\t<meta property=\"og:image:width\" content=\"600\" \/>\n\t<meta property=\"og:image:height\" content=\"400\" \/>\n\t<meta property=\"og:image:type\" content=\"image\/jpeg\" \/>\n<meta name=\"author\" content=\"fondadmin\" \/>\n<meta name=\"twitter:card\" content=\"summary_large_image\" \/>\n<meta name=\"twitter:label1\" content=\"Scritto da\" \/>\n\t<meta name=\"twitter:data1\" content=\"fondadmin\" \/>\n\t<meta name=\"twitter:label2\" content=\"Tempo di lettura stimato\" \/>\n\t<meta name=\"twitter:data2\" content=\"5 minuti\" \/>\n<script type=\"application\/ld+json\" class=\"yoast-schema-graph\">{\"@context\":\"https:\/\/schema.org\",\"@graph\":[{\"@type\":\"WebPage\",\"@id\":\"https:\/\/www.fondazionepirelli.org\/it\/cultura-dimpresa\/cultura-come-fabbrica-innovativa-teatro-e-inclusione-sociale-ecco-perche-settimo-torinese-vuole-essere-capitale-2018\/\",\"url\":\"https:\/\/www.fondazionepirelli.org\/it\/cultura-dimpresa\/cultura-come-fabbrica-innovativa-teatro-e-inclusione-sociale-ecco-perche-settimo-torinese-vuole-essere-capitale-2018\/\",\"name\":\"Cultura come fabbrica innovativa, teatro e inclusione sociale: ecco perch\u00e9 Settimo Torinese vuole essere \u201ccapitale 2018\u201d - Fondazione Pirelli\",\"isPartOf\":{\"@id\":\"https:\/\/www.fondazionepirelli.org\/it\/#website\"},\"primaryImageOfPage\":{\"@id\":\"https:\/\/www.fondazionepirelli.org\/it\/cultura-dimpresa\/cultura-come-fabbrica-innovativa-teatro-e-inclusione-sociale-ecco-perche-settimo-torinese-vuole-essere-capitale-2018\/#primaryimage\"},\"image\":{\"@id\":\"https:\/\/www.fondazionepirelli.org\/it\/cultura-dimpresa\/cultura-come-fabbrica-innovativa-teatro-e-inclusione-sociale-ecco-perche-settimo-torinese-vuole-essere-capitale-2018\/#primaryimage\"},\"thumbnailUrl\":\"https:\/\/wpsite-assets.fondazionepirelli.org\/wp-content\/uploads\/2019\/05\/20101605\/PIRELLI_D02_12908-e1558626987480.jpg\",\"datePublished\":\"2016-07-05T00:00:00+00:00\",\"dateModified\":\"2019-05-23T15:56:39+00:00\",\"author\":{\"@id\":\"https:\/\/www.fondazionepirelli.org\/it\/#\/schema\/person\/f47d097000832c4a6e54538c791fdf25\"},\"breadcrumb\":{\"@id\":\"https:\/\/www.fondazionepirelli.org\/it\/cultura-dimpresa\/cultura-come-fabbrica-innovativa-teatro-e-inclusione-sociale-ecco-perche-settimo-torinese-vuole-essere-capitale-2018\/#breadcrumb\"},\"inLanguage\":\"it-IT\",\"potentialAction\":[{\"@type\":\"ReadAction\",\"target\":[\"https:\/\/www.fondazionepirelli.org\/it\/cultura-dimpresa\/cultura-come-fabbrica-innovativa-teatro-e-inclusione-sociale-ecco-perche-settimo-torinese-vuole-essere-capitale-2018\/\"]}]},{\"@type\":\"ImageObject\",\"inLanguage\":\"it-IT\",\"@id\":\"https:\/\/www.fondazionepirelli.org\/it\/cultura-dimpresa\/cultura-come-fabbrica-innovativa-teatro-e-inclusione-sociale-ecco-perche-settimo-torinese-vuole-essere-capitale-2018\/#primaryimage\",\"url\":\"https:\/\/wpsite-assets.fondazionepirelli.org\/wp-content\/uploads\/2019\/05\/20101605\/PIRELLI_D02_12908-e1558626987480.jpg\",\"contentUrl\":\"https:\/\/wpsite-assets.fondazionepirelli.org\/wp-content\/uploads\/2019\/05\/20101605\/PIRELLI_D02_12908-e1558626987480.jpg\",\"width\":600,\"height\":400},{\"@type\":\"BreadcrumbList\",\"@id\":\"https:\/\/www.fondazionepirelli.org\/it\/cultura-dimpresa\/cultura-come-fabbrica-innovativa-teatro-e-inclusione-sociale-ecco-perche-settimo-torinese-vuole-essere-capitale-2018\/#breadcrumb\",\"itemListElement\":[{\"@type\":\"ListItem\",\"position\":1,\"name\":\"Home\",\"item\":\"https:\/\/www.fondazionepirelli.org\/it\/\"},{\"@type\":\"ListItem\",\"position\":2,\"name\":\"Cultura come fabbrica innovativa, teatro e inclusione sociale: ecco perch\u00e9 Settimo Torinese vuole essere \u201ccapitale 2018\u201d\"}]},{\"@type\":\"WebSite\",\"@id\":\"https:\/\/www.fondazionepirelli.org\/it\/#website\",\"url\":\"https:\/\/www.fondazionepirelli.org\/it\/\",\"name\":\"Fondazione Pirelli\",\"description\":\"\",\"potentialAction\":[{\"@type\":\"SearchAction\",\"target\":{\"@type\":\"EntryPoint\",\"urlTemplate\":\"https:\/\/www.fondazionepirelli.org\/it\/?s={search_term_string}\"},\"query-input\":{\"@type\":\"PropertyValueSpecification\",\"valueRequired\":true,\"valueName\":\"search_term_string\"}}],\"inLanguage\":\"it-IT\"},{\"@type\":\"Person\",\"@id\":\"https:\/\/www.fondazionepirelli.org\/it\/#\/schema\/person\/f47d097000832c4a6e54538c791fdf25\",\"name\":\"fondadmin\",\"image\":{\"@type\":\"ImageObject\",\"inLanguage\":\"it-IT\",\"@id\":\"https:\/\/www.fondazionepirelli.org\/it\/#\/schema\/person\/image\/\",\"url\":\"https:\/\/secure.gravatar.com\/avatar\/e69498a9175ca244966e51e53c88712c024fcebe41f9a05f75657f1bb25e489b?s=96&d=mm&r=g\",\"contentUrl\":\"https:\/\/secure.gravatar.com\/avatar\/e69498a9175ca244966e51e53c88712c024fcebe41f9a05f75657f1bb25e489b?s=96&d=mm&r=g\",\"caption\":\"fondadmin\"},\"url\":\"https:\/\/www.fondazionepirelli.org\/it\/author\/fondadmin\/\"}]}<\/script>\n<!-- \/ Yoast SEO plugin. -->","yoast_head_json":{"title":"Cultura come fabbrica innovativa, teatro e inclusione sociale: ecco perch\u00e9 Settimo Torinese vuole essere \u201ccapitale 2018\u201d - Fondazione Pirelli","robots":{"index":"index","follow":"follow","max-snippet":"max-snippet:-1","max-image-preview":"max-image-preview:large","max-video-preview":"max-video-preview:-1"},"canonical":"https:\/\/www.fondazionepirelli.org\/it\/cultura-dimpresa\/cultura-come-fabbrica-innovativa-teatro-e-inclusione-sociale-ecco-perche-settimo-torinese-vuole-essere-capitale-2018\/","og_locale":"it_IT","og_type":"article","og_title":"Cultura come fabbrica innovativa, teatro e inclusione sociale: ecco perch\u00e9 Settimo Torinese vuole essere \u201ccapitale 2018\u201d - Fondazione Pirelli","og_description":"Cultura come innovazione, accoglienza, tecnologia. E come racconto, a cominciare dal teatro. Stanno qui le motivazioni di fondo della candidatura di Settimo Torinese a \u201ccapitale della cultura 2018\u201d, con un dossier presentato ufficialmente al Ministero dei Beni Culturali gioved\u00ec 30 giugno. Una candidatura impegnativa, una sfida, da parte d\u2019una citt\u00e0 che &#8220;non ha una reggia, [&hellip;]","og_url":"https:\/\/www.fondazionepirelli.org\/it\/cultura-dimpresa\/cultura-come-fabbrica-innovativa-teatro-e-inclusione-sociale-ecco-perche-settimo-torinese-vuole-essere-capitale-2018\/","og_site_name":"Fondazione Pirelli","article_published_time":"2016-07-05T00:00:00+00:00","article_modified_time":"2019-05-23T15:56:39+00:00","og_image":[{"width":600,"height":400,"url":"https:\/\/wpsite-assets.fondazionepirelli.org\/wp-content\/uploads\/2019\/05\/20101605\/PIRELLI_D02_12908-e1558626987480.jpg","type":"image\/jpeg"}],"author":"fondadmin","twitter_card":"summary_large_image","twitter_misc":{"Scritto da":"fondadmin","Tempo di lettura stimato":"5 minuti"},"schema":{"@context":"https:\/\/schema.org","@graph":[{"@type":"WebPage","@id":"https:\/\/www.fondazionepirelli.org\/it\/cultura-dimpresa\/cultura-come-fabbrica-innovativa-teatro-e-inclusione-sociale-ecco-perche-settimo-torinese-vuole-essere-capitale-2018\/","url":"https:\/\/www.fondazionepirelli.org\/it\/cultura-dimpresa\/cultura-come-fabbrica-innovativa-teatro-e-inclusione-sociale-ecco-perche-settimo-torinese-vuole-essere-capitale-2018\/","name":"Cultura come fabbrica innovativa, teatro e inclusione sociale: ecco perch\u00e9 Settimo Torinese vuole essere \u201ccapitale 2018\u201d - Fondazione Pirelli","isPartOf":{"@id":"https:\/\/www.fondazionepirelli.org\/it\/#website"},"primaryImageOfPage":{"@id":"https:\/\/www.fondazionepirelli.org\/it\/cultura-dimpresa\/cultura-come-fabbrica-innovativa-teatro-e-inclusione-sociale-ecco-perche-settimo-torinese-vuole-essere-capitale-2018\/#primaryimage"},"image":{"@id":"https:\/\/www.fondazionepirelli.org\/it\/cultura-dimpresa\/cultura-come-fabbrica-innovativa-teatro-e-inclusione-sociale-ecco-perche-settimo-torinese-vuole-essere-capitale-2018\/#primaryimage"},"thumbnailUrl":"https:\/\/wpsite-assets.fondazionepirelli.org\/wp-content\/uploads\/2019\/05\/20101605\/PIRELLI_D02_12908-e1558626987480.jpg","datePublished":"2016-07-05T00:00:00+00:00","dateModified":"2019-05-23T15:56:39+00:00","author":{"@id":"https:\/\/www.fondazionepirelli.org\/it\/#\/schema\/person\/f47d097000832c4a6e54538c791fdf25"},"breadcrumb":{"@id":"https:\/\/www.fondazionepirelli.org\/it\/cultura-dimpresa\/cultura-come-fabbrica-innovativa-teatro-e-inclusione-sociale-ecco-perche-settimo-torinese-vuole-essere-capitale-2018\/#breadcrumb"},"inLanguage":"it-IT","potentialAction":[{"@type":"ReadAction","target":["https:\/\/www.fondazionepirelli.org\/it\/cultura-dimpresa\/cultura-come-fabbrica-innovativa-teatro-e-inclusione-sociale-ecco-perche-settimo-torinese-vuole-essere-capitale-2018\/"]}]},{"@type":"ImageObject","inLanguage":"it-IT","@id":"https:\/\/www.fondazionepirelli.org\/it\/cultura-dimpresa\/cultura-come-fabbrica-innovativa-teatro-e-inclusione-sociale-ecco-perche-settimo-torinese-vuole-essere-capitale-2018\/#primaryimage","url":"https:\/\/wpsite-assets.fondazionepirelli.org\/wp-content\/uploads\/2019\/05\/20101605\/PIRELLI_D02_12908-e1558626987480.jpg","contentUrl":"https:\/\/wpsite-assets.fondazionepirelli.org\/wp-content\/uploads\/2019\/05\/20101605\/PIRELLI_D02_12908-e1558626987480.jpg","width":600,"height":400},{"@type":"BreadcrumbList","@id":"https:\/\/www.fondazionepirelli.org\/it\/cultura-dimpresa\/cultura-come-fabbrica-innovativa-teatro-e-inclusione-sociale-ecco-perche-settimo-torinese-vuole-essere-capitale-2018\/#breadcrumb","itemListElement":[{"@type":"ListItem","position":1,"name":"Home","item":"https:\/\/www.fondazionepirelli.org\/it\/"},{"@type":"ListItem","position":2,"name":"Cultura come fabbrica innovativa, teatro e inclusione sociale: ecco perch\u00e9 Settimo Torinese vuole essere \u201ccapitale 2018\u201d"}]},{"@type":"WebSite","@id":"https:\/\/www.fondazionepirelli.org\/it\/#website","url":"https:\/\/www.fondazionepirelli.org\/it\/","name":"Fondazione Pirelli","description":"","potentialAction":[{"@type":"SearchAction","target":{"@type":"EntryPoint","urlTemplate":"https:\/\/www.fondazionepirelli.org\/it\/?s={search_term_string}"},"query-input":{"@type":"PropertyValueSpecification","valueRequired":true,"valueName":"search_term_string"}}],"inLanguage":"it-IT"},{"@type":"Person","@id":"https:\/\/www.fondazionepirelli.org\/it\/#\/schema\/person\/f47d097000832c4a6e54538c791fdf25","name":"fondadmin","image":{"@type":"ImageObject","inLanguage":"it-IT","@id":"https:\/\/www.fondazionepirelli.org\/it\/#\/schema\/person\/image\/","url":"https:\/\/secure.gravatar.com\/avatar\/e69498a9175ca244966e51e53c88712c024fcebe41f9a05f75657f1bb25e489b?s=96&d=mm&r=g","contentUrl":"https:\/\/secure.gravatar.com\/avatar\/e69498a9175ca244966e51e53c88712c024fcebe41f9a05f75657f1bb25e489b?s=96&d=mm&r=g","caption":"fondadmin"},"url":"https:\/\/www.fondazionepirelli.org\/it\/author\/fondadmin\/"}]}},"_links":{"self":[{"href":"https:\/\/www.fondazionepirelli.org\/it\/wp-json\/wp\/v2\/posts\/50856\/"}],"collection":[{"href":"https:\/\/www.fondazionepirelli.org\/it\/wp-json\/wp\/v2\/posts\/"}],"about":[{"href":"https:\/\/www.fondazionepirelli.org\/it\/wp-json\/wp\/v2\/types\/post\/"}],"author":[{"embeddable":true,"href":"https:\/\/www.fondazionepirelli.org\/it\/wp-json\/wp\/v2\/users\/1\/"}],"replies":[{"embeddable":true,"href":"https:\/\/www.fondazionepirelli.org\/it\/wp-json\/wp\/v2\/comments\/?post=50856"}],"version-history":[{"count":1,"href":"https:\/\/www.fondazionepirelli.org\/it\/wp-json\/wp\/v2\/posts\/50856\/revisions\/"}],"predecessor-version":[{"id":55812,"href":"https:\/\/www.fondazionepirelli.org\/it\/wp-json\/wp\/v2\/posts\/50856\/revisions\/55812\/"}],"wp:featuredmedia":[{"embeddable":true,"href":"https:\/\/www.fondazionepirelli.org\/it\/wp-json\/wp\/v2\/media\/50857\/"}],"wp:attachment":[{"href":"https:\/\/www.fondazionepirelli.org\/it\/wp-json\/wp\/v2\/media\/?parent=50856"}],"wp:term":[{"taxonomy":"category","embeddable":true,"href":"https:\/\/www.fondazionepirelli.org\/it\/wp-json\/wp\/v2\/categories\/?post=50856"},{"taxonomy":"post_tag","embeddable":true,"href":"https:\/\/www.fondazionepirelli.org\/it\/wp-json\/wp\/v2\/tags\/?post=50856"}],"curies":[{"name":"wp","href":"https:\/\/api.w.org\/{rel}","templated":true}]}}