{"id":50859,"date":"2016-07-05T00:00:00","date_gmt":"2016-07-05T00:00:00","guid":{"rendered":"http:\/\/www.fondazionepirelli.org\/fondazione-pirelli\/la-sottile-crescita-dellindustria\/"},"modified":"2019-05-27T12:56:37","modified_gmt":"2019-05-27T12:56:37","slug":"la-sottile-crescita-dellindustria","status":"publish","type":"post","link":"https:\/\/www.fondazionepirelli.org\/it\/cultura-dimpresa\/la-sottile-crescita-dellindustria\/","title":{"rendered":"La sottile crescita dell\u2019industria"},"content":{"rendered":"<p><em>L\u2019ultima Indagine di Banca d\u2019Italia mette a fuoco i progressi industriali e fa intravvedere spazi di sviluppo<\/em><\/p>\n<p style=\"text-align: justify;\">Aperti al mondo. Anche quello accanto al proprio stabilimento. E non solo in termini di attenzione ai movimenti del sociale, responsabili come imprenditori e <em>manager <\/em>di quanto la propria azienda compie. L\u2019attensione a ci\u00f2 che accade \u201cfuori\u201d si deve tradurre anche in attenta osservazione di come si muove il sistema economico entro il quale si agisce. Con la scorta di buoni strumenti di conoscenza. \u00c8 il caso dell\u2019Indagine sulle imprese industriali e dei servizi che Banca d\u2019Italia ha appena presentato e che costituisce un mezzo d\u2019eccellenza per apprendere sinteticamente quali siano stati i risultati del sistema industriale nel 2015 e quali siano le previsioni per il 2016.<\/p>\n<p style=\"text-align: justify;\">Secondo quanto raccolto ed elaborato dalle varie sedi dell\u2019Istituto Centrale, nel corso dello scorso anno industria e servizi hanno dimostrato di essere vitali ottenendo buoni risultati. Il fatturato \u00e8 cresciuto attorno al 4%, il volume delle vendite \u00e8 aumentato per circa i due terzi delle imprese (contro poco pi\u00f9 di met\u00e0 nel 2014). Certo, i prezzi di vendita hanno mantenuto un andamento modesto \u00e8 pi\u00f9 della met\u00e0 delle imprese ha riportato variazioni nulle o negative. Ma nonostante tutto, la spesa per investimenti ha ripreso vigore. E si guarda anche con maggiore fiducia all\u2019andamento del 2016. Tutto mentre pure il comparto delle imprese delle costruzioni sembra vedere interrotto il periodo negativo iniziato nel 2008 (anche se le incertezze per quest\u2019anno ci sono ancora tutte).<\/p>\n<p style=\"text-align: justify;\">Ci\u00f2 che per\u00f2 qui pi\u00f9 conta, e che emerge dalle sintetiche pagine scritte dagli economisti di Banca d\u2019Italia, \u00e8 l\u2019indicazione di vitalit\u00e0 dell\u2019industria manifatturiera e dei servizi. Segno di cambiamento nei grandi movimenti dell\u2019economia e probabilmente degli effetti di una politica economica e industriale diversa dal passato, ma anche segno di una volont\u00e0 del produrre e del progredire non vinta dalla congiuntura avversa degli ultimi anni. \u00c8\u00a0 un fatto, per esempio, che nel 2015 il numero di ore lavorate sia cresciuto. Ed anche l\u2019indicazione di una cultura d\u2019impresa abituata a combattere. E che proprio da scenari come quelli prospettati dal rapporto di Banca d\u2019Italia, pu\u00f2 trovare l\u2019alimento giusto per capire meglio come muoversi, comprendere pi\u00f9 a fondo i cambiamenti ai quali essa stessa contribuisce. Le poco meno di venti pagine dell\u2019Indagine (con l\u2019allegato statistico che le completa), rappresentano una buona lettura, utile ad una maggiore consapevolezza dell\u2019agire imprenditoriale e manageriale.<\/p><p><strong>Indagine sulle imprese industriali e dei servizi<\/strong><\/p>\n<p>AA.VV.<\/p>\n<p>Supplementi al Bollettino Statistico. Indagini campionarie, Nuova serie, Anno XXVI, luglio 2016<\/p>\n","protected":false},"excerpt":{"rendered":"<p>L\u2019ultima Indagine di Banca d\u2019Italia mette a fuoco i progressi industriali e fa intravvedere spazi di sviluppo Aperti al mondo. Anche quello accanto al proprio stabilimento. E non solo in termini di attenzione ai movimenti del sociale, responsabili come imprenditori e manager di quanto la propria azienda compie. L\u2019attensione a ci\u00f2 che accade \u201cfuori\u201d si [&hellip;]<\/p>\n","protected":false},"author":1,"featured_media":0,"comment_status":"open","ping_status":"open","sticky":false,"template":"","format":"standard","meta":{"footnotes":""},"categories":[54,52],"tags":[],"class_list":["post-50859","post","type-post","status-publish","format-standard","hentry","category-approfondimenti","category-cultura-dimpresa"],"acf":[],"yoast_head":"<!-- This site is optimized with the Yoast SEO plugin v25.0 - https:\/\/yoast.com\/wordpress\/plugins\/seo\/ -->\n<title>La sottile crescita dell\u2019industria - Fondazione Pirelli<\/title>\n<meta name=\"robots\" content=\"index, follow, max-snippet:-1, max-image-preview:large, max-video-preview:-1\" \/>\n<link rel=\"canonical\" href=\"https:\/\/www.fondazionepirelli.org\/it\/cultura-dimpresa\/la-sottile-crescita-dellindustria\/\" \/>\n<meta property=\"og:locale\" content=\"it_IT\" \/>\n<meta property=\"og:type\" content=\"article\" \/>\n<meta property=\"og:title\" content=\"La sottile crescita dell\u2019industria - Fondazione Pirelli\" \/>\n<meta property=\"og:description\" content=\"L\u2019ultima Indagine di Banca d\u2019Italia mette a fuoco i progressi industriali e fa intravvedere spazi di sviluppo Aperti al mondo. Anche quello accanto al proprio stabilimento. E non solo in termini di attenzione ai movimenti del sociale, responsabili come imprenditori e manager di quanto la propria azienda compie. L\u2019attensione a ci\u00f2 che accade \u201cfuori\u201d si [&hellip;]\" \/>\n<meta property=\"og:url\" content=\"https:\/\/127.0.0.1\/it\/cultura-dimpresa\/la-sottile-crescita-dellindustria\/\" \/>\n<meta property=\"og:site_name\" content=\"Fondazione Pirelli\" \/>\n<meta property=\"article:published_time\" content=\"2016-07-05T00:00:00+00:00\" \/>\n<meta property=\"article:modified_time\" content=\"2019-05-27T12:56:37+00:00\" \/>\n<meta name=\"author\" content=\"fondadmin\" \/>\n<meta name=\"twitter:card\" content=\"summary_large_image\" \/>\n<meta name=\"twitter:label1\" content=\"Scritto da\" \/>\n\t<meta name=\"twitter:data1\" content=\"fondadmin\" \/>\n\t<meta name=\"twitter:label2\" content=\"Tempo di lettura stimato\" \/>\n\t<meta name=\"twitter:data2\" content=\"2 minuti\" \/>\n<script type=\"application\/ld+json\" class=\"yoast-schema-graph\">{\"@context\":\"https:\/\/schema.org\",\"@graph\":[{\"@type\":\"WebPage\",\"@id\":\"https:\/\/127.0.0.1\/it\/cultura-dimpresa\/la-sottile-crescita-dellindustria\/\",\"url\":\"https:\/\/127.0.0.1\/it\/cultura-dimpresa\/la-sottile-crescita-dellindustria\/\",\"name\":\"La sottile crescita dell\u2019industria - Fondazione Pirelli\",\"isPartOf\":{\"@id\":\"https:\/\/www.fondazionepirelli.org\/it\/#website\"},\"datePublished\":\"2016-07-05T00:00:00+00:00\",\"dateModified\":\"2019-05-27T12:56:37+00:00\",\"author\":{\"@id\":\"https:\/\/www.fondazionepirelli.org\/it\/#\/schema\/person\/f47d097000832c4a6e54538c791fdf25\"},\"breadcrumb\":{\"@id\":\"https:\/\/127.0.0.1\/it\/cultura-dimpresa\/la-sottile-crescita-dellindustria\/#breadcrumb\"},\"inLanguage\":\"it-IT\",\"potentialAction\":[{\"@type\":\"ReadAction\",\"target\":[\"https:\/\/127.0.0.1\/it\/cultura-dimpresa\/la-sottile-crescita-dellindustria\/\"]}]},{\"@type\":\"BreadcrumbList\",\"@id\":\"https:\/\/127.0.0.1\/it\/cultura-dimpresa\/la-sottile-crescita-dellindustria\/#breadcrumb\",\"itemListElement\":[{\"@type\":\"ListItem\",\"position\":1,\"name\":\"Home\",\"item\":\"https:\/\/www.fondazionepirelli.org\/it\/\"},{\"@type\":\"ListItem\",\"position\":2,\"name\":\"La sottile crescita dell\u2019industria\"}]},{\"@type\":\"WebSite\",\"@id\":\"https:\/\/www.fondazionepirelli.org\/it\/#website\",\"url\":\"https:\/\/www.fondazionepirelli.org\/it\/\",\"name\":\"Fondazione Pirelli\",\"description\":\"\",\"potentialAction\":[{\"@type\":\"SearchAction\",\"target\":{\"@type\":\"EntryPoint\",\"urlTemplate\":\"https:\/\/www.fondazionepirelli.org\/it\/?s={search_term_string}\"},\"query-input\":{\"@type\":\"PropertyValueSpecification\",\"valueRequired\":true,\"valueName\":\"search_term_string\"}}],\"inLanguage\":\"it-IT\"},{\"@type\":\"Person\",\"@id\":\"https:\/\/www.fondazionepirelli.org\/it\/#\/schema\/person\/f47d097000832c4a6e54538c791fdf25\",\"name\":\"fondadmin\",\"image\":{\"@type\":\"ImageObject\",\"inLanguage\":\"it-IT\",\"@id\":\"https:\/\/www.fondazionepirelli.org\/it\/#\/schema\/person\/image\/\",\"url\":\"https:\/\/secure.gravatar.com\/avatar\/e69498a9175ca244966e51e53c88712c024fcebe41f9a05f75657f1bb25e489b?s=96&d=mm&r=g\",\"contentUrl\":\"https:\/\/secure.gravatar.com\/avatar\/e69498a9175ca244966e51e53c88712c024fcebe41f9a05f75657f1bb25e489b?s=96&d=mm&r=g\",\"caption\":\"fondadmin\"},\"url\":\"https:\/\/www.fondazionepirelli.org\/it\/author\/fondadmin\/\"}]}<\/script>\n<!-- \/ Yoast SEO plugin. -->","yoast_head_json":{"title":"La sottile crescita dell\u2019industria - Fondazione Pirelli","robots":{"index":"index","follow":"follow","max-snippet":"max-snippet:-1","max-image-preview":"max-image-preview:large","max-video-preview":"max-video-preview:-1"},"canonical":"https:\/\/www.fondazionepirelli.org\/it\/cultura-dimpresa\/la-sottile-crescita-dellindustria\/","og_locale":"it_IT","og_type":"article","og_title":"La sottile crescita dell\u2019industria - Fondazione Pirelli","og_description":"L\u2019ultima Indagine di Banca d\u2019Italia mette a fuoco i progressi industriali e fa intravvedere spazi di sviluppo Aperti al mondo. Anche quello accanto al proprio stabilimento. E non solo in termini di attenzione ai movimenti del sociale, responsabili come imprenditori e manager di quanto la propria azienda compie. L\u2019attensione a ci\u00f2 che accade \u201cfuori\u201d si [&hellip;]","og_url":"https:\/\/127.0.0.1\/it\/cultura-dimpresa\/la-sottile-crescita-dellindustria\/","og_site_name":"Fondazione Pirelli","article_published_time":"2016-07-05T00:00:00+00:00","article_modified_time":"2019-05-27T12:56:37+00:00","author":"fondadmin","twitter_card":"summary_large_image","twitter_misc":{"Scritto da":"fondadmin","Tempo di lettura stimato":"2 minuti"},"schema":{"@context":"https:\/\/schema.org","@graph":[{"@type":"WebPage","@id":"https:\/\/127.0.0.1\/it\/cultura-dimpresa\/la-sottile-crescita-dellindustria\/","url":"https:\/\/127.0.0.1\/it\/cultura-dimpresa\/la-sottile-crescita-dellindustria\/","name":"La sottile crescita dell\u2019industria - Fondazione Pirelli","isPartOf":{"@id":"https:\/\/www.fondazionepirelli.org\/it\/#website"},"datePublished":"2016-07-05T00:00:00+00:00","dateModified":"2019-05-27T12:56:37+00:00","author":{"@id":"https:\/\/www.fondazionepirelli.org\/it\/#\/schema\/person\/f47d097000832c4a6e54538c791fdf25"},"breadcrumb":{"@id":"https:\/\/127.0.0.1\/it\/cultura-dimpresa\/la-sottile-crescita-dellindustria\/#breadcrumb"},"inLanguage":"it-IT","potentialAction":[{"@type":"ReadAction","target":["https:\/\/127.0.0.1\/it\/cultura-dimpresa\/la-sottile-crescita-dellindustria\/"]}]},{"@type":"BreadcrumbList","@id":"https:\/\/127.0.0.1\/it\/cultura-dimpresa\/la-sottile-crescita-dellindustria\/#breadcrumb","itemListElement":[{"@type":"ListItem","position":1,"name":"Home","item":"https:\/\/www.fondazionepirelli.org\/it\/"},{"@type":"ListItem","position":2,"name":"La sottile crescita dell\u2019industria"}]},{"@type":"WebSite","@id":"https:\/\/www.fondazionepirelli.org\/it\/#website","url":"https:\/\/www.fondazionepirelli.org\/it\/","name":"Fondazione Pirelli","description":"","potentialAction":[{"@type":"SearchAction","target":{"@type":"EntryPoint","urlTemplate":"https:\/\/www.fondazionepirelli.org\/it\/?s={search_term_string}"},"query-input":{"@type":"PropertyValueSpecification","valueRequired":true,"valueName":"search_term_string"}}],"inLanguage":"it-IT"},{"@type":"Person","@id":"https:\/\/www.fondazionepirelli.org\/it\/#\/schema\/person\/f47d097000832c4a6e54538c791fdf25","name":"fondadmin","image":{"@type":"ImageObject","inLanguage":"it-IT","@id":"https:\/\/www.fondazionepirelli.org\/it\/#\/schema\/person\/image\/","url":"https:\/\/secure.gravatar.com\/avatar\/e69498a9175ca244966e51e53c88712c024fcebe41f9a05f75657f1bb25e489b?s=96&d=mm&r=g","contentUrl":"https:\/\/secure.gravatar.com\/avatar\/e69498a9175ca244966e51e53c88712c024fcebe41f9a05f75657f1bb25e489b?s=96&d=mm&r=g","caption":"fondadmin"},"url":"https:\/\/www.fondazionepirelli.org\/it\/author\/fondadmin\/"}]}},"_links":{"self":[{"href":"https:\/\/www.fondazionepirelli.org\/it\/wp-json\/wp\/v2\/posts\/50859\/"}],"collection":[{"href":"https:\/\/www.fondazionepirelli.org\/it\/wp-json\/wp\/v2\/posts\/"}],"about":[{"href":"https:\/\/www.fondazionepirelli.org\/it\/wp-json\/wp\/v2\/types\/post\/"}],"author":[{"embeddable":true,"href":"https:\/\/www.fondazionepirelli.org\/it\/wp-json\/wp\/v2\/users\/1\/"}],"replies":[{"embeddable":true,"href":"https:\/\/www.fondazionepirelli.org\/it\/wp-json\/wp\/v2\/comments\/?post=50859"}],"version-history":[{"count":1,"href":"https:\/\/www.fondazionepirelli.org\/it\/wp-json\/wp\/v2\/posts\/50859\/revisions\/"}],"predecessor-version":[{"id":56188,"href":"https:\/\/www.fondazionepirelli.org\/it\/wp-json\/wp\/v2\/posts\/50859\/revisions\/56188\/"}],"wp:attachment":[{"href":"https:\/\/www.fondazionepirelli.org\/it\/wp-json\/wp\/v2\/media\/?parent=50859"}],"wp:term":[{"taxonomy":"category","embeddable":true,"href":"https:\/\/www.fondazionepirelli.org\/it\/wp-json\/wp\/v2\/categories\/?post=50859"},{"taxonomy":"post_tag","embeddable":true,"href":"https:\/\/www.fondazionepirelli.org\/it\/wp-json\/wp\/v2\/tags\/?post=50859"}],"curies":[{"name":"wp","href":"https:\/\/api.w.org\/{rel}","templated":true}]}}