{"id":50860,"date":"2016-07-05T00:00:00","date_gmt":"2016-07-05T00:00:00","guid":{"rendered":"http:\/\/www.fondazionepirelli.org\/fondazione-pirelli\/benessere-non-solo-dal-profitto\/"},"modified":"2019-10-29T12:52:31","modified_gmt":"2019-10-29T10:52:31","slug":"benessere-non-solo-dal-profitto","status":"publish","type":"post","link":"https:\/\/www.fondazionepirelli.org\/it\/cultura-dimpresa\/benessere-non-solo-dal-profitto\/","title":{"rendered":"Benessere non solo dal profitto"},"content":{"rendered":"<p style=\"text-align: justify;\"><em>Un piccolo libro del Premio Nobel Stiglitz analizza a fondo i legami fra azione d\u2019impresa, economia, etica e morale<\/em><\/p><p style=\"text-align: justify;\">Etica \u00a0ed impresa possono andare di pari passo. Anzi, \u00e8 possibile anche arrivare a dire che spirito d\u2019impresa e cultura della buona\u00a0 impresa sono intimamente legate. E non si tratta di teorie astratte. Anche se a guardare l\u2019oggi, l\u2019affiancamento della gestione aziendale con i principi della morale e dell\u2019etica appare cosa quasi impensabile in certi ambienti. Percorso difficile, dunque, quello che fa camminare fianco a fianco una gestione efficiente con un\u2019attenzione etica agli effetti dei comportamenti imprenditoriali.<\/p>\n<p style=\"text-align: justify;\">Leggere \u201cUn\u2019economia per l\u2019uomo\u201d di Joseph Stiglitz \u2013 economista e Premio Nobel nel 2001 -, \u00e8 cosa non solo utile per capire gli intrecci fra argomenti cos\u00ec complessi, ma costituisce anche un breve quanto affascinante viaggio nel pensiero economico pi\u00f9 avveduto e profondo, al di l\u00e0 dei consunti concetti di efficienza, efficacia e profitto contabile.<\/p>\n<p style=\"text-align: justify;\">Stiglitz conduce il suo ragionamento partendo dal \u00a0confronto con l\u2019enciclica di Giovanni XXIII <em>Pacem in terris <\/em>e dal dibattito internazionale sui diritti umani nel contesto della globalizzazione e della crisi finanziaria.\u00a0 Gli interrogativi ai quali nel testo si risponde sono quelli fondamentali dell\u2019oggi: se, per esempio, l\u2019attuale sistema economico sia in grado di garantire all\u2019uomo una condizione di armonia con i propri simili e con la natura, a che punto sia davvero la cosiddetta questione ambientale, \u00a0il livello delle diseguaglianze globali, la vera natura delle distorsioni indotte dalla finanziarizzazione dell\u2019economia, l\u2019insufficienza del Pil come misura del benessere, i fallimenti del mercato. Per ogni passaggio, Stiglitz fissa idee chiare in frasi brevi. Quanto occorre per capire e pensare.<\/p>\n<p style=\"text-align: justify;\">E riserva anche passaggi importanti sull\u2019impresa e su chi la gestisce. \u201cUn sistema economico dove alcuni (individui o aziende) prosperano in maniera eccezionale \u2013 scrive Stiglitz -, con una correlazione non tanto al contributo effettivo apportato alla collettivit\u00e0 quanto piuttosto alla loro abilit\u00e0 di ricavare \u2018guadagni\u2019 dallo stato di cose, non \u00e8 un sistema economico giusto. Questo \u00e8 vero sia che risulti da deficienze nel sistema di gestione delle aziende (una versione legalizzata di frode aziendale), sia che derivi dall\u2019efficace messa in pratica di una politica di competizione (lo sfruttamento che nasce dalla monopolizzazione). Ed \u00e8 ancora pi\u00f9 vero quando i guadagni di coloro che si trovano al vertice del sistema risultano dallo sfruttamento di quelli che si trovano al<\/p>\n<p style=\"text-align: justify;\">fondo\u201d. Per poi aggiungere che \u201cnella nostra societ\u00e0 interconnessa le azioni di un singolo individuo o azienda hanno conseguenze per tutti gli altri. Se \u00e8 nostro compito vivere in armonia, queste esternalit\u00e0 devono \u00a0essere tenute in considerazione\u201d. Mentre sul finire della prima parte di libro, Stiglitz sottolinea una verit\u00e0 che molti si nascondono: \u201c\u00c8 interessante \u2013 scrive -, che anche il benessere di coloro che hanno un interesse nell\u2019azienda (ad esempio differenti tipi di azionisti) non \u00e8 in genere massimizzato dal perseguimento della massimizzazione del profitto (o valore di mercato) da parte dell\u2019azienda\u201d.<\/p>\n<p style=\"text-align: justify;\">Il libro di Stiglitz occupa meno di cinquanta pagine, si legge in in meno di un\u2019ora ma si deve ricordare per molto pi\u00f9 tempo.<\/p><p><strong>Un\u2019economia per l\u2019uomo<\/strong><\/p>\n<p>Joseph Stiglitz<\/p>\n<p>Castelvecchi, 2016<\/p>","protected":false},"excerpt":{"rendered":"<p>Un piccolo libro del Premio Nobel Stiglitz analizza a fondo i legami fra azione d\u2019impresa, economia, etica e moraleEtica \u00a0ed impresa possono andare di pari passo. Anzi, \u00e8 possibile anche arrivare a dire che spirito d\u2019impresa e cultura della buona\u00a0 impresa sono intimamente legate. E non si tratta di teorie astratte. Anche se a guardare [&hellip;]<\/p>\n","protected":false},"author":1,"featured_media":0,"comment_status":"open","ping_status":"open","sticky":false,"template":"","format":"standard","meta":{"footnotes":""},"categories":[52,58],"tags":[],"class_list":["post-50860","post","type-post","status-publish","format-standard","hentry","category-cultura-dimpresa","category-recensioni-libri"],"acf":[],"yoast_head":"<!-- This site is optimized with the Yoast SEO plugin v25.0 - https:\/\/yoast.com\/wordpress\/plugins\/seo\/ -->\n<title>Benessere non solo dal profitto - Fondazione Pirelli<\/title>\n<meta name=\"robots\" content=\"index, follow, max-snippet:-1, max-image-preview:large, max-video-preview:-1\" \/>\n<link rel=\"canonical\" href=\"https:\/\/www.fondazionepirelli.org\/it\/cultura-dimpresa\/benessere-non-solo-dal-profitto\/\" \/>\n<meta property=\"og:locale\" content=\"it_IT\" \/>\n<meta property=\"og:type\" content=\"article\" \/>\n<meta property=\"og:title\" content=\"Benessere non solo dal profitto - Fondazione Pirelli\" \/>\n<meta property=\"og:description\" content=\"Un piccolo libro del Premio Nobel Stiglitz analizza a fondo i legami fra azione d\u2019impresa, economia, etica e moraleEtica \u00a0ed impresa possono andare di pari passo. Anzi, \u00e8 possibile anche arrivare a dire che spirito d\u2019impresa e cultura della buona\u00a0 impresa sono intimamente legate. E non si tratta di teorie astratte. Anche se a guardare [&hellip;]\" \/>\n<meta property=\"og:url\" content=\"https:\/\/www.fondazionepirelli.org\/it\/cultura-dimpresa\/benessere-non-solo-dal-profitto\/\" \/>\n<meta property=\"og:site_name\" content=\"Fondazione Pirelli\" \/>\n<meta property=\"article:published_time\" content=\"2016-07-05T00:00:00+00:00\" \/>\n<meta property=\"article:modified_time\" content=\"2019-10-29T10:52:31+00:00\" \/>\n<meta name=\"author\" content=\"fondadmin\" \/>\n<meta name=\"twitter:card\" content=\"summary_large_image\" \/>\n<meta name=\"twitter:label1\" content=\"Scritto da\" \/>\n\t<meta name=\"twitter:data1\" content=\"fondadmin\" \/>\n\t<meta name=\"twitter:label2\" content=\"Tempo di lettura stimato\" \/>\n\t<meta name=\"twitter:data2\" content=\"3 minuti\" \/>\n<script type=\"application\/ld+json\" class=\"yoast-schema-graph\">{\"@context\":\"https:\/\/schema.org\",\"@graph\":[{\"@type\":\"WebPage\",\"@id\":\"https:\/\/www.fondazionepirelli.org\/it\/cultura-dimpresa\/benessere-non-solo-dal-profitto\/\",\"url\":\"https:\/\/www.fondazionepirelli.org\/it\/cultura-dimpresa\/benessere-non-solo-dal-profitto\/\",\"name\":\"Benessere non solo dal profitto - Fondazione Pirelli\",\"isPartOf\":{\"@id\":\"https:\/\/www.fondazionepirelli.org\/it\/#website\"},\"datePublished\":\"2016-07-05T00:00:00+00:00\",\"dateModified\":\"2019-10-29T10:52:31+00:00\",\"author\":{\"@id\":\"https:\/\/www.fondazionepirelli.org\/it\/#\/schema\/person\/f47d097000832c4a6e54538c791fdf25\"},\"breadcrumb\":{\"@id\":\"https:\/\/www.fondazionepirelli.org\/it\/cultura-dimpresa\/benessere-non-solo-dal-profitto\/#breadcrumb\"},\"inLanguage\":\"it-IT\",\"potentialAction\":[{\"@type\":\"ReadAction\",\"target\":[\"https:\/\/www.fondazionepirelli.org\/it\/cultura-dimpresa\/benessere-non-solo-dal-profitto\/\"]}]},{\"@type\":\"BreadcrumbList\",\"@id\":\"https:\/\/www.fondazionepirelli.org\/it\/cultura-dimpresa\/benessere-non-solo-dal-profitto\/#breadcrumb\",\"itemListElement\":[{\"@type\":\"ListItem\",\"position\":1,\"name\":\"Home\",\"item\":\"https:\/\/www.fondazionepirelli.org\/it\/\"},{\"@type\":\"ListItem\",\"position\":2,\"name\":\"Benessere non solo dal profitto\"}]},{\"@type\":\"WebSite\",\"@id\":\"https:\/\/www.fondazionepirelli.org\/it\/#website\",\"url\":\"https:\/\/www.fondazionepirelli.org\/it\/\",\"name\":\"Fondazione Pirelli\",\"description\":\"\",\"potentialAction\":[{\"@type\":\"SearchAction\",\"target\":{\"@type\":\"EntryPoint\",\"urlTemplate\":\"https:\/\/www.fondazionepirelli.org\/it\/?s={search_term_string}\"},\"query-input\":{\"@type\":\"PropertyValueSpecification\",\"valueRequired\":true,\"valueName\":\"search_term_string\"}}],\"inLanguage\":\"it-IT\"},{\"@type\":\"Person\",\"@id\":\"https:\/\/www.fondazionepirelli.org\/it\/#\/schema\/person\/f47d097000832c4a6e54538c791fdf25\",\"name\":\"fondadmin\",\"image\":{\"@type\":\"ImageObject\",\"inLanguage\":\"it-IT\",\"@id\":\"https:\/\/www.fondazionepirelli.org\/it\/#\/schema\/person\/image\/\",\"url\":\"https:\/\/secure.gravatar.com\/avatar\/e69498a9175ca244966e51e53c88712c024fcebe41f9a05f75657f1bb25e489b?s=96&d=mm&r=g\",\"contentUrl\":\"https:\/\/secure.gravatar.com\/avatar\/e69498a9175ca244966e51e53c88712c024fcebe41f9a05f75657f1bb25e489b?s=96&d=mm&r=g\",\"caption\":\"fondadmin\"},\"url\":\"https:\/\/www.fondazionepirelli.org\/it\/author\/fondadmin\/\"}]}<\/script>\n<!-- \/ Yoast SEO plugin. -->","yoast_head_json":{"title":"Benessere non solo dal profitto - Fondazione Pirelli","robots":{"index":"index","follow":"follow","max-snippet":"max-snippet:-1","max-image-preview":"max-image-preview:large","max-video-preview":"max-video-preview:-1"},"canonical":"https:\/\/www.fondazionepirelli.org\/it\/cultura-dimpresa\/benessere-non-solo-dal-profitto\/","og_locale":"it_IT","og_type":"article","og_title":"Benessere non solo dal profitto - Fondazione Pirelli","og_description":"Un piccolo libro del Premio Nobel Stiglitz analizza a fondo i legami fra azione d\u2019impresa, economia, etica e moraleEtica \u00a0ed impresa possono andare di pari passo. Anzi, \u00e8 possibile anche arrivare a dire che spirito d\u2019impresa e cultura della buona\u00a0 impresa sono intimamente legate. E non si tratta di teorie astratte. Anche se a guardare [&hellip;]","og_url":"https:\/\/www.fondazionepirelli.org\/it\/cultura-dimpresa\/benessere-non-solo-dal-profitto\/","og_site_name":"Fondazione Pirelli","article_published_time":"2016-07-05T00:00:00+00:00","article_modified_time":"2019-10-29T10:52:31+00:00","author":"fondadmin","twitter_card":"summary_large_image","twitter_misc":{"Scritto da":"fondadmin","Tempo di lettura stimato":"3 minuti"},"schema":{"@context":"https:\/\/schema.org","@graph":[{"@type":"WebPage","@id":"https:\/\/www.fondazionepirelli.org\/it\/cultura-dimpresa\/benessere-non-solo-dal-profitto\/","url":"https:\/\/www.fondazionepirelli.org\/it\/cultura-dimpresa\/benessere-non-solo-dal-profitto\/","name":"Benessere non solo dal profitto - Fondazione Pirelli","isPartOf":{"@id":"https:\/\/www.fondazionepirelli.org\/it\/#website"},"datePublished":"2016-07-05T00:00:00+00:00","dateModified":"2019-10-29T10:52:31+00:00","author":{"@id":"https:\/\/www.fondazionepirelli.org\/it\/#\/schema\/person\/f47d097000832c4a6e54538c791fdf25"},"breadcrumb":{"@id":"https:\/\/www.fondazionepirelli.org\/it\/cultura-dimpresa\/benessere-non-solo-dal-profitto\/#breadcrumb"},"inLanguage":"it-IT","potentialAction":[{"@type":"ReadAction","target":["https:\/\/www.fondazionepirelli.org\/it\/cultura-dimpresa\/benessere-non-solo-dal-profitto\/"]}]},{"@type":"BreadcrumbList","@id":"https:\/\/www.fondazionepirelli.org\/it\/cultura-dimpresa\/benessere-non-solo-dal-profitto\/#breadcrumb","itemListElement":[{"@type":"ListItem","position":1,"name":"Home","item":"https:\/\/www.fondazionepirelli.org\/it\/"},{"@type":"ListItem","position":2,"name":"Benessere non solo dal profitto"}]},{"@type":"WebSite","@id":"https:\/\/www.fondazionepirelli.org\/it\/#website","url":"https:\/\/www.fondazionepirelli.org\/it\/","name":"Fondazione Pirelli","description":"","potentialAction":[{"@type":"SearchAction","target":{"@type":"EntryPoint","urlTemplate":"https:\/\/www.fondazionepirelli.org\/it\/?s={search_term_string}"},"query-input":{"@type":"PropertyValueSpecification","valueRequired":true,"valueName":"search_term_string"}}],"inLanguage":"it-IT"},{"@type":"Person","@id":"https:\/\/www.fondazionepirelli.org\/it\/#\/schema\/person\/f47d097000832c4a6e54538c791fdf25","name":"fondadmin","image":{"@type":"ImageObject","inLanguage":"it-IT","@id":"https:\/\/www.fondazionepirelli.org\/it\/#\/schema\/person\/image\/","url":"https:\/\/secure.gravatar.com\/avatar\/e69498a9175ca244966e51e53c88712c024fcebe41f9a05f75657f1bb25e489b?s=96&d=mm&r=g","contentUrl":"https:\/\/secure.gravatar.com\/avatar\/e69498a9175ca244966e51e53c88712c024fcebe41f9a05f75657f1bb25e489b?s=96&d=mm&r=g","caption":"fondadmin"},"url":"https:\/\/www.fondazionepirelli.org\/it\/author\/fondadmin\/"}]}},"_links":{"self":[{"href":"https:\/\/www.fondazionepirelli.org\/it\/wp-json\/wp\/v2\/posts\/50860\/"}],"collection":[{"href":"https:\/\/www.fondazionepirelli.org\/it\/wp-json\/wp\/v2\/posts\/"}],"about":[{"href":"https:\/\/www.fondazionepirelli.org\/it\/wp-json\/wp\/v2\/types\/post\/"}],"author":[{"embeddable":true,"href":"https:\/\/www.fondazionepirelli.org\/it\/wp-json\/wp\/v2\/users\/1\/"}],"replies":[{"embeddable":true,"href":"https:\/\/www.fondazionepirelli.org\/it\/wp-json\/wp\/v2\/comments\/?post=50860"}],"version-history":[{"count":2,"href":"https:\/\/www.fondazionepirelli.org\/it\/wp-json\/wp\/v2\/posts\/50860\/revisions\/"}],"predecessor-version":[{"id":70907,"href":"https:\/\/www.fondazionepirelli.org\/it\/wp-json\/wp\/v2\/posts\/50860\/revisions\/70907\/"}],"wp:attachment":[{"href":"https:\/\/www.fondazionepirelli.org\/it\/wp-json\/wp\/v2\/media\/?parent=50860"}],"wp:term":[{"taxonomy":"category","embeddable":true,"href":"https:\/\/www.fondazionepirelli.org\/it\/wp-json\/wp\/v2\/categories\/?post=50860"},{"taxonomy":"post_tag","embeddable":true,"href":"https:\/\/www.fondazionepirelli.org\/it\/wp-json\/wp\/v2\/tags\/?post=50860"}],"curies":[{"name":"wp","href":"https:\/\/api.w.org\/{rel}","templated":true}]}}