{"id":50875,"date":"2016-06-21T00:00:00","date_gmt":"2016-06-21T00:00:00","guid":{"rendered":"http:\/\/www.fondazionepirelli.org\/fondazione-pirelli\/milano-metropoli-aperta-innovativa-e-solidale-ecco-le-sfide-con-le-altre-citta-motori-deuropa\/"},"modified":"2019-05-23T15:52:15","modified_gmt":"2019-05-23T15:52:15","slug":"milano-metropoli-aperta-innovativa-e-solidale-ecco-le-sfide-con-le-altre-citta-motori-deuropa","status":"publish","type":"post","link":"https:\/\/www.fondazionepirelli.org\/it\/cultura-dimpresa\/milano-metropoli-aperta-innovativa-e-solidale-ecco-le-sfide-con-le-altre-citta-motori-deuropa\/","title":{"rendered":"Milano metropoli aperta, innovativa e solidale: ecco  le sfide con  le altre citt\u00e0 motori d\u2019Europa"},"content":{"rendered":"<p style=\"text-align: justify;\"><strong>Milano<\/strong>, la metropoli italiana pi\u00f9 aperta, europea, intraprendente. Adesso alle prese con un nuovo ciclo di governo comunale. Nel segno della continuit\u00e0 della giunta precedente guidata bene da Giuliano Pisapia, ma anche con una leadership di buona esperienza manageriale e internazionale, quella di <strong>Beppe Sala<\/strong>, \u201cmister Expo\u201d, all\u2019altezza delle nuove sfide: attrattivit\u00e0, competitivit\u00e0, innovazione, solidariet\u00e0. In una metropoli che si rivela, dopo il voto, un\u2019isola dinamica in un contesto politico italiano che fa invece prevalere i segnali di ribellismo su quelli della concreta e positiva governabilit\u00e0.<\/p>\n<p style=\"text-align: justify;\"><strong>Sfide complesse<\/strong>. Perch\u00e9, se \u00e8 vero che Milano, pi\u00f9 di altre citt\u00e0, ha un\u2019economia, una cultura e una vita civile che vanno avanti indipendentemente da scelte e spese della mano pubblica, \u00e8 altrettanto vero che, proprio in queste stagioni di accentuata competitivit\u00e0 internazionale tra citt\u00e0 e territori, le scelte lungimiranti di buon governo hanno una straordinaria rilevanza, in chiave di sviluppo, di futuro d\u2019un luogo in cui, meglio e pi\u00f9 che altrove, cercare e trovare nuove opportunit\u00e0 di lavoro e di vita.<\/p>\n<p style=\"text-align: justify;\">Milano, oggi, \u00e8 imprese, cultura, innovazione, creativit\u00e0, formazione d\u2019alto livello (200mila studenti universitari, di cui 13mila stranieri) ma anche solidariet\u00e0 e impegno per la sostenibilit\u00e0, ambientale e sociale. Milano, \u201cthe place to be\u201d, come hanno detto i media internazionali durante la brillante stagione dell\u2019Expo. Milano, \u201cla metropoli dove lo strutturarsi delle nuove geometrie tra societ\u00e0, economia e politica \u00e8 pi\u00f9 avanti\u201d, una \u201cidentit\u00e0 ibrida tra mercato e societ\u00e0\u201d con tutti i valori della cosiddetta \u201ceconomia circolare\u201d, come nota Aldo Bonomi (Il Sole24Ore, 19 giugno), segnalando la positiva eredit\u00e0 della stagione dell\u2019amministrazione guidata da Giuliano Pisapia (un \u201cfare bene\u201d che, caratteristica essenziale, si \u00e8 svolto nel segno duplice della legalit\u00e0 e dell\u2019efficienza: non una sola inchiesta giudiziaria, sulle attivit\u00e0 di Palazzo Marino: \u201cAmministrare con le mani pulite, senza tenerle in tasca\u201d, sintetizzano i sostenitori di Pisapia: un\u2019altra eredit\u00e0 da valorizzare).<\/p>\n<p style=\"text-align: justify;\">Milano, insomma, buon motore d\u2019Italia. Da continuare a fare girare.<\/p>\n<p style=\"text-align: justify;\">Ma come stanno davvero, Milano metropoli e la Lombardia, rispetto agli altri \u201cmotori d\u2019Europa\u201d? Meglio del resto d\u2019Italia. Ma non proprio bene. I conti li ha fatti l\u2019<strong>Assolombarda<\/strong>, la pi\u00f9 grande associazione territoriale di Confindustria (raggruppa 6mila imprese tra Milano, Lodi, Monza e la Brianza: hi tech, manifattura e servizi d\u2019eccellenza, un buon quarto del Pil italiano), nel corso dell\u2019assemblea del 9 giugno. E i dati, illustrati dal presidente Gianfelice Rocca, dicono che Milano cresce, \u00e8 vero, ma meno delle zone del Baden-W\u00fcrttemberg e del Bayern in Germania, della Catalogna in Spagna, del Rh\u00f4ne-Alpes in Francia, scelti come paragone di competitivit\u00e0.<\/p>\n<p style=\"text-align: justify;\">Vediamoli, questi dati. A partire da un confronto con la situazione economica antecedente alla Grande Crisi. La Lombardia segna ancora un -4,9% di Pil (variazione 2015 su 2008) mentre la Catalogna un -2,9% e il Baden-W\u00fcrttemberg \u00e8 a +8%. L\u2019export si \u00e8 rimesso in movimento e traina il Paese, ma anche da questo punto di vista meno che altrove: +6,9% in Lombardia (variazione 2015 su 2008), +26,4% in Catalogna, +30,4% nel Baden-W\u00fcrttemberg. In sintesi: non abbiamo recuperato le cadute della crisi e nel settore pi\u00f9 dinamico, quello appunto delle imprese che esportano, ci si muove meno.<\/p>\n<p style=\"text-align: justify;\">Se guardiamo al tasso di attivit\u00e0 (il rapporto tra popolazione attiva e popolazione in et\u00e0 di lavoro, dai 15 al 64 anni), stiamo messi male: 80% Bayern, 79,4% Baden-W\u00fcrttemberg, 77,6% Catalogna, 73,3% Rh\u00f4ne-Alpes e solo 70,8% Lombardia (meglio che nel resto d\u2019Italia: \u2026). Anche sul tasso d\u2019occupazione (quanti hanno un lavoro), in coda alla classifica o quasi: 77,7% Bayern, 76,9% Baden-W\u00fcrttemberg, 66,6% Rh\u00f4ne-Alpes, 65,1% Lombardia e appena sotto, con il 63,1%, la Catalogna. Il tasso di occupazione medio in Italia \u00e8 del 56,3%: peggio di noi solo Croazia e Grecia, Germania al 74%, Francia al 64,2%. Per dirla in sintesi: in Lombardia c\u2019\u00e8 una maggior partecipazione al lavoro e una maggiore occupazione che nel resto d\u2019Italia, ma i paesi direttamente concorrenti sono pi\u00f9 attivi, producono di pi\u00f9. E meglio. Producono cio\u00e8 anche un maggior valore aggiunto, grazie a una maggiore qualificazione della forza lavoro.<\/p>\n<p style=\"text-align: justify;\">La conferma di questo divario si ha guardando le quote di laureati sulla popolazione. Se prendiamo come riferimento la classe d\u2019et\u00e0 dai 25 ai 64 anni, il Lombardia abbiamo il 19,3% di laureati, la quota pi\u00f9 bassa tra i competitors: il 30,8% nel Baden-W\u00fcrttemberg, il 29,6% nel Bayern, il 37,4% nel Rh\u00f4ne-Alpes e il 37,5% in catalogna. Le cose migliorano un po\u2019 se si fa il conto su una classe d\u2019et\u00e0 pi\u00f9 giovane, dai 30 ai 34 anni: la quota in Lombardia sale al 29,5% (si studia di pi\u00f9, ci si specializza, ci si qualifica meglio) ma i nostri concorrenti crescono anche loro: 36,5% di laureati nel Baden-W\u00fcrttemberg, 36,7% nel Bayern (stiamo accorciando, insomma, le distanze con la Germania pi\u00f9 industriale e produttiva), il 43,1% in Catalogna ma addirittura il 50% nel Rh\u00f4ne-Alpes.\u00a0 Meno laureati, minore produttivit\u00e0 e competitivit\u00e0 (senza ancora entrare nel merito del tipo di lauree prese e del rapporto tra formazione e lavoro, molto positivo per esempio in Germania).<\/p>\n<p style=\"text-align: justify;\">Milano e la Lombardia, \u00e8 vero, pagano i costi del cattivo funzionamento e della bassa produttivit\u00e0 di tutto il sistema Italia (la pubblica amministrazione invadente e inefficiente, il fisco complicato ed esoso ma anche l\u2019elevata evasione fiscale, il basso livello delle infrastrutture materiali e immateriali, compresa l\u2019insufficiente diffusione della \u201cbanda larga\u201d, le carenze della formazione, la disattenzione di gran parte dell\u2019opinione pubblica per la cultura dell\u2019impresa, del merito e del mercato, la corruzione diffusa e il peso delle economie criminali, etc.). Ma, al di l\u00e0 di questi fattori fortemente condizionanti, ci sono anche dinamiche imprenditoriali e sociali, nella metropoli, da rimettere in moto. Imprese da fare crescere. Innovazione da stimolare.<\/p>\n<p style=\"text-align: justify;\">Se Milano \u00e8 ancora percepita, pure dopo la fine dell\u2019Expo, come \u201cthe place to be\u201d, il primato va difeso e rafforzato. Altrimenti, si smette di crescere, ci si blocca, prima o poi si declina.<\/p>\n<p style=\"text-align: justify;\">Come fare? Assolombarda insiste: Milano deve camminare rapidamente sulla strada della \u201csmart city\u201d, abile a giocare su tutte le ipotesi dell\u2019innovazione, a cominciare dal lancio di Human Technopole sull\u2019area ex Expo (universit\u00e0, ricerca, imprese d\u2019avanguardia soprattutto nel settore delle \u201clife sciences\u201d). E diventare una metropoli \u201c<strong>Steam<\/strong>\u201d, l\u2019acronico formato dalle iniziali di \u201cscience\u201d, \u201ctechnology\u201d, \u201ceducation\u201d ma anche \u201cenvironment\u201d, \u201carts\u201d (tutto l\u2019insieme delle culture umanistiche e della creativit\u00e0) e \u201cmanifacturing\u201d. \u201cMilano ha il capitale sociale, il capitale economico, il capitale scientifico e il capitale estetico, per giocare con successo questa partita, si dice in Assolombarda, pensando alla metropoli come \u201cmotore della ripresa italiana\u201d ma anche come luogo d\u2019eccellenza europeo dell\u2019industria pi\u00f9 innovativa. Sfida difficile. Ma assolutamente possibile. Da vincere.<\/p><p>(Giorgio Dall&#8217;Aglio, <em>In citt\u00e0<\/em>, disegno per &#8220;Pirelli&#8221;, n.5, 1950)<\/p>\n","protected":false},"excerpt":{"rendered":"<p>Milano, la metropoli italiana pi\u00f9 aperta, europea, intraprendente. Adesso alle prese con un nuovo ciclo di governo comunale. Nel segno della continuit\u00e0 della giunta precedente guidata bene da Giuliano Pisapia, ma anche con una leadership di buona esperienza manageriale e internazionale, quella di Beppe Sala, \u201cmister Expo\u201d, all\u2019altezza delle nuove sfide: attrattivit\u00e0, competitivit\u00e0, innovazione, solidariet\u00e0. [&hellip;]<\/p>\n","protected":false},"author":1,"featured_media":50876,"comment_status":"open","ping_status":"open","sticky":false,"template":"","format":"standard","meta":{"footnotes":""},"categories":[53,52],"tags":[],"class_list":["post-50875","post","type-post","status-publish","format-standard","has-post-thumbnail","hentry","category-blog","category-cultura-dimpresa"],"acf":[],"yoast_head":"<!-- This site is optimized with the Yoast SEO plugin v25.0 - https:\/\/yoast.com\/wordpress\/plugins\/seo\/ -->\n<title>Milano metropoli aperta, innovativa e solidale: ecco le sfide con le altre citt\u00e0 motori d\u2019Europa - Fondazione Pirelli<\/title>\n<meta name=\"robots\" content=\"index, follow, max-snippet:-1, max-image-preview:large, max-video-preview:-1\" \/>\n<link rel=\"canonical\" href=\"https:\/\/www.fondazionepirelli.org\/it\/cultura-dimpresa\/milano-metropoli-aperta-innovativa-e-solidale-ecco-le-sfide-con-le-altre-citta-motori-deuropa\/\" \/>\n<meta property=\"og:locale\" content=\"it_IT\" \/>\n<meta property=\"og:type\" content=\"article\" \/>\n<meta property=\"og:title\" content=\"Milano metropoli aperta, innovativa e solidale: ecco le sfide con le altre citt\u00e0 motori d\u2019Europa - Fondazione Pirelli\" \/>\n<meta property=\"og:description\" content=\"Milano, la metropoli italiana pi\u00f9 aperta, europea, intraprendente. Adesso alle prese con un nuovo ciclo di governo comunale. Nel segno della continuit\u00e0 della giunta precedente guidata bene da Giuliano Pisapia, ma anche con una leadership di buona esperienza manageriale e internazionale, quella di Beppe Sala, \u201cmister Expo\u201d, all\u2019altezza delle nuove sfide: attrattivit\u00e0, competitivit\u00e0, innovazione, solidariet\u00e0. [&hellip;]\" \/>\n<meta property=\"og:url\" content=\"https:\/\/127.0.0.1\/it\/cultura-dimpresa\/milano-metropoli-aperta-innovativa-e-solidale-ecco-le-sfide-con-le-altre-citta-motori-deuropa\/\" \/>\n<meta property=\"og:site_name\" content=\"Fondazione Pirelli\" \/>\n<meta property=\"article:published_time\" content=\"2016-06-21T00:00:00+00:00\" \/>\n<meta property=\"article:modified_time\" content=\"2019-05-23T15:52:15+00:00\" \/>\n<meta property=\"og:image\" content=\"https:\/\/wpsite-assets.fondazionepirelli.org\/wp-content\/uploads\/2019\/05\/20101602\/aglio.jpg\" \/>\n\t<meta property=\"og:image:width\" content=\"698\" \/>\n\t<meta property=\"og:image:height\" content=\"624\" \/>\n\t<meta property=\"og:image:type\" content=\"image\/jpeg\" \/>\n<meta name=\"author\" content=\"fondadmin\" \/>\n<meta name=\"twitter:card\" content=\"summary_large_image\" \/>\n<meta name=\"twitter:label1\" content=\"Scritto da\" \/>\n\t<meta name=\"twitter:data1\" content=\"fondadmin\" \/>\n\t<meta name=\"twitter:label2\" content=\"Tempo di lettura stimato\" \/>\n\t<meta name=\"twitter:data2\" content=\"5 minuti\" \/>\n<script type=\"application\/ld+json\" class=\"yoast-schema-graph\">{\"@context\":\"https:\/\/schema.org\",\"@graph\":[{\"@type\":\"WebPage\",\"@id\":\"https:\/\/127.0.0.1\/it\/cultura-dimpresa\/milano-metropoli-aperta-innovativa-e-solidale-ecco-le-sfide-con-le-altre-citta-motori-deuropa\/\",\"url\":\"https:\/\/127.0.0.1\/it\/cultura-dimpresa\/milano-metropoli-aperta-innovativa-e-solidale-ecco-le-sfide-con-le-altre-citta-motori-deuropa\/\",\"name\":\"Milano metropoli aperta, innovativa e solidale: ecco le sfide con le altre citt\u00e0 motori d\u2019Europa - Fondazione Pirelli\",\"isPartOf\":{\"@id\":\"https:\/\/www.fondazionepirelli.org\/it\/#website\"},\"primaryImageOfPage\":{\"@id\":\"https:\/\/127.0.0.1\/it\/cultura-dimpresa\/milano-metropoli-aperta-innovativa-e-solidale-ecco-le-sfide-con-le-altre-citta-motori-deuropa\/#primaryimage\"},\"image\":{\"@id\":\"https:\/\/127.0.0.1\/it\/cultura-dimpresa\/milano-metropoli-aperta-innovativa-e-solidale-ecco-le-sfide-con-le-altre-citta-motori-deuropa\/#primaryimage\"},\"thumbnailUrl\":\"https:\/\/wpsite-assets.fondazionepirelli.org\/wp-content\/uploads\/2019\/05\/20101602\/aglio.jpg\",\"datePublished\":\"2016-06-21T00:00:00+00:00\",\"dateModified\":\"2019-05-23T15:52:15+00:00\",\"author\":{\"@id\":\"https:\/\/www.fondazionepirelli.org\/it\/#\/schema\/person\/f47d097000832c4a6e54538c791fdf25\"},\"breadcrumb\":{\"@id\":\"https:\/\/127.0.0.1\/it\/cultura-dimpresa\/milano-metropoli-aperta-innovativa-e-solidale-ecco-le-sfide-con-le-altre-citta-motori-deuropa\/#breadcrumb\"},\"inLanguage\":\"it-IT\",\"potentialAction\":[{\"@type\":\"ReadAction\",\"target\":[\"https:\/\/127.0.0.1\/it\/cultura-dimpresa\/milano-metropoli-aperta-innovativa-e-solidale-ecco-le-sfide-con-le-altre-citta-motori-deuropa\/\"]}]},{\"@type\":\"ImageObject\",\"inLanguage\":\"it-IT\",\"@id\":\"https:\/\/127.0.0.1\/it\/cultura-dimpresa\/milano-metropoli-aperta-innovativa-e-solidale-ecco-le-sfide-con-le-altre-citta-motori-deuropa\/#primaryimage\",\"url\":\"https:\/\/wpsite-assets.fondazionepirelli.org\/wp-content\/uploads\/2019\/05\/20101602\/aglio.jpg\",\"contentUrl\":\"https:\/\/wpsite-assets.fondazionepirelli.org\/wp-content\/uploads\/2019\/05\/20101602\/aglio.jpg\",\"width\":698,\"height\":624},{\"@type\":\"BreadcrumbList\",\"@id\":\"https:\/\/127.0.0.1\/it\/cultura-dimpresa\/milano-metropoli-aperta-innovativa-e-solidale-ecco-le-sfide-con-le-altre-citta-motori-deuropa\/#breadcrumb\",\"itemListElement\":[{\"@type\":\"ListItem\",\"position\":1,\"name\":\"Home\",\"item\":\"https:\/\/www.fondazionepirelli.org\/it\/\"},{\"@type\":\"ListItem\",\"position\":2,\"name\":\"Milano metropoli aperta, innovativa e solidale: ecco le sfide con le altre citt\u00e0 motori d\u2019Europa\"}]},{\"@type\":\"WebSite\",\"@id\":\"https:\/\/www.fondazionepirelli.org\/it\/#website\",\"url\":\"https:\/\/www.fondazionepirelli.org\/it\/\",\"name\":\"Fondazione Pirelli\",\"description\":\"\",\"potentialAction\":[{\"@type\":\"SearchAction\",\"target\":{\"@type\":\"EntryPoint\",\"urlTemplate\":\"https:\/\/www.fondazionepirelli.org\/it\/?s={search_term_string}\"},\"query-input\":{\"@type\":\"PropertyValueSpecification\",\"valueRequired\":true,\"valueName\":\"search_term_string\"}}],\"inLanguage\":\"it-IT\"},{\"@type\":\"Person\",\"@id\":\"https:\/\/www.fondazionepirelli.org\/it\/#\/schema\/person\/f47d097000832c4a6e54538c791fdf25\",\"name\":\"fondadmin\",\"image\":{\"@type\":\"ImageObject\",\"inLanguage\":\"it-IT\",\"@id\":\"https:\/\/www.fondazionepirelli.org\/it\/#\/schema\/person\/image\/\",\"url\":\"https:\/\/secure.gravatar.com\/avatar\/e69498a9175ca244966e51e53c88712c024fcebe41f9a05f75657f1bb25e489b?s=96&d=mm&r=g\",\"contentUrl\":\"https:\/\/secure.gravatar.com\/avatar\/e69498a9175ca244966e51e53c88712c024fcebe41f9a05f75657f1bb25e489b?s=96&d=mm&r=g\",\"caption\":\"fondadmin\"},\"url\":\"https:\/\/www.fondazionepirelli.org\/it\/author\/fondadmin\/\"}]}<\/script>\n<!-- \/ Yoast SEO plugin. -->","yoast_head_json":{"title":"Milano metropoli aperta, innovativa e solidale: ecco le sfide con le altre citt\u00e0 motori d\u2019Europa - Fondazione Pirelli","robots":{"index":"index","follow":"follow","max-snippet":"max-snippet:-1","max-image-preview":"max-image-preview:large","max-video-preview":"max-video-preview:-1"},"canonical":"https:\/\/www.fondazionepirelli.org\/it\/cultura-dimpresa\/milano-metropoli-aperta-innovativa-e-solidale-ecco-le-sfide-con-le-altre-citta-motori-deuropa\/","og_locale":"it_IT","og_type":"article","og_title":"Milano metropoli aperta, innovativa e solidale: ecco le sfide con le altre citt\u00e0 motori d\u2019Europa - Fondazione Pirelli","og_description":"Milano, la metropoli italiana pi\u00f9 aperta, europea, intraprendente. Adesso alle prese con un nuovo ciclo di governo comunale. Nel segno della continuit\u00e0 della giunta precedente guidata bene da Giuliano Pisapia, ma anche con una leadership di buona esperienza manageriale e internazionale, quella di Beppe Sala, \u201cmister Expo\u201d, all\u2019altezza delle nuove sfide: attrattivit\u00e0, competitivit\u00e0, innovazione, solidariet\u00e0. [&hellip;]","og_url":"https:\/\/127.0.0.1\/it\/cultura-dimpresa\/milano-metropoli-aperta-innovativa-e-solidale-ecco-le-sfide-con-le-altre-citta-motori-deuropa\/","og_site_name":"Fondazione Pirelli","article_published_time":"2016-06-21T00:00:00+00:00","article_modified_time":"2019-05-23T15:52:15+00:00","og_image":[{"width":698,"height":624,"url":"https:\/\/wpsite-assets.fondazionepirelli.org\/wp-content\/uploads\/2019\/05\/20101602\/aglio.jpg","type":"image\/jpeg"}],"author":"fondadmin","twitter_card":"summary_large_image","twitter_misc":{"Scritto da":"fondadmin","Tempo di lettura stimato":"5 minuti"},"schema":{"@context":"https:\/\/schema.org","@graph":[{"@type":"WebPage","@id":"https:\/\/127.0.0.1\/it\/cultura-dimpresa\/milano-metropoli-aperta-innovativa-e-solidale-ecco-le-sfide-con-le-altre-citta-motori-deuropa\/","url":"https:\/\/127.0.0.1\/it\/cultura-dimpresa\/milano-metropoli-aperta-innovativa-e-solidale-ecco-le-sfide-con-le-altre-citta-motori-deuropa\/","name":"Milano metropoli aperta, innovativa e solidale: ecco le sfide con le altre citt\u00e0 motori d\u2019Europa - Fondazione Pirelli","isPartOf":{"@id":"https:\/\/www.fondazionepirelli.org\/it\/#website"},"primaryImageOfPage":{"@id":"https:\/\/127.0.0.1\/it\/cultura-dimpresa\/milano-metropoli-aperta-innovativa-e-solidale-ecco-le-sfide-con-le-altre-citta-motori-deuropa\/#primaryimage"},"image":{"@id":"https:\/\/127.0.0.1\/it\/cultura-dimpresa\/milano-metropoli-aperta-innovativa-e-solidale-ecco-le-sfide-con-le-altre-citta-motori-deuropa\/#primaryimage"},"thumbnailUrl":"https:\/\/wpsite-assets.fondazionepirelli.org\/wp-content\/uploads\/2019\/05\/20101602\/aglio.jpg","datePublished":"2016-06-21T00:00:00+00:00","dateModified":"2019-05-23T15:52:15+00:00","author":{"@id":"https:\/\/www.fondazionepirelli.org\/it\/#\/schema\/person\/f47d097000832c4a6e54538c791fdf25"},"breadcrumb":{"@id":"https:\/\/127.0.0.1\/it\/cultura-dimpresa\/milano-metropoli-aperta-innovativa-e-solidale-ecco-le-sfide-con-le-altre-citta-motori-deuropa\/#breadcrumb"},"inLanguage":"it-IT","potentialAction":[{"@type":"ReadAction","target":["https:\/\/127.0.0.1\/it\/cultura-dimpresa\/milano-metropoli-aperta-innovativa-e-solidale-ecco-le-sfide-con-le-altre-citta-motori-deuropa\/"]}]},{"@type":"ImageObject","inLanguage":"it-IT","@id":"https:\/\/127.0.0.1\/it\/cultura-dimpresa\/milano-metropoli-aperta-innovativa-e-solidale-ecco-le-sfide-con-le-altre-citta-motori-deuropa\/#primaryimage","url":"https:\/\/wpsite-assets.fondazionepirelli.org\/wp-content\/uploads\/2019\/05\/20101602\/aglio.jpg","contentUrl":"https:\/\/wpsite-assets.fondazionepirelli.org\/wp-content\/uploads\/2019\/05\/20101602\/aglio.jpg","width":698,"height":624},{"@type":"BreadcrumbList","@id":"https:\/\/127.0.0.1\/it\/cultura-dimpresa\/milano-metropoli-aperta-innovativa-e-solidale-ecco-le-sfide-con-le-altre-citta-motori-deuropa\/#breadcrumb","itemListElement":[{"@type":"ListItem","position":1,"name":"Home","item":"https:\/\/www.fondazionepirelli.org\/it\/"},{"@type":"ListItem","position":2,"name":"Milano metropoli aperta, innovativa e solidale: ecco le sfide con le altre citt\u00e0 motori d\u2019Europa"}]},{"@type":"WebSite","@id":"https:\/\/www.fondazionepirelli.org\/it\/#website","url":"https:\/\/www.fondazionepirelli.org\/it\/","name":"Fondazione Pirelli","description":"","potentialAction":[{"@type":"SearchAction","target":{"@type":"EntryPoint","urlTemplate":"https:\/\/www.fondazionepirelli.org\/it\/?s={search_term_string}"},"query-input":{"@type":"PropertyValueSpecification","valueRequired":true,"valueName":"search_term_string"}}],"inLanguage":"it-IT"},{"@type":"Person","@id":"https:\/\/www.fondazionepirelli.org\/it\/#\/schema\/person\/f47d097000832c4a6e54538c791fdf25","name":"fondadmin","image":{"@type":"ImageObject","inLanguage":"it-IT","@id":"https:\/\/www.fondazionepirelli.org\/it\/#\/schema\/person\/image\/","url":"https:\/\/secure.gravatar.com\/avatar\/e69498a9175ca244966e51e53c88712c024fcebe41f9a05f75657f1bb25e489b?s=96&d=mm&r=g","contentUrl":"https:\/\/secure.gravatar.com\/avatar\/e69498a9175ca244966e51e53c88712c024fcebe41f9a05f75657f1bb25e489b?s=96&d=mm&r=g","caption":"fondadmin"},"url":"https:\/\/www.fondazionepirelli.org\/it\/author\/fondadmin\/"}]}},"_links":{"self":[{"href":"https:\/\/www.fondazionepirelli.org\/it\/wp-json\/wp\/v2\/posts\/50875\/"}],"collection":[{"href":"https:\/\/www.fondazionepirelli.org\/it\/wp-json\/wp\/v2\/posts\/"}],"about":[{"href":"https:\/\/www.fondazionepirelli.org\/it\/wp-json\/wp\/v2\/types\/post\/"}],"author":[{"embeddable":true,"href":"https:\/\/www.fondazionepirelli.org\/it\/wp-json\/wp\/v2\/users\/1\/"}],"replies":[{"embeddable":true,"href":"https:\/\/www.fondazionepirelli.org\/it\/wp-json\/wp\/v2\/comments\/?post=50875"}],"version-history":[{"count":1,"href":"https:\/\/www.fondazionepirelli.org\/it\/wp-json\/wp\/v2\/posts\/50875\/revisions\/"}],"predecessor-version":[{"id":55807,"href":"https:\/\/www.fondazionepirelli.org\/it\/wp-json\/wp\/v2\/posts\/50875\/revisions\/55807\/"}],"wp:featuredmedia":[{"embeddable":true,"href":"https:\/\/www.fondazionepirelli.org\/it\/wp-json\/wp\/v2\/media\/50876\/"}],"wp:attachment":[{"href":"https:\/\/www.fondazionepirelli.org\/it\/wp-json\/wp\/v2\/media\/?parent=50875"}],"wp:term":[{"taxonomy":"category","embeddable":true,"href":"https:\/\/www.fondazionepirelli.org\/it\/wp-json\/wp\/v2\/categories\/?post=50875"},{"taxonomy":"post_tag","embeddable":true,"href":"https:\/\/www.fondazionepirelli.org\/it\/wp-json\/wp\/v2\/tags\/?post=50875"}],"curies":[{"name":"wp","href":"https:\/\/api.w.org\/{rel}","templated":true}]}}