{"id":50895,"date":"2016-06-07T00:00:00","date_gmt":"2016-06-07T00:00:00","guid":{"rendered":"http:\/\/www.fondazionepirelli.org\/fondazione-pirelli\/bene-comune-e-responsabilita-dimpresa\/"},"modified":"2019-10-29T12:58:14","modified_gmt":"2019-10-29T10:58:14","slug":"bene-comune-e-responsabilita-dimpresa","status":"publish","type":"post","link":"https:\/\/www.fondazionepirelli.org\/it\/cultura-dimpresa\/bene-comune-e-responsabilita-dimpresa\/","title":{"rendered":"Bene comune e responsabilit\u00e0 d\u2019impresa"},"content":{"rendered":"<p style=\"text-align: justify;\"><em>Raccontati in un libro i casi di successo che uniscono attivit\u00e0 produttiva, contesto sociale e buona gestione<\/em><\/p><p style=\"text-align: justify;\">L\u2019imprese deve essere un soggetto responsabile di ci\u00f2 che fa. Assunto importante, questo, non sempre viene perseguito con linearit\u00e0 e determinazione. Ma i casi di buona impresa responsabile sono la maggioranza. Si estendono anche bel al di l\u00e0 del perimetro esatto dell\u2019attivit\u00e0 propriamente aziendale e produttiva. E vale la pena raccontarli e conoscerli.<\/p>\n<p style=\"text-align: justify;\">E\u2019 ci\u00f2 che ha fatto Mario Minoja (Associato di Economia aziendale presso il Dipartimento di Comunicazione e di Economia dell\u2019Universit\u00e0 di Modena e Reggio Emilia), che ha curato \u201cBene comune e comportamenti responsabili. Storie di imprese e di istituzioni\u201d, una raccolta di casi di buona responsabile gestione d\u2019impresa non solo limitati per\u00f2 alle imprese propriamente dette.<\/p>\n<p style=\"text-align: justify;\">Si legge nella presentazione che i racconti sono \u201cstati selezionati in quanto presentavano, sulla base delle conoscenze disponibili, delle informazioni raccolte o delle indicazioni ricevute, alcuni tratti propri di modi di gestire responsabili\u201d. Da qui i racconti che hanno naturalmente un tratto comune. La gestione \u201cresponsabile\u201d infatti \u201csembra doversi attribuire, in primo luogo, all\u2019azione di una <em>leadership<\/em> animata dal desiderio e dalla volont\u00e0 di realizzare la missione produttiva, diffondendo e praticando un insieme di valori indirizzati a perseguire il bene comune dell\u2019azienda in armonia con il bene della societ\u00e0: innovazione, imprenditorialit\u00e0, produttivit\u00e0 e sviluppo\u201d.<\/p>\n<p style=\"text-align: justify;\">E\u2019 la concretizzazione sul campo di innumerevoli manuali di gestione d\u2019impresa.<\/p>\n<p style=\"text-align: justify;\">Nel volume sono cos\u00ec contenuti 11 casi divisi in tre parti: imprese <em>profit<\/em>, imprese <em>no<\/em>&#8211;<em>profit<\/em> e istituzioni. Fra le storie da leggere quelle di: Cucinelli, Gruppo Bruno, Gruppo Unicem, aziende ospedaliere, organizzazioni della cooperazione, i Comuni di Reggio Emilia, Sassari e Peccioli, il Teatro La Fenice. Alla fine, nessuna conclusione che forzi il pensiero di chi ha letto, nessun modello da dimostrare (anche e viene annunciato un secondo volume che conterr\u00e0 gli insegnamenti deducibili dai casi aziendali). Nell\u2019introduzione, invece, una spiegazione in pi\u00f9: ogni attivit\u00e0 ha successo quando si basa su una \u201cmissione produttiva\u201d, una comunanza di valori e principi, una condivisione gestionale che non confligge con le caratteristiche e le ambizioni dei singoli.<\/p><h4>Bene comune e comportamenti responsabili. Storie di imprese e di istituzioni<\/h4>\n<p><a href=\"http:\/\/www.egeaeditore.it\/ITA\/Autori\/minoja-mario.aspx\">Mario Minoja<\/a><\/p>\n<p>Egea, 2016<\/p>\n","protected":false},"excerpt":{"rendered":"<p>Raccontati in un libro i casi di successo che uniscono attivit\u00e0 produttiva, contesto sociale e buona gestioneL\u2019imprese deve essere un soggetto responsabile di ci\u00f2 che fa. Assunto importante, questo, non sempre viene perseguito con linearit\u00e0 e determinazione. Ma i casi di buona impresa responsabile sono la maggioranza. Si estendono anche bel al di l\u00e0 del [&hellip;]<\/p>\n","protected":false},"author":1,"featured_media":50896,"comment_status":"open","ping_status":"open","sticky":false,"template":"","format":"standard","meta":{"footnotes":""},"categories":[52,58],"tags":[],"class_list":["post-50895","post","type-post","status-publish","format-standard","has-post-thumbnail","hentry","category-cultura-dimpresa","category-recensioni-libri"],"acf":[],"yoast_head":"<!-- This site is optimized with the Yoast SEO plugin v25.0 - https:\/\/yoast.com\/wordpress\/plugins\/seo\/ -->\n<title>Bene comune e responsabilit\u00e0 d\u2019impresa - Fondazione Pirelli<\/title>\n<meta name=\"robots\" content=\"index, follow, max-snippet:-1, max-image-preview:large, max-video-preview:-1\" \/>\n<link rel=\"canonical\" href=\"https:\/\/www.fondazionepirelli.org\/it\/cultura-dimpresa\/bene-comune-e-responsabilita-dimpresa\/\" \/>\n<meta property=\"og:locale\" content=\"it_IT\" \/>\n<meta property=\"og:type\" content=\"article\" \/>\n<meta property=\"og:title\" content=\"Bene comune e responsabilit\u00e0 d\u2019impresa - Fondazione Pirelli\" \/>\n<meta property=\"og:description\" content=\"Raccontati in un libro i casi di successo che uniscono attivit\u00e0 produttiva, contesto sociale e buona gestioneL\u2019imprese deve essere un soggetto responsabile di ci\u00f2 che fa. Assunto importante, questo, non sempre viene perseguito con linearit\u00e0 e determinazione. Ma i casi di buona impresa responsabile sono la maggioranza. Si estendono anche bel al di l\u00e0 del [&hellip;]\" \/>\n<meta property=\"og:url\" content=\"https:\/\/www.fondazionepirelli.org\/it\/cultura-dimpresa\/bene-comune-e-responsabilita-dimpresa\/\" \/>\n<meta property=\"og:site_name\" content=\"Fondazione Pirelli\" \/>\n<meta property=\"article:published_time\" content=\"2016-06-07T00:00:00+00:00\" \/>\n<meta property=\"article:modified_time\" content=\"2019-10-29T10:58:14+00:00\" \/>\n<meta property=\"og:image\" content=\"https:\/\/wpsite-assets.fondazionepirelli.org\/wp-content\/uploads\/2019\/05\/20101557\/51VqoApag0L.jpg\" \/>\n\t<meta property=\"og:image:width\" content=\"352\" \/>\n\t<meta property=\"og:image:height\" content=\"500\" \/>\n\t<meta property=\"og:image:type\" content=\"image\/jpeg\" \/>\n<meta name=\"author\" content=\"fondadmin\" \/>\n<meta name=\"twitter:card\" content=\"summary_large_image\" \/>\n<meta name=\"twitter:label1\" content=\"Scritto da\" \/>\n\t<meta name=\"twitter:data1\" content=\"fondadmin\" \/>\n\t<meta name=\"twitter:label2\" content=\"Tempo di lettura stimato\" \/>\n\t<meta name=\"twitter:data2\" content=\"2 minuti\" \/>\n<script type=\"application\/ld+json\" class=\"yoast-schema-graph\">{\"@context\":\"https:\/\/schema.org\",\"@graph\":[{\"@type\":\"WebPage\",\"@id\":\"https:\/\/www.fondazionepirelli.org\/it\/cultura-dimpresa\/bene-comune-e-responsabilita-dimpresa\/\",\"url\":\"https:\/\/www.fondazionepirelli.org\/it\/cultura-dimpresa\/bene-comune-e-responsabilita-dimpresa\/\",\"name\":\"Bene comune e responsabilit\u00e0 d\u2019impresa - Fondazione Pirelli\",\"isPartOf\":{\"@id\":\"https:\/\/www.fondazionepirelli.org\/it\/#website\"},\"primaryImageOfPage\":{\"@id\":\"https:\/\/www.fondazionepirelli.org\/it\/cultura-dimpresa\/bene-comune-e-responsabilita-dimpresa\/#primaryimage\"},\"image\":{\"@id\":\"https:\/\/www.fondazionepirelli.org\/it\/cultura-dimpresa\/bene-comune-e-responsabilita-dimpresa\/#primaryimage\"},\"thumbnailUrl\":\"https:\/\/wpsite-assets.fondazionepirelli.org\/wp-content\/uploads\/2019\/05\/20101557\/51VqoApag0L.jpg\",\"datePublished\":\"2016-06-07T00:00:00+00:00\",\"dateModified\":\"2019-10-29T10:58:14+00:00\",\"author\":{\"@id\":\"https:\/\/www.fondazionepirelli.org\/it\/#\/schema\/person\/f47d097000832c4a6e54538c791fdf25\"},\"breadcrumb\":{\"@id\":\"https:\/\/www.fondazionepirelli.org\/it\/cultura-dimpresa\/bene-comune-e-responsabilita-dimpresa\/#breadcrumb\"},\"inLanguage\":\"it-IT\",\"potentialAction\":[{\"@type\":\"ReadAction\",\"target\":[\"https:\/\/www.fondazionepirelli.org\/it\/cultura-dimpresa\/bene-comune-e-responsabilita-dimpresa\/\"]}]},{\"@type\":\"ImageObject\",\"inLanguage\":\"it-IT\",\"@id\":\"https:\/\/www.fondazionepirelli.org\/it\/cultura-dimpresa\/bene-comune-e-responsabilita-dimpresa\/#primaryimage\",\"url\":\"https:\/\/wpsite-assets.fondazionepirelli.org\/wp-content\/uploads\/2019\/05\/20101557\/51VqoApag0L.jpg\",\"contentUrl\":\"https:\/\/wpsite-assets.fondazionepirelli.org\/wp-content\/uploads\/2019\/05\/20101557\/51VqoApag0L.jpg\",\"width\":352,\"height\":500},{\"@type\":\"BreadcrumbList\",\"@id\":\"https:\/\/www.fondazionepirelli.org\/it\/cultura-dimpresa\/bene-comune-e-responsabilita-dimpresa\/#breadcrumb\",\"itemListElement\":[{\"@type\":\"ListItem\",\"position\":1,\"name\":\"Home\",\"item\":\"https:\/\/www.fondazionepirelli.org\/it\/\"},{\"@type\":\"ListItem\",\"position\":2,\"name\":\"Bene comune e responsabilit\u00e0 d\u2019impresa\"}]},{\"@type\":\"WebSite\",\"@id\":\"https:\/\/www.fondazionepirelli.org\/it\/#website\",\"url\":\"https:\/\/www.fondazionepirelli.org\/it\/\",\"name\":\"Fondazione Pirelli\",\"description\":\"\",\"potentialAction\":[{\"@type\":\"SearchAction\",\"target\":{\"@type\":\"EntryPoint\",\"urlTemplate\":\"https:\/\/www.fondazionepirelli.org\/it\/?s={search_term_string}\"},\"query-input\":{\"@type\":\"PropertyValueSpecification\",\"valueRequired\":true,\"valueName\":\"search_term_string\"}}],\"inLanguage\":\"it-IT\"},{\"@type\":\"Person\",\"@id\":\"https:\/\/www.fondazionepirelli.org\/it\/#\/schema\/person\/f47d097000832c4a6e54538c791fdf25\",\"name\":\"fondadmin\",\"image\":{\"@type\":\"ImageObject\",\"inLanguage\":\"it-IT\",\"@id\":\"https:\/\/www.fondazionepirelli.org\/it\/#\/schema\/person\/image\/\",\"url\":\"https:\/\/secure.gravatar.com\/avatar\/e69498a9175ca244966e51e53c88712c024fcebe41f9a05f75657f1bb25e489b?s=96&d=mm&r=g\",\"contentUrl\":\"https:\/\/secure.gravatar.com\/avatar\/e69498a9175ca244966e51e53c88712c024fcebe41f9a05f75657f1bb25e489b?s=96&d=mm&r=g\",\"caption\":\"fondadmin\"},\"url\":\"https:\/\/www.fondazionepirelli.org\/it\/author\/fondadmin\/\"}]}<\/script>\n<!-- \/ Yoast SEO plugin. -->","yoast_head_json":{"title":"Bene comune e responsabilit\u00e0 d\u2019impresa - Fondazione Pirelli","robots":{"index":"index","follow":"follow","max-snippet":"max-snippet:-1","max-image-preview":"max-image-preview:large","max-video-preview":"max-video-preview:-1"},"canonical":"https:\/\/www.fondazionepirelli.org\/it\/cultura-dimpresa\/bene-comune-e-responsabilita-dimpresa\/","og_locale":"it_IT","og_type":"article","og_title":"Bene comune e responsabilit\u00e0 d\u2019impresa - Fondazione Pirelli","og_description":"Raccontati in un libro i casi di successo che uniscono attivit\u00e0 produttiva, contesto sociale e buona gestioneL\u2019imprese deve essere un soggetto responsabile di ci\u00f2 che fa. Assunto importante, questo, non sempre viene perseguito con linearit\u00e0 e determinazione. Ma i casi di buona impresa responsabile sono la maggioranza. Si estendono anche bel al di l\u00e0 del [&hellip;]","og_url":"https:\/\/www.fondazionepirelli.org\/it\/cultura-dimpresa\/bene-comune-e-responsabilita-dimpresa\/","og_site_name":"Fondazione Pirelli","article_published_time":"2016-06-07T00:00:00+00:00","article_modified_time":"2019-10-29T10:58:14+00:00","og_image":[{"width":352,"height":500,"url":"https:\/\/wpsite-assets.fondazionepirelli.org\/wp-content\/uploads\/2019\/05\/20101557\/51VqoApag0L.jpg","type":"image\/jpeg"}],"author":"fondadmin","twitter_card":"summary_large_image","twitter_misc":{"Scritto da":"fondadmin","Tempo di lettura stimato":"2 minuti"},"schema":{"@context":"https:\/\/schema.org","@graph":[{"@type":"WebPage","@id":"https:\/\/www.fondazionepirelli.org\/it\/cultura-dimpresa\/bene-comune-e-responsabilita-dimpresa\/","url":"https:\/\/www.fondazionepirelli.org\/it\/cultura-dimpresa\/bene-comune-e-responsabilita-dimpresa\/","name":"Bene comune e responsabilit\u00e0 d\u2019impresa - Fondazione Pirelli","isPartOf":{"@id":"https:\/\/www.fondazionepirelli.org\/it\/#website"},"primaryImageOfPage":{"@id":"https:\/\/www.fondazionepirelli.org\/it\/cultura-dimpresa\/bene-comune-e-responsabilita-dimpresa\/#primaryimage"},"image":{"@id":"https:\/\/www.fondazionepirelli.org\/it\/cultura-dimpresa\/bene-comune-e-responsabilita-dimpresa\/#primaryimage"},"thumbnailUrl":"https:\/\/wpsite-assets.fondazionepirelli.org\/wp-content\/uploads\/2019\/05\/20101557\/51VqoApag0L.jpg","datePublished":"2016-06-07T00:00:00+00:00","dateModified":"2019-10-29T10:58:14+00:00","author":{"@id":"https:\/\/www.fondazionepirelli.org\/it\/#\/schema\/person\/f47d097000832c4a6e54538c791fdf25"},"breadcrumb":{"@id":"https:\/\/www.fondazionepirelli.org\/it\/cultura-dimpresa\/bene-comune-e-responsabilita-dimpresa\/#breadcrumb"},"inLanguage":"it-IT","potentialAction":[{"@type":"ReadAction","target":["https:\/\/www.fondazionepirelli.org\/it\/cultura-dimpresa\/bene-comune-e-responsabilita-dimpresa\/"]}]},{"@type":"ImageObject","inLanguage":"it-IT","@id":"https:\/\/www.fondazionepirelli.org\/it\/cultura-dimpresa\/bene-comune-e-responsabilita-dimpresa\/#primaryimage","url":"https:\/\/wpsite-assets.fondazionepirelli.org\/wp-content\/uploads\/2019\/05\/20101557\/51VqoApag0L.jpg","contentUrl":"https:\/\/wpsite-assets.fondazionepirelli.org\/wp-content\/uploads\/2019\/05\/20101557\/51VqoApag0L.jpg","width":352,"height":500},{"@type":"BreadcrumbList","@id":"https:\/\/www.fondazionepirelli.org\/it\/cultura-dimpresa\/bene-comune-e-responsabilita-dimpresa\/#breadcrumb","itemListElement":[{"@type":"ListItem","position":1,"name":"Home","item":"https:\/\/www.fondazionepirelli.org\/it\/"},{"@type":"ListItem","position":2,"name":"Bene comune e responsabilit\u00e0 d\u2019impresa"}]},{"@type":"WebSite","@id":"https:\/\/www.fondazionepirelli.org\/it\/#website","url":"https:\/\/www.fondazionepirelli.org\/it\/","name":"Fondazione Pirelli","description":"","potentialAction":[{"@type":"SearchAction","target":{"@type":"EntryPoint","urlTemplate":"https:\/\/www.fondazionepirelli.org\/it\/?s={search_term_string}"},"query-input":{"@type":"PropertyValueSpecification","valueRequired":true,"valueName":"search_term_string"}}],"inLanguage":"it-IT"},{"@type":"Person","@id":"https:\/\/www.fondazionepirelli.org\/it\/#\/schema\/person\/f47d097000832c4a6e54538c791fdf25","name":"fondadmin","image":{"@type":"ImageObject","inLanguage":"it-IT","@id":"https:\/\/www.fondazionepirelli.org\/it\/#\/schema\/person\/image\/","url":"https:\/\/secure.gravatar.com\/avatar\/e69498a9175ca244966e51e53c88712c024fcebe41f9a05f75657f1bb25e489b?s=96&d=mm&r=g","contentUrl":"https:\/\/secure.gravatar.com\/avatar\/e69498a9175ca244966e51e53c88712c024fcebe41f9a05f75657f1bb25e489b?s=96&d=mm&r=g","caption":"fondadmin"},"url":"https:\/\/www.fondazionepirelli.org\/it\/author\/fondadmin\/"}]}},"_links":{"self":[{"href":"https:\/\/www.fondazionepirelli.org\/it\/wp-json\/wp\/v2\/posts\/50895\/"}],"collection":[{"href":"https:\/\/www.fondazionepirelli.org\/it\/wp-json\/wp\/v2\/posts\/"}],"about":[{"href":"https:\/\/www.fondazionepirelli.org\/it\/wp-json\/wp\/v2\/types\/post\/"}],"author":[{"embeddable":true,"href":"https:\/\/www.fondazionepirelli.org\/it\/wp-json\/wp\/v2\/users\/1\/"}],"replies":[{"embeddable":true,"href":"https:\/\/www.fondazionepirelli.org\/it\/wp-json\/wp\/v2\/comments\/?post=50895"}],"version-history":[{"count":2,"href":"https:\/\/www.fondazionepirelli.org\/it\/wp-json\/wp\/v2\/posts\/50895\/revisions\/"}],"predecessor-version":[{"id":70908,"href":"https:\/\/www.fondazionepirelli.org\/it\/wp-json\/wp\/v2\/posts\/50895\/revisions\/70908\/"}],"wp:featuredmedia":[{"embeddable":true,"href":"https:\/\/www.fondazionepirelli.org\/it\/wp-json\/wp\/v2\/media\/50896\/"}],"wp:attachment":[{"href":"https:\/\/www.fondazionepirelli.org\/it\/wp-json\/wp\/v2\/media\/?parent=50895"}],"wp:term":[{"taxonomy":"category","embeddable":true,"href":"https:\/\/www.fondazionepirelli.org\/it\/wp-json\/wp\/v2\/categories\/?post=50895"},{"taxonomy":"post_tag","embeddable":true,"href":"https:\/\/www.fondazionepirelli.org\/it\/wp-json\/wp\/v2\/tags\/?post=50895"}],"curies":[{"name":"wp","href":"https:\/\/api.w.org\/{rel}","templated":true}]}}