{"id":50920,"date":"2016-05-24T00:00:00","date_gmt":"2016-05-24T00:00:00","guid":{"rendered":"http:\/\/www.fondazionepirelli.org\/fondazione-pirelli\/la-crisi-di-fiducia-nel-capitalismo-e-il-paradiso-della-brugola\/"},"modified":"2019-05-23T13:09:34","modified_gmt":"2019-05-23T13:09:34","slug":"la-crisi-di-fiducia-nel-capitalismo-e-il-paradiso-della-brugola","status":"publish","type":"post","link":"https:\/\/www.fondazionepirelli.org\/it\/cultura-dimpresa\/la-crisi-di-fiducia-nel-capitalismo-e-il-paradiso-della-brugola\/","title":{"rendered":"La crisi di fiducia nel capitalismo e il \u201cparadiso della brugola\u201d"},"content":{"rendered":"<p>Per cercare di fare fronte alla \u201c<strong>crisi di fiducia nel capitalismo<\/strong>\u201d vale la pena puntare sul \u201cparadiso della brugola\u201d. Si potrebbe sintetizzare cos\u00ec, tra i risultati d\u2019una ricerca della Harvard University e un luogo reso famoso da un film di successo di Aldo, Giovanni e Giacomo (\u201cTre uomini e una gamba\u201d) una riflessione su alcuni incontri recenti che hanno avuto come oggetto i temi dello sviluppo, dell\u2019industria e dei nuovi equilibri d\u2019una economia in cerca di sostenibilit\u00e0.<\/p>\n<p>Partiamo dalla crisi di fiducia. L\u2019<strong>Institute of Politics di Harvard<\/strong> ha analizzato le opinioni di un ampio campione di giovani americani tra i 19 e i 25 anni e ha accertato che la maggioranza, il 51%, ha un\u2019opinione negativa del capitalismo. Solo il 42% ne d\u00e0 un giudizio positivo. E\u2019 un dato sorprendente, che da qualche settimana fa discutere i media americani e la cui eco \u00e8 arrivata anche in Italia (ne ha parlato Mauro Magatti sul Corriere della Sera del 14 maggio). Perch\u00e9 d\u00e0 corpo, con la forza di una ricerca scientifica demoscopica, alle questioni e alle preoccupazioni che da tempo animano il discorso pubblico nei paesi economici pi\u00f9 avanzati: la crescente intollerabilit\u00e0 degli squilibri dei corsi economici, le insufficienze delle tradizionali culture economiche di mercato, il rafforzarsi di orientamenti molto critici verso la finanza e l\u2019impresa tradizionali. La sfiducia dei giovani Usa \u00e8 severa. E si sviluppa proprio l\u00ec, nel paese cuore del capitalismo, della Borsa, dei mercati finanziari, dei \u201cleoni di Wall Street\u201d e dei rampanti e aggressivi banchieri d\u2019affari. E\u2019 una tendenza forte. Che trova spazio nella letteratura economica, ma anche in molti ambienti sociali e politici (come mostrano anche i consensi per il candidato democratico pi\u00f9 radicale nella corsa alla Casa Bianca, Bernie Sanders): meno spazio alle speculazioni finanziarie, pi\u00f9 attenzione per l\u2019ambiente, le persone, la giustizia sociale.<\/p>\n<p>Se ne discute naturalmente anche in Italia. E le questioni della qualit\u00e0 dello sviluppo economico, della sostenibilit\u00e0 ambientale e sociale, delle responsabilit\u00e0 dell\u2019impresa trovano attenzione crescente. \u201cWho owns the company?\u201d ovvero \u201cil ruolo del consigliere indipendente nell\u2019impresa a stakeholders multipli\u201d, in processi di governance dell\u2019impresa pi\u00f9 responsabili, \u00e8 stato il tema d\u2019un incontro della NedCommunity (l\u2019associazione degli amministratori non esecutivi e indipendenti) alla Bocconi, con l\u2019eco forte della lezione di Adriano Olivetti sulla cultura e l\u2019etica d\u2019impresa (i valori e non solo la \u201ccreazione di valore\u201d per gli azionisti e la crescita, pur essenziale, dei profitti). \u201cIl welfare aziendale nell\u2019Italia del secondo dopoguerra\u201d \u00e8 stato al centro delle riflessioni d\u2019un convegno promosso dalla Fondazione Aem, con la partecipazione di storici, economici e responsabili di fondazioni d\u2019impresa (con l\u2019occhio attento alla sostenibilit\u00e0 sociale delle attivit\u00e0 imprenditoriali). E di industria, mercati, innovazione e nuovi equilibri economici ha discusso l\u2019Aspen Seminar for Leaders, pochi giorni fa, a Venezia, con un\u2019attenzione particolare, nel dibattito di conclusione, per \u201cl\u2019Italia creativa \u201c e \u201cla bella fabbrica\u201d. Bella perch\u00e9 ben progettata, luminosa, accogliente, sicura, attenta al risparmio dell\u2019energia comunque rinnovabile, produttiva. E dunque anche competitiva, in grado di reggere la concorrenza internazionale pi\u00f9 esigente.<\/p>\n<p>I casi esemplari: il <strong>Polo Industriale Pirelli a Settimo Torinese<\/strong> (la \u201cfabbrica nel giardino dei ciliegi\u201d) con \u201cl<strong>a spina<\/strong>\u201d dei laboratori di ricerca e dei servizi progettata da Renzo Piano, gli stabilimenti farmaceutici Zambon di Vicenza e di Bresso (la \u201cfabbrica tra gli ulivi\u201d) disegnati da Michele De Lucchi, lo \u201csmart lab\u201d ABB di Dalmine e gli ambienti di lavoro di Sesto San Giovanni, lo stabilimento Maserati di Grugliasco e i sistemi produttivi progettati dalla <strong>Siemens<\/strong>, la fabbrica Dallara di Varano de\u2019 Melegari, sulle colline di Parma. Tutti ottimi paradigmi di \u201cbella impresa\u201d in cui la qualit\u00e0 delle architetture industriali si lega bene alle innovazioni hi tech e medium tech di prodotto e di processo. Un\u2019eccellenza italiana del \u201csapere, saper fare e far sapere\u201d, per usare l\u2019efficace sintesi di Andrea Pontremoli, che della Dallara (auto da corsa) \u00e8 amministratore delegato. Risuonano anche qui l\u2019eco delle riflessioni e delle attivit\u00e0 di Adriano Olivetti, i temi dell\u2019\u201dumanesimo industriale\u201d, le prospettive della \u201ccivilt\u00e0 delle macchine\u201d.<\/p>\n<p>Fabbrica bella, produttiva, sostenibile, \u00e8 dunque l\u2019indicazione che se ne ricava. Una realt\u00e0 da fare conoscere meglio alla stessa opinione pubblica italiana, rafforzando pure i legami tra le fabbriche e le scuole. Ma anche una serie di indicazione di prospettiva. Non si possono produrre \u201ccose belle\u201d e \u201calto di gamma\u201d se non in \u201cambienti belli\u201d. E la qualit\u00e0 dei prodotti e dei luoghi di produzione possono essere una leva efficace per diffondere la buona cultura d\u2019impresa e cercare di controbattere, cos\u00ec, proprio alla crisi di fiducia che investe l\u2019impresa, l\u2019economia di mercato, \u201cil capitalismo\u201d.<\/p>\n<p>E\u2019 un paese di <strong>buoni imprenditori<\/strong>, l\u2019Italia. Con primati produttivi, di qualit\u00e0, in settori cardine dello sviluppo, come la meccanica. \u201cIl paradiso della brugola\u201d, s\u2019\u00e8 detto con una battuta al dibattito dell\u2019Aspen, ricordando l\u2019ironia di Aldo Giovanni e Giacomo e pensando seriamente alle straordinarie capacit\u00e0, le migliori al mondo, di produrre per esempio, viti speciali, la brugola, appunto (officina meccanica fondata da Egidio Brugola nel 1926, nel cuore della Brianza, impresa ancora in mano alla famiglia).<\/p>\n<p>\u201cEcco, sai come avevo pensato di chiamare il mio nuovo reparto della Dallara? Proprio \u2018Il paradiso della brugola\u2019\u201d, racconta Pontremoli, tracciando scenari d\u2019industria innovativa e sostenibile, di \u201cfabbrica bella\u201d. Il capitalismo salvato dalla brugola, no?<\/p>","protected":false},"excerpt":{"rendered":"<p>Per cercare di fare fronte alla \u201ccrisi di fiducia nel capitalismo\u201d vale la pena puntare sul \u201cparadiso della brugola\u201d. Si potrebbe sintetizzare cos\u00ec, tra i risultati d\u2019una ricerca della Harvard University e un luogo reso famoso da un film di successo di Aldo, Giovanni e Giacomo (\u201cTre uomini e una gamba\u201d) una riflessione su alcuni [&hellip;]<\/p>\n","protected":false},"author":1,"featured_media":50921,"comment_status":"open","ping_status":"open","sticky":false,"template":"","format":"standard","meta":{"footnotes":""},"categories":[53,52],"tags":[],"class_list":["post-50920","post","type-post","status-publish","format-standard","has-post-thumbnail","hentry","category-blog","category-cultura-dimpresa"],"acf":[],"yoast_head":"<!-- This site is optimized with the Yoast SEO plugin v25.0 - https:\/\/yoast.com\/wordpress\/plugins\/seo\/ -->\n<title>La crisi di fiducia nel capitalismo e il \u201cparadiso della brugola\u201d - Fondazione Pirelli<\/title>\n<meta name=\"robots\" content=\"index, follow, max-snippet:-1, max-image-preview:large, max-video-preview:-1\" \/>\n<link rel=\"canonical\" href=\"https:\/\/www.fondazionepirelli.org\/it\/cultura-dimpresa\/la-crisi-di-fiducia-nel-capitalismo-e-il-paradiso-della-brugola\/\" \/>\n<meta property=\"og:locale\" content=\"it_IT\" \/>\n<meta property=\"og:type\" content=\"article\" \/>\n<meta property=\"og:title\" content=\"La crisi di fiducia nel capitalismo e il \u201cparadiso della brugola\u201d - Fondazione Pirelli\" \/>\n<meta property=\"og:description\" content=\"Per cercare di fare fronte alla \u201ccrisi di fiducia nel capitalismo\u201d vale la pena puntare sul \u201cparadiso della brugola\u201d. Si potrebbe sintetizzare cos\u00ec, tra i risultati d\u2019una ricerca della Harvard University e un luogo reso famoso da un film di successo di Aldo, Giovanni e Giacomo (\u201cTre uomini e una gamba\u201d) una riflessione su alcuni [&hellip;]\" \/>\n<meta property=\"og:url\" content=\"https:\/\/www.fondazionepirelli.org\/it\/cultura-dimpresa\/la-crisi-di-fiducia-nel-capitalismo-e-il-paradiso-della-brugola\/\" \/>\n<meta property=\"og:site_name\" content=\"Fondazione Pirelli\" \/>\n<meta property=\"article:published_time\" content=\"2016-05-24T00:00:00+00:00\" \/>\n<meta property=\"article:modified_time\" content=\"2019-05-23T13:09:34+00:00\" \/>\n<meta property=\"og:image\" content=\"https:\/\/wpsite-assets.fondazionepirelli.org\/wp-content\/uploads\/2019\/05\/20101551\/index11.jpg\" \/>\n\t<meta property=\"og:image:width\" content=\"596\" \/>\n\t<meta property=\"og:image:height\" content=\"384\" \/>\n\t<meta property=\"og:image:type\" content=\"image\/jpeg\" \/>\n<meta name=\"author\" content=\"fondadmin\" \/>\n<meta name=\"twitter:card\" content=\"summary_large_image\" \/>\n<meta name=\"twitter:label1\" content=\"Scritto da\" \/>\n\t<meta name=\"twitter:data1\" content=\"fondadmin\" \/>\n\t<meta name=\"twitter:label2\" content=\"Tempo di lettura stimato\" \/>\n\t<meta name=\"twitter:data2\" content=\"4 minuti\" \/>\n<script type=\"application\/ld+json\" class=\"yoast-schema-graph\">{\"@context\":\"https:\/\/schema.org\",\"@graph\":[{\"@type\":\"WebPage\",\"@id\":\"https:\/\/www.fondazionepirelli.org\/it\/cultura-dimpresa\/la-crisi-di-fiducia-nel-capitalismo-e-il-paradiso-della-brugola\/\",\"url\":\"https:\/\/www.fondazionepirelli.org\/it\/cultura-dimpresa\/la-crisi-di-fiducia-nel-capitalismo-e-il-paradiso-della-brugola\/\",\"name\":\"La crisi di fiducia nel capitalismo e il \u201cparadiso della brugola\u201d - Fondazione Pirelli\",\"isPartOf\":{\"@id\":\"https:\/\/www.fondazionepirelli.org\/it\/#website\"},\"primaryImageOfPage\":{\"@id\":\"https:\/\/www.fondazionepirelli.org\/it\/cultura-dimpresa\/la-crisi-di-fiducia-nel-capitalismo-e-il-paradiso-della-brugola\/#primaryimage\"},\"image\":{\"@id\":\"https:\/\/www.fondazionepirelli.org\/it\/cultura-dimpresa\/la-crisi-di-fiducia-nel-capitalismo-e-il-paradiso-della-brugola\/#primaryimage\"},\"thumbnailUrl\":\"https:\/\/wpsite-assets.fondazionepirelli.org\/wp-content\/uploads\/2019\/05\/20101551\/index11.jpg\",\"datePublished\":\"2016-05-24T00:00:00+00:00\",\"dateModified\":\"2019-05-23T13:09:34+00:00\",\"author\":{\"@id\":\"https:\/\/www.fondazionepirelli.org\/it\/#\/schema\/person\/f47d097000832c4a6e54538c791fdf25\"},\"breadcrumb\":{\"@id\":\"https:\/\/www.fondazionepirelli.org\/it\/cultura-dimpresa\/la-crisi-di-fiducia-nel-capitalismo-e-il-paradiso-della-brugola\/#breadcrumb\"},\"inLanguage\":\"it-IT\",\"potentialAction\":[{\"@type\":\"ReadAction\",\"target\":[\"https:\/\/www.fondazionepirelli.org\/it\/cultura-dimpresa\/la-crisi-di-fiducia-nel-capitalismo-e-il-paradiso-della-brugola\/\"]}]},{\"@type\":\"ImageObject\",\"inLanguage\":\"it-IT\",\"@id\":\"https:\/\/www.fondazionepirelli.org\/it\/cultura-dimpresa\/la-crisi-di-fiducia-nel-capitalismo-e-il-paradiso-della-brugola\/#primaryimage\",\"url\":\"https:\/\/wpsite-assets.fondazionepirelli.org\/wp-content\/uploads\/2019\/05\/20101551\/index11.jpg\",\"contentUrl\":\"https:\/\/wpsite-assets.fondazionepirelli.org\/wp-content\/uploads\/2019\/05\/20101551\/index11.jpg\",\"width\":596,\"height\":384},{\"@type\":\"BreadcrumbList\",\"@id\":\"https:\/\/www.fondazionepirelli.org\/it\/cultura-dimpresa\/la-crisi-di-fiducia-nel-capitalismo-e-il-paradiso-della-brugola\/#breadcrumb\",\"itemListElement\":[{\"@type\":\"ListItem\",\"position\":1,\"name\":\"Home\",\"item\":\"https:\/\/www.fondazionepirelli.org\/it\/\"},{\"@type\":\"ListItem\",\"position\":2,\"name\":\"La crisi di fiducia nel capitalismo e il \u201cparadiso della brugola\u201d\"}]},{\"@type\":\"WebSite\",\"@id\":\"https:\/\/www.fondazionepirelli.org\/it\/#website\",\"url\":\"https:\/\/www.fondazionepirelli.org\/it\/\",\"name\":\"Fondazione Pirelli\",\"description\":\"\",\"potentialAction\":[{\"@type\":\"SearchAction\",\"target\":{\"@type\":\"EntryPoint\",\"urlTemplate\":\"https:\/\/www.fondazionepirelli.org\/it\/?s={search_term_string}\"},\"query-input\":{\"@type\":\"PropertyValueSpecification\",\"valueRequired\":true,\"valueName\":\"search_term_string\"}}],\"inLanguage\":\"it-IT\"},{\"@type\":\"Person\",\"@id\":\"https:\/\/www.fondazionepirelli.org\/it\/#\/schema\/person\/f47d097000832c4a6e54538c791fdf25\",\"name\":\"fondadmin\",\"image\":{\"@type\":\"ImageObject\",\"inLanguage\":\"it-IT\",\"@id\":\"https:\/\/www.fondazionepirelli.org\/it\/#\/schema\/person\/image\/\",\"url\":\"https:\/\/secure.gravatar.com\/avatar\/e69498a9175ca244966e51e53c88712c024fcebe41f9a05f75657f1bb25e489b?s=96&d=mm&r=g\",\"contentUrl\":\"https:\/\/secure.gravatar.com\/avatar\/e69498a9175ca244966e51e53c88712c024fcebe41f9a05f75657f1bb25e489b?s=96&d=mm&r=g\",\"caption\":\"fondadmin\"},\"url\":\"https:\/\/www.fondazionepirelli.org\/it\/author\/fondadmin\/\"}]}<\/script>\n<!-- \/ Yoast SEO plugin. -->","yoast_head_json":{"title":"La crisi di fiducia nel capitalismo e il \u201cparadiso della brugola\u201d - Fondazione Pirelli","robots":{"index":"index","follow":"follow","max-snippet":"max-snippet:-1","max-image-preview":"max-image-preview:large","max-video-preview":"max-video-preview:-1"},"canonical":"https:\/\/www.fondazionepirelli.org\/it\/cultura-dimpresa\/la-crisi-di-fiducia-nel-capitalismo-e-il-paradiso-della-brugola\/","og_locale":"it_IT","og_type":"article","og_title":"La crisi di fiducia nel capitalismo e il \u201cparadiso della brugola\u201d - Fondazione Pirelli","og_description":"Per cercare di fare fronte alla \u201ccrisi di fiducia nel capitalismo\u201d vale la pena puntare sul \u201cparadiso della brugola\u201d. Si potrebbe sintetizzare cos\u00ec, tra i risultati d\u2019una ricerca della Harvard University e un luogo reso famoso da un film di successo di Aldo, Giovanni e Giacomo (\u201cTre uomini e una gamba\u201d) una riflessione su alcuni [&hellip;]","og_url":"https:\/\/www.fondazionepirelli.org\/it\/cultura-dimpresa\/la-crisi-di-fiducia-nel-capitalismo-e-il-paradiso-della-brugola\/","og_site_name":"Fondazione Pirelli","article_published_time":"2016-05-24T00:00:00+00:00","article_modified_time":"2019-05-23T13:09:34+00:00","og_image":[{"width":596,"height":384,"url":"https:\/\/wpsite-assets.fondazionepirelli.org\/wp-content\/uploads\/2019\/05\/20101551\/index11.jpg","type":"image\/jpeg"}],"author":"fondadmin","twitter_card":"summary_large_image","twitter_misc":{"Scritto da":"fondadmin","Tempo di lettura stimato":"4 minuti"},"schema":{"@context":"https:\/\/schema.org","@graph":[{"@type":"WebPage","@id":"https:\/\/www.fondazionepirelli.org\/it\/cultura-dimpresa\/la-crisi-di-fiducia-nel-capitalismo-e-il-paradiso-della-brugola\/","url":"https:\/\/www.fondazionepirelli.org\/it\/cultura-dimpresa\/la-crisi-di-fiducia-nel-capitalismo-e-il-paradiso-della-brugola\/","name":"La crisi di fiducia nel capitalismo e il \u201cparadiso della brugola\u201d - Fondazione Pirelli","isPartOf":{"@id":"https:\/\/www.fondazionepirelli.org\/it\/#website"},"primaryImageOfPage":{"@id":"https:\/\/www.fondazionepirelli.org\/it\/cultura-dimpresa\/la-crisi-di-fiducia-nel-capitalismo-e-il-paradiso-della-brugola\/#primaryimage"},"image":{"@id":"https:\/\/www.fondazionepirelli.org\/it\/cultura-dimpresa\/la-crisi-di-fiducia-nel-capitalismo-e-il-paradiso-della-brugola\/#primaryimage"},"thumbnailUrl":"https:\/\/wpsite-assets.fondazionepirelli.org\/wp-content\/uploads\/2019\/05\/20101551\/index11.jpg","datePublished":"2016-05-24T00:00:00+00:00","dateModified":"2019-05-23T13:09:34+00:00","author":{"@id":"https:\/\/www.fondazionepirelli.org\/it\/#\/schema\/person\/f47d097000832c4a6e54538c791fdf25"},"breadcrumb":{"@id":"https:\/\/www.fondazionepirelli.org\/it\/cultura-dimpresa\/la-crisi-di-fiducia-nel-capitalismo-e-il-paradiso-della-brugola\/#breadcrumb"},"inLanguage":"it-IT","potentialAction":[{"@type":"ReadAction","target":["https:\/\/www.fondazionepirelli.org\/it\/cultura-dimpresa\/la-crisi-di-fiducia-nel-capitalismo-e-il-paradiso-della-brugola\/"]}]},{"@type":"ImageObject","inLanguage":"it-IT","@id":"https:\/\/www.fondazionepirelli.org\/it\/cultura-dimpresa\/la-crisi-di-fiducia-nel-capitalismo-e-il-paradiso-della-brugola\/#primaryimage","url":"https:\/\/wpsite-assets.fondazionepirelli.org\/wp-content\/uploads\/2019\/05\/20101551\/index11.jpg","contentUrl":"https:\/\/wpsite-assets.fondazionepirelli.org\/wp-content\/uploads\/2019\/05\/20101551\/index11.jpg","width":596,"height":384},{"@type":"BreadcrumbList","@id":"https:\/\/www.fondazionepirelli.org\/it\/cultura-dimpresa\/la-crisi-di-fiducia-nel-capitalismo-e-il-paradiso-della-brugola\/#breadcrumb","itemListElement":[{"@type":"ListItem","position":1,"name":"Home","item":"https:\/\/www.fondazionepirelli.org\/it\/"},{"@type":"ListItem","position":2,"name":"La crisi di fiducia nel capitalismo e il \u201cparadiso della brugola\u201d"}]},{"@type":"WebSite","@id":"https:\/\/www.fondazionepirelli.org\/it\/#website","url":"https:\/\/www.fondazionepirelli.org\/it\/","name":"Fondazione Pirelli","description":"","potentialAction":[{"@type":"SearchAction","target":{"@type":"EntryPoint","urlTemplate":"https:\/\/www.fondazionepirelli.org\/it\/?s={search_term_string}"},"query-input":{"@type":"PropertyValueSpecification","valueRequired":true,"valueName":"search_term_string"}}],"inLanguage":"it-IT"},{"@type":"Person","@id":"https:\/\/www.fondazionepirelli.org\/it\/#\/schema\/person\/f47d097000832c4a6e54538c791fdf25","name":"fondadmin","image":{"@type":"ImageObject","inLanguage":"it-IT","@id":"https:\/\/www.fondazionepirelli.org\/it\/#\/schema\/person\/image\/","url":"https:\/\/secure.gravatar.com\/avatar\/e69498a9175ca244966e51e53c88712c024fcebe41f9a05f75657f1bb25e489b?s=96&d=mm&r=g","contentUrl":"https:\/\/secure.gravatar.com\/avatar\/e69498a9175ca244966e51e53c88712c024fcebe41f9a05f75657f1bb25e489b?s=96&d=mm&r=g","caption":"fondadmin"},"url":"https:\/\/www.fondazionepirelli.org\/it\/author\/fondadmin\/"}]}},"_links":{"self":[{"href":"https:\/\/www.fondazionepirelli.org\/it\/wp-json\/wp\/v2\/posts\/50920\/"}],"collection":[{"href":"https:\/\/www.fondazionepirelli.org\/it\/wp-json\/wp\/v2\/posts\/"}],"about":[{"href":"https:\/\/www.fondazionepirelli.org\/it\/wp-json\/wp\/v2\/types\/post\/"}],"author":[{"embeddable":true,"href":"https:\/\/www.fondazionepirelli.org\/it\/wp-json\/wp\/v2\/users\/1\/"}],"replies":[{"embeddable":true,"href":"https:\/\/www.fondazionepirelli.org\/it\/wp-json\/wp\/v2\/comments\/?post=50920"}],"version-history":[{"count":2,"href":"https:\/\/www.fondazionepirelli.org\/it\/wp-json\/wp\/v2\/posts\/50920\/revisions\/"}],"predecessor-version":[{"id":55796,"href":"https:\/\/www.fondazionepirelli.org\/it\/wp-json\/wp\/v2\/posts\/50920\/revisions\/55796\/"}],"wp:featuredmedia":[{"embeddable":true,"href":"https:\/\/www.fondazionepirelli.org\/it\/wp-json\/wp\/v2\/media\/50921\/"}],"wp:attachment":[{"href":"https:\/\/www.fondazionepirelli.org\/it\/wp-json\/wp\/v2\/media\/?parent=50920"}],"wp:term":[{"taxonomy":"category","embeddable":true,"href":"https:\/\/www.fondazionepirelli.org\/it\/wp-json\/wp\/v2\/categories\/?post=50920"},{"taxonomy":"post_tag","embeddable":true,"href":"https:\/\/www.fondazionepirelli.org\/it\/wp-json\/wp\/v2\/tags\/?post=50920"}],"curies":[{"name":"wp","href":"https:\/\/api.w.org\/{rel}","templated":true}]}}