{"id":50923,"date":"2016-05-17T00:00:00","date_gmt":"2016-05-17T00:00:00","guid":{"rendered":"http:\/\/www.fondazionepirelli.org\/fondazione-pirelli\/lessenza-dellimprenditore-e-del-manager-avveduti\/"},"modified":"2019-10-29T13:01:28","modified_gmt":"2019-10-29T11:01:28","slug":"lessenza-dellimprenditore-e-del-manager-avveduti","status":"publish","type":"post","link":"https:\/\/www.fondazionepirelli.org\/it\/cultura-dimpresa\/lessenza-dellimprenditore-e-del-manager-avveduti\/","title":{"rendered":"L\u2019essenza dell\u2019imprenditore e del manager avveduti"},"content":{"rendered":"<p><em>Raccolti in un volume appena stampato, oltre cento modi di raccontare che cos\u2019\u00e8 la cultura<\/em><\/p><p>Essere imprenditori e <em>manager<\/em> significa anche essere uomini e donne a tutto tondo. Cittadini di un mondo che cambia, locale e universale, consapevoli del proprio ruolo e delle conseguenze dei comportamenti adottati. E\u2019 anche cos\u00ec che si forma la cultura del produrre, di quelle imprese che vedono nel buon bilancio contabile solo una parte dei loro obiettivi. Per questo leggere e avere sul tavolo di lavoro \u201cLa Cultura\u201d &#8211; raccolta appena pubblicata di oltre cento interventi contenuti nei volumi dell\u2019omonima collana di libri dal \u201959 ad oggi -, \u00e8 cosa utile e importante da fare.<\/p>\n<p>Il libro naturalmente ha nelle prime pagine l\u2019esplicitazione del concetto generale di cultura, ripreso dalla presentazione della collana stessa apparsa quasi sessant\u2019anni fa: \u201cLa cultura contemporanea \u00e8 un difficile equilibrio nel quale il pensiero e la vita, l\u2019arte e la critica, l\u2019individuale e il generale, si fondono e si ritrovano per fecondarsi a vicenda\u201d. E ancora viene subito precisato che cultura \u201cnon \u00e8 deduzione da astratti principi programmatici n\u00e9 passiva accettazione della cronaca\u201d. Frasi che, a ben vedere, oltre che al cittadino consapevole, si adattano bene anche al\u2019imprenditore avveduto: attento al mondo che lo circonda, non pago dei meccanismi che si ripetono ma alla ricerca sempre del vero e del nuovo.<\/p>\n<p>Nel volume, quindi, si succedono testi dedicati a tutti gli aspetti della cultura dell\u2019uomo moderno, scritti da un\u2019insieme di firme unico nel suo genere che comprende, solo per citare arbitrariamente qualche nome: Ginsberg, Dickinson, Proust, Lee Masters, Steinbeck ma anche Hitchcock, Kerouac, Monicelli, Faulkner, Lennon, Pollini, Mead, Stajano, San Francesco, il Dalai Lama, Deaglio, Magri, Salinger, Cederna, Stuart Mill, Keynes, e poi ancora Sartre, Gropius, Sereni, Touraine, Mila, Bobbio e altri ancora. Ognuno di essi coglie un tema, un particolare, una visione di ci\u00f2 che pu\u00f2 essere cultura. Pressoch\u00e9 in tutti i campi del \u201csapere\u201d. Alcuni di essi, fra l\u2019altro (storia, comunicazione, economia, musica, futuro e poesia), vengono ripresi in una <a href=\"http:\/\/www.ilsaggiatore.com\/event\/che-cose-la-cultura\/\" target=\"_blank\" rel=\"noopener noreferrer\">serie di incontri alla Triennale di Milano<\/a> previsti in queste settimane.<\/p>\n<p>Non mancano anche gli accenni alla produzione e all\u2019economia pi\u00f9 strettamente intese. E pensando all\u2019agire della buona impresa e al carattere proprio del buon imprenditore, come lampi nella notte, si stagliano passaggi come quello di John Stuart Mill che scrive: \u201cChi fa qualcosa perch\u00e9 \u00e8 l\u2019usanza non opera una scelta, n\u00e9 impara a discernere o a desiderare ci\u00f2 che \u00e8 meglio. (\u2026) Chi permette al mondo, o alla parte di esso in cui egli vive, di scegliergli la vita non ha bisogno di altre facolt\u00e0 che di quella dell\u2019imitazione scimmiesca\u201d. Mentre John Maynard Keynes poche pagine dopo aggiunge: \u201cAbbiamo trasformato la filosofia della nostra vita economica, la nozione di \u00abragionevole\u00bb e di \u00abaccettabile\u00bb: il moto di trasformazione \u00e8 stato impercettibile e si \u00e8 verificato mentre conservavamo invariate le nostre tecniche e le nostre massime da sussidiario. Donde i nostri guai e i nostri pianti\u201d.<\/p>\n<p>\u201cLa Cultura\u201d \u00e8 ci\u00f2 che si \u00e8 detto all\u2019inizio: un libro da leggere e da tenere sul tavolo, non come decoro ma come scialuppa di salvataggio.<\/p><p><strong>La Cultura<\/strong><\/p>\n<p>AA.VV.<\/p>\n<p>il Saggiatore, 2016<\/p>\n","protected":false},"excerpt":{"rendered":"<p>Raccolti in un volume appena stampato, oltre cento modi di raccontare che cos\u2019\u00e8 la culturaEssere imprenditori e manager significa anche essere uomini e donne a tutto tondo. Cittadini di un mondo che cambia, locale e universale, consapevoli del proprio ruolo e delle conseguenze dei comportamenti adottati. E\u2019 anche cos\u00ec che si forma la cultura del [&hellip;]<\/p>\n","protected":false},"author":1,"featured_media":50924,"comment_status":"open","ping_status":"open","sticky":false,"template":"","format":"standard","meta":{"footnotes":""},"categories":[52,58],"tags":[],"class_list":["post-50923","post","type-post","status-publish","format-standard","has-post-thumbnail","hentry","category-cultura-dimpresa","category-recensioni-libri"],"acf":[],"yoast_head":"<!-- This site is optimized with the Yoast SEO plugin v25.0 - https:\/\/yoast.com\/wordpress\/plugins\/seo\/ -->\n<title>L\u2019essenza dell\u2019imprenditore e del manager avveduti - Fondazione Pirelli<\/title>\n<meta name=\"robots\" content=\"index, follow, max-snippet:-1, max-image-preview:large, max-video-preview:-1\" \/>\n<link rel=\"canonical\" href=\"https:\/\/www.fondazionepirelli.org\/it\/cultura-dimpresa\/lessenza-dellimprenditore-e-del-manager-avveduti\/\" \/>\n<meta property=\"og:locale\" content=\"it_IT\" \/>\n<meta property=\"og:type\" content=\"article\" \/>\n<meta property=\"og:title\" content=\"L\u2019essenza dell\u2019imprenditore e del manager avveduti - Fondazione Pirelli\" \/>\n<meta property=\"og:description\" content=\"Raccolti in un volume appena stampato, oltre cento modi di raccontare che cos\u2019\u00e8 la culturaEssere imprenditori e manager significa anche essere uomini e donne a tutto tondo. Cittadini di un mondo che cambia, locale e universale, consapevoli del proprio ruolo e delle conseguenze dei comportamenti adottati. E\u2019 anche cos\u00ec che si forma la cultura del [&hellip;]\" \/>\n<meta property=\"og:url\" content=\"https:\/\/127.0.0.1\/it\/cultura-dimpresa\/lessenza-dellimprenditore-e-del-manager-avveduti\/\" \/>\n<meta property=\"og:site_name\" content=\"Fondazione Pirelli\" \/>\n<meta property=\"article:published_time\" content=\"2016-05-17T00:00:00+00:00\" \/>\n<meta property=\"article:modified_time\" content=\"2019-10-29T11:01:28+00:00\" \/>\n<meta property=\"og:image\" content=\"https:\/\/wpsite-assets.fondazionepirelli.org\/wp-content\/uploads\/2019\/05\/20101551\/81KkkAhwFWL.jpg\" \/>\n\t<meta property=\"og:image:width\" content=\"315\" \/>\n\t<meta property=\"og:image:height\" content=\"450\" \/>\n\t<meta property=\"og:image:type\" content=\"image\/jpeg\" \/>\n<meta name=\"author\" content=\"fondadmin\" \/>\n<meta name=\"twitter:card\" content=\"summary_large_image\" \/>\n<meta name=\"twitter:label1\" content=\"Scritto da\" \/>\n\t<meta name=\"twitter:data1\" content=\"fondadmin\" \/>\n\t<meta name=\"twitter:label2\" content=\"Tempo di lettura stimato\" \/>\n\t<meta name=\"twitter:data2\" content=\"3 minuti\" \/>\n<script type=\"application\/ld+json\" class=\"yoast-schema-graph\">{\"@context\":\"https:\/\/schema.org\",\"@graph\":[{\"@type\":\"WebPage\",\"@id\":\"https:\/\/127.0.0.1\/it\/cultura-dimpresa\/lessenza-dellimprenditore-e-del-manager-avveduti\/\",\"url\":\"https:\/\/127.0.0.1\/it\/cultura-dimpresa\/lessenza-dellimprenditore-e-del-manager-avveduti\/\",\"name\":\"L\u2019essenza dell\u2019imprenditore e del manager avveduti - Fondazione Pirelli\",\"isPartOf\":{\"@id\":\"https:\/\/www.fondazionepirelli.org\/it\/#website\"},\"primaryImageOfPage\":{\"@id\":\"https:\/\/127.0.0.1\/it\/cultura-dimpresa\/lessenza-dellimprenditore-e-del-manager-avveduti\/#primaryimage\"},\"image\":{\"@id\":\"https:\/\/127.0.0.1\/it\/cultura-dimpresa\/lessenza-dellimprenditore-e-del-manager-avveduti\/#primaryimage\"},\"thumbnailUrl\":\"https:\/\/wpsite-assets.fondazionepirelli.org\/wp-content\/uploads\/2019\/05\/20101551\/81KkkAhwFWL.jpg\",\"datePublished\":\"2016-05-17T00:00:00+00:00\",\"dateModified\":\"2019-10-29T11:01:28+00:00\",\"author\":{\"@id\":\"https:\/\/www.fondazionepirelli.org\/it\/#\/schema\/person\/f47d097000832c4a6e54538c791fdf25\"},\"breadcrumb\":{\"@id\":\"https:\/\/127.0.0.1\/it\/cultura-dimpresa\/lessenza-dellimprenditore-e-del-manager-avveduti\/#breadcrumb\"},\"inLanguage\":\"it-IT\",\"potentialAction\":[{\"@type\":\"ReadAction\",\"target\":[\"https:\/\/127.0.0.1\/it\/cultura-dimpresa\/lessenza-dellimprenditore-e-del-manager-avveduti\/\"]}]},{\"@type\":\"ImageObject\",\"inLanguage\":\"it-IT\",\"@id\":\"https:\/\/127.0.0.1\/it\/cultura-dimpresa\/lessenza-dellimprenditore-e-del-manager-avveduti\/#primaryimage\",\"url\":\"https:\/\/wpsite-assets.fondazionepirelli.org\/wp-content\/uploads\/2019\/05\/20101551\/81KkkAhwFWL.jpg\",\"contentUrl\":\"https:\/\/wpsite-assets.fondazionepirelli.org\/wp-content\/uploads\/2019\/05\/20101551\/81KkkAhwFWL.jpg\",\"width\":315,\"height\":450,\"caption\":\"|\"},{\"@type\":\"BreadcrumbList\",\"@id\":\"https:\/\/127.0.0.1\/it\/cultura-dimpresa\/lessenza-dellimprenditore-e-del-manager-avveduti\/#breadcrumb\",\"itemListElement\":[{\"@type\":\"ListItem\",\"position\":1,\"name\":\"Home\",\"item\":\"https:\/\/www.fondazionepirelli.org\/it\/\"},{\"@type\":\"ListItem\",\"position\":2,\"name\":\"L\u2019essenza dell\u2019imprenditore e del manager avveduti\"}]},{\"@type\":\"WebSite\",\"@id\":\"https:\/\/www.fondazionepirelli.org\/it\/#website\",\"url\":\"https:\/\/www.fondazionepirelli.org\/it\/\",\"name\":\"Fondazione Pirelli\",\"description\":\"\",\"potentialAction\":[{\"@type\":\"SearchAction\",\"target\":{\"@type\":\"EntryPoint\",\"urlTemplate\":\"https:\/\/www.fondazionepirelli.org\/it\/?s={search_term_string}\"},\"query-input\":{\"@type\":\"PropertyValueSpecification\",\"valueRequired\":true,\"valueName\":\"search_term_string\"}}],\"inLanguage\":\"it-IT\"},{\"@type\":\"Person\",\"@id\":\"https:\/\/www.fondazionepirelli.org\/it\/#\/schema\/person\/f47d097000832c4a6e54538c791fdf25\",\"name\":\"fondadmin\",\"image\":{\"@type\":\"ImageObject\",\"inLanguage\":\"it-IT\",\"@id\":\"https:\/\/www.fondazionepirelli.org\/it\/#\/schema\/person\/image\/\",\"url\":\"https:\/\/secure.gravatar.com\/avatar\/e69498a9175ca244966e51e53c88712c024fcebe41f9a05f75657f1bb25e489b?s=96&d=mm&r=g\",\"contentUrl\":\"https:\/\/secure.gravatar.com\/avatar\/e69498a9175ca244966e51e53c88712c024fcebe41f9a05f75657f1bb25e489b?s=96&d=mm&r=g\",\"caption\":\"fondadmin\"},\"url\":\"https:\/\/www.fondazionepirelli.org\/it\/author\/fondadmin\/\"}]}<\/script>\n<!-- \/ Yoast SEO plugin. -->","yoast_head_json":{"title":"L\u2019essenza dell\u2019imprenditore e del manager avveduti - Fondazione Pirelli","robots":{"index":"index","follow":"follow","max-snippet":"max-snippet:-1","max-image-preview":"max-image-preview:large","max-video-preview":"max-video-preview:-1"},"canonical":"https:\/\/www.fondazionepirelli.org\/it\/cultura-dimpresa\/lessenza-dellimprenditore-e-del-manager-avveduti\/","og_locale":"it_IT","og_type":"article","og_title":"L\u2019essenza dell\u2019imprenditore e del manager avveduti - Fondazione Pirelli","og_description":"Raccolti in un volume appena stampato, oltre cento modi di raccontare che cos\u2019\u00e8 la culturaEssere imprenditori e manager significa anche essere uomini e donne a tutto tondo. Cittadini di un mondo che cambia, locale e universale, consapevoli del proprio ruolo e delle conseguenze dei comportamenti adottati. E\u2019 anche cos\u00ec che si forma la cultura del [&hellip;]","og_url":"https:\/\/127.0.0.1\/it\/cultura-dimpresa\/lessenza-dellimprenditore-e-del-manager-avveduti\/","og_site_name":"Fondazione Pirelli","article_published_time":"2016-05-17T00:00:00+00:00","article_modified_time":"2019-10-29T11:01:28+00:00","og_image":[{"width":315,"height":450,"url":"https:\/\/wpsite-assets.fondazionepirelli.org\/wp-content\/uploads\/2019\/05\/20101551\/81KkkAhwFWL.jpg","type":"image\/jpeg"}],"author":"fondadmin","twitter_card":"summary_large_image","twitter_misc":{"Scritto da":"fondadmin","Tempo di lettura stimato":"3 minuti"},"schema":{"@context":"https:\/\/schema.org","@graph":[{"@type":"WebPage","@id":"https:\/\/127.0.0.1\/it\/cultura-dimpresa\/lessenza-dellimprenditore-e-del-manager-avveduti\/","url":"https:\/\/127.0.0.1\/it\/cultura-dimpresa\/lessenza-dellimprenditore-e-del-manager-avveduti\/","name":"L\u2019essenza dell\u2019imprenditore e del manager avveduti - Fondazione Pirelli","isPartOf":{"@id":"https:\/\/www.fondazionepirelli.org\/it\/#website"},"primaryImageOfPage":{"@id":"https:\/\/127.0.0.1\/it\/cultura-dimpresa\/lessenza-dellimprenditore-e-del-manager-avveduti\/#primaryimage"},"image":{"@id":"https:\/\/127.0.0.1\/it\/cultura-dimpresa\/lessenza-dellimprenditore-e-del-manager-avveduti\/#primaryimage"},"thumbnailUrl":"https:\/\/wpsite-assets.fondazionepirelli.org\/wp-content\/uploads\/2019\/05\/20101551\/81KkkAhwFWL.jpg","datePublished":"2016-05-17T00:00:00+00:00","dateModified":"2019-10-29T11:01:28+00:00","author":{"@id":"https:\/\/www.fondazionepirelli.org\/it\/#\/schema\/person\/f47d097000832c4a6e54538c791fdf25"},"breadcrumb":{"@id":"https:\/\/127.0.0.1\/it\/cultura-dimpresa\/lessenza-dellimprenditore-e-del-manager-avveduti\/#breadcrumb"},"inLanguage":"it-IT","potentialAction":[{"@type":"ReadAction","target":["https:\/\/127.0.0.1\/it\/cultura-dimpresa\/lessenza-dellimprenditore-e-del-manager-avveduti\/"]}]},{"@type":"ImageObject","inLanguage":"it-IT","@id":"https:\/\/127.0.0.1\/it\/cultura-dimpresa\/lessenza-dellimprenditore-e-del-manager-avveduti\/#primaryimage","url":"https:\/\/wpsite-assets.fondazionepirelli.org\/wp-content\/uploads\/2019\/05\/20101551\/81KkkAhwFWL.jpg","contentUrl":"https:\/\/wpsite-assets.fondazionepirelli.org\/wp-content\/uploads\/2019\/05\/20101551\/81KkkAhwFWL.jpg","width":315,"height":450,"caption":"|"},{"@type":"BreadcrumbList","@id":"https:\/\/127.0.0.1\/it\/cultura-dimpresa\/lessenza-dellimprenditore-e-del-manager-avveduti\/#breadcrumb","itemListElement":[{"@type":"ListItem","position":1,"name":"Home","item":"https:\/\/www.fondazionepirelli.org\/it\/"},{"@type":"ListItem","position":2,"name":"L\u2019essenza dell\u2019imprenditore e del manager avveduti"}]},{"@type":"WebSite","@id":"https:\/\/www.fondazionepirelli.org\/it\/#website","url":"https:\/\/www.fondazionepirelli.org\/it\/","name":"Fondazione Pirelli","description":"","potentialAction":[{"@type":"SearchAction","target":{"@type":"EntryPoint","urlTemplate":"https:\/\/www.fondazionepirelli.org\/it\/?s={search_term_string}"},"query-input":{"@type":"PropertyValueSpecification","valueRequired":true,"valueName":"search_term_string"}}],"inLanguage":"it-IT"},{"@type":"Person","@id":"https:\/\/www.fondazionepirelli.org\/it\/#\/schema\/person\/f47d097000832c4a6e54538c791fdf25","name":"fondadmin","image":{"@type":"ImageObject","inLanguage":"it-IT","@id":"https:\/\/www.fondazionepirelli.org\/it\/#\/schema\/person\/image\/","url":"https:\/\/secure.gravatar.com\/avatar\/e69498a9175ca244966e51e53c88712c024fcebe41f9a05f75657f1bb25e489b?s=96&d=mm&r=g","contentUrl":"https:\/\/secure.gravatar.com\/avatar\/e69498a9175ca244966e51e53c88712c024fcebe41f9a05f75657f1bb25e489b?s=96&d=mm&r=g","caption":"fondadmin"},"url":"https:\/\/www.fondazionepirelli.org\/it\/author\/fondadmin\/"}]}},"_links":{"self":[{"href":"https:\/\/www.fondazionepirelli.org\/it\/wp-json\/wp\/v2\/posts\/50923\/"}],"collection":[{"href":"https:\/\/www.fondazionepirelli.org\/it\/wp-json\/wp\/v2\/posts\/"}],"about":[{"href":"https:\/\/www.fondazionepirelli.org\/it\/wp-json\/wp\/v2\/types\/post\/"}],"author":[{"embeddable":true,"href":"https:\/\/www.fondazionepirelli.org\/it\/wp-json\/wp\/v2\/users\/1\/"}],"replies":[{"embeddable":true,"href":"https:\/\/www.fondazionepirelli.org\/it\/wp-json\/wp\/v2\/comments\/?post=50923"}],"version-history":[{"count":1,"href":"https:\/\/www.fondazionepirelli.org\/it\/wp-json\/wp\/v2\/posts\/50923\/revisions\/"}],"predecessor-version":[{"id":70492,"href":"https:\/\/www.fondazionepirelli.org\/it\/wp-json\/wp\/v2\/posts\/50923\/revisions\/70492\/"}],"wp:featuredmedia":[{"embeddable":true,"href":"https:\/\/www.fondazionepirelli.org\/it\/wp-json\/wp\/v2\/media\/50924\/"}],"wp:attachment":[{"href":"https:\/\/www.fondazionepirelli.org\/it\/wp-json\/wp\/v2\/media\/?parent=50923"}],"wp:term":[{"taxonomy":"category","embeddable":true,"href":"https:\/\/www.fondazionepirelli.org\/it\/wp-json\/wp\/v2\/categories\/?post=50923"},{"taxonomy":"post_tag","embeddable":true,"href":"https:\/\/www.fondazionepirelli.org\/it\/wp-json\/wp\/v2\/tags\/?post=50923"}],"curies":[{"name":"wp","href":"https:\/\/api.w.org\/{rel}","templated":true}]}}